{"id":11314,"date":"2025-07-15T06:30:00","date_gmt":"2025-07-15T04:30:00","guid":{"rendered":"https:\/\/hub.hslu.ch\/soziale-arbeit\/?p=11314"},"modified":"2026-02-11T14:54:10","modified_gmt":"2026-02-11T13:54:10","slug":"den-quereinstieg-in-die-pflege-habe-ich-keine-sekunde-bereut","status":"publish","type":"post","link":"https:\/\/hub.hslu.ch\/soziale-arbeit\/den-quereinstieg-in-die-pflege-habe-ich-keine-sekunde-bereut\/","title":{"rendered":"\u00abDen Quereinstieg in die Pflege habe ich keine Sekunde bereut\u00bb"},"content":{"rendered":"\n<p><strong><\/strong><\/p>\n\n\n\n<p class=\"is-style-lead\"><strong>Philipp Sidler, Sie haben Ihre berufliche Karriere mit einer Lehre als Bahnbetriebsdisponent begonnen. Mit Anfang dreissig haben Sie komplett umgesattelt und sind Pflegefachmann geworden. Wie ist es dazu gekommen?<\/strong><\/p>\n\n\n\n<p>Ich wollte eigentlich schon immer in die Pflege. Als ich aber in jungen Jahren in einem Altersheim schnupperte, traf ich dort Situationen an, die mich regelrecht schockierten und \u00fcberforderten. Deshalb r\u00fcckte ich von diesem Berufswunsch ab und machte eine Lehre als Bahnbetriebsdisponent. Ich arbeitete rund drei Jahre in diesem Beruf, stieg dann in den privatwirtschaftlichen G\u00fctertransport um und anschliessend in die Immobilienverwaltung ein. Doch gl\u00fccklich war ich damit nie.<\/p>\n\n\n\n<p>Der Wunsch nach einer beruflichen Ver\u00e4nderung wurde immer gr\u00f6sser. So meldete ich mich eines Tages bei einem Pflegeheim und fragte nach der M\u00f6glichkeit eines Pflegepraktikums. Schon am n\u00e4chsten Tag konnte ich anfangen und sp\u00fcrte gleich: Das ist es! Nach zwei Jahren als Pflegeassistent absolvierte ich die Ausbildung zum Pflegefachmann und seither diverse CAS, zum Beispiel zu Betriebswirtschaft und F\u00fchrungsthemen.<\/p>\n\n\n\n<p class=\"is-style-lead\"><strong>Heute arbeiten Sie als Leiter Pflege und Betreuung in einem Pflegezentrum. Was sind Ihre Aufgaben?<\/strong><\/p>\n\n\n\n<p>Ich bin verantwortlich f\u00fcr die Auslastung der Pflegepl\u00e4tze in unseren beiden Abteilungen und daf\u00fcr, dass wir gen\u00fcgend Personalressourcen haben, um die anfallende Arbeit zu bew\u00e4ltigen. Ich bin zust\u00e4ndig daf\u00fcr, dass die Mitarbeitenden ihre Aufgaben nach dem neuesten Stand der Wissenschaft erledigen, und organisiere zum Beispiel entsprechende Weiterbildungen. Ich arbeite meistens im B\u00fcro, mache aber jeden Morgen einen Gang durch die Abteilungen und tausche mich mit den Verantwortlichen des Tages aus. Bei komplexen Pflegef\u00e4llen auf unseren Abteilungen bringe ich mich mit meinem Pflege-Know-how ein.<\/p>\n\n\n\n<div class=\"wp-block-buttons is-content-justification-center is-layout-flex wp-container-core-buttons-is-layout-16018d1d wp-block-buttons-is-layout-flex\">\n<div class=\"wp-block-button animated backInDown\"><a class=\"wp-block-button__link wp-element-button\" href=\"https:\/\/www.hslu.ch\/de-ch\/soziale-arbeit\/studium\/master-pflege\/master-pflege\/\" target=\"_blank\" rel=\"noreferrer noopener\"><strong>Mehr Infos: Master in Pflege<\/strong><\/a><\/div>\n<\/div>\n\n\n\n<p class=\"is-style-lead\"><strong>Wie hat sich Ihr Leben ver\u00e4ndert, seit Sie in die Pflegebranche umgestiegen sind?<\/strong><\/p>\n\n\n\n<p>Ich empfinde meine Arbeit als sinnvoll und bereichernd und bin viel zufriedener als fr\u00fcher. Gerade von betagten Menschen und ihrer Lebenserfahrung kann ich vieles lernen. Ich finde es sch\u00f6n, diese Beziehungen aufzubauen und zu pflegen. Man ist Vertrauensperson und sieht in viele Familien hinein. Das sind teilweise pr\u00e4gende Erfahrungen. Es relativiert sich vieles, wenn sich die ganze Palette des Lebens vor einem ausbreitet.<\/p>\n\n\n\n<blockquote class=\"wp-block-quote is-layout-flow wp-block-quote-is-layout-flow\">\n<p>\u00abIn welchem Beruf hat man das sonst, dass sich die Menschen freuen, wenn man wieder zur Arbeit kommt?\u00bb<\/p>\n<\/blockquote>\n\n\n\n<p class=\"is-style-lead\"><strong>Die Ausbildung Ihrer Mitarbeitenden ist Ihnen sehr wichtig. Einige haben sich f\u00fcr ein Bachelor-Studium in Pflege entschieden. Welchen Mehrwert bringen diese ins Team ein?<\/strong><\/p>\n\n\n\n<p>Meiner Erfahrung nach sind Fachpersonen, die sich zu einem Bachelor-Studium entscheiden, hochmotiviert. Diese intrinsische Motivation ist auch im Arbeitsalltag sp\u00fcrbar. Mitarbeitende mit einem Bachelor sind mit ihrer Expertise \u00fcber die ganze Bandbreite der Pflege f\u00fcr die Teams eine grosse Unterst\u00fctzung, gerade auch bei komplexen Pflegef\u00e4llen. Damit tragen sie auch zur Sicherheit der Bewohner:innen im Pflegeheim bei. Ebenso k\u00f6nnen sie f\u00fcr die interne Weiterbildung einen wertvollen Beitrag leisten.<\/p>\n\n\n\n<p class=\"is-style-lead\"><strong>Wenn Sie jemanden f\u00fcr die Pflege begeistern m\u00fcssten: Was w\u00fcrden Sie besonders hervorheben?<\/strong><\/p>\n\n\n\n<p>Die Entfaltungsm\u00f6glichkeiten und die pers\u00f6nliche Bereicherung. Mit einer Ausbildung in Pflege gehen einem T\u00fcr und Tor auf. Es gibt so viele Entfaltungsm\u00f6glichkeiten. Man kann sich in alle Richtungen weiterentwickeln: fachlich oder im Bereich der Mitarbeitendenf\u00fchrung. Und in welchem Beruf hat man das sonst, dass sich die Menschen freuen, wenn man wieder zur Arbeit kommt?<\/p>\n\n\n\n<p>Interview: Eva Sch\u00fcmperli-Keller<br>Ver\u00f6ffentlicht:\u00a015. Juli 2025<\/p>\n\n\n<div class=\"blue-box\">\n\t<div class=\"row\">\n\t\t<div class=\"col-md-12\">\n\t\t\t<p><a href=\"https:\/\/www.hslu.ch\/de-ch\/soziale-arbeit\/studium\/bachelor-pflege\/\"><strong>Neue Pflege-Studieng\u00e4nge an der Hochschule Luzern<\/strong><\/a><\/p>\n<p>Die Hochschule Luzern tr\u00e4gt mit ihren innovativen Ausbildungen dazu bei, den Bedarf an hochqualifizierten Pflegefachpersonen in der Region zu decken. Der <strong><a href=\"https:\/\/www.hslu.ch\/de-ch\/soziale-arbeit\/studium\/bachelor-pflege\/pflege\/\">Bachelor of Science in Pflege<\/a><\/strong> bereitet Maturand:innen auf vielseitige Karrieren im Gesundheitswesen vor. Diplomierte Pflegefachpersonen bauen ihre Kenntnisse in Praxis und Wissenschaft mit einem <strong>berufsbegleitenden, <a href=\"https:\/\/www.hslu.ch\/de-ch\/soziale-arbeit\/studium\/bachelor-pflege\/pflege-dipl\/\">verk\u00fcrzten Bachelor in Pflege<\/a> <\/strong>weiter aus. Der <strong><a href=\"https:\/\/www.hslu.ch\/de-ch\/soziale-arbeit\/studium\/master-pflege\/master-pflege\/\">Master of Science in Pflege<\/a><\/strong> vertieft diese Kompetenzen weiter, um Pflegefachpersonen gezielt auf erweiterte und spezialisierte Rollen in der Gesundheitsversorgung vorzubereiten.<\/p>\n\t\t<\/div>\n\t<\/div>\n<\/div>\n\n\n\n<figure class=\"wp-block-embed is-type-video is-provider-youtube wp-block-embed-youtube wp-embed-aspect-16-9 wp-has-aspect-ratio\"><div class=\"wp-block-embed__wrapper\">\n<iframe loading=\"lazy\" title=\"Master of Science in Pflege\" width=\"640\" height=\"360\" src=\"https:\/\/www.youtube.com\/embed\/C32Sf0pc5fw?feature=oembed\" frameborder=\"0\" allow=\"accelerometer; autoplay; clipboard-write; encrypted-media; gyroscope; picture-in-picture; web-share\" referrerpolicy=\"strict-origin-when-cross-origin\" allowfullscreen><\/iframe>\n<\/div><\/figure>\n","protected":false},"excerpt":{"rendered":"<p>Philipp Sidler ist Pflegefachmann und f\u00fchrt als Leiter Pflege und Betreuung im Pflegezentrum Riedbach in Adligenswil \u00fcber dreissig Mitarbeitende und Auszubildende. Obwohl sich der heute 50-J\u00e4hrige schon immer f\u00fcr die Pflege interessierte, f\u00fchrte ihn erst der zweite Bildungsweg in den Pflegebereich und zu beruflicher Erf\u00fcllung.<\/p>\n","protected":false},"author":152,"featured_media":11316,"comment_status":"open","ping_status":"closed","sticky":false,"template":"","format":"standard","meta":{"_acf_changed":false,"inline_featured_image":false,"_relevanssi_hide_post":"","_relevanssi_hide_content":"","_relevanssi_pin_for_all":"","_relevanssi_pin_keywords":"","_relevanssi_unpin_keywords":"","_relevanssi_related_keywords":"","_relevanssi_related_include_ids":"","_relevanssi_related_exclude_ids":"","_relevanssi_related_no_append":"","_relevanssi_related_not_related":"","_relevanssi_related_posts":"8597,534,432,11190,8195,1880","_relevanssi_noindex_reason":"","footnotes":"","_links_to":"","_links_to_target":""},"categories":[376,7],"tags":[345,386,343,346,387],"class_list":["post-11314","post","type-post","status-publish","format-standard","has-post-thumbnail","hentry","category-pflege","category-ausbildung","tag-bachelor-in-pflege","tag-master-in-pflege","tag-pflege","tag-pflegeheim","tag-quereinstieg"],"acf":[],"yoast_head":"<!-- This site is optimized with the Yoast SEO plugin v27.5 - https:\/\/yoast.com\/product\/yoast-seo-wordpress\/ -->\n<title>\u00abDen Quereinstieg in die Pflege habe ich keine Sekunde bereut\u00bb &#8211; Soziale Arbeit an der Hochschule Luzern<\/title>\n<meta name=\"robots\" content=\"index, follow, max-snippet:-1, max-image-preview:large, max-video-preview:-1\" \/>\n<link rel=\"canonical\" href=\"https:\/\/hub.hslu.ch\/soziale-arbeit\/den-quereinstieg-in-die-pflege-habe-ich-keine-sekunde-bereut\/\" \/>\n<meta property=\"og:locale\" content=\"de_DE\" \/>\n<meta property=\"og:type\" content=\"article\" \/>\n<meta property=\"og:title\" content=\"\u00abDen Quereinstieg in die Pflege habe ich keine Sekunde bereut\u00bb &#8211; Soziale Arbeit an der Hochschule Luzern\" \/>\n<meta property=\"og:description\" content=\"Philipp Sidler ist Pflegefachmann und f\u00fchrt als Leiter Pflege und Betreuung im Pflegezentrum Riedbach in Adligenswil \u00fcber dreissig Mitarbeitende und Auszubildende. Obwohl sich der heute 50-J\u00e4hrige schon immer f\u00fcr die Pflege interessierte, f\u00fchrte ihn erst der zweite Bildungsweg in den Pflegebereich und zu beruflicher Erf\u00fcllung.\" \/>\n<meta property=\"og:url\" content=\"https:\/\/hub.hslu.ch\/soziale-arbeit\/den-quereinstieg-in-die-pflege-habe-ich-keine-sekunde-bereut\/\" \/>\n<meta property=\"og:site_name\" content=\"Soziale Arbeit an der Hochschule Luzern\" \/>\n<meta property=\"article:published_time\" content=\"2025-07-15T04:30:00+00:00\" \/>\n<meta property=\"article:modified_time\" content=\"2026-02-11T13:54:10+00:00\" \/>\n<meta property=\"og:image\" content=\"https:\/\/hub.hslu.ch\/soziale-arbeit\/wp-content\/uploads\/sites\/23\/2025\/06\/Philipp-Sidler-Pflegefachmann-Bachelor-Pflege.jpg\" \/>\n\t<meta property=\"og:image:width\" content=\"1614\" \/>\n\t<meta property=\"og:image:height\" content=\"907\" \/>\n\t<meta property=\"og:image:type\" content=\"image\/jpeg\" \/>\n<meta name=\"author\" content=\"Roger Ettlin\" \/>\n<meta name=\"twitter:card\" content=\"summary_large_image\" \/>\n<meta name=\"twitter:label1\" content=\"Geschrieben von\" \/>\n\t<meta name=\"twitter:data1\" content=\"Roger Ettlin\" \/>\n\t<meta name=\"twitter:label2\" content=\"Gesch\u00e4tzte Lesezeit\" \/>\n\t<meta name=\"twitter:data2\" content=\"4\u00a0Minuten\" \/>\n<script type=\"application\/ld+json\" class=\"yoast-schema-graph\">{\"@context\":\"https:\\\/\\\/schema.org\",\"@graph\":[{\"@type\":\"Article\",\"@id\":\"https:\\\/\\\/hub.hslu.ch\\\/soziale-arbeit\\\/den-quereinstieg-in-die-pflege-habe-ich-keine-sekunde-bereut\\\/#article\",\"isPartOf\":{\"@id\":\"https:\\\/\\\/hub.hslu.ch\\\/soziale-arbeit\\\/den-quereinstieg-in-die-pflege-habe-ich-keine-sekunde-bereut\\\/\"},\"author\":{\"name\":\"Roger Ettlin\",\"@id\":\"https:\\\/\\\/hub.hslu.ch\\\/soziale-arbeit\\\/#\\\/schema\\\/person\\\/0d13e861725ae87916921d6d018489e4\"},\"headline\":\"\u00abDen Quereinstieg in die Pflege habe ich keine Sekunde bereut\u00bb\",\"datePublished\":\"2025-07-15T04:30:00+00:00\",\"dateModified\":\"2026-02-11T13:54:10+00:00\",\"mainEntityOfPage\":{\"@id\":\"https:\\\/\\\/hub.hslu.ch\\\/soziale-arbeit\\\/den-quereinstieg-in-die-pflege-habe-ich-keine-sekunde-bereut\\\/\"},\"wordCount\":576,\"commentCount\":0,\"image\":{\"@id\":\"https:\\\/\\\/hub.hslu.ch\\\/soziale-arbeit\\\/den-quereinstieg-in-die-pflege-habe-ich-keine-sekunde-bereut\\\/#primaryimage\"},\"thumbnailUrl\":\"https:\\\/\\\/hub.hslu.ch\\\/soziale-arbeit\\\/wp-content\\\/uploads\\\/sites\\\/23\\\/2025\\\/06\\\/Philipp-Sidler-Pflegefachmann-Bachelor-Pflege.jpg\",\"keywords\":[\"Bachelor in Pflege\",\"Master in Pflege\",\"Pflege\",\"Pflegeheim\",\"Quereinstieg\"],\"articleSection\":[\"Pflege\",\"Studium\"],\"inLanguage\":\"de-CH\",\"potentialAction\":[{\"@type\":\"CommentAction\",\"name\":\"Comment\",\"target\":[\"https:\\\/\\\/hub.hslu.ch\\\/soziale-arbeit\\\/den-quereinstieg-in-die-pflege-habe-ich-keine-sekunde-bereut\\\/#respond\"]}]},{\"@type\":\"WebPage\",\"@id\":\"https:\\\/\\\/hub.hslu.ch\\\/soziale-arbeit\\\/den-quereinstieg-in-die-pflege-habe-ich-keine-sekunde-bereut\\\/\",\"url\":\"https:\\\/\\\/hub.hslu.ch\\\/soziale-arbeit\\\/den-quereinstieg-in-die-pflege-habe-ich-keine-sekunde-bereut\\\/\",\"name\":\"\u00abDen Quereinstieg in die Pflege habe ich keine Sekunde bereut\u00bb &#8211; Soziale Arbeit an der Hochschule Luzern\",\"isPartOf\":{\"@id\":\"https:\\\/\\\/hub.hslu.ch\\\/soziale-arbeit\\\/#website\"},\"primaryImageOfPage\":{\"@id\":\"https:\\\/\\\/hub.hslu.ch\\\/soziale-arbeit\\\/den-quereinstieg-in-die-pflege-habe-ich-keine-sekunde-bereut\\\/#primaryimage\"},\"image\":{\"@id\":\"https:\\\/\\\/hub.hslu.ch\\\/soziale-arbeit\\\/den-quereinstieg-in-die-pflege-habe-ich-keine-sekunde-bereut\\\/#primaryimage\"},\"thumbnailUrl\":\"https:\\\/\\\/hub.hslu.ch\\\/soziale-arbeit\\\/wp-content\\\/uploads\\\/sites\\\/23\\\/2025\\\/06\\\/Philipp-Sidler-Pflegefachmann-Bachelor-Pflege.jpg\",\"datePublished\":\"2025-07-15T04:30:00+00:00\",\"dateModified\":\"2026-02-11T13:54:10+00:00\",\"author\":{\"@id\":\"https:\\\/\\\/hub.hslu.ch\\\/soziale-arbeit\\\/#\\\/schema\\\/person\\\/0d13e861725ae87916921d6d018489e4\"},\"breadcrumb\":{\"@id\":\"https:\\\/\\\/hub.hslu.ch\\\/soziale-arbeit\\\/den-quereinstieg-in-die-pflege-habe-ich-keine-sekunde-bereut\\\/#breadcrumb\"},\"inLanguage\":\"de-CH\",\"potentialAction\":[{\"@type\":\"ReadAction\",\"target\":[\"https:\\\/\\\/hub.hslu.ch\\\/soziale-arbeit\\\/den-quereinstieg-in-die-pflege-habe-ich-keine-sekunde-bereut\\\/\"]}]},{\"@type\":\"ImageObject\",\"inLanguage\":\"de-CH\",\"@id\":\"https:\\\/\\\/hub.hslu.ch\\\/soziale-arbeit\\\/den-quereinstieg-in-die-pflege-habe-ich-keine-sekunde-bereut\\\/#primaryimage\",\"url\":\"https:\\\/\\\/hub.hslu.ch\\\/soziale-arbeit\\\/wp-content\\\/uploads\\\/sites\\\/23\\\/2025\\\/06\\\/Philipp-Sidler-Pflegefachmann-Bachelor-Pflege.jpg\",\"contentUrl\":\"https:\\\/\\\/hub.hslu.ch\\\/soziale-arbeit\\\/wp-content\\\/uploads\\\/sites\\\/23\\\/2025\\\/06\\\/Philipp-Sidler-Pflegefachmann-Bachelor-Pflege.jpg\",\"width\":1614,\"height\":907,\"caption\":\"Philipp Sidler Pflegefachmann Bachelor Pflege\"},{\"@type\":\"BreadcrumbList\",\"@id\":\"https:\\\/\\\/hub.hslu.ch\\\/soziale-arbeit\\\/den-quereinstieg-in-die-pflege-habe-ich-keine-sekunde-bereut\\\/#breadcrumb\",\"itemListElement\":[{\"@type\":\"ListItem\",\"position\":1,\"name\":\"Home\",\"item\":\"https:\\\/\\\/hub.hslu.ch\\\/soziale-arbeit\\\/\"},{\"@type\":\"ListItem\",\"position\":2,\"name\":\"\u00abDen Quereinstieg in die Pflege habe ich keine Sekunde bereut\u00bb\"}]},{\"@type\":\"WebSite\",\"@id\":\"https:\\\/\\\/hub.hslu.ch\\\/soziale-arbeit\\\/#website\",\"url\":\"https:\\\/\\\/hub.hslu.ch\\\/soziale-arbeit\\\/\",\"name\":\"Soziale Arbeit an der Hochschule Luzern\",\"description\":\"Der Blog der Hochschule Luzern \u2013 Soziale Arbeit\",\"potentialAction\":[{\"@type\":\"SearchAction\",\"target\":{\"@type\":\"EntryPoint\",\"urlTemplate\":\"https:\\\/\\\/hub.hslu.ch\\\/soziale-arbeit\\\/?s={search_term_string}\"},\"query-input\":{\"@type\":\"PropertyValueSpecification\",\"valueRequired\":true,\"valueName\":\"search_term_string\"}}],\"inLanguage\":\"de-CH\"},{\"@type\":\"Person\",\"@id\":\"https:\\\/\\\/hub.hslu.ch\\\/soziale-arbeit\\\/#\\\/schema\\\/person\\\/0d13e861725ae87916921d6d018489e4\",\"name\":\"Roger Ettlin\"}]}<\/script>\n<!-- \/ Yoast SEO plugin. -->","yoast_head_json":{"title":"\u00abDen Quereinstieg in die Pflege habe ich keine Sekunde bereut\u00bb &#8211; Soziale Arbeit an der Hochschule Luzern","robots":{"index":"index","follow":"follow","max-snippet":"max-snippet:-1","max-image-preview":"max-image-preview:large","max-video-preview":"max-video-preview:-1"},"canonical":"https:\/\/hub.hslu.ch\/soziale-arbeit\/den-quereinstieg-in-die-pflege-habe-ich-keine-sekunde-bereut\/","og_locale":"de_DE","og_type":"article","og_title":"\u00abDen Quereinstieg in die Pflege habe ich keine Sekunde bereut\u00bb &#8211; Soziale Arbeit an der Hochschule Luzern","og_description":"Philipp Sidler ist Pflegefachmann und f\u00fchrt als Leiter Pflege und Betreuung im Pflegezentrum Riedbach in Adligenswil \u00fcber dreissig Mitarbeitende und Auszubildende. Obwohl sich der heute 50-J\u00e4hrige schon immer f\u00fcr die Pflege interessierte, f\u00fchrte ihn erst der zweite Bildungsweg in den Pflegebereich und zu beruflicher Erf\u00fcllung.","og_url":"https:\/\/hub.hslu.ch\/soziale-arbeit\/den-quereinstieg-in-die-pflege-habe-ich-keine-sekunde-bereut\/","og_site_name":"Soziale Arbeit an der Hochschule Luzern","article_published_time":"2025-07-15T04:30:00+00:00","article_modified_time":"2026-02-11T13:54:10+00:00","og_image":[{"width":1614,"height":907,"url":"https:\/\/hub.hslu.ch\/soziale-arbeit\/wp-content\/uploads\/sites\/23\/2025\/06\/Philipp-Sidler-Pflegefachmann-Bachelor-Pflege.jpg","type":"image\/jpeg"}],"author":"Roger Ettlin","twitter_card":"summary_large_image","twitter_misc":{"Geschrieben von":"Roger Ettlin","Gesch\u00e4tzte Lesezeit":"4\u00a0Minuten"},"schema":{"@context":"https:\/\/schema.org","@graph":[{"@type":"Article","@id":"https:\/\/hub.hslu.ch\/soziale-arbeit\/den-quereinstieg-in-die-pflege-habe-ich-keine-sekunde-bereut\/#article","isPartOf":{"@id":"https:\/\/hub.hslu.ch\/soziale-arbeit\/den-quereinstieg-in-die-pflege-habe-ich-keine-sekunde-bereut\/"},"author":{"name":"Roger Ettlin","@id":"https:\/\/hub.hslu.ch\/soziale-arbeit\/#\/schema\/person\/0d13e861725ae87916921d6d018489e4"},"headline":"\u00abDen Quereinstieg in die Pflege habe ich keine Sekunde bereut\u00bb","datePublished":"2025-07-15T04:30:00+00:00","dateModified":"2026-02-11T13:54:10+00:00","mainEntityOfPage":{"@id":"https:\/\/hub.hslu.ch\/soziale-arbeit\/den-quereinstieg-in-die-pflege-habe-ich-keine-sekunde-bereut\/"},"wordCount":576,"commentCount":0,"image":{"@id":"https:\/\/hub.hslu.ch\/soziale-arbeit\/den-quereinstieg-in-die-pflege-habe-ich-keine-sekunde-bereut\/#primaryimage"},"thumbnailUrl":"https:\/\/hub.hslu.ch\/soziale-arbeit\/wp-content\/uploads\/sites\/23\/2025\/06\/Philipp-Sidler-Pflegefachmann-Bachelor-Pflege.jpg","keywords":["Bachelor in Pflege","Master in Pflege","Pflege","Pflegeheim","Quereinstieg"],"articleSection":["Pflege","Studium"],"inLanguage":"de-CH","potentialAction":[{"@type":"CommentAction","name":"Comment","target":["https:\/\/hub.hslu.ch\/soziale-arbeit\/den-quereinstieg-in-die-pflege-habe-ich-keine-sekunde-bereut\/#respond"]}]},{"@type":"WebPage","@id":"https:\/\/hub.hslu.ch\/soziale-arbeit\/den-quereinstieg-in-die-pflege-habe-ich-keine-sekunde-bereut\/","url":"https:\/\/hub.hslu.ch\/soziale-arbeit\/den-quereinstieg-in-die-pflege-habe-ich-keine-sekunde-bereut\/","name":"\u00abDen Quereinstieg in die Pflege habe ich keine Sekunde bereut\u00bb &#8211; Soziale Arbeit an der Hochschule Luzern","isPartOf":{"@id":"https:\/\/hub.hslu.ch\/soziale-arbeit\/#website"},"primaryImageOfPage":{"@id":"https:\/\/hub.hslu.ch\/soziale-arbeit\/den-quereinstieg-in-die-pflege-habe-ich-keine-sekunde-bereut\/#primaryimage"},"image":{"@id":"https:\/\/hub.hslu.ch\/soziale-arbeit\/den-quereinstieg-in-die-pflege-habe-ich-keine-sekunde-bereut\/#primaryimage"},"thumbnailUrl":"https:\/\/hub.hslu.ch\/soziale-arbeit\/wp-content\/uploads\/sites\/23\/2025\/06\/Philipp-Sidler-Pflegefachmann-Bachelor-Pflege.jpg","datePublished":"2025-07-15T04:30:00+00:00","dateModified":"2026-02-11T13:54:10+00:00","author":{"@id":"https:\/\/hub.hslu.ch\/soziale-arbeit\/#\/schema\/person\/0d13e861725ae87916921d6d018489e4"},"breadcrumb":{"@id":"https:\/\/hub.hslu.ch\/soziale-arbeit\/den-quereinstieg-in-die-pflege-habe-ich-keine-sekunde-bereut\/#breadcrumb"},"inLanguage":"de-CH","potentialAction":[{"@type":"ReadAction","target":["https:\/\/hub.hslu.ch\/soziale-arbeit\/den-quereinstieg-in-die-pflege-habe-ich-keine-sekunde-bereut\/"]}]},{"@type":"ImageObject","inLanguage":"de-CH","@id":"https:\/\/hub.hslu.ch\/soziale-arbeit\/den-quereinstieg-in-die-pflege-habe-ich-keine-sekunde-bereut\/#primaryimage","url":"https:\/\/hub.hslu.ch\/soziale-arbeit\/wp-content\/uploads\/sites\/23\/2025\/06\/Philipp-Sidler-Pflegefachmann-Bachelor-Pflege.jpg","contentUrl":"https:\/\/hub.hslu.ch\/soziale-arbeit\/wp-content\/uploads\/sites\/23\/2025\/06\/Philipp-Sidler-Pflegefachmann-Bachelor-Pflege.jpg","width":1614,"height":907,"caption":"Philipp Sidler Pflegefachmann Bachelor Pflege"},{"@type":"BreadcrumbList","@id":"https:\/\/hub.hslu.ch\/soziale-arbeit\/den-quereinstieg-in-die-pflege-habe-ich-keine-sekunde-bereut\/#breadcrumb","itemListElement":[{"@type":"ListItem","position":1,"name":"Home","item":"https:\/\/hub.hslu.ch\/soziale-arbeit\/"},{"@type":"ListItem","position":2,"name":"\u00abDen Quereinstieg in die Pflege habe ich keine Sekunde bereut\u00bb"}]},{"@type":"WebSite","@id":"https:\/\/hub.hslu.ch\/soziale-arbeit\/#website","url":"https:\/\/hub.hslu.ch\/soziale-arbeit\/","name":"Soziale Arbeit an der Hochschule Luzern","description":"Der Blog der Hochschule Luzern \u2013 Soziale Arbeit","potentialAction":[{"@type":"SearchAction","target":{"@type":"EntryPoint","urlTemplate":"https:\/\/hub.hslu.ch\/soziale-arbeit\/?s={search_term_string}"},"query-input":{"@type":"PropertyValueSpecification","valueRequired":true,"valueName":"search_term_string"}}],"inLanguage":"de-CH"},{"@type":"Person","@id":"https:\/\/hub.hslu.ch\/soziale-arbeit\/#\/schema\/person\/0d13e861725ae87916921d6d018489e4","name":"Roger Ettlin"}]}},"featured_image_src":"https:\/\/hub.hslu.ch\/soziale-arbeit\/wp-content\/uploads\/sites\/23\/2025\/06\/Philipp-Sidler-Pflegefachmann-Bachelor-Pflege.jpg","featured_image_src_square":"https:\/\/hub.hslu.ch\/soziale-arbeit\/wp-content\/uploads\/sites\/23\/2025\/06\/Philipp-Sidler-Pflegefachmann-Bachelor-Pflege.jpg","author_info":{"display_name":"Roger Ettlin","author_link":"https:\/\/hub.hslu.ch\/soziale-arbeit\/author\/rogerettlin\/"},"_links":{"self":[{"href":"https:\/\/hub.hslu.ch\/soziale-arbeit\/wp-json\/wp\/v2\/posts\/11314","targetHints":{"allow":["GET"]}}],"collection":[{"href":"https:\/\/hub.hslu.ch\/soziale-arbeit\/wp-json\/wp\/v2\/posts"}],"about":[{"href":"https:\/\/hub.hslu.ch\/soziale-arbeit\/wp-json\/wp\/v2\/types\/post"}],"author":[{"embeddable":true,"href":"https:\/\/hub.hslu.ch\/soziale-arbeit\/wp-json\/wp\/v2\/users\/152"}],"replies":[{"embeddable":true,"href":"https:\/\/hub.hslu.ch\/soziale-arbeit\/wp-json\/wp\/v2\/comments?post=11314"}],"version-history":[{"count":12,"href":"https:\/\/hub.hslu.ch\/soziale-arbeit\/wp-json\/wp\/v2\/posts\/11314\/revisions"}],"predecessor-version":[{"id":13095,"href":"https:\/\/hub.hslu.ch\/soziale-arbeit\/wp-json\/wp\/v2\/posts\/11314\/revisions\/13095"}],"wp:featuredmedia":[{"embeddable":true,"href":"https:\/\/hub.hslu.ch\/soziale-arbeit\/wp-json\/wp\/v2\/media\/11316"}],"wp:attachment":[{"href":"https:\/\/hub.hslu.ch\/soziale-arbeit\/wp-json\/wp\/v2\/media?parent=11314"}],"wp:term":[{"taxonomy":"category","embeddable":true,"href":"https:\/\/hub.hslu.ch\/soziale-arbeit\/wp-json\/wp\/v2\/categories?post=11314"},{"taxonomy":"post_tag","embeddable":true,"href":"https:\/\/hub.hslu.ch\/soziale-arbeit\/wp-json\/wp\/v2\/tags?post=11314"}],"curies":[{"name":"wp","href":"https:\/\/api.w.org\/{rel}","templated":true}]}}