{"id":11802,"date":"2025-11-10T08:00:00","date_gmt":"2025-11-10T07:00:00","guid":{"rendered":"https:\/\/hub.hslu.ch\/soziale-arbeit\/?p=11802"},"modified":"2026-02-11T14:54:11","modified_gmt":"2026-02-11T13:54:11","slug":"die-soziale-arbeit-zieht-um","status":"publish","type":"post","link":"https:\/\/hub.hslu.ch\/soziale-arbeit\/die-soziale-arbeit-zieht-um\/","title":{"rendered":"Der Countdown l\u00e4uft: Umzug ins neue Zuhause"},"content":{"rendered":"\n\n\n<p>Der Countdown l\u00e4uft: In 100 Tagen werden wir die ersten Fr\u00fchlingssonnenstrahlen bereits auf der neuen Terrasse des Campus Luzern Bahnhof geniessen. Wir schlagen damit ein neues Kapitel f\u00fcr die Soziale Arbeit auf.<\/p>\n\n\n\n<p>Noch w\u00e4hrend die letzten Handgriffe getan werden, bereiten sich die Mitarbeitenden auf den Umzug \u00fcber den Jahreswechsel 2025\/2026 vor. Im Februar \u00f6ffnet der Campus Luzern Bahnhof seine T\u00fcren \u2013 bereit f\u00fcr Studierende, Weiterbildungsteilnehmende, Forschende und G\u00e4ste der Departemente Soziale Arbeit und Wirtschaft.<\/p>\n\n\n<div class=\"blue-box\">\n\t<div class=\"row\">\n\t\t<div class=\"col-md-12\">\n\t\t\t<p><strong>Die wichtigsten Meilensteine<\/strong><\/p>\n<ul>\n<li><strong>Jahreswechsel 2025\/2026:<\/strong> Bezug der neuen B\u00fcros durch Mitarbeitende der Departemente Soziale Arbeit und Wirtschaft<\/li>\n<li><strong>Februar 2026:<\/strong> Start des ersten Semesters am Campus Luzern Bahnhof<\/li>\n<li><strong>20. Juni 2026:<\/strong> Tag der offenen T\u00fcr \u2013 entdecke den neuen Campus<\/li>\n<\/ul>\n<p>Mehr Infos zum <a href=\"https:\/\/www.hslu.ch\/de-ch\/hochschule-luzern\/campus\/infoseite-campus-luzern-bahnhof\/\">Campus Luzern Bahnhof<\/a><\/p>\n\t\t<\/div>\n\t<\/div>\n<\/div>\n\n\n\n<div class=\"swiper__responsive-container \">\n\t<div class=\"swiper__responsive-wrapper\">\n\t\t<div class=\"swiper mainSwiper\">\n\t\t\t<div class=\"swiper-wrapper\">\n\t\t\t\t\t\t\t\t\t\t\t\t\t\t<div class=\"swiper-slide\">\n\t\t\t\t\t\t<figure class=\"slide-figure\">\n\t\t\t\t\t\t\t<img decoding=\"async\" class=\"slide-image\" src=\"https:\/\/hub.hslu.ch\/soziale-arbeit\/wp-content\/uploads\/sites\/23\/2025\/11\/Campus-Luzern-Bahnhof-von-aussen.jpg\" alt=\"Campus Luzern Bahnhof von aussen\">\n\t\t\t\t\t\t\t<figcaption class=\"slide-caption\"><span>Campus Luzern Bahnhof von aussen<\/span><\/figcaption>\n\t\t\t\t\t\t<\/figure>\n\t\t\t\t\t\t<div class=\"slide-action-container\">\n\t\t\t\t\t\t\t<div class=\"slide-action slide-action-zoom\" data-id=\"69f4d0ee4b889\">\uf188<\/div>\n\t\t\t\t\t\t\t\t\t\t\t\t\t<\/div>\n\t\t\t\t\t<\/div>\n\t\t\t\t\t\t\t\t\t\t\t\t\t\t<div class=\"swiper-slide\">\n\t\t\t\t\t\t<figure class=\"slide-figure\">\n\t\t\t\t\t\t\t<img decoding=\"async\" class=\"slide-image\" src=\"https:\/\/hub.hslu.ch\/soziale-arbeit\/wp-content\/uploads\/sites\/23\/2025\/11\/Visualisierung-von-oben.jpg\" alt=\"Visualisierung von oben\">\n\t\t\t\t\t\t\t<figcaption class=\"slide-caption\"><span>Visualisierung von oben<\/span><\/figcaption>\n\t\t\t\t\t\t<\/figure>\n\t\t\t\t\t\t<div class=\"slide-action-container\">\n\t\t\t\t\t\t\t<div class=\"slide-action slide-action-zoom\" data-id=\"69f4d0ee4b889\">\uf188<\/div>\n\t\t\t\t\t\t\t\t\t\t\t\t\t<\/div>\n\t\t\t\t\t<\/div>\n\t\t\t\t\t\t\t\t\t\t\t\t\t\t<div class=\"swiper-slide\">\n\t\t\t\t\t\t<figure class=\"slide-figure\">\n\t\t\t\t\t\t\t<img decoding=\"async\" class=\"slide-image\" src=\"https:\/\/hub.hslu.ch\/soziale-arbeit\/wp-content\/uploads\/sites\/23\/2025\/11\/Campus-Luzern-Bahnhof-von-aussen-mit-dem-Pilatus.jpg\" alt=\"Campus Luzern Bahnhof von aussen mit dem Pilatus\">\n\t\t\t\t\t\t\t<figcaption class=\"slide-caption\"><span>Campus Luzern Bahnhof von aussen mit dem Pilatus<\/span><\/figcaption>\n\t\t\t\t\t\t<\/figure>\n\t\t\t\t\t\t<div class=\"slide-action-container\">\n\t\t\t\t\t\t\t<div class=\"slide-action slide-action-zoom\" data-id=\"69f4d0ee4b889\">\uf188<\/div>\n\t\t\t\t\t\t\t\t\t\t\t\t\t<\/div>\n\t\t\t\t\t<\/div>\n\t\t\t\t\t\t\t<\/div>\n\t\t\t<div class=\"swiper-button-prev\"><\/div>\n\t\t\t<div class=\"swiper-button-next\"><\/div>\n\t\t<\/div>\n\t\t<div class=\"swiper-pagination\"><\/div>\n\t<\/div>\n<\/div>\n\n<div class=\"zoom-container\" data-id=\"69f4d0ee4b889\">\n\t<div class=\"zoom-container-inner\">\n\t\t<div class=\"zoom-responsive-container\">\n\t\t\t<div class=\"zoom-wrapper\">\n\t\t\t\t<div class=\"swiper zoomSwiper\">\n\t\t\t\t\t<div class=\"swiper-wrapper\">\n\t\t\t\t\t\t\t\t\t\t\t\t\t\t\t\t\t\t\t\t<div class=\"swiper-slide\">\n\t\t\t\t\t\t\t\t<figure class=\"slide-figure\">\n\t\t\t\t\t\t\t\t\t<img decoding=\"async\" class=\"slide-image\" src=\"https:\/\/hub.hslu.ch\/soziale-arbeit\/wp-content\/uploads\/sites\/23\/2025\/11\/Campus-Luzern-Bahnhof-von-aussen.jpg\" alt=\"Campus Luzern Bahnhof von aussen\">\n\t\t\t\t\t\t\t\t\t<figcaption class=\"slide-caption\"><span>Campus Luzern Bahnhof von aussen<\/span><\/figcaption>\n\t\t\t\t\t\t\t\t<\/figure>\n\t\t\t\t\t\t\t\t<div class=\"slide-action-container\">\n\t\t\t\t\t\t\t\t\t<div class=\"slide-action zoom-action-close\">\uf189<\/div>\n\t\t\t\t\t\t\t\t\t\t\t\t\t\t\t\t\t<\/div>\n\t\t\t\t\t\t\t<\/div>\n\t\t\t\t\t\t\t\t\t\t\t\t\t\t\t\t\t\t\t\t<div class=\"swiper-slide\">\n\t\t\t\t\t\t\t\t<figure class=\"slide-figure\">\n\t\t\t\t\t\t\t\t\t<img decoding=\"async\" class=\"slide-image\" src=\"https:\/\/hub.hslu.ch\/soziale-arbeit\/wp-content\/uploads\/sites\/23\/2025\/11\/Visualisierung-von-oben.jpg\" alt=\"Visualisierung von oben\">\n\t\t\t\t\t\t\t\t\t<figcaption class=\"slide-caption\"><span>Visualisierung von oben<\/span><\/figcaption>\n\t\t\t\t\t\t\t\t<\/figure>\n\t\t\t\t\t\t\t\t<div class=\"slide-action-container\">\n\t\t\t\t\t\t\t\t\t<div class=\"slide-action zoom-action-close\">\uf189<\/div>\n\t\t\t\t\t\t\t\t\t\t\t\t\t\t\t\t\t<\/div>\n\t\t\t\t\t\t\t<\/div>\n\t\t\t\t\t\t\t\t\t\t\t\t\t\t\t\t\t\t\t\t<div class=\"swiper-slide\">\n\t\t\t\t\t\t\t\t<figure class=\"slide-figure\">\n\t\t\t\t\t\t\t\t\t<img decoding=\"async\" class=\"slide-image\" src=\"https:\/\/hub.hslu.ch\/soziale-arbeit\/wp-content\/uploads\/sites\/23\/2025\/11\/Campus-Luzern-Bahnhof-von-aussen-mit-dem-Pilatus.jpg\" alt=\"Campus Luzern Bahnhof von aussen mit dem Pilatus\">\n\t\t\t\t\t\t\t\t\t<figcaption class=\"slide-caption\"><span>Campus Luzern Bahnhof von aussen mit dem Pilatus<\/span><\/figcaption>\n\t\t\t\t\t\t\t\t<\/figure>\n\t\t\t\t\t\t\t\t<div class=\"slide-action-container\">\n\t\t\t\t\t\t\t\t\t<div class=\"slide-action zoom-action-close\">\uf189<\/div>\n\t\t\t\t\t\t\t\t\t\t\t\t\t\t\t\t\t<\/div>\n\t\t\t\t\t\t\t<\/div>\n\t\t\t\t\t\t\t\t\t\t\t<\/div>\n\t\t\t\t\t<div class=\"swiper-button-prev\"><\/div>\n\t\t\t\t\t<div class=\"swiper-button-next\"><\/div>\n\t\t\t\t<\/div>\n\t\t\t\t<div class=\"swiper-pagination\"><\/div>\n\t\t\t<\/div>\n\t\t<\/div>\n\t<\/div>\n<\/div>\n\n\n\n<h2 class=\"wp-block-heading\">Neue Lernwelten, neue M\u00f6glichkeiten<\/h2>\n\n\n\n<p>Im neuen Geb\u00e4ude treffen die Studierenden und Weiterbildungsteilnehmenden auf eine Lernumgebung, die offenes und gemeinschaftliches Arbeiten f\u00f6rdert. Laut Annette Dietrich, Ausbildungsleiterin am Departement Soziale Arbeit, bieten die neuen Unterrichtsr\u00e4ume deutlich mehr Gestaltungsfreiheit: Bewegliche M\u00f6bel und moderne Technik erm\u00f6glichen es, den Raum je nach Lehrkonzept individuell zu gestalten. So entstehen neue Formen des Lehrens und Lernens, von interaktiven Lehrveranstaltungen bis zu kreativen Gruppenarbeiten oder Workshops.<\/p>\n\n\n\n<p>Neben den Unterrichtsr\u00e4umen bieten die Lernwelten vielseitige Orte f\u00fcr konzentriertes Arbeiten, kreativen Austausch oder eine Pause zwischendurch. Ob in Gruppenzonen, Einzelkabinen, in der offenen Mediothek oder in Ruhezonen \u2013 hier findet jede und jeder den passenden Ort zum Lernen.<\/p>\n\n\n\n<p>\u00abDie Lernwelten sind Treffpunkte, um in kleinen Gruppen oder auch individuell zu arbeiten \u2013 bequem eingerichtet und gut ged\u00e4mmt. Es ist ein bisschen wie zu Hause, aber man ist trotzdem gemeinsam vor Ort\u00bb, erkl\u00e4rt Annette Dietrich.<\/p>\n\n\n\n<p>Ein Highlight ist Dachterasse mit Blick auf die umliegende Bergewelt. Auch ausserhalb des Unterrichts bietet das neue Geb\u00e4ude zahlreiche M\u00f6glichkeiten: Studierende k\u00f6nnen Gruppenr\u00e4ume f\u00fcr Projekte nutzen, Workshop-Material \u00fcber den Servicepoint beziehen oder in der Lounge gemeinsam lernen und entspannen. Durch die N\u00e4he zum Hochschulsport entsteht zudem ein Umfeld, das Lernen, Wohlbefinden und Gesundheit auf nat\u00fcrliche Weise verbindet.<\/p>\n\n\n\n<details class=\"wp-block-details is-layout-flow wp-block-details-is-layout-flow\"><summary><strong>Das erwartet Studierende und Besucher:innen<\/strong><\/summary>\n<p>Am Campus Luzern Bahnhof entsteht ein Ort, der Bildung, Forschung und Begegnung miteinander verbindet. Studierende, Weiterbildungsteilnehmende und G\u00e4ste profitieren von modernen Lernr\u00e4umen, kurzen Wegen und einem inspirierenden Umfeld mitten in Luzern.<\/p>\n\n\n\n<p><strong>Studieren<\/strong><\/p>\n\n\n\n<ul class=\"wp-block-list\">\n<li>Bachelor- und Masterstudieng\u00e4nge in <strong><a href=\"https:\/\/www.hslu.ch\/de-ch\/soziale-arbeit\/studium\/\">Sozialer Arbeit<\/a><\/strong>, <a href=\"https:\/\/www.hslu.ch\/de-ch\/wirtschaft\/studium\/\"><strong>Wirtschaft<\/strong> <\/a>und <strong><a href=\"https:\/\/www.hslu.ch\/de-ch\/soziale-arbeit\/studium\/bachelor-pflege\/\">Pflege<\/a><\/strong><\/li>\n\n\n\n<li>Moderne Lehr- und Lernr\u00e4ume, die offenes, vernetztes Denken f\u00f6rdern und flexible Unterrichtsformen erm\u00f6glichen<\/li>\n<\/ul>\n\n\n\n<p><strong>Weiterbilden<\/strong><\/p>\n\n\n\n<ul class=\"wp-block-list\">\n<li>Ein vielf\u00e4ltiges Angebot an <strong><a href=\"https:\/\/www.hslu.ch\/de-ch\/soziale-arbeit\/weiterbildung\/#?filters=102\">CAS- und MAS-Programmen<\/a><\/strong>, <a href=\"https:\/\/www.hslu.ch\/de-ch\/soziale-arbeit\/weiterbildung\/#?filters=102\"><strong>Fachkursen<\/strong> <\/a>und <strong><a href=\"https:\/\/www.hslu.ch\/de-ch\/soziale-arbeit\/agenda\/fachtagungen-und-webinare\/\">Tagungen<\/a><\/strong><\/li>\n\n\n\n<li>Ideal f\u00fcr Berufst\u00e4tige, die sich praxisnah weiterentwickeln und den Austausch zwischen Disziplinen suchen<\/li>\n<\/ul>\n\n\n\n<p><strong>Forschen<\/strong><\/p>\n\n\n\n<ul class=\"wp-block-list\">\n<li>Interdisziplin\u00e4re <strong>Kooperationsm\u00f6glichkeiten<\/strong> zwischen Sozialer Arbeit, Wirtschaft und Gesundheit<\/li>\n\n\n\n<li>Raum f\u00fcr <strong><a href=\"https:\/\/www.hslu.ch\/de-ch\/soziale-arbeit\/forschung\/\">Praxisforschung<\/a><\/strong>, die gesellschaftliche Herausforderungen aktiv mitgestaltet<\/li>\n<\/ul>\n\n\n\n<p><strong>Begegnen und Vernetzen<\/strong><\/p>\n\n\n\n<ul class=\"wp-block-list\">\n<li>Offene Lernzonen, Caf\u00e9s und Aufenthaltsr\u00e4ume f\u00f6rdern den Austausch zwischen Studierenden, Lehrenden und G\u00e4sten<\/li>\n\n\n\n<li>Zahlreiche Veranstaltungen und \u00f6ffentliche Events st\u00e4rken die Verbindung von Hochschule und Gesellschaft<\/li>\n<\/ul>\n\n\n\n<p><strong>Verpflegung und Bewegung<\/strong><\/p>\n\n\n\n<ul class=\"wp-block-list\">\n<li><strong>Fitness- und Sportm\u00f6glichkeiten<\/strong> des Hochschulsports direkt vor Ort f\u00fcr Ausgleich und Wohlbefinden<\/li>\n\n\n\n<li>Zwei Mensen mit einem vielf\u00e4ltigen kulinarischen Angebot \u2013 offen auch f\u00fcr die \u00d6ffentlichkeit<\/li>\n<\/ul>\n<\/details>\n\n\n\n<div class=\"swiper__responsive-container \">\n\t<div class=\"swiper__responsive-wrapper\">\n\t\t<div class=\"swiper mainSwiper\">\n\t\t\t<div class=\"swiper-wrapper\">\n\t\t\t\t\t\t\t\t\t\t\t\t\t\t<div class=\"swiper-slide\">\n\t\t\t\t\t\t<figure class=\"slide-figure\">\n\t\t\t\t\t\t\t<img decoding=\"async\" class=\"slide-image\" src=\"https:\/\/hub.hslu.ch\/soziale-arbeit\/wp-content\/uploads\/sites\/23\/2025\/11\/Visiualisierung-der-Lernwelten.jpg\" alt=\"Visualisierung der Lernwelten\">\n\t\t\t\t\t\t\t<figcaption class=\"slide-caption\"><span>Visualisierung der Lernwelten<\/span><\/figcaption>\n\t\t\t\t\t\t<\/figure>\n\t\t\t\t\t\t<div class=\"slide-action-container\">\n\t\t\t\t\t\t\t<div class=\"slide-action slide-action-zoom\" data-id=\"69f4d0ee4dc4b\">\uf188<\/div>\n\t\t\t\t\t\t\t\t\t\t\t\t\t<\/div>\n\t\t\t\t\t<\/div>\n\t\t\t\t\t\t\t\t\t\t\t\t\t\t<div class=\"swiper-slide\">\n\t\t\t\t\t\t<figure class=\"slide-figure\">\n\t\t\t\t\t\t\t<img decoding=\"async\" class=\"slide-image\" src=\"https:\/\/hub.hslu.ch\/soziale-arbeit\/wp-content\/uploads\/sites\/23\/2025\/11\/Visiualisierung-der-Mensa.jpg\" alt=\"Visualisierung der Mensa\">\n\t\t\t\t\t\t\t<figcaption class=\"slide-caption\"><span>Visualisierung der Mensa<\/span><\/figcaption>\n\t\t\t\t\t\t<\/figure>\n\t\t\t\t\t\t<div class=\"slide-action-container\">\n\t\t\t\t\t\t\t<div class=\"slide-action slide-action-zoom\" data-id=\"69f4d0ee4dc4b\">\uf188<\/div>\n\t\t\t\t\t\t\t\t\t\t\t\t\t<\/div>\n\t\t\t\t\t<\/div>\n\t\t\t\t\t\t\t\t\t\t\t\t\t\t<div class=\"swiper-slide\">\n\t\t\t\t\t\t<figure class=\"slide-figure\">\n\t\t\t\t\t\t\t<img decoding=\"async\" class=\"slide-image\" src=\"https:\/\/hub.hslu.ch\/soziale-arbeit\/wp-content\/uploads\/sites\/23\/2025\/11\/Visiualisierung-von-Lernraeumen.jpg\" alt=\"Visualisierung von Lernr\u00e4umen\">\n\t\t\t\t\t\t\t<figcaption class=\"slide-caption\"><span>Visualisierung von Lernr\u00e4umen<\/span><\/figcaption>\n\t\t\t\t\t\t<\/figure>\n\t\t\t\t\t\t<div class=\"slide-action-container\">\n\t\t\t\t\t\t\t<div class=\"slide-action slide-action-zoom\" data-id=\"69f4d0ee4dc4b\">\uf188<\/div>\n\t\t\t\t\t\t\t\t\t\t\t\t\t<\/div>\n\t\t\t\t\t<\/div>\n\t\t\t\t\t\t\t\t\t\t\t\t\t\t<div class=\"swiper-slide\">\n\t\t\t\t\t\t<figure class=\"slide-figure\">\n\t\t\t\t\t\t\t<img decoding=\"async\" class=\"slide-image\" src=\"https:\/\/hub.hslu.ch\/soziale-arbeit\/wp-content\/uploads\/sites\/23\/2025\/11\/Visiualisierung-der-Bueros.jpg\" alt=\"Visualisierung der B\u00fcros\">\n\t\t\t\t\t\t\t<figcaption class=\"slide-caption\"><span>Visualisierung der B\u00fcros<\/span><\/figcaption>\n\t\t\t\t\t\t<\/figure>\n\t\t\t\t\t\t<div class=\"slide-action-container\">\n\t\t\t\t\t\t\t<div class=\"slide-action slide-action-zoom\" data-id=\"69f4d0ee4dc4b\">\uf188<\/div>\n\t\t\t\t\t\t\t\t\t\t\t\t\t<\/div>\n\t\t\t\t\t<\/div>\n\t\t\t\t\t\t\t<\/div>\n\t\t\t<div class=\"swiper-button-prev\"><\/div>\n\t\t\t<div class=\"swiper-button-next\"><\/div>\n\t\t<\/div>\n\t\t<div class=\"swiper-pagination\"><\/div>\n\t<\/div>\n<\/div>\n\n<div class=\"zoom-container\" data-id=\"69f4d0ee4dc4b\">\n\t<div class=\"zoom-container-inner\">\n\t\t<div class=\"zoom-responsive-container\">\n\t\t\t<div class=\"zoom-wrapper\">\n\t\t\t\t<div class=\"swiper zoomSwiper\">\n\t\t\t\t\t<div class=\"swiper-wrapper\">\n\t\t\t\t\t\t\t\t\t\t\t\t\t\t\t\t\t\t\t\t<div class=\"swiper-slide\">\n\t\t\t\t\t\t\t\t<figure class=\"slide-figure\">\n\t\t\t\t\t\t\t\t\t<img decoding=\"async\" class=\"slide-image\" src=\"https:\/\/hub.hslu.ch\/soziale-arbeit\/wp-content\/uploads\/sites\/23\/2025\/11\/Visiualisierung-der-Lernwelten.jpg\" alt=\"Visualisierung der Lernwelten\">\n\t\t\t\t\t\t\t\t\t<figcaption class=\"slide-caption\"><span>Visualisierung der Lernwelten<\/span><\/figcaption>\n\t\t\t\t\t\t\t\t<\/figure>\n\t\t\t\t\t\t\t\t<div class=\"slide-action-container\">\n\t\t\t\t\t\t\t\t\t<div class=\"slide-action zoom-action-close\">\uf189<\/div>\n\t\t\t\t\t\t\t\t\t\t\t\t\t\t\t\t\t<\/div>\n\t\t\t\t\t\t\t<\/div>\n\t\t\t\t\t\t\t\t\t\t\t\t\t\t\t\t\t\t\t\t<div class=\"swiper-slide\">\n\t\t\t\t\t\t\t\t<figure class=\"slide-figure\">\n\t\t\t\t\t\t\t\t\t<img decoding=\"async\" class=\"slide-image\" src=\"https:\/\/hub.hslu.ch\/soziale-arbeit\/wp-content\/uploads\/sites\/23\/2025\/11\/Visiualisierung-der-Mensa.jpg\" alt=\"Visualisierung der Mensa\">\n\t\t\t\t\t\t\t\t\t<figcaption class=\"slide-caption\"><span>Visualisierung der Mensa<\/span><\/figcaption>\n\t\t\t\t\t\t\t\t<\/figure>\n\t\t\t\t\t\t\t\t<div class=\"slide-action-container\">\n\t\t\t\t\t\t\t\t\t<div class=\"slide-action zoom-action-close\">\uf189<\/div>\n\t\t\t\t\t\t\t\t\t\t\t\t\t\t\t\t\t<\/div>\n\t\t\t\t\t\t\t<\/div>\n\t\t\t\t\t\t\t\t\t\t\t\t\t\t\t\t\t\t\t\t<div class=\"swiper-slide\">\n\t\t\t\t\t\t\t\t<figure class=\"slide-figure\">\n\t\t\t\t\t\t\t\t\t<img decoding=\"async\" class=\"slide-image\" src=\"https:\/\/hub.hslu.ch\/soziale-arbeit\/wp-content\/uploads\/sites\/23\/2025\/11\/Visiualisierung-von-Lernraeumen.jpg\" alt=\"Visualisierung von Lernr\u00e4umen\">\n\t\t\t\t\t\t\t\t\t<figcaption class=\"slide-caption\"><span>Visualisierung von Lernr\u00e4umen<\/span><\/figcaption>\n\t\t\t\t\t\t\t\t<\/figure>\n\t\t\t\t\t\t\t\t<div class=\"slide-action-container\">\n\t\t\t\t\t\t\t\t\t<div class=\"slide-action zoom-action-close\">\uf189<\/div>\n\t\t\t\t\t\t\t\t\t\t\t\t\t\t\t\t\t<\/div>\n\t\t\t\t\t\t\t<\/div>\n\t\t\t\t\t\t\t\t\t\t\t\t\t\t\t\t\t\t\t\t<div class=\"swiper-slide\">\n\t\t\t\t\t\t\t\t<figure class=\"slide-figure\">\n\t\t\t\t\t\t\t\t\t<img decoding=\"async\" class=\"slide-image\" src=\"https:\/\/hub.hslu.ch\/soziale-arbeit\/wp-content\/uploads\/sites\/23\/2025\/11\/Visiualisierung-der-Bueros.jpg\" alt=\"Visualisierung der B\u00fcros\">\n\t\t\t\t\t\t\t\t\t<figcaption class=\"slide-caption\"><span>Visualisierung der B\u00fcros<\/span><\/figcaption>\n\t\t\t\t\t\t\t\t<\/figure>\n\t\t\t\t\t\t\t\t<div class=\"slide-action-container\">\n\t\t\t\t\t\t\t\t\t<div class=\"slide-action zoom-action-close\">\uf189<\/div>\n\t\t\t\t\t\t\t\t\t\t\t\t\t\t\t\t\t<\/div>\n\t\t\t\t\t\t\t<\/div>\n\t\t\t\t\t\t\t\t\t\t\t<\/div>\n\t\t\t\t\t<div class=\"swiper-button-prev\"><\/div>\n\t\t\t\t\t<div class=\"swiper-button-next\"><\/div>\n\t\t\t\t<\/div>\n\t\t\t\t<div class=\"swiper-pagination\"><\/div>\n\t\t\t<\/div>\n\t\t<\/div>\n\t<\/div>\n<\/div>\n\n\n\n<h2 class=\"wp-block-heading\">Warum der neue Campus wichtig ist<\/h2>\n\n\n\n<p>Die Hochschule Luzern w\u00e4chst und mit ihr der Anspruch, moderne Lern- und Arbeitswelten zu schaffen. Der neue Campus Luzern Bahnhof bietet nicht nur mehr Raum, sondern auch mehr M\u00f6glichkeiten f\u00fcr Austausch, Forschung und gemeinsames Lernen.<\/p>\n\n\n\n<p>F\u00fcr Dorothee Guggisberg, Direktorin des Departements Soziale Arbeit, markiert der neue Campus einen wichtigen Schritt in die Zukunft: \u00abDas neue Geb\u00e4ude ergibt zusammen mit dem Standort Zentralstrasse 9 eine optimale Standortsituation direkt beim Bahnhof Luzern. Wir gewinnen nicht nur an Sichtbarkeit, sondern schaffen auch attraktive Bedingungen f\u00fcr Zusammenarbeit und Innovation.\u00bb Der Campus erm\u00f6gliche Synergien mit dem Departement Wirtschaft und setze zugleich ein Zeichen in Sachen Nachhaltigkeit. Mit dem energetisch fortschrittlichen Neubau leiste die Hochschule einen positiven Beitrag zur Stadtentwicklung.<\/p>\n\n\n<div class=\"blue-box\">\n\t<div class=\"row\">\n\t\t<div class=\"col-md-12\">\n\t\t\t<p><strong>Ger\u00fcstet f\u00fcr die Zukunft:<\/strong><\/p>\n<ul>\n<li><strong>Zentrale Lage:<\/strong> Studierende und Mitarbeitende profitieren von kurzen Wegen und einer optimalen Anbindung.<\/li>\n<li><strong>Moderne Infrastruktur:<\/strong> Nachhaltig, offen, zukunftsorientiert \u2013 ideal f\u00fcr zeitgem\u00e4sse Bildung. Der neue Standort bietet mehr Platz f\u00fcr selbstst\u00e4ndiges Lernen und eine moderne technische Ausstattung.<\/li>\n<li><strong>Interdisziplinarit\u00e4t:<\/strong> Hier begegnen sich Soziale Arbeit, Wirtschaft und Gesundheit \u2013 und schaffen neue Perspektiven.<\/li>\n<\/ul>\n\t\t<\/div>\n\t<\/div>\n<\/div>\n\n\n\n<p>Von: Roger Ettlin<br>Ver\u00f6ffentlicht: 10. November 2025<\/p>\n\n\n<div class=\"blue-box\">\n\t<div class=\"row\">\n\t\t<div class=\"col-md-12\">\n\t\t\t<p><strong><a href=\"https:\/\/www.hslu.ch\/de-ch\/soziale-arbeit\/studium\/bachelor\/\">Interessierst du dich f\u00fcr ein Studium in Sozialer Arbeit?<\/a><\/strong><\/p>\n<p>Wir unterst\u00fctzen dich, Menschen in allen Lebenslagen zu begleiten und f\u00f6rdern deine Urteilsbildung sowie deine F\u00e4higkeit, verschiedene Perspektiven einzunehmen. Werde Teil eines werteorientierten Studiums, das auf gesellschaftlichen Wandel abzielt und die Teilhabe aller erm\u00f6glicht.<\/p>\n<p>Auch<strong>\u00a0Quereinsteigende mit vielf\u00e4ltigen Lebens- und Berufserfahrungen\u00a0<\/strong>sind herzlich willkommen \u2013 wir bauen auf dein Wissen und begleiten dich beim beruflichen Neustart.<\/p>\n<p>Jetzt eine\u00a0<strong><a href=\"https:\/\/www.hslu.ch\/de-ch\/soziale-arbeit\/studium\/info-veranstaltungen\/#?filters=102,1050&amp;q=bachelor\">Infoveranstaltung<\/a><\/strong>\u00a0zum Bachelor besuchen.<\/p>\n\t\t<\/div>\n\t<\/div>\n<\/div>\n\n\n<div class=\"blue-box\">\n\t<div class=\"row\">\n\t\t<div class=\"col-md-12\">\n\t\t\t<p><strong><a href=\"https:\/\/www.hslu.ch\/de-ch\/soziale-arbeit\/weiterbildung\/#?filters=102\">Weiterbildung: Berufliche Spezialisierung in elf Themenbereichen<\/a><\/strong><br \/>\nDie Weiterbildungsangebote der Hochschule Luzern \u2013 Soziale Arbeit unterst\u00fctzen Fachpersonen dabei, ihre Praxis zu reflektieren und weiterzuentwickeln. Im Sinne des lebenslangen Lernens vermitteln sie anwendungsorientiertes Wissen und f\u00f6rdern individuelle fachliche Kompetenzen.<\/p>\n<p>Mehr Informationen: <a href=\"https:\/\/www.hslu.ch\/de-ch\/soziale-arbeit\/weiterbildung\/#?filters=102\">Webseite Weiterbildung<\/a><\/p>\n\t\t<\/div>\n\t<\/div>\n<\/div>\n\n\n<div class=\"blue-box\">\n\t<div class=\"row\">\n\t\t<div class=\"col-md-12\">\n\t\t\t<p>Die <strong>Forschung<\/strong> der Hochschule Luzern \u2013 Soziale Arbeit befasst sich mit aktuellen gesellschaftlichen Herausforderungen. Im angewandten Bereich entwickeln die Fachpersonen Projekte in Kooperation mit Beh\u00f6rden, Sozialen Einrichtungen und der \u00f6ffentlichen Hand. Damit leisten wir einen Beitrag zur Weiterentwicklung sozialer Angebote, organisationaler Prozesse und gesellschaftlicher Teilhabe. Forschungst\u00e4tigkeiten im Bereich Pflegewissenschaften sind im Aufbau. Hier mehr erfahren: <a href=\"https:\/\/www.hslu.ch\/de-ch\/soziale-arbeit\/forschung\/\">https:\/\/www.hslu.ch\/de-ch\/soziale-arbeit\/forschung\/<\/a><\/p>\n\t\t<\/div>\n\t<\/div>\n<\/div>\n","protected":false},"excerpt":{"rendered":"<p>Bald beginnt f\u00fcr das Departement Soziale Arbeit der Hochschule Luzern ein neues Kapitel: Der Umzug an den Campus Luzern Bahnhof steht bevor. Neue R\u00e4umlichkeiten, neue M\u00f6glichkeiten \u2013 und viel Vorfreude! Erfahre, was dich am neuen Standort erwartet.<\/p>\n","protected":false},"author":152,"featured_media":11818,"comment_status":"open","ping_status":"closed","sticky":false,"template":"","format":"standard","meta":{"_acf_changed":false,"inline_featured_image":false,"_relevanssi_hide_post":"","_relevanssi_hide_content":"","_relevanssi_pin_for_all":"","_relevanssi_pin_keywords":"","_relevanssi_unpin_keywords":"","_relevanssi_related_keywords":"","_relevanssi_related_include_ids":"","_relevanssi_related_exclude_ids":"","_relevanssi_related_no_append":"","_relevanssi_related_not_related":"","_relevanssi_related_posts":"11678,11684,11711,11656,11636,11581","_relevanssi_noindex_reason":"","footnotes":"","_links_to":"","_links_to_target":""},"categories":[7,8,9],"tags":[],"class_list":["post-11802","post","type-post","status-publish","format-standard","has-post-thumbnail","hentry","category-ausbildung","category-weiterbildung","category-forschung"],"acf":[],"yoast_head":"<!-- This site is optimized with the Yoast SEO plugin v27.5 - https:\/\/yoast.com\/product\/yoast-seo-wordpress\/ -->\n<title>Der Countdown l\u00e4uft: Umzug ins neue Zuhause &#8211; Soziale Arbeit an der Hochschule Luzern<\/title>\n<meta name=\"robots\" content=\"index, follow, max-snippet:-1, max-image-preview:large, max-video-preview:-1\" \/>\n<link rel=\"canonical\" href=\"https:\/\/hub.hslu.ch\/soziale-arbeit\/die-soziale-arbeit-zieht-um\/\" \/>\n<meta property=\"og:locale\" content=\"de_DE\" \/>\n<meta property=\"og:type\" content=\"article\" \/>\n<meta property=\"og:title\" content=\"Der Countdown l\u00e4uft: Umzug ins neue Zuhause &#8211; Soziale Arbeit an der Hochschule Luzern\" \/>\n<meta property=\"og:description\" content=\"Bald beginnt f\u00fcr das Departement Soziale Arbeit der Hochschule Luzern ein neues Kapitel: Der Umzug an den Campus Luzern Bahnhof steht bevor. Neue R\u00e4umlichkeiten, neue M\u00f6glichkeiten \u2013 und viel Vorfreude! Erfahre, was dich am neuen Standort erwartet.\" \/>\n<meta property=\"og:url\" content=\"https:\/\/hub.hslu.ch\/soziale-arbeit\/die-soziale-arbeit-zieht-um\/\" \/>\n<meta property=\"og:site_name\" content=\"Soziale Arbeit an der Hochschule Luzern\" \/>\n<meta property=\"article:published_time\" content=\"2025-11-10T07:00:00+00:00\" \/>\n<meta property=\"article:modified_time\" content=\"2026-02-11T13:54:11+00:00\" \/>\n<meta property=\"og:image\" content=\"https:\/\/hub.hslu.ch\/soziale-arbeit\/wp-content\/uploads\/sites\/23\/2025\/11\/Campus-Luzern-Bahnhof-von-aussen-mit-dem-Pilatus.jpg\" \/>\n\t<meta property=\"og:image:width\" content=\"1614\" \/>\n\t<meta property=\"og:image:height\" content=\"1007\" \/>\n\t<meta property=\"og:image:type\" content=\"image\/jpeg\" \/>\n<meta name=\"author\" content=\"Roger Ettlin\" \/>\n<meta name=\"twitter:card\" content=\"summary_large_image\" \/>\n<meta name=\"twitter:label1\" content=\"Geschrieben von\" \/>\n\t<meta name=\"twitter:data1\" content=\"Roger Ettlin\" \/>\n\t<meta name=\"twitter:label2\" content=\"Gesch\u00e4tzte Lesezeit\" \/>\n\t<meta name=\"twitter:data2\" content=\"1\u00a0Minute\" \/>\n<script type=\"application\/ld+json\" class=\"yoast-schema-graph\">{\"@context\":\"https:\\\/\\\/schema.org\",\"@graph\":[{\"@type\":\"Article\",\"@id\":\"https:\\\/\\\/hub.hslu.ch\\\/soziale-arbeit\\\/die-soziale-arbeit-zieht-um\\\/#article\",\"isPartOf\":{\"@id\":\"https:\\\/\\\/hub.hslu.ch\\\/soziale-arbeit\\\/die-soziale-arbeit-zieht-um\\\/\"},\"author\":{\"name\":\"Roger Ettlin\",\"@id\":\"https:\\\/\\\/hub.hslu.ch\\\/soziale-arbeit\\\/#\\\/schema\\\/person\\\/0d13e861725ae87916921d6d018489e4\"},\"headline\":\"Der Countdown l\u00e4uft: Umzug ins neue Zuhause\",\"datePublished\":\"2025-11-10T07:00:00+00:00\",\"dateModified\":\"2026-02-11T13:54:11+00:00\",\"mainEntityOfPage\":{\"@id\":\"https:\\\/\\\/hub.hslu.ch\\\/soziale-arbeit\\\/die-soziale-arbeit-zieht-um\\\/\"},\"wordCount\":609,\"commentCount\":0,\"image\":{\"@id\":\"https:\\\/\\\/hub.hslu.ch\\\/soziale-arbeit\\\/die-soziale-arbeit-zieht-um\\\/#primaryimage\"},\"thumbnailUrl\":\"https:\\\/\\\/hub.hslu.ch\\\/soziale-arbeit\\\/wp-content\\\/uploads\\\/sites\\\/23\\\/2025\\\/11\\\/Campus-Luzern-Bahnhof-von-aussen-mit-dem-Pilatus.jpg\",\"articleSection\":[\"Studium\",\"Weiterbildung\",\"Forschung\"],\"inLanguage\":\"de-CH\",\"potentialAction\":[{\"@type\":\"CommentAction\",\"name\":\"Comment\",\"target\":[\"https:\\\/\\\/hub.hslu.ch\\\/soziale-arbeit\\\/die-soziale-arbeit-zieht-um\\\/#respond\"]}]},{\"@type\":\"WebPage\",\"@id\":\"https:\\\/\\\/hub.hslu.ch\\\/soziale-arbeit\\\/die-soziale-arbeit-zieht-um\\\/\",\"url\":\"https:\\\/\\\/hub.hslu.ch\\\/soziale-arbeit\\\/die-soziale-arbeit-zieht-um\\\/\",\"name\":\"Der Countdown l\u00e4uft: Umzug ins neue Zuhause &#8211; Soziale Arbeit an der Hochschule Luzern\",\"isPartOf\":{\"@id\":\"https:\\\/\\\/hub.hslu.ch\\\/soziale-arbeit\\\/#website\"},\"primaryImageOfPage\":{\"@id\":\"https:\\\/\\\/hub.hslu.ch\\\/soziale-arbeit\\\/die-soziale-arbeit-zieht-um\\\/#primaryimage\"},\"image\":{\"@id\":\"https:\\\/\\\/hub.hslu.ch\\\/soziale-arbeit\\\/die-soziale-arbeit-zieht-um\\\/#primaryimage\"},\"thumbnailUrl\":\"https:\\\/\\\/hub.hslu.ch\\\/soziale-arbeit\\\/wp-content\\\/uploads\\\/sites\\\/23\\\/2025\\\/11\\\/Campus-Luzern-Bahnhof-von-aussen-mit-dem-Pilatus.jpg\",\"datePublished\":\"2025-11-10T07:00:00+00:00\",\"dateModified\":\"2026-02-11T13:54:11+00:00\",\"author\":{\"@id\":\"https:\\\/\\\/hub.hslu.ch\\\/soziale-arbeit\\\/#\\\/schema\\\/person\\\/0d13e861725ae87916921d6d018489e4\"},\"breadcrumb\":{\"@id\":\"https:\\\/\\\/hub.hslu.ch\\\/soziale-arbeit\\\/die-soziale-arbeit-zieht-um\\\/#breadcrumb\"},\"inLanguage\":\"de-CH\",\"potentialAction\":[{\"@type\":\"ReadAction\",\"target\":[\"https:\\\/\\\/hub.hslu.ch\\\/soziale-arbeit\\\/die-soziale-arbeit-zieht-um\\\/\"]}]},{\"@type\":\"ImageObject\",\"inLanguage\":\"de-CH\",\"@id\":\"https:\\\/\\\/hub.hslu.ch\\\/soziale-arbeit\\\/die-soziale-arbeit-zieht-um\\\/#primaryimage\",\"url\":\"https:\\\/\\\/hub.hslu.ch\\\/soziale-arbeit\\\/wp-content\\\/uploads\\\/sites\\\/23\\\/2025\\\/11\\\/Campus-Luzern-Bahnhof-von-aussen-mit-dem-Pilatus.jpg\",\"contentUrl\":\"https:\\\/\\\/hub.hslu.ch\\\/soziale-arbeit\\\/wp-content\\\/uploads\\\/sites\\\/23\\\/2025\\\/11\\\/Campus-Luzern-Bahnhof-von-aussen-mit-dem-Pilatus.jpg\",\"width\":1614,\"height\":1007,\"caption\":\"Campus Luzern Bahnhof von aussen mit dem Pilatus\"},{\"@type\":\"BreadcrumbList\",\"@id\":\"https:\\\/\\\/hub.hslu.ch\\\/soziale-arbeit\\\/die-soziale-arbeit-zieht-um\\\/#breadcrumb\",\"itemListElement\":[{\"@type\":\"ListItem\",\"position\":1,\"name\":\"Home\",\"item\":\"https:\\\/\\\/hub.hslu.ch\\\/soziale-arbeit\\\/\"},{\"@type\":\"ListItem\",\"position\":2,\"name\":\"Der Countdown l\u00e4uft: Umzug ins neue Zuhause\"}]},{\"@type\":\"WebSite\",\"@id\":\"https:\\\/\\\/hub.hslu.ch\\\/soziale-arbeit\\\/#website\",\"url\":\"https:\\\/\\\/hub.hslu.ch\\\/soziale-arbeit\\\/\",\"name\":\"Soziale Arbeit an der Hochschule Luzern\",\"description\":\"Der Blog der Hochschule Luzern \u2013 Soziale Arbeit\",\"potentialAction\":[{\"@type\":\"SearchAction\",\"target\":{\"@type\":\"EntryPoint\",\"urlTemplate\":\"https:\\\/\\\/hub.hslu.ch\\\/soziale-arbeit\\\/?s={search_term_string}\"},\"query-input\":{\"@type\":\"PropertyValueSpecification\",\"valueRequired\":true,\"valueName\":\"search_term_string\"}}],\"inLanguage\":\"de-CH\"},{\"@type\":\"Person\",\"@id\":\"https:\\\/\\\/hub.hslu.ch\\\/soziale-arbeit\\\/#\\\/schema\\\/person\\\/0d13e861725ae87916921d6d018489e4\",\"name\":\"Roger Ettlin\"}]}<\/script>\n<!-- \/ Yoast SEO plugin. -->","yoast_head_json":{"title":"Der Countdown l\u00e4uft: Umzug ins neue Zuhause &#8211; Soziale Arbeit an der Hochschule Luzern","robots":{"index":"index","follow":"follow","max-snippet":"max-snippet:-1","max-image-preview":"max-image-preview:large","max-video-preview":"max-video-preview:-1"},"canonical":"https:\/\/hub.hslu.ch\/soziale-arbeit\/die-soziale-arbeit-zieht-um\/","og_locale":"de_DE","og_type":"article","og_title":"Der Countdown l\u00e4uft: Umzug ins neue Zuhause &#8211; Soziale Arbeit an der Hochschule Luzern","og_description":"Bald beginnt f\u00fcr das Departement Soziale Arbeit der Hochschule Luzern ein neues Kapitel: Der Umzug an den Campus Luzern Bahnhof steht bevor. Neue R\u00e4umlichkeiten, neue M\u00f6glichkeiten \u2013 und viel Vorfreude! Erfahre, was dich am neuen Standort erwartet.","og_url":"https:\/\/hub.hslu.ch\/soziale-arbeit\/die-soziale-arbeit-zieht-um\/","og_site_name":"Soziale Arbeit an der Hochschule Luzern","article_published_time":"2025-11-10T07:00:00+00:00","article_modified_time":"2026-02-11T13:54:11+00:00","og_image":[{"width":1614,"height":1007,"url":"https:\/\/hub.hslu.ch\/soziale-arbeit\/wp-content\/uploads\/sites\/23\/2025\/11\/Campus-Luzern-Bahnhof-von-aussen-mit-dem-Pilatus.jpg","type":"image\/jpeg"}],"author":"Roger Ettlin","twitter_card":"summary_large_image","twitter_misc":{"Geschrieben von":"Roger Ettlin","Gesch\u00e4tzte Lesezeit":"1\u00a0Minute"},"schema":{"@context":"https:\/\/schema.org","@graph":[{"@type":"Article","@id":"https:\/\/hub.hslu.ch\/soziale-arbeit\/die-soziale-arbeit-zieht-um\/#article","isPartOf":{"@id":"https:\/\/hub.hslu.ch\/soziale-arbeit\/die-soziale-arbeit-zieht-um\/"},"author":{"name":"Roger Ettlin","@id":"https:\/\/hub.hslu.ch\/soziale-arbeit\/#\/schema\/person\/0d13e861725ae87916921d6d018489e4"},"headline":"Der Countdown l\u00e4uft: Umzug ins neue Zuhause","datePublished":"2025-11-10T07:00:00+00:00","dateModified":"2026-02-11T13:54:11+00:00","mainEntityOfPage":{"@id":"https:\/\/hub.hslu.ch\/soziale-arbeit\/die-soziale-arbeit-zieht-um\/"},"wordCount":609,"commentCount":0,"image":{"@id":"https:\/\/hub.hslu.ch\/soziale-arbeit\/die-soziale-arbeit-zieht-um\/#primaryimage"},"thumbnailUrl":"https:\/\/hub.hslu.ch\/soziale-arbeit\/wp-content\/uploads\/sites\/23\/2025\/11\/Campus-Luzern-Bahnhof-von-aussen-mit-dem-Pilatus.jpg","articleSection":["Studium","Weiterbildung","Forschung"],"inLanguage":"de-CH","potentialAction":[{"@type":"CommentAction","name":"Comment","target":["https:\/\/hub.hslu.ch\/soziale-arbeit\/die-soziale-arbeit-zieht-um\/#respond"]}]},{"@type":"WebPage","@id":"https:\/\/hub.hslu.ch\/soziale-arbeit\/die-soziale-arbeit-zieht-um\/","url":"https:\/\/hub.hslu.ch\/soziale-arbeit\/die-soziale-arbeit-zieht-um\/","name":"Der Countdown l\u00e4uft: Umzug ins neue Zuhause &#8211; Soziale Arbeit an der Hochschule Luzern","isPartOf":{"@id":"https:\/\/hub.hslu.ch\/soziale-arbeit\/#website"},"primaryImageOfPage":{"@id":"https:\/\/hub.hslu.ch\/soziale-arbeit\/die-soziale-arbeit-zieht-um\/#primaryimage"},"image":{"@id":"https:\/\/hub.hslu.ch\/soziale-arbeit\/die-soziale-arbeit-zieht-um\/#primaryimage"},"thumbnailUrl":"https:\/\/hub.hslu.ch\/soziale-arbeit\/wp-content\/uploads\/sites\/23\/2025\/11\/Campus-Luzern-Bahnhof-von-aussen-mit-dem-Pilatus.jpg","datePublished":"2025-11-10T07:00:00+00:00","dateModified":"2026-02-11T13:54:11+00:00","author":{"@id":"https:\/\/hub.hslu.ch\/soziale-arbeit\/#\/schema\/person\/0d13e861725ae87916921d6d018489e4"},"breadcrumb":{"@id":"https:\/\/hub.hslu.ch\/soziale-arbeit\/die-soziale-arbeit-zieht-um\/#breadcrumb"},"inLanguage":"de-CH","potentialAction":[{"@type":"ReadAction","target":["https:\/\/hub.hslu.ch\/soziale-arbeit\/die-soziale-arbeit-zieht-um\/"]}]},{"@type":"ImageObject","inLanguage":"de-CH","@id":"https:\/\/hub.hslu.ch\/soziale-arbeit\/die-soziale-arbeit-zieht-um\/#primaryimage","url":"https:\/\/hub.hslu.ch\/soziale-arbeit\/wp-content\/uploads\/sites\/23\/2025\/11\/Campus-Luzern-Bahnhof-von-aussen-mit-dem-Pilatus.jpg","contentUrl":"https:\/\/hub.hslu.ch\/soziale-arbeit\/wp-content\/uploads\/sites\/23\/2025\/11\/Campus-Luzern-Bahnhof-von-aussen-mit-dem-Pilatus.jpg","width":1614,"height":1007,"caption":"Campus Luzern Bahnhof von aussen mit dem Pilatus"},{"@type":"BreadcrumbList","@id":"https:\/\/hub.hslu.ch\/soziale-arbeit\/die-soziale-arbeit-zieht-um\/#breadcrumb","itemListElement":[{"@type":"ListItem","position":1,"name":"Home","item":"https:\/\/hub.hslu.ch\/soziale-arbeit\/"},{"@type":"ListItem","position":2,"name":"Der Countdown l\u00e4uft: Umzug ins neue Zuhause"}]},{"@type":"WebSite","@id":"https:\/\/hub.hslu.ch\/soziale-arbeit\/#website","url":"https:\/\/hub.hslu.ch\/soziale-arbeit\/","name":"Soziale Arbeit an der Hochschule Luzern","description":"Der Blog der Hochschule Luzern \u2013 Soziale Arbeit","potentialAction":[{"@type":"SearchAction","target":{"@type":"EntryPoint","urlTemplate":"https:\/\/hub.hslu.ch\/soziale-arbeit\/?s={search_term_string}"},"query-input":{"@type":"PropertyValueSpecification","valueRequired":true,"valueName":"search_term_string"}}],"inLanguage":"de-CH"},{"@type":"Person","@id":"https:\/\/hub.hslu.ch\/soziale-arbeit\/#\/schema\/person\/0d13e861725ae87916921d6d018489e4","name":"Roger Ettlin"}]}},"featured_image_src":"https:\/\/hub.hslu.ch\/soziale-arbeit\/wp-content\/uploads\/sites\/23\/2025\/11\/Campus-Luzern-Bahnhof-von-aussen-mit-dem-Pilatus.jpg","featured_image_src_square":"https:\/\/hub.hslu.ch\/soziale-arbeit\/wp-content\/uploads\/sites\/23\/2025\/11\/Campus-Luzern-Bahnhof-von-aussen-mit-dem-Pilatus.jpg","author_info":{"display_name":"Roger Ettlin","author_link":"https:\/\/hub.hslu.ch\/soziale-arbeit\/author\/rogerettlin\/"},"_links":{"self":[{"href":"https:\/\/hub.hslu.ch\/soziale-arbeit\/wp-json\/wp\/v2\/posts\/11802","targetHints":{"allow":["GET"]}}],"collection":[{"href":"https:\/\/hub.hslu.ch\/soziale-arbeit\/wp-json\/wp\/v2\/posts"}],"about":[{"href":"https:\/\/hub.hslu.ch\/soziale-arbeit\/wp-json\/wp\/v2\/types\/post"}],"author":[{"embeddable":true,"href":"https:\/\/hub.hslu.ch\/soziale-arbeit\/wp-json\/wp\/v2\/users\/152"}],"replies":[{"embeddable":true,"href":"https:\/\/hub.hslu.ch\/soziale-arbeit\/wp-json\/wp\/v2\/comments?post=11802"}],"version-history":[{"count":30,"href":"https:\/\/hub.hslu.ch\/soziale-arbeit\/wp-json\/wp\/v2\/posts\/11802\/revisions"}],"predecessor-version":[{"id":13106,"href":"https:\/\/hub.hslu.ch\/soziale-arbeit\/wp-json\/wp\/v2\/posts\/11802\/revisions\/13106"}],"wp:featuredmedia":[{"embeddable":true,"href":"https:\/\/hub.hslu.ch\/soziale-arbeit\/wp-json\/wp\/v2\/media\/11818"}],"wp:attachment":[{"href":"https:\/\/hub.hslu.ch\/soziale-arbeit\/wp-json\/wp\/v2\/media?parent=11802"}],"wp:term":[{"taxonomy":"category","embeddable":true,"href":"https:\/\/hub.hslu.ch\/soziale-arbeit\/wp-json\/wp\/v2\/categories?post=11802"},{"taxonomy":"post_tag","embeddable":true,"href":"https:\/\/hub.hslu.ch\/soziale-arbeit\/wp-json\/wp\/v2\/tags?post=11802"}],"curies":[{"name":"wp","href":"https:\/\/api.w.org\/{rel}","templated":true}]}}