{"id":1260,"date":"2016-09-13T08:30:37","date_gmt":"2016-09-13T06:30:37","guid":{"rendered":"https:\/\/hslu-soziale-arbeit.test\/?p=318"},"modified":"2026-02-11T14:53:57","modified_gmt":"2026-02-11T13:53:57","slug":"die-anderen-und-wir-auch-die-soziokulturelle-animation-braucht-eine-postkoloniale-reflexivitaet","status":"publish","type":"post","link":"https:\/\/hub.hslu.ch\/soziale-arbeit\/die-anderen-und-wir-auch-die-soziokulturelle-animation-braucht-eine-postkoloniale-reflexivitaet\/","title":{"rendered":"Die \u00abanderen\u00bb und \u00abwir\u00bb \u2013 auch die Soziokulturelle Animation braucht eine postkoloniale Reflexivit\u00e4t"},"content":{"rendered":"\n<p> Neben den interessanten Schilderungen der Lebens- und Arbeitsbedingungen fielen mir die vielen Vergleiche der Gegebenheiten in Peru mit dem schweizerischen System auf. Fremdes mit Bekanntem in Bezug zu setzen, ist wohl eine anthropologische Konstante. Der Bericht zeigt, dass auch wir Fachpersonen der Sozialen Arbeit nicht davor gefeit sind, (unbewusst) durch das Anprangern von schlechten Zust\u00e4nden beispielsweise in einem \u00abEntwicklungsland\u00bb wie Peru das eigene Bezugssystem, in diesem Fall die Schweiz, zu \u00fcberh\u00f6hen und unreflektiert die eigenen Werte als \u00abrichtig\u00bb und \u00abnormal\u00bb zu setzen. Jede Wertediskussion beginnt dann schon in einem Ungleichgewicht. Es gibt dann immer \u00abwir\u00bb und die \u00abanderen\u00bb, und \u00abwir\u00bb sind besser (oder funktionaler, oder moderner, oder effizienter). Diese abwertende Konstruktion des Anderen zur eigenen Erh\u00f6hung ist, was der postkolonialistische Diskurs thematisiert, angefangen mit <a href=\"https:\/\/monoskop.org\/File:Said_Edward_Orientalism_1979.pdf\" target=\"_blank\" rel=\"noreferrer noopener\">\u00abOrientalism\u00bb von Edward Said<\/a>.<\/p>\n\n\n\n<p>F\u00fcr eine inkludierende Haltung, wie sie die Soziokulturelle Animation vertritt, sind solche \u2013 oft automatisch und gedankenlos passierende \u2013 implizite Wertungen jedoch wahres Gift. Wo gemeinsame Kerngehalte von Werten gesucht werden sollten, werden oft genug erst mal oberfl\u00e4chliche Unterschiede aufgebauscht und mit Bedeutungen aufgeladen, welche dann bei entsprechender Tendenz zu sensationeller Aufmachung in den Medien schnell einmal jeden Diskurs fast unm\u00f6glich machen. Dabei geht es mir ganz und gar nicht darum, alles fraglos zu akzeptieren oder Ungerechtigkeiten mit \u00abanderen Werthaltungen\u00bb zu erkl\u00e4ren\u00a0 und sch\u00f6nzureden.<\/p>\n\n\n\n<div class=\"wp-block-image wp-image-321 size-medium\"><figure class=\"aligncenter size-full is-resized\"><img loading=\"lazy\" decoding=\"async\" src=\"https:\/\/hub.hslu.ch\/soziale-arbeit\/wp-content\/uploads\/sites\/23\/2016\/09\/herederos_filmplakat_trigon-film.org_.jpg\" alt=\"\" class=\"wp-image-2710\" width=\"386\" height=\"548\" srcset=\"https:\/\/hub.hslu.ch\/soziale-arbeit\/wp-content\/uploads\/sites\/23\/2016\/09\/herederos_filmplakat_trigon-film.org_.jpg 515w, https:\/\/hub.hslu.ch\/soziale-arbeit\/wp-content\/uploads\/sites\/23\/2016\/09\/herederos_filmplakat_trigon-film.org_-211x300.jpg 211w, https:\/\/hub.hslu.ch\/soziale-arbeit\/wp-content\/uploads\/sites\/23\/2016\/09\/herederos_filmplakat_trigon-film.org_-492x698.jpg 492w\" sizes=\"auto, (max-width: 386px) 100vw, 386px\" \/><figcaption>Filmplakat \u00abLos Herederos\u00bb, Quelle: https:\/\/www.trigon-film.org\/de\/movies\/Herederos<\/figcaption><\/figure><\/div>\n\n\n\n<p>Harte Sozialkritik ist auch ohne Konstruktion eines Anderen und seine Abwertung m\u00f6glich. Ein wundersch\u00f6nes Beispiel daf\u00fcr ist der <a href=\"https:\/\/www.trigon-film.org\/de\/movies\/Herederos\" target=\"_blank\" rel=\"noreferrer noopener\">Film \u00abLos Herederos\u00bb<\/a> (Die Erben) von Eugenio Pogolvsky. Er zeigt Kinder, welche ihren Eltern bei der Erntearbeit im Akkord helfen oder karges Brennholz in unwegsamem Gel\u00e4nde sammeln. Diese Kinder m\u00fcssen hart arbeiten statt zur Schule gehen \u2013 und so eben die Armut ihrer Eltern <em>erben<\/em>. Doch welche W\u00fcrde, welcher Ernst, welche Sch\u00f6nheit gehen von diesen Kindern aus, wenn sie umsichtig ein kleines Geschwisterchen versorgen oder kundig ihren mageren Esel zum Weitergehen animieren! Der Film dokumentiert und kritisiert gesellschaftliche Zust\u00e4nde. Doch statt in Gut und B\u00f6se zu spalten, verbindet er und regt zum Nachdenken an. Denn jede und jeder f\u00fchlt sich mit diesen Kindern verbunden und merkt, dass ihre Ausbeutung etwas mit unseren Gem\u00fcsepreisen und unserem Wohlstand zu tun hat. Damit vertritt der Film eine inkludierende Haltung: Alles, was Menschen auf dieser Welt geschieht, geht die anderen Menschen etwas an. Die Frage an die Soziokulturelle Animation w\u00e4re demnach: Wo liegen meine und unsere Handlungsm\u00f6glichkeiten? Auf welcher Ebene kann ich intervenieren? Eher beim Grossverteiler in der Schweiz oder beim Exporteur in Mexico oder Peru?<\/p>\n\n\n\n<hr class=\"wp-block-separator\"\/>\n\n\n\n<p>von: Simone Gretler Heusser<\/p>\n","protected":false},"excerpt":{"rendered":"<p>K\u00fcrzlich las ich \u00abKinderleben in Peru\u00bb in SozialAktuell \u2013 der Zeitschrift f\u00fcr Soziale Arbeit in der Schweiz. Der Sozialp\u00e4dagoge Daniel Rohrer berichtet darin ausf\u00fchrlich von seinen Erlebnissen w\u00e4hrend seines Arbeitsaufenthaltes in Peru. <\/p>\n","protected":false},"author":111,"featured_media":2708,"comment_status":"open","ping_status":"closed","sticky":false,"template":"","format":"standard","meta":{"_acf_changed":false,"inline_featured_image":false,"_relevanssi_hide_post":"","_relevanssi_hide_content":"","_relevanssi_pin_for_all":"","_relevanssi_pin_keywords":"","_relevanssi_unpin_keywords":"","_relevanssi_related_keywords":"","_relevanssi_related_include_ids":"","_relevanssi_related_exclude_ids":"","_relevanssi_related_no_append":"","_relevanssi_related_not_related":"","_relevanssi_related_posts":"","_relevanssi_noindex_reason":"","footnotes":"","_links_to":"","_links_to_target":""},"categories":[20],"tags":[74,101,77],"class_list":["post-1260","post","type-post","status-publish","format-standard","has-post-thumbnail","hentry","category-soziokultur","tag-gesellschaftlicher-wandel","tag-postkolonialismus","tag-soziokulturelle-entwicklung"],"acf":[],"yoast_head":"<!-- This site is optimized with the Yoast SEO plugin v27.5 - https:\/\/yoast.com\/product\/yoast-seo-wordpress\/ -->\n<title>Die \u00abanderen\u00bb und \u00abwir\u00bb \u2013 auch die Soziokulturelle Animation braucht eine postkoloniale Reflexivit\u00e4t &#8211; Soziale Arbeit an der Hochschule Luzern<\/title>\n<meta name=\"robots\" content=\"index, follow, max-snippet:-1, max-image-preview:large, max-video-preview:-1\" \/>\n<link rel=\"canonical\" href=\"https:\/\/hub.hslu.ch\/soziale-arbeit\/die-anderen-und-wir-auch-die-soziokulturelle-animation-braucht-eine-postkoloniale-reflexivitaet\/\" \/>\n<meta property=\"og:locale\" content=\"de_DE\" \/>\n<meta property=\"og:type\" content=\"article\" \/>\n<meta property=\"og:title\" content=\"Die \u00abanderen\u00bb und \u00abwir\u00bb \u2013 auch die Soziokulturelle Animation braucht eine postkoloniale Reflexivit\u00e4t &#8211; Soziale Arbeit an der Hochschule Luzern\" \/>\n<meta property=\"og:description\" content=\"K\u00fcrzlich las ich \u00abKinderleben in Peru\u00bb in SozialAktuell \u2013 der Zeitschrift f\u00fcr Soziale Arbeit in der Schweiz. Der Sozialp\u00e4dagoge Daniel Rohrer berichtet darin ausf\u00fchrlich von seinen Erlebnissen w\u00e4hrend seines Arbeitsaufenthaltes in Peru.\" \/>\n<meta property=\"og:url\" content=\"https:\/\/hub.hslu.ch\/soziale-arbeit\/die-anderen-und-wir-auch-die-soziokulturelle-animation-braucht-eine-postkoloniale-reflexivitaet\/\" \/>\n<meta property=\"og:site_name\" content=\"Soziale Arbeit an der Hochschule Luzern\" \/>\n<meta property=\"article:published_time\" content=\"2016-09-13T06:30:37+00:00\" \/>\n<meta property=\"article:modified_time\" content=\"2026-02-11T13:53:57+00:00\" \/>\n<meta property=\"og:image\" content=\"https:\/\/hub.hslu.ch\/soziale-arbeit\/wp-content\/uploads\/sites\/23\/2016\/09\/herederos_trigon-film.org_.jpg\" \/>\n\t<meta property=\"og:image:width\" content=\"2048\" \/>\n\t<meta property=\"og:image:height\" content=\"1131\" \/>\n\t<meta property=\"og:image:type\" content=\"image\/jpeg\" \/>\n<meta name=\"author\" content=\"webkinder\" \/>\n<meta name=\"twitter:card\" content=\"summary_large_image\" \/>\n<meta name=\"twitter:label1\" content=\"Geschrieben von\" \/>\n\t<meta name=\"twitter:data1\" content=\"webkinder\" \/>\n\t<meta name=\"twitter:label2\" content=\"Gesch\u00e4tzte Lesezeit\" \/>\n\t<meta name=\"twitter:data2\" content=\"3\u00a0Minuten\" \/>\n<script type=\"application\/ld+json\" class=\"yoast-schema-graph\">{\"@context\":\"https:\\\/\\\/schema.org\",\"@graph\":[{\"@type\":\"Article\",\"@id\":\"https:\\\/\\\/hub.hslu.ch\\\/soziale-arbeit\\\/die-anderen-und-wir-auch-die-soziokulturelle-animation-braucht-eine-postkoloniale-reflexivitaet\\\/#article\",\"isPartOf\":{\"@id\":\"https:\\\/\\\/hub.hslu.ch\\\/soziale-arbeit\\\/die-anderen-und-wir-auch-die-soziokulturelle-animation-braucht-eine-postkoloniale-reflexivitaet\\\/\"},\"author\":{\"name\":\"webkinder\",\"@id\":\"https:\\\/\\\/hub.hslu.ch\\\/soziale-arbeit\\\/#\\\/schema\\\/person\\\/2fbc41f8eff3a89d0755cce0ed9a2542\"},\"headline\":\"Die \u00abanderen\u00bb und \u00abwir\u00bb \u2013 auch die Soziokulturelle Animation braucht eine postkoloniale Reflexivit\u00e4t\",\"datePublished\":\"2016-09-13T06:30:37+00:00\",\"dateModified\":\"2026-02-11T13:53:57+00:00\",\"mainEntityOfPage\":{\"@id\":\"https:\\\/\\\/hub.hslu.ch\\\/soziale-arbeit\\\/die-anderen-und-wir-auch-die-soziokulturelle-animation-braucht-eine-postkoloniale-reflexivitaet\\\/\"},\"wordCount\":448,\"commentCount\":3,\"image\":{\"@id\":\"https:\\\/\\\/hub.hslu.ch\\\/soziale-arbeit\\\/die-anderen-und-wir-auch-die-soziokulturelle-animation-braucht-eine-postkoloniale-reflexivitaet\\\/#primaryimage\"},\"thumbnailUrl\":\"https:\\\/\\\/hub.hslu.ch\\\/soziale-arbeit\\\/wp-content\\\/uploads\\\/sites\\\/23\\\/2016\\\/09\\\/herederos_trigon-film.org_.jpg\",\"keywords\":[\"gesellschaftlicher Wandel\",\"Postkolonialismus\",\"soziokulturelle Entwicklung\"],\"articleSection\":[\"Soziokultur\"],\"inLanguage\":\"de-CH\",\"potentialAction\":[{\"@type\":\"CommentAction\",\"name\":\"Comment\",\"target\":[\"https:\\\/\\\/hub.hslu.ch\\\/soziale-arbeit\\\/die-anderen-und-wir-auch-die-soziokulturelle-animation-braucht-eine-postkoloniale-reflexivitaet\\\/#respond\"]}]},{\"@type\":\"WebPage\",\"@id\":\"https:\\\/\\\/hub.hslu.ch\\\/soziale-arbeit\\\/die-anderen-und-wir-auch-die-soziokulturelle-animation-braucht-eine-postkoloniale-reflexivitaet\\\/\",\"url\":\"https:\\\/\\\/hub.hslu.ch\\\/soziale-arbeit\\\/die-anderen-und-wir-auch-die-soziokulturelle-animation-braucht-eine-postkoloniale-reflexivitaet\\\/\",\"name\":\"Die \u00abanderen\u00bb und \u00abwir\u00bb \u2013 auch die Soziokulturelle Animation braucht eine postkoloniale Reflexivit\u00e4t &#8211; Soziale Arbeit an der Hochschule Luzern\",\"isPartOf\":{\"@id\":\"https:\\\/\\\/hub.hslu.ch\\\/soziale-arbeit\\\/#website\"},\"primaryImageOfPage\":{\"@id\":\"https:\\\/\\\/hub.hslu.ch\\\/soziale-arbeit\\\/die-anderen-und-wir-auch-die-soziokulturelle-animation-braucht-eine-postkoloniale-reflexivitaet\\\/#primaryimage\"},\"image\":{\"@id\":\"https:\\\/\\\/hub.hslu.ch\\\/soziale-arbeit\\\/die-anderen-und-wir-auch-die-soziokulturelle-animation-braucht-eine-postkoloniale-reflexivitaet\\\/#primaryimage\"},\"thumbnailUrl\":\"https:\\\/\\\/hub.hslu.ch\\\/soziale-arbeit\\\/wp-content\\\/uploads\\\/sites\\\/23\\\/2016\\\/09\\\/herederos_trigon-film.org_.jpg\",\"datePublished\":\"2016-09-13T06:30:37+00:00\",\"dateModified\":\"2026-02-11T13:53:57+00:00\",\"author\":{\"@id\":\"https:\\\/\\\/hub.hslu.ch\\\/soziale-arbeit\\\/#\\\/schema\\\/person\\\/2fbc41f8eff3a89d0755cce0ed9a2542\"},\"breadcrumb\":{\"@id\":\"https:\\\/\\\/hub.hslu.ch\\\/soziale-arbeit\\\/die-anderen-und-wir-auch-die-soziokulturelle-animation-braucht-eine-postkoloniale-reflexivitaet\\\/#breadcrumb\"},\"inLanguage\":\"de-CH\",\"potentialAction\":[{\"@type\":\"ReadAction\",\"target\":[\"https:\\\/\\\/hub.hslu.ch\\\/soziale-arbeit\\\/die-anderen-und-wir-auch-die-soziokulturelle-animation-braucht-eine-postkoloniale-reflexivitaet\\\/\"]}]},{\"@type\":\"ImageObject\",\"inLanguage\":\"de-CH\",\"@id\":\"https:\\\/\\\/hub.hslu.ch\\\/soziale-arbeit\\\/die-anderen-und-wir-auch-die-soziokulturelle-animation-braucht-eine-postkoloniale-reflexivitaet\\\/#primaryimage\",\"url\":\"https:\\\/\\\/hub.hslu.ch\\\/soziale-arbeit\\\/wp-content\\\/uploads\\\/sites\\\/23\\\/2016\\\/09\\\/herederos_trigon-film.org_.jpg\",\"contentUrl\":\"https:\\\/\\\/hub.hslu.ch\\\/soziale-arbeit\\\/wp-content\\\/uploads\\\/sites\\\/23\\\/2016\\\/09\\\/herederos_trigon-film.org_.jpg\",\"width\":2048,\"height\":1131},{\"@type\":\"BreadcrumbList\",\"@id\":\"https:\\\/\\\/hub.hslu.ch\\\/soziale-arbeit\\\/die-anderen-und-wir-auch-die-soziokulturelle-animation-braucht-eine-postkoloniale-reflexivitaet\\\/#breadcrumb\",\"itemListElement\":[{\"@type\":\"ListItem\",\"position\":1,\"name\":\"Home\",\"item\":\"https:\\\/\\\/hub.hslu.ch\\\/soziale-arbeit\\\/\"},{\"@type\":\"ListItem\",\"position\":2,\"name\":\"Die \u00abanderen\u00bb und \u00abwir\u00bb \u2013 auch die Soziokulturelle Animation braucht eine postkoloniale Reflexivit\u00e4t\"}]},{\"@type\":\"WebSite\",\"@id\":\"https:\\\/\\\/hub.hslu.ch\\\/soziale-arbeit\\\/#website\",\"url\":\"https:\\\/\\\/hub.hslu.ch\\\/soziale-arbeit\\\/\",\"name\":\"Soziale Arbeit an der Hochschule Luzern\",\"description\":\"Der Blog der Hochschule Luzern \u2013 Soziale Arbeit\",\"potentialAction\":[{\"@type\":\"SearchAction\",\"target\":{\"@type\":\"EntryPoint\",\"urlTemplate\":\"https:\\\/\\\/hub.hslu.ch\\\/soziale-arbeit\\\/?s={search_term_string}\"},\"query-input\":{\"@type\":\"PropertyValueSpecification\",\"valueRequired\":true,\"valueName\":\"search_term_string\"}}],\"inLanguage\":\"de-CH\"},{\"@type\":\"Person\",\"@id\":\"https:\\\/\\\/hub.hslu.ch\\\/soziale-arbeit\\\/#\\\/schema\\\/person\\\/2fbc41f8eff3a89d0755cce0ed9a2542\",\"name\":\"webkinder\"}]}<\/script>\n<!-- \/ Yoast SEO plugin. -->","yoast_head_json":{"title":"Die \u00abanderen\u00bb und \u00abwir\u00bb \u2013 auch die Soziokulturelle Animation braucht eine postkoloniale Reflexivit\u00e4t &#8211; Soziale Arbeit an der Hochschule Luzern","robots":{"index":"index","follow":"follow","max-snippet":"max-snippet:-1","max-image-preview":"max-image-preview:large","max-video-preview":"max-video-preview:-1"},"canonical":"https:\/\/hub.hslu.ch\/soziale-arbeit\/die-anderen-und-wir-auch-die-soziokulturelle-animation-braucht-eine-postkoloniale-reflexivitaet\/","og_locale":"de_DE","og_type":"article","og_title":"Die \u00abanderen\u00bb und \u00abwir\u00bb \u2013 auch die Soziokulturelle Animation braucht eine postkoloniale Reflexivit\u00e4t &#8211; Soziale Arbeit an der Hochschule Luzern","og_description":"K\u00fcrzlich las ich \u00abKinderleben in Peru\u00bb in SozialAktuell \u2013 der Zeitschrift f\u00fcr Soziale Arbeit in der Schweiz. Der Sozialp\u00e4dagoge Daniel Rohrer berichtet darin ausf\u00fchrlich von seinen Erlebnissen w\u00e4hrend seines Arbeitsaufenthaltes in Peru.","og_url":"https:\/\/hub.hslu.ch\/soziale-arbeit\/die-anderen-und-wir-auch-die-soziokulturelle-animation-braucht-eine-postkoloniale-reflexivitaet\/","og_site_name":"Soziale Arbeit an der Hochschule Luzern","article_published_time":"2016-09-13T06:30:37+00:00","article_modified_time":"2026-02-11T13:53:57+00:00","og_image":[{"width":2048,"height":1131,"url":"https:\/\/hub.hslu.ch\/soziale-arbeit\/wp-content\/uploads\/sites\/23\/2016\/09\/herederos_trigon-film.org_.jpg","type":"image\/jpeg"}],"author":"webkinder","twitter_card":"summary_large_image","twitter_misc":{"Geschrieben von":"webkinder","Gesch\u00e4tzte Lesezeit":"3\u00a0Minuten"},"schema":{"@context":"https:\/\/schema.org","@graph":[{"@type":"Article","@id":"https:\/\/hub.hslu.ch\/soziale-arbeit\/die-anderen-und-wir-auch-die-soziokulturelle-animation-braucht-eine-postkoloniale-reflexivitaet\/#article","isPartOf":{"@id":"https:\/\/hub.hslu.ch\/soziale-arbeit\/die-anderen-und-wir-auch-die-soziokulturelle-animation-braucht-eine-postkoloniale-reflexivitaet\/"},"author":{"name":"webkinder","@id":"https:\/\/hub.hslu.ch\/soziale-arbeit\/#\/schema\/person\/2fbc41f8eff3a89d0755cce0ed9a2542"},"headline":"Die \u00abanderen\u00bb und \u00abwir\u00bb \u2013 auch die Soziokulturelle Animation braucht eine postkoloniale Reflexivit\u00e4t","datePublished":"2016-09-13T06:30:37+00:00","dateModified":"2026-02-11T13:53:57+00:00","mainEntityOfPage":{"@id":"https:\/\/hub.hslu.ch\/soziale-arbeit\/die-anderen-und-wir-auch-die-soziokulturelle-animation-braucht-eine-postkoloniale-reflexivitaet\/"},"wordCount":448,"commentCount":3,"image":{"@id":"https:\/\/hub.hslu.ch\/soziale-arbeit\/die-anderen-und-wir-auch-die-soziokulturelle-animation-braucht-eine-postkoloniale-reflexivitaet\/#primaryimage"},"thumbnailUrl":"https:\/\/hub.hslu.ch\/soziale-arbeit\/wp-content\/uploads\/sites\/23\/2016\/09\/herederos_trigon-film.org_.jpg","keywords":["gesellschaftlicher Wandel","Postkolonialismus","soziokulturelle Entwicklung"],"articleSection":["Soziokultur"],"inLanguage":"de-CH","potentialAction":[{"@type":"CommentAction","name":"Comment","target":["https:\/\/hub.hslu.ch\/soziale-arbeit\/die-anderen-und-wir-auch-die-soziokulturelle-animation-braucht-eine-postkoloniale-reflexivitaet\/#respond"]}]},{"@type":"WebPage","@id":"https:\/\/hub.hslu.ch\/soziale-arbeit\/die-anderen-und-wir-auch-die-soziokulturelle-animation-braucht-eine-postkoloniale-reflexivitaet\/","url":"https:\/\/hub.hslu.ch\/soziale-arbeit\/die-anderen-und-wir-auch-die-soziokulturelle-animation-braucht-eine-postkoloniale-reflexivitaet\/","name":"Die \u00abanderen\u00bb und \u00abwir\u00bb \u2013 auch die Soziokulturelle Animation braucht eine postkoloniale Reflexivit\u00e4t &#8211; Soziale Arbeit an der Hochschule Luzern","isPartOf":{"@id":"https:\/\/hub.hslu.ch\/soziale-arbeit\/#website"},"primaryImageOfPage":{"@id":"https:\/\/hub.hslu.ch\/soziale-arbeit\/die-anderen-und-wir-auch-die-soziokulturelle-animation-braucht-eine-postkoloniale-reflexivitaet\/#primaryimage"},"image":{"@id":"https:\/\/hub.hslu.ch\/soziale-arbeit\/die-anderen-und-wir-auch-die-soziokulturelle-animation-braucht-eine-postkoloniale-reflexivitaet\/#primaryimage"},"thumbnailUrl":"https:\/\/hub.hslu.ch\/soziale-arbeit\/wp-content\/uploads\/sites\/23\/2016\/09\/herederos_trigon-film.org_.jpg","datePublished":"2016-09-13T06:30:37+00:00","dateModified":"2026-02-11T13:53:57+00:00","author":{"@id":"https:\/\/hub.hslu.ch\/soziale-arbeit\/#\/schema\/person\/2fbc41f8eff3a89d0755cce0ed9a2542"},"breadcrumb":{"@id":"https:\/\/hub.hslu.ch\/soziale-arbeit\/die-anderen-und-wir-auch-die-soziokulturelle-animation-braucht-eine-postkoloniale-reflexivitaet\/#breadcrumb"},"inLanguage":"de-CH","potentialAction":[{"@type":"ReadAction","target":["https:\/\/hub.hslu.ch\/soziale-arbeit\/die-anderen-und-wir-auch-die-soziokulturelle-animation-braucht-eine-postkoloniale-reflexivitaet\/"]}]},{"@type":"ImageObject","inLanguage":"de-CH","@id":"https:\/\/hub.hslu.ch\/soziale-arbeit\/die-anderen-und-wir-auch-die-soziokulturelle-animation-braucht-eine-postkoloniale-reflexivitaet\/#primaryimage","url":"https:\/\/hub.hslu.ch\/soziale-arbeit\/wp-content\/uploads\/sites\/23\/2016\/09\/herederos_trigon-film.org_.jpg","contentUrl":"https:\/\/hub.hslu.ch\/soziale-arbeit\/wp-content\/uploads\/sites\/23\/2016\/09\/herederos_trigon-film.org_.jpg","width":2048,"height":1131},{"@type":"BreadcrumbList","@id":"https:\/\/hub.hslu.ch\/soziale-arbeit\/die-anderen-und-wir-auch-die-soziokulturelle-animation-braucht-eine-postkoloniale-reflexivitaet\/#breadcrumb","itemListElement":[{"@type":"ListItem","position":1,"name":"Home","item":"https:\/\/hub.hslu.ch\/soziale-arbeit\/"},{"@type":"ListItem","position":2,"name":"Die \u00abanderen\u00bb und \u00abwir\u00bb \u2013 auch die Soziokulturelle Animation braucht eine postkoloniale Reflexivit\u00e4t"}]},{"@type":"WebSite","@id":"https:\/\/hub.hslu.ch\/soziale-arbeit\/#website","url":"https:\/\/hub.hslu.ch\/soziale-arbeit\/","name":"Soziale Arbeit an der Hochschule Luzern","description":"Der Blog der Hochschule Luzern \u2013 Soziale Arbeit","potentialAction":[{"@type":"SearchAction","target":{"@type":"EntryPoint","urlTemplate":"https:\/\/hub.hslu.ch\/soziale-arbeit\/?s={search_term_string}"},"query-input":{"@type":"PropertyValueSpecification","valueRequired":true,"valueName":"search_term_string"}}],"inLanguage":"de-CH"},{"@type":"Person","@id":"https:\/\/hub.hslu.ch\/soziale-arbeit\/#\/schema\/person\/2fbc41f8eff3a89d0755cce0ed9a2542","name":"webkinder"}]}},"featured_image_src":"https:\/\/hub.hslu.ch\/soziale-arbeit\/wp-content\/uploads\/sites\/23\/2016\/09\/herederos_trigon-film.org_.jpg","featured_image_src_square":"https:\/\/hub.hslu.ch\/soziale-arbeit\/wp-content\/uploads\/sites\/23\/2016\/09\/herederos_trigon-film.org_.jpg","author_info":{"display_name":"webkinder","author_link":"https:\/\/hub.hslu.ch\/soziale-arbeit\/author\/webkinder\/"},"_links":{"self":[{"href":"https:\/\/hub.hslu.ch\/soziale-arbeit\/wp-json\/wp\/v2\/posts\/1260","targetHints":{"allow":["GET"]}}],"collection":[{"href":"https:\/\/hub.hslu.ch\/soziale-arbeit\/wp-json\/wp\/v2\/posts"}],"about":[{"href":"https:\/\/hub.hslu.ch\/soziale-arbeit\/wp-json\/wp\/v2\/types\/post"}],"author":[{"embeddable":true,"href":"https:\/\/hub.hslu.ch\/soziale-arbeit\/wp-json\/wp\/v2\/users\/111"}],"replies":[{"embeddable":true,"href":"https:\/\/hub.hslu.ch\/soziale-arbeit\/wp-json\/wp\/v2\/comments?post=1260"}],"version-history":[{"count":12,"href":"https:\/\/hub.hslu.ch\/soziale-arbeit\/wp-json\/wp\/v2\/posts\/1260\/revisions"}],"predecessor-version":[{"id":12796,"href":"https:\/\/hub.hslu.ch\/soziale-arbeit\/wp-json\/wp\/v2\/posts\/1260\/revisions\/12796"}],"wp:featuredmedia":[{"embeddable":true,"href":"https:\/\/hub.hslu.ch\/soziale-arbeit\/wp-json\/wp\/v2\/media\/2708"}],"wp:attachment":[{"href":"https:\/\/hub.hslu.ch\/soziale-arbeit\/wp-json\/wp\/v2\/media?parent=1260"}],"wp:term":[{"taxonomy":"category","embeddable":true,"href":"https:\/\/hub.hslu.ch\/soziale-arbeit\/wp-json\/wp\/v2\/categories?post=1260"},{"taxonomy":"post_tag","embeddable":true,"href":"https:\/\/hub.hslu.ch\/soziale-arbeit\/wp-json\/wp\/v2\/tags?post=1260"}],"curies":[{"name":"wp","href":"https:\/\/api.w.org\/{rel}","templated":true}]}}