{"id":1290,"date":"2020-05-01T12:21:38","date_gmt":"2020-05-01T10:21:38","guid":{"rendered":"https:\/\/hslu-soziale-arbeit.test\/?p=1290"},"modified":"2026-02-11T14:53:57","modified_gmt":"2026-02-11T13:53:57","slug":"das-neue-wir-alle","status":"publish","type":"post","link":"https:\/\/hub.hslu.ch\/soziale-arbeit\/das-neue-wir-alle\/","title":{"rendered":"Das neue Wir: Alle"},"content":{"rendered":"\n<h2 class=\"wp-block-heading\"><strong> Und ich denke, gerade die umfassenden Lockdown-Massnahmen des schweizerischen Bundesrates bieten das Denken \u00fcber ein \u00abneues Wir\u00bb an.<\/p>\n\n\n\n<p>Am 4. M\u00e4rz 2020, also gerade mal zw\u00f6lf Tage vor dem Lockdown, aber aus heutiger Perspektive in einem anderen Zeitalter, verglich der Philosoph Slavoj Zizek, in einem <a href=\"https:\/\/www.nzz.ch\/feuilleton\/slavoj-zizek-wie-uns-das-corona-virus-veraendert-ld.1542809\" target=\"_blank\" rel=\"noreferrer noopener\">Gastkommentar in der nzz.ch<\/a> den gesellschaftlichen Umgang mit dem neuen Corona-Virus mit den Trauerphasen, wie sie Elisabeth K\u00fcbler-Ross f\u00fcr den individuellen Umgang mit der Diagnose einer t\u00f6dlichen Krankheit entwickelt hat: zuerst <em>verleugnet<\/em> man schlicht, dass da etwas ist. Ein neuer Virus? Betrifft vielleicht andere, aber nicht mich. Dann kommt die <em>Wut<\/em>, oft mit rassistischen Untert\u00f6nen \u2013 die Chinesen essen grausiges Zeug \u2013 oder gegen \u00abdie da oben\u00bb gerichtet, die sich nicht f\u00fcr mich und meine Probleme interessieren. Aber auch die Wut bringt niemanden wirklich weiter. Es folgt das <em>Verhandeln<\/em>: ok, ich wasche mir nun immer die H\u00e4nde, h\u00f6re auf ins Gesicht zu fassen \u2013 lustige Videos kursieren in den sozialen Medien von warnenden Gesundheitsfachleuten, die zum Manuskriptbl\u00e4ttern den Finger ablecken und Social Distancing empfehlenden Politiker und Politikerinnen, die sich dann die Hand geben \u2013 kaufe Toilettenpapier f\u00fcr vierzig Jahre und alle Dosenravioli im Regal. Aber auch das Verhandeln macht das Virus nicht weg. Nun kommt die Phase der <em>Depression<\/em> und Resignation: Wir werden alle sterben, also kann ich mich auch gleich beerdigen, nichts hat mehr einen Sinn.<\/p>\n\n\n\n<p>Und dann, endlich: das Stadium der <em>Akzeptanz<\/em>. Akzeptieren bedeutet sich mit der Situation zu arrangieren anstatt an ihr zu verzweifeln. F\u00fcr jemanden kann das sein, endlich die alten Fotos zu ordnen und sich \u00fcber die stillen Abende zuhause zu freuen. Jemand anders ist froh, f\u00fcr einige Zeit dem Pendelwahnsinn entronnen zu sein. Und eine dritte Person geniesst die gewonnene Familienzeit und den freien Himmel, der zudem besonders klar erscheint.<\/p>\n\n\n\n<p>Und wie sieht Akzeptanz auf gesellschaftliche Ebene aus? Slavoj Zizek sagt, es gebe zwei M\u00f6glichkeiten, mit der Krankheit umzugehen: entweder jede und jeder schaut f\u00fcr sich resp. das eigene \u00dcberleben, oder es entsteht eine neue Solidarit\u00e4t. Nur die Historiker und Historikerinnen der Zukunft k\u00f6nnten die Frage beantworten, welche Seite gewonnen habe.<\/p>\n\n\n\n<p>Die Zeit des Lockdowns in der Schweiz war eine, in der das Bewusstsein f\u00fcr andere auf einmal selbstverst\u00e4ndliche Bedeutung gewonnen hat. Ob pers\u00f6nlich stark gef\u00e4hrdet oder nicht, alle Menschen in der Schweiz waren aufgerufen, zuhause zu bleiben. Alle. Bitte. Das erste zentrale Wort im bundesr\u00e4tlichen Verdikt ist das \u00aballe\u00bb. Das zweite wichtige Wort ist das \u00abbitte\u00bb, denn es weist darauf hin, dass das \u00aballe\u00bb nur in Eigenverantwortung zustande kommen kann. Kein Zwang, kein Befehl, keine Macht kann so stark sein wie die eigene Verantwortung \u2013 f\u00fcr alle.<\/p>\n\n\n\n<p>Es w\u00e4re sch\u00f6n, wenn dieses Gef\u00fchl auch \u00fcber den Lockdown hinaus in Kraft bleiben k\u00f6nnte. Das Gef\u00fchl des Verbundenseins als Menschen. Das \u00abneue Wir\u00bb, zu dem eben alle geh\u00f6ren, nicht aufgespalten in alt und jung, gesund und krank, arbeitend und Rente beziehend.<\/p>\n\n\n\n<hr class=\"wp-block-separator\"\/>\n\n\n\n<p>von: Simone Gretler Heusser<\/p>\n","protected":false},"excerpt":{"rendered":"<p>Soziokulturelle Animation in Coronazeiten 1<br \/>\nDie Corona-Pandemie stellt gerade unser gewohntes Leben auf den Kopf. Bei allen Unannehmlichkeiten k\u00f6nnen wir in Bezug auf gesellschaftlichen Zusammenhalt etwas lernen aus der aktuellen Situation.<\/p>\n","protected":false},"author":111,"featured_media":2409,"comment_status":"open","ping_status":"closed","sticky":false,"template":"","format":"standard","meta":{"_acf_changed":false,"inline_featured_image":false,"_relevanssi_hide_post":"","_relevanssi_hide_content":"","_relevanssi_pin_for_all":"","_relevanssi_pin_keywords":"","_relevanssi_unpin_keywords":"","_relevanssi_related_keywords":"","_relevanssi_related_include_ids":"","_relevanssi_related_exclude_ids":"","_relevanssi_related_no_append":"","_relevanssi_related_not_related":"","_relevanssi_related_posts":"","_relevanssi_noindex_reason":"","footnotes":"","_links_to":"","_links_to_target":""},"categories":[20],"tags":[74,218,77,52],"class_list":["post-1290","post","type-post","status-publish","format-standard","has-post-thumbnail","hentry","category-soziokultur","tag-gesellschaftlicher-wandel","tag-solidaritaet","tag-soziokulturelle-entwicklung","tag-soziokulturelles-zusammenleben"],"acf":[],"yoast_head":"<!-- This site is optimized with the Yoast SEO plugin v27.5 - https:\/\/yoast.com\/product\/yoast-seo-wordpress\/ -->\n<title>Das neue Wir: Alle &#8211; Soziale Arbeit an der Hochschule Luzern<\/title>\n<meta name=\"robots\" content=\"index, follow, max-snippet:-1, max-image-preview:large, max-video-preview:-1\" \/>\n<link rel=\"canonical\" href=\"https:\/\/hub.hslu.ch\/soziale-arbeit\/das-neue-wir-alle\/\" \/>\n<meta property=\"og:locale\" content=\"de_DE\" \/>\n<meta property=\"og:type\" content=\"article\" \/>\n<meta property=\"og:title\" content=\"Das neue Wir: Alle &#8211; Soziale Arbeit an der Hochschule Luzern\" \/>\n<meta property=\"og:description\" content=\"Soziokulturelle Animation in Coronazeiten 1 Die Corona-Pandemie stellt gerade unser gewohntes Leben auf den Kopf. Bei allen Unannehmlichkeiten k\u00f6nnen wir in Bezug auf gesellschaftlichen Zusammenhalt etwas lernen aus der aktuellen Situation.\" \/>\n<meta property=\"og:url\" content=\"https:\/\/hub.hslu.ch\/soziale-arbeit\/das-neue-wir-alle\/\" \/>\n<meta property=\"og:site_name\" content=\"Soziale Arbeit an der Hochschule Luzern\" \/>\n<meta property=\"article:published_time\" content=\"2020-05-01T10:21:38+00:00\" \/>\n<meta property=\"article:modified_time\" content=\"2026-02-11T13:53:57+00:00\" \/>\n<meta property=\"og:image\" content=\"https:\/\/hub.hslu.ch\/soziale-arbeit\/wp-content\/uploads\/sites\/23\/2020\/05\/BAG_Plakat_Solitaritaet_CVirus_702x336.jpg\" \/>\n\t<meta property=\"og:image:width\" content=\"702\" \/>\n\t<meta property=\"og:image:height\" content=\"336\" \/>\n\t<meta property=\"og:image:type\" content=\"image\/jpeg\" \/>\n<meta name=\"author\" content=\"webkinder\" \/>\n<meta name=\"twitter:card\" content=\"summary_large_image\" \/>\n<meta name=\"twitter:label1\" content=\"Geschrieben von\" \/>\n\t<meta name=\"twitter:data1\" content=\"webkinder\" \/>\n\t<meta name=\"twitter:label2\" content=\"Gesch\u00e4tzte Lesezeit\" \/>\n\t<meta name=\"twitter:data2\" content=\"3\u00a0Minuten\" \/>\n<script type=\"application\/ld+json\" class=\"yoast-schema-graph\">{\"@context\":\"https:\\\/\\\/schema.org\",\"@graph\":[{\"@type\":\"Article\",\"@id\":\"https:\\\/\\\/hub.hslu.ch\\\/soziale-arbeit\\\/das-neue-wir-alle\\\/#article\",\"isPartOf\":{\"@id\":\"https:\\\/\\\/hub.hslu.ch\\\/soziale-arbeit\\\/das-neue-wir-alle\\\/\"},\"author\":{\"name\":\"webkinder\",\"@id\":\"https:\\\/\\\/hub.hslu.ch\\\/soziale-arbeit\\\/#\\\/schema\\\/person\\\/2fbc41f8eff3a89d0755cce0ed9a2542\"},\"headline\":\"Das neue Wir: Alle\",\"datePublished\":\"2020-05-01T10:21:38+00:00\",\"dateModified\":\"2026-02-11T13:53:57+00:00\",\"mainEntityOfPage\":{\"@id\":\"https:\\\/\\\/hub.hslu.ch\\\/soziale-arbeit\\\/das-neue-wir-alle\\\/\"},\"wordCount\":502,\"commentCount\":3,\"image\":{\"@id\":\"https:\\\/\\\/hub.hslu.ch\\\/soziale-arbeit\\\/das-neue-wir-alle\\\/#primaryimage\"},\"thumbnailUrl\":\"https:\\\/\\\/hub.hslu.ch\\\/soziale-arbeit\\\/wp-content\\\/uploads\\\/sites\\\/23\\\/2020\\\/05\\\/BAG_Plakat_Solitaritaet_CVirus_702x336.jpg\",\"keywords\":[\"gesellschaftlicher Wandel\",\"Solidarit\u00e4t\",\"soziokulturelle Entwicklung\",\"soziokulturelles Zusammenleben\"],\"articleSection\":[\"Soziokultur\"],\"inLanguage\":\"de-CH\",\"potentialAction\":[{\"@type\":\"CommentAction\",\"name\":\"Comment\",\"target\":[\"https:\\\/\\\/hub.hslu.ch\\\/soziale-arbeit\\\/das-neue-wir-alle\\\/#respond\"]}]},{\"@type\":\"WebPage\",\"@id\":\"https:\\\/\\\/hub.hslu.ch\\\/soziale-arbeit\\\/das-neue-wir-alle\\\/\",\"url\":\"https:\\\/\\\/hub.hslu.ch\\\/soziale-arbeit\\\/das-neue-wir-alle\\\/\",\"name\":\"Das neue Wir: Alle &#8211; Soziale Arbeit an der Hochschule Luzern\",\"isPartOf\":{\"@id\":\"https:\\\/\\\/hub.hslu.ch\\\/soziale-arbeit\\\/#website\"},\"primaryImageOfPage\":{\"@id\":\"https:\\\/\\\/hub.hslu.ch\\\/soziale-arbeit\\\/das-neue-wir-alle\\\/#primaryimage\"},\"image\":{\"@id\":\"https:\\\/\\\/hub.hslu.ch\\\/soziale-arbeit\\\/das-neue-wir-alle\\\/#primaryimage\"},\"thumbnailUrl\":\"https:\\\/\\\/hub.hslu.ch\\\/soziale-arbeit\\\/wp-content\\\/uploads\\\/sites\\\/23\\\/2020\\\/05\\\/BAG_Plakat_Solitaritaet_CVirus_702x336.jpg\",\"datePublished\":\"2020-05-01T10:21:38+00:00\",\"dateModified\":\"2026-02-11T13:53:57+00:00\",\"author\":{\"@id\":\"https:\\\/\\\/hub.hslu.ch\\\/soziale-arbeit\\\/#\\\/schema\\\/person\\\/2fbc41f8eff3a89d0755cce0ed9a2542\"},\"breadcrumb\":{\"@id\":\"https:\\\/\\\/hub.hslu.ch\\\/soziale-arbeit\\\/das-neue-wir-alle\\\/#breadcrumb\"},\"inLanguage\":\"de-CH\",\"potentialAction\":[{\"@type\":\"ReadAction\",\"target\":[\"https:\\\/\\\/hub.hslu.ch\\\/soziale-arbeit\\\/das-neue-wir-alle\\\/\"]}]},{\"@type\":\"ImageObject\",\"inLanguage\":\"de-CH\",\"@id\":\"https:\\\/\\\/hub.hslu.ch\\\/soziale-arbeit\\\/das-neue-wir-alle\\\/#primaryimage\",\"url\":\"https:\\\/\\\/hub.hslu.ch\\\/soziale-arbeit\\\/wp-content\\\/uploads\\\/sites\\\/23\\\/2020\\\/05\\\/BAG_Plakat_Solitaritaet_CVirus_702x336.jpg\",\"contentUrl\":\"https:\\\/\\\/hub.hslu.ch\\\/soziale-arbeit\\\/wp-content\\\/uploads\\\/sites\\\/23\\\/2020\\\/05\\\/BAG_Plakat_Solitaritaet_CVirus_702x336.jpg\",\"width\":702,\"height\":336},{\"@type\":\"BreadcrumbList\",\"@id\":\"https:\\\/\\\/hub.hslu.ch\\\/soziale-arbeit\\\/das-neue-wir-alle\\\/#breadcrumb\",\"itemListElement\":[{\"@type\":\"ListItem\",\"position\":1,\"name\":\"Home\",\"item\":\"https:\\\/\\\/hub.hslu.ch\\\/soziale-arbeit\\\/\"},{\"@type\":\"ListItem\",\"position\":2,\"name\":\"Das neue Wir: Alle\"}]},{\"@type\":\"WebSite\",\"@id\":\"https:\\\/\\\/hub.hslu.ch\\\/soziale-arbeit\\\/#website\",\"url\":\"https:\\\/\\\/hub.hslu.ch\\\/soziale-arbeit\\\/\",\"name\":\"Soziale Arbeit an der Hochschule Luzern\",\"description\":\"Der Blog der Hochschule Luzern \u2013 Soziale Arbeit\",\"potentialAction\":[{\"@type\":\"SearchAction\",\"target\":{\"@type\":\"EntryPoint\",\"urlTemplate\":\"https:\\\/\\\/hub.hslu.ch\\\/soziale-arbeit\\\/?s={search_term_string}\"},\"query-input\":{\"@type\":\"PropertyValueSpecification\",\"valueRequired\":true,\"valueName\":\"search_term_string\"}}],\"inLanguage\":\"de-CH\"},{\"@type\":\"Person\",\"@id\":\"https:\\\/\\\/hub.hslu.ch\\\/soziale-arbeit\\\/#\\\/schema\\\/person\\\/2fbc41f8eff3a89d0755cce0ed9a2542\",\"name\":\"webkinder\"}]}<\/script>\n<!-- \/ Yoast SEO plugin. -->","yoast_head_json":{"title":"Das neue Wir: Alle &#8211; Soziale Arbeit an der Hochschule Luzern","robots":{"index":"index","follow":"follow","max-snippet":"max-snippet:-1","max-image-preview":"max-image-preview:large","max-video-preview":"max-video-preview:-1"},"canonical":"https:\/\/hub.hslu.ch\/soziale-arbeit\/das-neue-wir-alle\/","og_locale":"de_DE","og_type":"article","og_title":"Das neue Wir: Alle &#8211; Soziale Arbeit an der Hochschule Luzern","og_description":"Soziokulturelle Animation in Coronazeiten 1 Die Corona-Pandemie stellt gerade unser gewohntes Leben auf den Kopf. Bei allen Unannehmlichkeiten k\u00f6nnen wir in Bezug auf gesellschaftlichen Zusammenhalt etwas lernen aus der aktuellen Situation.","og_url":"https:\/\/hub.hslu.ch\/soziale-arbeit\/das-neue-wir-alle\/","og_site_name":"Soziale Arbeit an der Hochschule Luzern","article_published_time":"2020-05-01T10:21:38+00:00","article_modified_time":"2026-02-11T13:53:57+00:00","og_image":[{"width":702,"height":336,"url":"https:\/\/hub.hslu.ch\/soziale-arbeit\/wp-content\/uploads\/sites\/23\/2020\/05\/BAG_Plakat_Solitaritaet_CVirus_702x336.jpg","type":"image\/jpeg"}],"author":"webkinder","twitter_card":"summary_large_image","twitter_misc":{"Geschrieben von":"webkinder","Gesch\u00e4tzte Lesezeit":"3\u00a0Minuten"},"schema":{"@context":"https:\/\/schema.org","@graph":[{"@type":"Article","@id":"https:\/\/hub.hslu.ch\/soziale-arbeit\/das-neue-wir-alle\/#article","isPartOf":{"@id":"https:\/\/hub.hslu.ch\/soziale-arbeit\/das-neue-wir-alle\/"},"author":{"name":"webkinder","@id":"https:\/\/hub.hslu.ch\/soziale-arbeit\/#\/schema\/person\/2fbc41f8eff3a89d0755cce0ed9a2542"},"headline":"Das neue Wir: Alle","datePublished":"2020-05-01T10:21:38+00:00","dateModified":"2026-02-11T13:53:57+00:00","mainEntityOfPage":{"@id":"https:\/\/hub.hslu.ch\/soziale-arbeit\/das-neue-wir-alle\/"},"wordCount":502,"commentCount":3,"image":{"@id":"https:\/\/hub.hslu.ch\/soziale-arbeit\/das-neue-wir-alle\/#primaryimage"},"thumbnailUrl":"https:\/\/hub.hslu.ch\/soziale-arbeit\/wp-content\/uploads\/sites\/23\/2020\/05\/BAG_Plakat_Solitaritaet_CVirus_702x336.jpg","keywords":["gesellschaftlicher Wandel","Solidarit\u00e4t","soziokulturelle Entwicklung","soziokulturelles Zusammenleben"],"articleSection":["Soziokultur"],"inLanguage":"de-CH","potentialAction":[{"@type":"CommentAction","name":"Comment","target":["https:\/\/hub.hslu.ch\/soziale-arbeit\/das-neue-wir-alle\/#respond"]}]},{"@type":"WebPage","@id":"https:\/\/hub.hslu.ch\/soziale-arbeit\/das-neue-wir-alle\/","url":"https:\/\/hub.hslu.ch\/soziale-arbeit\/das-neue-wir-alle\/","name":"Das neue Wir: Alle &#8211; Soziale Arbeit an der Hochschule Luzern","isPartOf":{"@id":"https:\/\/hub.hslu.ch\/soziale-arbeit\/#website"},"primaryImageOfPage":{"@id":"https:\/\/hub.hslu.ch\/soziale-arbeit\/das-neue-wir-alle\/#primaryimage"},"image":{"@id":"https:\/\/hub.hslu.ch\/soziale-arbeit\/das-neue-wir-alle\/#primaryimage"},"thumbnailUrl":"https:\/\/hub.hslu.ch\/soziale-arbeit\/wp-content\/uploads\/sites\/23\/2020\/05\/BAG_Plakat_Solitaritaet_CVirus_702x336.jpg","datePublished":"2020-05-01T10:21:38+00:00","dateModified":"2026-02-11T13:53:57+00:00","author":{"@id":"https:\/\/hub.hslu.ch\/soziale-arbeit\/#\/schema\/person\/2fbc41f8eff3a89d0755cce0ed9a2542"},"breadcrumb":{"@id":"https:\/\/hub.hslu.ch\/soziale-arbeit\/das-neue-wir-alle\/#breadcrumb"},"inLanguage":"de-CH","potentialAction":[{"@type":"ReadAction","target":["https:\/\/hub.hslu.ch\/soziale-arbeit\/das-neue-wir-alle\/"]}]},{"@type":"ImageObject","inLanguage":"de-CH","@id":"https:\/\/hub.hslu.ch\/soziale-arbeit\/das-neue-wir-alle\/#primaryimage","url":"https:\/\/hub.hslu.ch\/soziale-arbeit\/wp-content\/uploads\/sites\/23\/2020\/05\/BAG_Plakat_Solitaritaet_CVirus_702x336.jpg","contentUrl":"https:\/\/hub.hslu.ch\/soziale-arbeit\/wp-content\/uploads\/sites\/23\/2020\/05\/BAG_Plakat_Solitaritaet_CVirus_702x336.jpg","width":702,"height":336},{"@type":"BreadcrumbList","@id":"https:\/\/hub.hslu.ch\/soziale-arbeit\/das-neue-wir-alle\/#breadcrumb","itemListElement":[{"@type":"ListItem","position":1,"name":"Home","item":"https:\/\/hub.hslu.ch\/soziale-arbeit\/"},{"@type":"ListItem","position":2,"name":"Das neue Wir: Alle"}]},{"@type":"WebSite","@id":"https:\/\/hub.hslu.ch\/soziale-arbeit\/#website","url":"https:\/\/hub.hslu.ch\/soziale-arbeit\/","name":"Soziale Arbeit an der Hochschule Luzern","description":"Der Blog der Hochschule Luzern \u2013 Soziale Arbeit","potentialAction":[{"@type":"SearchAction","target":{"@type":"EntryPoint","urlTemplate":"https:\/\/hub.hslu.ch\/soziale-arbeit\/?s={search_term_string}"},"query-input":{"@type":"PropertyValueSpecification","valueRequired":true,"valueName":"search_term_string"}}],"inLanguage":"de-CH"},{"@type":"Person","@id":"https:\/\/hub.hslu.ch\/soziale-arbeit\/#\/schema\/person\/2fbc41f8eff3a89d0755cce0ed9a2542","name":"webkinder"}]}},"featured_image_src":"https:\/\/hub.hslu.ch\/soziale-arbeit\/wp-content\/uploads\/sites\/23\/2020\/05\/BAG_Plakat_Solitaritaet_CVirus_702x336.jpg","featured_image_src_square":"https:\/\/hub.hslu.ch\/soziale-arbeit\/wp-content\/uploads\/sites\/23\/2020\/05\/BAG_Plakat_Solitaritaet_CVirus_702x336.jpg","author_info":{"display_name":"webkinder","author_link":"https:\/\/hub.hslu.ch\/soziale-arbeit\/author\/webkinder\/"},"_links":{"self":[{"href":"https:\/\/hub.hslu.ch\/soziale-arbeit\/wp-json\/wp\/v2\/posts\/1290","targetHints":{"allow":["GET"]}}],"collection":[{"href":"https:\/\/hub.hslu.ch\/soziale-arbeit\/wp-json\/wp\/v2\/posts"}],"about":[{"href":"https:\/\/hub.hslu.ch\/soziale-arbeit\/wp-json\/wp\/v2\/types\/post"}],"author":[{"embeddable":true,"href":"https:\/\/hub.hslu.ch\/soziale-arbeit\/wp-json\/wp\/v2\/users\/111"}],"replies":[{"embeddable":true,"href":"https:\/\/hub.hslu.ch\/soziale-arbeit\/wp-json\/wp\/v2\/comments?post=1290"}],"version-history":[{"count":3,"href":"https:\/\/hub.hslu.ch\/soziale-arbeit\/wp-json\/wp\/v2\/posts\/1290\/revisions"}],"predecessor-version":[{"id":12799,"href":"https:\/\/hub.hslu.ch\/soziale-arbeit\/wp-json\/wp\/v2\/posts\/1290\/revisions\/12799"}],"wp:featuredmedia":[{"embeddable":true,"href":"https:\/\/hub.hslu.ch\/soziale-arbeit\/wp-json\/wp\/v2\/media\/2409"}],"wp:attachment":[{"href":"https:\/\/hub.hslu.ch\/soziale-arbeit\/wp-json\/wp\/v2\/media?parent=1290"}],"wp:term":[{"taxonomy":"category","embeddable":true,"href":"https:\/\/hub.hslu.ch\/soziale-arbeit\/wp-json\/wp\/v2\/categories?post=1290"},{"taxonomy":"post_tag","embeddable":true,"href":"https:\/\/hub.hslu.ch\/soziale-arbeit\/wp-json\/wp\/v2\/tags?post=1290"}],"curies":[{"name":"wp","href":"https:\/\/api.w.org\/{rel}","templated":true}]}}