{"id":13557,"date":"2026-04-28T08:00:00","date_gmt":"2026-04-28T06:00:00","guid":{"rendered":"https:\/\/hub.hslu.ch\/soziale-arbeit\/?p=13557"},"modified":"2026-04-24T08:48:56","modified_gmt":"2026-04-24T06:48:56","slug":"soziale-arbeit-kennt-keine-grenzen","status":"publish","type":"post","link":"https:\/\/hub.hslu.ch\/soziale-arbeit\/soziale-arbeit-kennt-keine-grenzen\/","title":{"rendered":"Soziale Arbeit kennt keine Grenzen"},"content":{"rendered":"\n<h2 class=\"wp-block-heading\"><strong>Von Teheran bis New York: Soziale Arbeit weltweit<\/strong><\/h2>\n\n\n\n<p>Den Hauptinput des Abends gestaltete Priska Fleischlin, Sozialarbeiterin, Kantonsr\u00e4tin und Gesch\u00e4ftsf\u00fchrerin der <a href=\"https:\/\/www.wobeag.ch\/de\/\">WoBe AG<\/a>. Als UN-Kommissarin der International Federation of Social Work (<a href=\"https:\/\/www.ifsw.org\/\">IFSW<\/a>) vertritt sie zusammen mit 25 Sozialarbeitenden aus 13 Nationen die Profession gegen\u00fcber den Vereinten Nationen \u2013 in Genf, New York, Bangkok, Nairobi und Santiago de Chile.<\/p>\n\n\n\n<p>Fleischlin schilderte eindr\u00fccklich, wie unterschiedlich und doch wie \u00e4hnlich Soziale Arbeit rund um den Globus funktioniert. In Teheran etwa fahren Sozialarbeitende mit einem mobilen Fahrzeug in gef\u00e4hrliche Quartiere, weil ein station\u00e4res B\u00fcro nicht sicher ist. Aus dem Wunsch der Bev\u00f6lkerung heraus entstand schliesslich ein gemeinsam er\u00f6ffnetes Quartierszentrum. In Afghanistan sucht der IFSW den Dialog mit den Taliban \u2013 nicht um deren Politik zu legitimieren, sondern weil der internationale Berufsverband seinem Vertreter vor Ort mehr Gewicht verleiht und konkrete Verbesserungen, etwa f\u00fcr Frauen, erm\u00f6glicht.<\/p>\n\n\n\n<p>Diese Beispiele zeigen: Politisch arbeiten ist vor allem Beziehungsarbeit. Und der Dialog bleibt offen \u2013 auch dort, wo er schwierig ist.<\/p>\n\n\n\n<h2 class=\"wp-block-heading\"><strong>Eine Profession, eine Definition<\/strong><\/h2>\n\n\n\n<p>Was Fleischlin besonders am Herzen liegt: Weltweit gibt es eine gemeinsame <a href=\"https:\/\/www.ifsw.org\/what-is-social-work\/global-definition-of-social-work\/\">Definition Sozialer Arbeit<\/a>, inklusive Berufskodex und der Anerkennung indigener Wissensformen. <\/p>\n\n\n\n<blockquote class=\"wp-block-quote is-layout-flow wp-block-quote-is-layout-flow\">\n<p><em><em>\u00abSocial work is a practice-based profession and an academic discipline that promotes social change and development, social cohesion, and the empowerment and liberation of people. Principles of social justice, human rights, collective responsibility and respect for diversities are central to social work.&nbsp; Underpinned by theories of social work, social sciences, humanities and indigenous knowledges, social work engages people and structures to address life challenges and enhance wellbeing. The above definition may be amplified at national and\/or regional levels.<\/em>\u00bb<\/em><\/p>\n<\/blockquote>\n\n\n\n<p>\u00abDas ist fantastisch\u00bb, sagte sie. \u00abFast keine andere Berufsbranche hat das.\u00bb Die IFSW vereint 154 nationale Berufsverb\u00e4nde und damit \u00fcber f\u00fcnf Millionen Sozialarbeitende. Soziale Arbeit ist eine Menschenrechtsprofession, und genau deshalb arbeitet das IFSW eng mit dem Hochkommissariat f\u00fcr Menschenrechte zusammen.<\/p>\n\n\n\n<h2 class=\"wp-block-heading\"><strong>Was hat das mit uns zu tun?<\/strong><\/h2>\n\n\n\n<p>Fleischlin stellte eine unbequeme, aber wichtige Frage: Haben wir in der Schweiz den Kontext manchmal aus den Augen verloren? Stark auf Case Management und professionelle Dienstleistungen ausgerichtet? Untersch\u00e4tzen wir die Bedeutung sozialer Koh\u00e4sion \u2013 das heisst, die Kraft des gegenseitigen St\u00fctzens im Alltag?<\/p>\n\n\n\n<p>Internationale Beispiele k\u00f6nnten hier inspirieren: In Costa Rica etwa zeigte ein Projekt, dass der Schl\u00fcssel zur Armutsbek\u00e4mpfung nicht einfach Jobschaffung ist, sondern zun\u00e4chst das Zuh\u00f6ren. Was brauchen die Menschen wirklich? Sicherheit. Erst danach k\u00f6nnen Kinder zur Schule gehen, erst danach entfaltet jeder investierte Dollar dreifachen gesellschaftlichen Mehrwert.<\/p>\n\n\n\n<p>Auch der westliche Blick auf Migration verdient eine Korrektur: Die meisten Migrationsbewegungen weltweit finden nicht Richtung Europa statt, sondern im Globalen S\u00fcden \u2013 ein Umstand, der in hiesigen Debatten kaum Beachtung findet.<\/p>\n\n\n\n<div class=\"swiper__responsive-container \">\n\t<div class=\"swiper__responsive-wrapper\">\n\t\t<div class=\"swiper mainSwiper\">\n\t\t\t<div class=\"swiper-wrapper\">\n\t\t\t\t\t\t\t\t\t\t\t\t\t\t<div class=\"swiper-slide\">\n\t\t\t\t\t\t<figure class=\"slide-figure\">\n\t\t\t\t\t\t\t<img decoding=\"async\" class=\"slide-image\" src=\"https:\/\/hub.hslu.ch\/soziale-arbeit\/wp-content\/uploads\/sites\/23\/2026\/04\/Einfuehrung-von-Johannes-Kueng.jpg\" alt=\"Einf\u00fchrung von Johannes K\u00fcng\">\n\t\t\t\t\t\t\t<figcaption class=\"slide-caption\"><span>Einf\u00fchrung von Johannes K\u00fcng<\/span><\/figcaption>\n\t\t\t\t\t\t<\/figure>\n\t\t\t\t\t\t<div class=\"slide-action-container\">\n\t\t\t\t\t\t\t<div class=\"slide-action slide-action-zoom\" data-id=\"69f094f9876bc\">\uf188<\/div>\n\t\t\t\t\t\t\t\t\t\t\t\t\t<\/div>\n\t\t\t\t\t<\/div>\n\t\t\t\t\t\t\t\t\t\t\t\t\t\t<div class=\"swiper-slide\">\n\t\t\t\t\t\t<figure class=\"slide-figure\">\n\t\t\t\t\t\t\t<img decoding=\"async\" class=\"slide-image\" src=\"https:\/\/hub.hslu.ch\/soziale-arbeit\/wp-content\/uploads\/sites\/23\/2026\/04\/Vortrag-von-Priska-Fleischlin.jpg\" alt=\"Vortrag von Priska Fleischlin\">\n\t\t\t\t\t\t\t<figcaption class=\"slide-caption\"><span>Vortrag von Priska Fleischlin<\/span><\/figcaption>\n\t\t\t\t\t\t<\/figure>\n\t\t\t\t\t\t<div class=\"slide-action-container\">\n\t\t\t\t\t\t\t<div class=\"slide-action slide-action-zoom\" data-id=\"69f094f9876bc\">\uf188<\/div>\n\t\t\t\t\t\t\t\t\t\t\t\t\t<\/div>\n\t\t\t\t\t<\/div>\n\t\t\t\t\t\t\t\t\t\t\t\t\t\t<div class=\"swiper-slide\">\n\t\t\t\t\t\t<figure class=\"slide-figure\">\n\t\t\t\t\t\t\t<img decoding=\"async\" class=\"slide-image\" src=\"https:\/\/hub.hslu.ch\/soziale-arbeit\/wp-content\/uploads\/sites\/23\/2026\/04\/Apero-und-Gespraeche.jpg\" alt=\"Ap\u00e9ro und Gespr\u00e4che\">\n\t\t\t\t\t\t\t<figcaption class=\"slide-caption\"><span>Ap\u00e9ro und Gespr\u00e4che<\/span><\/figcaption>\n\t\t\t\t\t\t<\/figure>\n\t\t\t\t\t\t<div class=\"slide-action-container\">\n\t\t\t\t\t\t\t<div class=\"slide-action slide-action-zoom\" data-id=\"69f094f9876bc\">\uf188<\/div>\n\t\t\t\t\t\t\t\t\t\t\t\t\t<\/div>\n\t\t\t\t\t<\/div>\n\t\t\t\t\t\t\t\t\t\t\t\t\t\t<div class=\"swiper-slide\">\n\t\t\t\t\t\t<figure class=\"slide-figure\">\n\t\t\t\t\t\t\t<img decoding=\"async\" class=\"slide-image\" src=\"https:\/\/hub.hslu.ch\/soziale-arbeit\/wp-content\/uploads\/sites\/23\/2026\/04\/Apero-und-Gespraeche-Johannes-Kueng-rechts.jpg\" alt=\"Ap\u00e9ro und Gespr\u00e4che - Johannes K\u00fcng\">\n\t\t\t\t\t\t\t<figcaption class=\"slide-caption\"><span>Ap\u00e9ro und Gespr\u00e4che &#8211; Johannes K\u00fcng (links)<\/span><\/figcaption>\n\t\t\t\t\t\t<\/figure>\n\t\t\t\t\t\t<div class=\"slide-action-container\">\n\t\t\t\t\t\t\t<div class=\"slide-action slide-action-zoom\" data-id=\"69f094f9876bc\">\uf188<\/div>\n\t\t\t\t\t\t\t\t\t\t\t\t\t<\/div>\n\t\t\t\t\t<\/div>\n\t\t\t\t\t\t\t<\/div>\n\t\t\t<div class=\"swiper-button-prev\"><\/div>\n\t\t\t<div class=\"swiper-button-next\"><\/div>\n\t\t<\/div>\n\t\t<div class=\"swiper-pagination\"><\/div>\n\t<\/div>\n<\/div>\n\n<div class=\"zoom-container\" data-id=\"69f094f9876bc\">\n\t<div class=\"zoom-container-inner\">\n\t\t<div class=\"zoom-responsive-container\">\n\t\t\t<div class=\"zoom-wrapper\">\n\t\t\t\t<div class=\"swiper zoomSwiper\">\n\t\t\t\t\t<div class=\"swiper-wrapper\">\n\t\t\t\t\t\t\t\t\t\t\t\t\t\t\t\t\t\t\t\t<div class=\"swiper-slide\">\n\t\t\t\t\t\t\t\t<figure class=\"slide-figure\">\n\t\t\t\t\t\t\t\t\t<img decoding=\"async\" class=\"slide-image\" src=\"https:\/\/hub.hslu.ch\/soziale-arbeit\/wp-content\/uploads\/sites\/23\/2026\/04\/Einfuehrung-von-Johannes-Kueng.jpg\" alt=\"Einf\u00fchrung von Johannes K\u00fcng\">\n\t\t\t\t\t\t\t\t\t<figcaption class=\"slide-caption\"><span>Einf\u00fchrung von Johannes K\u00fcng<\/span><\/figcaption>\n\t\t\t\t\t\t\t\t<\/figure>\n\t\t\t\t\t\t\t\t<div class=\"slide-action-container\">\n\t\t\t\t\t\t\t\t\t<div class=\"slide-action zoom-action-close\">\uf189<\/div>\n\t\t\t\t\t\t\t\t\t\t\t\t\t\t\t\t\t<\/div>\n\t\t\t\t\t\t\t<\/div>\n\t\t\t\t\t\t\t\t\t\t\t\t\t\t\t\t\t\t\t\t<div class=\"swiper-slide\">\n\t\t\t\t\t\t\t\t<figure class=\"slide-figure\">\n\t\t\t\t\t\t\t\t\t<img decoding=\"async\" class=\"slide-image\" src=\"https:\/\/hub.hslu.ch\/soziale-arbeit\/wp-content\/uploads\/sites\/23\/2026\/04\/Vortrag-von-Priska-Fleischlin.jpg\" alt=\"Vortrag von Priska Fleischlin\">\n\t\t\t\t\t\t\t\t\t<figcaption class=\"slide-caption\"><span>Vortrag von Priska Fleischlin<\/span><\/figcaption>\n\t\t\t\t\t\t\t\t<\/figure>\n\t\t\t\t\t\t\t\t<div class=\"slide-action-container\">\n\t\t\t\t\t\t\t\t\t<div class=\"slide-action zoom-action-close\">\uf189<\/div>\n\t\t\t\t\t\t\t\t\t\t\t\t\t\t\t\t\t<\/div>\n\t\t\t\t\t\t\t<\/div>\n\t\t\t\t\t\t\t\t\t\t\t\t\t\t\t\t\t\t\t\t<div class=\"swiper-slide\">\n\t\t\t\t\t\t\t\t<figure class=\"slide-figure\">\n\t\t\t\t\t\t\t\t\t<img decoding=\"async\" class=\"slide-image\" src=\"https:\/\/hub.hslu.ch\/soziale-arbeit\/wp-content\/uploads\/sites\/23\/2026\/04\/Apero-und-Gespraeche.jpg\" alt=\"Ap\u00e9ro und Gespr\u00e4che\">\n\t\t\t\t\t\t\t\t\t<figcaption class=\"slide-caption\"><span>Ap\u00e9ro und Gespr\u00e4che<\/span><\/figcaption>\n\t\t\t\t\t\t\t\t<\/figure>\n\t\t\t\t\t\t\t\t<div class=\"slide-action-container\">\n\t\t\t\t\t\t\t\t\t<div class=\"slide-action zoom-action-close\">\uf189<\/div>\n\t\t\t\t\t\t\t\t\t\t\t\t\t\t\t\t\t<\/div>\n\t\t\t\t\t\t\t<\/div>\n\t\t\t\t\t\t\t\t\t\t\t\t\t\t\t\t\t\t\t\t<div class=\"swiper-slide\">\n\t\t\t\t\t\t\t\t<figure class=\"slide-figure\">\n\t\t\t\t\t\t\t\t\t<img decoding=\"async\" class=\"slide-image\" src=\"https:\/\/hub.hslu.ch\/soziale-arbeit\/wp-content\/uploads\/sites\/23\/2026\/04\/Apero-und-Gespraeche-Johannes-Kueng-rechts.jpg\" alt=\"Ap\u00e9ro und Gespr\u00e4che - Johannes K\u00fcng\">\n\t\t\t\t\t\t\t\t\t<figcaption class=\"slide-caption\"><span>Ap\u00e9ro und Gespr\u00e4che &#8211; Johannes K\u00fcng (links)<\/span><\/figcaption>\n\t\t\t\t\t\t\t\t<\/figure>\n\t\t\t\t\t\t\t\t<div class=\"slide-action-container\">\n\t\t\t\t\t\t\t\t\t<div class=\"slide-action zoom-action-close\">\uf189<\/div>\n\t\t\t\t\t\t\t\t\t\t\t\t\t\t\t\t\t<\/div>\n\t\t\t\t\t\t\t<\/div>\n\t\t\t\t\t\t\t\t\t\t\t<\/div>\n\t\t\t\t\t<div class=\"swiper-button-prev\"><\/div>\n\t\t\t\t\t<div class=\"swiper-button-next\"><\/div>\n\t\t\t\t<\/div>\n\t\t\t\t<div class=\"swiper-pagination\"><\/div>\n\t\t\t<\/div>\n\t\t<\/div>\n\t<\/div>\n<\/div>\n\n\n\n<h2 class=\"wp-block-heading\"><strong>Lokales Handeln, globales Denken<\/strong><\/h2>\n\n\n\n<p>Direktorin Dorothee Guggisberg erinnerte in ihrem Input daran, dass Soziale Arbeit am Ende immer lokal und konkret ist \u2013 ob auf einem Campingplatz in der Schweiz oder in einem Quartier in Afghanistan. Doch um sie lebendig zu halten, braucht es Inspiration von aussen. F\u00fcr die HSLU bedeutet das: <a href=\"https:\/\/hub.hslu.ch\/soziale-arbeit\/wie-das-austauschsemester-in-berlin-meinen-horizont-erweiterte\/\">Austauschsemester<\/a> und Auslandpraktikum-M\u00f6glichkeiten st\u00e4rken, Kooperationen mit Hochschulen im Globalen S\u00fcden vertiefen und die oft k\u00fcnstliche Trennung zwischen Sozialer Arbeit und Entwicklungszusammenarbeit hinterfragen. Beide Felder k\u00f6nnten weit mehr voneinander lernen.<\/p>\n\n\n\n<h2 class=\"wp-block-heading\"><strong>Ein Abend, der nachwirkt<\/strong><\/h2>\n\n\n\n<p>Der Abend endete mit einem Ap\u00e9ro und mit Gespr\u00e4chen, die zeigten: Das Interesse an internationaler Vernetzung ist da. Was es braucht, sind R\u00e4ume, in denen diese Neugier gepflegt und in konkrete Projekte \u00fcbersetzt werden kann. Der Internationale Tag der Sozialen Arbeit ist ein solcher Raum und er erinnert uns jedes Jahr neu daran, dass die Herausforderungen unserer Profession global sind, auch wenn wir sie lokal angehen.<\/p>\n\n\n\n<p>Von Roger Ettlin<br>Bilder: Adobe Stock &amp; Roger Ettlin<br>Ver\u00f6ffentlicht: 28. April 2026<\/p>\n\n\n<div class=\"blue-box\">\n\t<div class=\"row\">\n\t\t<div class=\"col-md-12\">\n\t\t\t<p><a href=\"https:\/\/www.hslu.ch\/de-ch\/soziale-arbeit\/ueber-uns\/international\/mobilitaet\/\"><strong>Willst du im Ausland studieren oder arbeiten?<\/strong><\/a><\/p>\n<p>Die Module \u00ab150 Auslandspraktikum\u00bb und \u00ab160 Auslandssemester\u00bb erm\u00f6glichen dir im Rahmen des Studiums der Sozialen Arbeit einen l\u00e4ngeren Auslandsaufenthalt. Die Infoveranstaltungen finden jeweils im November statt.<\/p>\n<p>Mehr dazu auf unserer Website zu internationalen Themen: <a href=\"https:\/\/www.hslu.ch\/de-ch\/soziale-arbeit\/ueber-uns\/international\/\">hslu.ch\/internationales<\/a><\/p>\n\t\t<\/div>\n\t<\/div>\n<\/div>\n\n\n<div class=\"blue-box\">\n\t<div class=\"row\">\n\t\t<div class=\"col-md-12\">\n\t\t\t<p><a href=\"https:\/\/www.hslu.ch\/de-ch\/soziale-arbeit\/studium\/bachelor\/\"><strong>Interessierst du dich f\u00fcr ein Studium in Sozialer Arbeit?<\/strong><\/a><\/p>\n<p>Wir unterst\u00fctzen dich, Menschen in allen Lebenslagen zu begleiten und f\u00f6rdern deine Urteilsbildung sowie deine F\u00e4higkeit, verschiedene Perspektiven einzunehmen. Werde Teil eines werteorientierten Studiums, das auf gesellschaftlichen Wandel abzielt und die Teilhabe aller erm\u00f6glicht.<\/p>\n<p>Jetzt eine\u00a0<a href=\"https:\/\/www.hslu.ch\/de-ch\/soziale-arbeit\/studium\/info-veranstaltungen\/#?filters=102,1050&amp;q=bachelor\">Infoveranstaltung<\/a>\u00a0zum Bachelor besuchen.<\/p>\n<p>Neuer\u00a0<a href=\"https:\/\/www.hslu.ch\/de-ch\/soziale-arbeit\/studium\/bachelor\/soziale-arbeit-neue-konzepte-und-innovation\/\">Bachelor in Sozialer Arbeit<\/a>\u00a0neue Konzepte und Innovation<\/p>\n\t\t<\/div>\n\t<\/div>\n<\/div>\n","protected":false},"excerpt":{"rendered":"<p>Am diesj\u00e4hrigen Internationalen Tag der Sozialen Arbeit lud das Ressort Internationales der HSLU zu einem Abend ein. Unter dem Motto \u00abBlick \u00fcber den Tellerrand\u00bb wurde gemeinsam reflektiert: Was bedeutet Soziale Arbeit im globalen Kontext \u2013 und was hat das mit uns hier in der Schweiz zu tun?<\/p>\n","protected":false},"author":152,"featured_media":13560,"comment_status":"open","ping_status":"closed","sticky":false,"template":"","format":"standard","meta":{"_acf_changed":false,"inline_featured_image":false,"_relevanssi_hide_post":"","_relevanssi_hide_content":"","_relevanssi_pin_for_all":"","_relevanssi_pin_keywords":"","_relevanssi_unpin_keywords":"","_relevanssi_related_keywords":"","_relevanssi_related_include_ids":"","_relevanssi_related_exclude_ids":"","_relevanssi_related_no_append":"","_relevanssi_related_not_related":"","_relevanssi_related_posts":"614,11711,13289,3448,520,10092","_relevanssi_noindex_reason":"","footnotes":"","_links_to":"","_links_to_target":""},"categories":[19,7],"tags":[96,279],"class_list":["post-13557","post","type-post","status-publish","format-standard","has-post-thumbnail","hentry","category-sozialmanagement-sozialpolitik","category-ausbildung","tag-bachelor-in-sozialer-arbeit","tag-internationales"],"acf":[],"yoast_head":"<!-- This site is optimized with the Yoast SEO plugin v27.4 - https:\/\/yoast.com\/product\/yoast-seo-wordpress\/ -->\n<title>Soziale Arbeit kennt keine Grenzen &#8211; Soziale Arbeit an der Hochschule Luzern<\/title>\n<meta name=\"robots\" content=\"index, follow, max-snippet:-1, max-image-preview:large, max-video-preview:-1\" \/>\n<link rel=\"canonical\" href=\"https:\/\/hub.hslu.ch\/soziale-arbeit\/soziale-arbeit-kennt-keine-grenzen\/\" \/>\n<meta property=\"og:locale\" content=\"de_DE\" \/>\n<meta property=\"og:type\" content=\"article\" \/>\n<meta property=\"og:title\" content=\"Soziale Arbeit kennt keine Grenzen &#8211; Soziale Arbeit an der Hochschule Luzern\" \/>\n<meta property=\"og:description\" content=\"Am diesj\u00e4hrigen Internationalen Tag der Sozialen Arbeit lud das Ressort Internationales der HSLU zu einem Abend ein. Unter dem Motto \u00abBlick \u00fcber den Tellerrand\u00bb wurde gemeinsam reflektiert: Was bedeutet Soziale Arbeit im globalen Kontext \u2013 und was hat das mit uns hier in der Schweiz zu tun?\" \/>\n<meta property=\"og:url\" content=\"https:\/\/hub.hslu.ch\/soziale-arbeit\/soziale-arbeit-kennt-keine-grenzen\/\" \/>\n<meta property=\"og:site_name\" content=\"Soziale Arbeit an der Hochschule Luzern\" \/>\n<meta property=\"article:published_time\" content=\"2026-04-28T06:00:00+00:00\" \/>\n<meta property=\"og:image\" content=\"https:\/\/hub.hslu.ch\/soziale-arbeit\/wp-content\/uploads\/sites\/23\/2026\/04\/Weltkarte-mit-Menschen-in-Farbe-Soziale-Arbeit.jpg\" \/>\n\t<meta property=\"og:image:width\" content=\"1614\" \/>\n\t<meta property=\"og:image:height\" content=\"907\" \/>\n\t<meta property=\"og:image:type\" content=\"image\/jpeg\" \/>\n<meta name=\"author\" content=\"Roger Ettlin\" \/>\n<meta name=\"twitter:card\" content=\"summary_large_image\" \/>\n<meta name=\"twitter:label1\" content=\"Geschrieben von\" \/>\n\t<meta name=\"twitter:data1\" content=\"Roger Ettlin\" \/>\n\t<meta name=\"twitter:label2\" content=\"Gesch\u00e4tzte Lesezeit\" \/>\n\t<meta name=\"twitter:data2\" content=\"4\u00a0Minuten\" \/>\n<script type=\"application\/ld+json\" class=\"yoast-schema-graph\">{\"@context\":\"https:\\\/\\\/schema.org\",\"@graph\":[{\"@type\":\"Article\",\"@id\":\"https:\\\/\\\/hub.hslu.ch\\\/soziale-arbeit\\\/soziale-arbeit-kennt-keine-grenzen\\\/#article\",\"isPartOf\":{\"@id\":\"https:\\\/\\\/hub.hslu.ch\\\/soziale-arbeit\\\/soziale-arbeit-kennt-keine-grenzen\\\/\"},\"author\":{\"name\":\"Roger Ettlin\",\"@id\":\"https:\\\/\\\/hub.hslu.ch\\\/soziale-arbeit\\\/#\\\/schema\\\/person\\\/0d13e861725ae87916921d6d018489e4\"},\"headline\":\"Soziale Arbeit kennt keine Grenzen\",\"datePublished\":\"2026-04-28T06:00:00+00:00\",\"mainEntityOfPage\":{\"@id\":\"https:\\\/\\\/hub.hslu.ch\\\/soziale-arbeit\\\/soziale-arbeit-kennt-keine-grenzen\\\/\"},\"wordCount\":627,\"commentCount\":0,\"image\":{\"@id\":\"https:\\\/\\\/hub.hslu.ch\\\/soziale-arbeit\\\/soziale-arbeit-kennt-keine-grenzen\\\/#primaryimage\"},\"thumbnailUrl\":\"https:\\\/\\\/hub.hslu.ch\\\/soziale-arbeit\\\/wp-content\\\/uploads\\\/sites\\\/23\\\/2026\\\/04\\\/Weltkarte-mit-Menschen-in-Farbe-Soziale-Arbeit.jpg\",\"keywords\":[\"Bachelor in Sozialer Arbeit\",\"Internationales\"],\"articleSection\":[\"Sozialmanagement und Sozialpolitik\",\"Studium\"],\"inLanguage\":\"de-CH\",\"potentialAction\":[{\"@type\":\"CommentAction\",\"name\":\"Comment\",\"target\":[\"https:\\\/\\\/hub.hslu.ch\\\/soziale-arbeit\\\/soziale-arbeit-kennt-keine-grenzen\\\/#respond\"]}]},{\"@type\":\"WebPage\",\"@id\":\"https:\\\/\\\/hub.hslu.ch\\\/soziale-arbeit\\\/soziale-arbeit-kennt-keine-grenzen\\\/\",\"url\":\"https:\\\/\\\/hub.hslu.ch\\\/soziale-arbeit\\\/soziale-arbeit-kennt-keine-grenzen\\\/\",\"name\":\"Soziale Arbeit kennt keine Grenzen &#8211; Soziale Arbeit an der Hochschule Luzern\",\"isPartOf\":{\"@id\":\"https:\\\/\\\/hub.hslu.ch\\\/soziale-arbeit\\\/#website\"},\"primaryImageOfPage\":{\"@id\":\"https:\\\/\\\/hub.hslu.ch\\\/soziale-arbeit\\\/soziale-arbeit-kennt-keine-grenzen\\\/#primaryimage\"},\"image\":{\"@id\":\"https:\\\/\\\/hub.hslu.ch\\\/soziale-arbeit\\\/soziale-arbeit-kennt-keine-grenzen\\\/#primaryimage\"},\"thumbnailUrl\":\"https:\\\/\\\/hub.hslu.ch\\\/soziale-arbeit\\\/wp-content\\\/uploads\\\/sites\\\/23\\\/2026\\\/04\\\/Weltkarte-mit-Menschen-in-Farbe-Soziale-Arbeit.jpg\",\"datePublished\":\"2026-04-28T06:00:00+00:00\",\"author\":{\"@id\":\"https:\\\/\\\/hub.hslu.ch\\\/soziale-arbeit\\\/#\\\/schema\\\/person\\\/0d13e861725ae87916921d6d018489e4\"},\"breadcrumb\":{\"@id\":\"https:\\\/\\\/hub.hslu.ch\\\/soziale-arbeit\\\/soziale-arbeit-kennt-keine-grenzen\\\/#breadcrumb\"},\"inLanguage\":\"de-CH\",\"potentialAction\":[{\"@type\":\"ReadAction\",\"target\":[\"https:\\\/\\\/hub.hslu.ch\\\/soziale-arbeit\\\/soziale-arbeit-kennt-keine-grenzen\\\/\"]}]},{\"@type\":\"ImageObject\",\"inLanguage\":\"de-CH\",\"@id\":\"https:\\\/\\\/hub.hslu.ch\\\/soziale-arbeit\\\/soziale-arbeit-kennt-keine-grenzen\\\/#primaryimage\",\"url\":\"https:\\\/\\\/hub.hslu.ch\\\/soziale-arbeit\\\/wp-content\\\/uploads\\\/sites\\\/23\\\/2026\\\/04\\\/Weltkarte-mit-Menschen-in-Farbe-Soziale-Arbeit.jpg\",\"contentUrl\":\"https:\\\/\\\/hub.hslu.ch\\\/soziale-arbeit\\\/wp-content\\\/uploads\\\/sites\\\/23\\\/2026\\\/04\\\/Weltkarte-mit-Menschen-in-Farbe-Soziale-Arbeit.jpg\",\"width\":1614,\"height\":907,\"caption\":\"Weltkarte mit Menschen in Farbe Soziale Arbeit\"},{\"@type\":\"BreadcrumbList\",\"@id\":\"https:\\\/\\\/hub.hslu.ch\\\/soziale-arbeit\\\/soziale-arbeit-kennt-keine-grenzen\\\/#breadcrumb\",\"itemListElement\":[{\"@type\":\"ListItem\",\"position\":1,\"name\":\"Home\",\"item\":\"https:\\\/\\\/hub.hslu.ch\\\/soziale-arbeit\\\/\"},{\"@type\":\"ListItem\",\"position\":2,\"name\":\"Soziale Arbeit kennt keine Grenzen\"}]},{\"@type\":\"WebSite\",\"@id\":\"https:\\\/\\\/hub.hslu.ch\\\/soziale-arbeit\\\/#website\",\"url\":\"https:\\\/\\\/hub.hslu.ch\\\/soziale-arbeit\\\/\",\"name\":\"Soziale Arbeit an der Hochschule Luzern\",\"description\":\"Der Blog der Hochschule Luzern \u2013 Soziale Arbeit\",\"potentialAction\":[{\"@type\":\"SearchAction\",\"target\":{\"@type\":\"EntryPoint\",\"urlTemplate\":\"https:\\\/\\\/hub.hslu.ch\\\/soziale-arbeit\\\/?s={search_term_string}\"},\"query-input\":{\"@type\":\"PropertyValueSpecification\",\"valueRequired\":true,\"valueName\":\"search_term_string\"}}],\"inLanguage\":\"de-CH\"},{\"@type\":\"Person\",\"@id\":\"https:\\\/\\\/hub.hslu.ch\\\/soziale-arbeit\\\/#\\\/schema\\\/person\\\/0d13e861725ae87916921d6d018489e4\",\"name\":\"Roger Ettlin\"}]}<\/script>\n<!-- \/ Yoast SEO plugin. -->","yoast_head_json":{"title":"Soziale Arbeit kennt keine Grenzen &#8211; Soziale Arbeit an der Hochschule Luzern","robots":{"index":"index","follow":"follow","max-snippet":"max-snippet:-1","max-image-preview":"max-image-preview:large","max-video-preview":"max-video-preview:-1"},"canonical":"https:\/\/hub.hslu.ch\/soziale-arbeit\/soziale-arbeit-kennt-keine-grenzen\/","og_locale":"de_DE","og_type":"article","og_title":"Soziale Arbeit kennt keine Grenzen &#8211; Soziale Arbeit an der Hochschule Luzern","og_description":"Am diesj\u00e4hrigen Internationalen Tag der Sozialen Arbeit lud das Ressort Internationales der HSLU zu einem Abend ein. Unter dem Motto \u00abBlick \u00fcber den Tellerrand\u00bb wurde gemeinsam reflektiert: Was bedeutet Soziale Arbeit im globalen Kontext \u2013 und was hat das mit uns hier in der Schweiz zu tun?","og_url":"https:\/\/hub.hslu.ch\/soziale-arbeit\/soziale-arbeit-kennt-keine-grenzen\/","og_site_name":"Soziale Arbeit an der Hochschule Luzern","article_published_time":"2026-04-28T06:00:00+00:00","og_image":[{"width":1614,"height":907,"url":"https:\/\/hub.hslu.ch\/soziale-arbeit\/wp-content\/uploads\/sites\/23\/2026\/04\/Weltkarte-mit-Menschen-in-Farbe-Soziale-Arbeit.jpg","type":"image\/jpeg"}],"author":"Roger Ettlin","twitter_card":"summary_large_image","twitter_misc":{"Geschrieben von":"Roger Ettlin","Gesch\u00e4tzte Lesezeit":"4\u00a0Minuten"},"schema":{"@context":"https:\/\/schema.org","@graph":[{"@type":"Article","@id":"https:\/\/hub.hslu.ch\/soziale-arbeit\/soziale-arbeit-kennt-keine-grenzen\/#article","isPartOf":{"@id":"https:\/\/hub.hslu.ch\/soziale-arbeit\/soziale-arbeit-kennt-keine-grenzen\/"},"author":{"name":"Roger Ettlin","@id":"https:\/\/hub.hslu.ch\/soziale-arbeit\/#\/schema\/person\/0d13e861725ae87916921d6d018489e4"},"headline":"Soziale Arbeit kennt keine Grenzen","datePublished":"2026-04-28T06:00:00+00:00","mainEntityOfPage":{"@id":"https:\/\/hub.hslu.ch\/soziale-arbeit\/soziale-arbeit-kennt-keine-grenzen\/"},"wordCount":627,"commentCount":0,"image":{"@id":"https:\/\/hub.hslu.ch\/soziale-arbeit\/soziale-arbeit-kennt-keine-grenzen\/#primaryimage"},"thumbnailUrl":"https:\/\/hub.hslu.ch\/soziale-arbeit\/wp-content\/uploads\/sites\/23\/2026\/04\/Weltkarte-mit-Menschen-in-Farbe-Soziale-Arbeit.jpg","keywords":["Bachelor in Sozialer Arbeit","Internationales"],"articleSection":["Sozialmanagement und Sozialpolitik","Studium"],"inLanguage":"de-CH","potentialAction":[{"@type":"CommentAction","name":"Comment","target":["https:\/\/hub.hslu.ch\/soziale-arbeit\/soziale-arbeit-kennt-keine-grenzen\/#respond"]}]},{"@type":"WebPage","@id":"https:\/\/hub.hslu.ch\/soziale-arbeit\/soziale-arbeit-kennt-keine-grenzen\/","url":"https:\/\/hub.hslu.ch\/soziale-arbeit\/soziale-arbeit-kennt-keine-grenzen\/","name":"Soziale Arbeit kennt keine Grenzen &#8211; Soziale Arbeit an der Hochschule Luzern","isPartOf":{"@id":"https:\/\/hub.hslu.ch\/soziale-arbeit\/#website"},"primaryImageOfPage":{"@id":"https:\/\/hub.hslu.ch\/soziale-arbeit\/soziale-arbeit-kennt-keine-grenzen\/#primaryimage"},"image":{"@id":"https:\/\/hub.hslu.ch\/soziale-arbeit\/soziale-arbeit-kennt-keine-grenzen\/#primaryimage"},"thumbnailUrl":"https:\/\/hub.hslu.ch\/soziale-arbeit\/wp-content\/uploads\/sites\/23\/2026\/04\/Weltkarte-mit-Menschen-in-Farbe-Soziale-Arbeit.jpg","datePublished":"2026-04-28T06:00:00+00:00","author":{"@id":"https:\/\/hub.hslu.ch\/soziale-arbeit\/#\/schema\/person\/0d13e861725ae87916921d6d018489e4"},"breadcrumb":{"@id":"https:\/\/hub.hslu.ch\/soziale-arbeit\/soziale-arbeit-kennt-keine-grenzen\/#breadcrumb"},"inLanguage":"de-CH","potentialAction":[{"@type":"ReadAction","target":["https:\/\/hub.hslu.ch\/soziale-arbeit\/soziale-arbeit-kennt-keine-grenzen\/"]}]},{"@type":"ImageObject","inLanguage":"de-CH","@id":"https:\/\/hub.hslu.ch\/soziale-arbeit\/soziale-arbeit-kennt-keine-grenzen\/#primaryimage","url":"https:\/\/hub.hslu.ch\/soziale-arbeit\/wp-content\/uploads\/sites\/23\/2026\/04\/Weltkarte-mit-Menschen-in-Farbe-Soziale-Arbeit.jpg","contentUrl":"https:\/\/hub.hslu.ch\/soziale-arbeit\/wp-content\/uploads\/sites\/23\/2026\/04\/Weltkarte-mit-Menschen-in-Farbe-Soziale-Arbeit.jpg","width":1614,"height":907,"caption":"Weltkarte mit Menschen in Farbe Soziale Arbeit"},{"@type":"BreadcrumbList","@id":"https:\/\/hub.hslu.ch\/soziale-arbeit\/soziale-arbeit-kennt-keine-grenzen\/#breadcrumb","itemListElement":[{"@type":"ListItem","position":1,"name":"Home","item":"https:\/\/hub.hslu.ch\/soziale-arbeit\/"},{"@type":"ListItem","position":2,"name":"Soziale Arbeit kennt keine Grenzen"}]},{"@type":"WebSite","@id":"https:\/\/hub.hslu.ch\/soziale-arbeit\/#website","url":"https:\/\/hub.hslu.ch\/soziale-arbeit\/","name":"Soziale Arbeit an der Hochschule Luzern","description":"Der Blog der Hochschule Luzern \u2013 Soziale Arbeit","potentialAction":[{"@type":"SearchAction","target":{"@type":"EntryPoint","urlTemplate":"https:\/\/hub.hslu.ch\/soziale-arbeit\/?s={search_term_string}"},"query-input":{"@type":"PropertyValueSpecification","valueRequired":true,"valueName":"search_term_string"}}],"inLanguage":"de-CH"},{"@type":"Person","@id":"https:\/\/hub.hslu.ch\/soziale-arbeit\/#\/schema\/person\/0d13e861725ae87916921d6d018489e4","name":"Roger Ettlin"}]}},"featured_image_src":"https:\/\/hub.hslu.ch\/soziale-arbeit\/wp-content\/uploads\/sites\/23\/2026\/04\/Weltkarte-mit-Menschen-in-Farbe-Soziale-Arbeit-600x400.jpg","featured_image_src_square":"https:\/\/hub.hslu.ch\/soziale-arbeit\/wp-content\/uploads\/sites\/23\/2026\/04\/Weltkarte-mit-Menschen-in-Farbe-Soziale-Arbeit-600x600.jpg","author_info":{"display_name":"Roger Ettlin","author_link":"https:\/\/hub.hslu.ch\/soziale-arbeit\/author\/rogerettlin\/"},"_links":{"self":[{"href":"https:\/\/hub.hslu.ch\/soziale-arbeit\/wp-json\/wp\/v2\/posts\/13557","targetHints":{"allow":["GET"]}}],"collection":[{"href":"https:\/\/hub.hslu.ch\/soziale-arbeit\/wp-json\/wp\/v2\/posts"}],"about":[{"href":"https:\/\/hub.hslu.ch\/soziale-arbeit\/wp-json\/wp\/v2\/types\/post"}],"author":[{"embeddable":true,"href":"https:\/\/hub.hslu.ch\/soziale-arbeit\/wp-json\/wp\/v2\/users\/152"}],"replies":[{"embeddable":true,"href":"https:\/\/hub.hslu.ch\/soziale-arbeit\/wp-json\/wp\/v2\/comments?post=13557"}],"version-history":[{"count":12,"href":"https:\/\/hub.hslu.ch\/soziale-arbeit\/wp-json\/wp\/v2\/posts\/13557\/revisions"}],"predecessor-version":[{"id":13574,"href":"https:\/\/hub.hslu.ch\/soziale-arbeit\/wp-json\/wp\/v2\/posts\/13557\/revisions\/13574"}],"wp:featuredmedia":[{"embeddable":true,"href":"https:\/\/hub.hslu.ch\/soziale-arbeit\/wp-json\/wp\/v2\/media\/13560"}],"wp:attachment":[{"href":"https:\/\/hub.hslu.ch\/soziale-arbeit\/wp-json\/wp\/v2\/media?parent=13557"}],"wp:term":[{"taxonomy":"category","embeddable":true,"href":"https:\/\/hub.hslu.ch\/soziale-arbeit\/wp-json\/wp\/v2\/categories?post=13557"},{"taxonomy":"post_tag","embeddable":true,"href":"https:\/\/hub.hslu.ch\/soziale-arbeit\/wp-json\/wp\/v2\/tags?post=13557"}],"curies":[{"name":"wp","href":"https:\/\/api.w.org\/{rel}","templated":true}]}}