{"id":1413,"date":"2021-02-02T13:00:48","date_gmt":"2021-02-02T12:00:48","guid":{"rendered":"https:\/\/hslu-soziale-arbeit.test\/?p=1413"},"modified":"2026-02-11T14:53:58","modified_gmt":"2026-02-11T13:53:58","slug":"die-corona-situation-in-der-schweiz-2-3-der-staat-und-die-buergerinnen-und-buerger","status":"publish","type":"post","link":"https:\/\/hub.hslu.ch\/soziale-arbeit\/die-corona-situation-in-der-schweiz-2-3-der-staat-und-die-buergerinnen-und-buerger\/","title":{"rendered":"Die Corona-Situation in der Schweiz (2\/3): Der Staat und die B\u00fcrgerinnen und B\u00fcrger"},"content":{"rendered":"\n<p> Liberale Stimmen \u2013 oder jene, die sich als ebensolche deklarieren \u2013 bef\u00fcrchten nun das Schlimmste: In der Pandemie h\u00e4tten sich noch die autonomsten Subjekte freiwillig an die Leine des Staates legen lassen, folgten blind wie Schafe den staatlich verordneten Regeln. Selber denken, Eigenverantwortung, das war gestern, heute gilt: einfach folgen und befolgen. Wie schwierig wird es sein, diesen Nanny-Staat wieder zu redimensionieren und sich den Tentakeln des Staatsmolochs wieder zu entwinden, dereinst, wenn Corona Geschichte sein oder zumindest keine akute Gefahr mehr herrschen wird!<\/p>\n\n\n\n<p>Das sogenannte&nbsp;<a href=\"https:\/\/de.wikipedia.org\/wiki\/Welfare_mix\" target=\"_blank\" rel=\"noreferrer noopener\">Wohlfahrtsdreieck<\/a>&nbsp;hat in den 1970er Jahren dazu beigetragen, die Staat-Markt-Dichotomie in der sozialwissenschaftlichen Diskussion zu \u00fcberwinden. Weder der Staat noch der Markt tragen allein zum Wohlstand der Gesellschaft bei, die Zivilgesellschaft ist ebenfalls eine wichtige Akteurin im&nbsp;<em>welfare mix<\/em>.<\/p>\n\n\n\n<p>Wo ist da der Zusammenhang mit der Corona-Situation? Nun, auch die Pandemie kann weder durch den Staat noch durch die Wirtschaft allein \u00abgel\u00f6st\u00bb werden. Es braucht dazu auch die Zivilgesellschaft, Einzelpersonen, Gemeinschaften, Familien, Vereine. Das Engagement von \u00ab<a href=\"https:\/\/www.facebook.com\/arocinharesiste\/\" target=\"_blank\" rel=\"noreferrer noopener\">Rocinha Resiste<\/a>\u00bb, einem Kollektiv aus einer der \u00e4rmsten Favelas in Rio de Janeiro in Brasilien ist ein Beispiel daf\u00fcr. Mittlerweile unterst\u00fctzt von zahlreichen Institutionen, hat \u00abRocinha Resiste\u00bb den Kampf gegen Covid-19 selbst in die Hand genommen. Aber auch in einem reichen Land mit einem gut funktionierenden Staat wie der Schweiz braucht es die Zivilgesellschaft, wie die zahlreichen Angebote der Nachbarschaftshilfe gerade auch in der Pandemiesituation zeigen.<\/p>\n\n\n\n<p>Die drei Sph\u00e4ren des&nbsp;<em>welfare mix&nbsp;<\/em>sind nicht voneinander losgel\u00f6ste Welten, sondern miteinander verkn\u00fcpft. Zwar funktionieren sie nach unterschiedlichen Logiken und sind zumindest teilweise in unterschiedlichen Bereichen wirksam. Aber in allen drei Bereichen sind Menschen \u2013 und nur Menschen \u2013 am Werk.<\/p>\n\n\n\n<p>Eine Krise bringt neben viel Not und Angst auch Erkenntnisse. \u00abDu kannst und zusammen k\u00f6nnen wir\u00bb war ein Motto von \u00abRocinha resiste\u00bb: die Krise kann auch\u00a0<em>empowern<\/em>\u00a0und die Menschen solidarisch machen. Weniger Hierarchien k\u00f6nnen zu einer besseren Zusammenarbeit f\u00fchren, wie es der\u00a0<a href=\"https:\/\/www.nzz.ch\/schweiz\/die-gehorsamkeit-ist-verschwunden-ld.1592013\" target=\"_blank\" rel=\"noreferrer noopener\">Chefarzt des Spitals Carit\u00e0 in Locarno<\/a>\u00a0erlebt hat. Und der Staat? Er muss f\u00fcr alle B\u00fcrgerinnen und B\u00fcrger gleich da sein. Und er muss sie alle gleich sch\u00fctzen k\u00f6nnen. Das gilt in der Pandemie, aber auch danach, etwa bei \u00f6kologischen Anliegen wie bei der Dekarbonisierung der Wirtschaft.<\/p>\n\n\n\n<hr class=\"wp-block-separator\"\/>\n\n\n\n<p>von: Simone Gretler Heusser<\/p>\n","protected":false},"excerpt":{"rendered":"<p>Die Corona-Pandemie hat zu einer verst\u00e4rkten Pr\u00e4senz des Staates gef\u00fchrt. Der Staat kauft die Impfung ein, der Staat organisiert die finanziellen Hilfen f\u00fcr jene, deren wirtschaftliche Existenz bedroht ist, der Staat verf\u00fcgt Schutzmassnahmen wie Versammlungsverbot und Abstandsregeln.<\/p>\n","protected":false},"author":111,"featured_media":2368,"comment_status":"open","ping_status":"closed","sticky":false,"template":"","format":"standard","meta":{"_acf_changed":false,"inline_featured_image":false,"_relevanssi_hide_post":"","_relevanssi_hide_content":"","_relevanssi_pin_for_all":"","_relevanssi_pin_keywords":"","_relevanssi_unpin_keywords":"","_relevanssi_related_keywords":"","_relevanssi_related_include_ids":"","_relevanssi_related_exclude_ids":"","_relevanssi_related_no_append":"","_relevanssi_related_not_related":"","_relevanssi_related_posts":"","_relevanssi_noindex_reason":"","footnotes":"","_links_to":"","_links_to_target":""},"categories":[20],"tags":[222,75,218,57],"class_list":["post-1413","post","type-post","status-publish","format-standard","has-post-thumbnail","hentry","category-soziokultur","tag-corona","tag-nachbarschaft","tag-solidaritaet","tag-zivilgesellschaftliches-engagement"],"acf":[],"yoast_head":"<!-- This site is optimized with the Yoast SEO plugin v27.5 - https:\/\/yoast.com\/product\/yoast-seo-wordpress\/ -->\n<title>Die Corona-Situation in der Schweiz (2\/3): Der Staat und die B\u00fcrgerinnen und B\u00fcrger &#8211; Soziale Arbeit an der Hochschule Luzern<\/title>\n<meta name=\"robots\" content=\"index, follow, max-snippet:-1, max-image-preview:large, max-video-preview:-1\" \/>\n<link rel=\"canonical\" href=\"https:\/\/hub.hslu.ch\/soziale-arbeit\/die-corona-situation-in-der-schweiz-2-3-der-staat-und-die-buergerinnen-und-buerger\/\" \/>\n<meta property=\"og:locale\" content=\"de_DE\" \/>\n<meta property=\"og:type\" content=\"article\" \/>\n<meta property=\"og:title\" content=\"Die Corona-Situation in der Schweiz (2\/3): Der Staat und die B\u00fcrgerinnen und B\u00fcrger &#8211; Soziale Arbeit an der Hochschule Luzern\" \/>\n<meta property=\"og:description\" content=\"Die Corona-Pandemie hat zu einer verst\u00e4rkten Pr\u00e4senz des Staates gef\u00fchrt. Der Staat kauft die Impfung ein, der Staat organisiert die finanziellen Hilfen f\u00fcr jene, deren wirtschaftliche Existenz bedroht ist, der Staat verf\u00fcgt Schutzmassnahmen wie Versammlungsverbot und Abstandsregeln.\" \/>\n<meta property=\"og:url\" content=\"https:\/\/hub.hslu.ch\/soziale-arbeit\/die-corona-situation-in-der-schweiz-2-3-der-staat-und-die-buergerinnen-und-buerger\/\" \/>\n<meta property=\"og:site_name\" content=\"Soziale Arbeit an der Hochschule Luzern\" \/>\n<meta property=\"article:published_time\" content=\"2021-02-02T12:00:48+00:00\" \/>\n<meta property=\"article:modified_time\" content=\"2026-02-11T13:53:58+00:00\" \/>\n<meta property=\"og:image\" content=\"https:\/\/hub.hslu.ch\/soziale-arbeit\/wp-content\/uploads\/sites\/23\/2021\/02\/bundeshaus-sued-15-g_702x336.jpg\" \/>\n\t<meta property=\"og:image:width\" content=\"702\" \/>\n\t<meta property=\"og:image:height\" content=\"336\" \/>\n\t<meta property=\"og:image:type\" content=\"image\/jpeg\" \/>\n<meta name=\"author\" content=\"webkinder\" \/>\n<meta name=\"twitter:card\" content=\"summary_large_image\" \/>\n<meta name=\"twitter:label1\" content=\"Geschrieben von\" \/>\n\t<meta name=\"twitter:data1\" content=\"webkinder\" \/>\n\t<meta name=\"twitter:label2\" content=\"Gesch\u00e4tzte Lesezeit\" \/>\n\t<meta name=\"twitter:data2\" content=\"3\u00a0Minuten\" \/>\n<script type=\"application\/ld+json\" class=\"yoast-schema-graph\">{\"@context\":\"https:\\\/\\\/schema.org\",\"@graph\":[{\"@type\":\"Article\",\"@id\":\"https:\\\/\\\/hub.hslu.ch\\\/soziale-arbeit\\\/die-corona-situation-in-der-schweiz-2-3-der-staat-und-die-buergerinnen-und-buerger\\\/#article\",\"isPartOf\":{\"@id\":\"https:\\\/\\\/hub.hslu.ch\\\/soziale-arbeit\\\/die-corona-situation-in-der-schweiz-2-3-der-staat-und-die-buergerinnen-und-buerger\\\/\"},\"author\":{\"name\":\"webkinder\",\"@id\":\"https:\\\/\\\/hub.hslu.ch\\\/soziale-arbeit\\\/#\\\/schema\\\/person\\\/2fbc41f8eff3a89d0755cce0ed9a2542\"},\"headline\":\"Die Corona-Situation in der Schweiz (2\\\/3): Der Staat und die B\u00fcrgerinnen und B\u00fcrger\",\"datePublished\":\"2021-02-02T12:00:48+00:00\",\"dateModified\":\"2026-02-11T13:53:58+00:00\",\"mainEntityOfPage\":{\"@id\":\"https:\\\/\\\/hub.hslu.ch\\\/soziale-arbeit\\\/die-corona-situation-in-der-schweiz-2-3-der-staat-und-die-buergerinnen-und-buerger\\\/\"},\"wordCount\":395,\"commentCount\":1,\"image\":{\"@id\":\"https:\\\/\\\/hub.hslu.ch\\\/soziale-arbeit\\\/die-corona-situation-in-der-schweiz-2-3-der-staat-und-die-buergerinnen-und-buerger\\\/#primaryimage\"},\"thumbnailUrl\":\"https:\\\/\\\/hub.hslu.ch\\\/soziale-arbeit\\\/wp-content\\\/uploads\\\/sites\\\/23\\\/2021\\\/02\\\/bundeshaus-sued-15-g_702x336.jpg\",\"keywords\":[\"Corona\",\"Nachbarschaft\",\"Solidarit\u00e4t\",\"Zivilgesellschaftliches Engagement\"],\"articleSection\":[\"Soziokultur\"],\"inLanguage\":\"de-CH\",\"potentialAction\":[{\"@type\":\"CommentAction\",\"name\":\"Comment\",\"target\":[\"https:\\\/\\\/hub.hslu.ch\\\/soziale-arbeit\\\/die-corona-situation-in-der-schweiz-2-3-der-staat-und-die-buergerinnen-und-buerger\\\/#respond\"]}]},{\"@type\":\"WebPage\",\"@id\":\"https:\\\/\\\/hub.hslu.ch\\\/soziale-arbeit\\\/die-corona-situation-in-der-schweiz-2-3-der-staat-und-die-buergerinnen-und-buerger\\\/\",\"url\":\"https:\\\/\\\/hub.hslu.ch\\\/soziale-arbeit\\\/die-corona-situation-in-der-schweiz-2-3-der-staat-und-die-buergerinnen-und-buerger\\\/\",\"name\":\"Die Corona-Situation in der Schweiz (2\\\/3): Der Staat und die B\u00fcrgerinnen und B\u00fcrger &#8211; Soziale Arbeit an der Hochschule Luzern\",\"isPartOf\":{\"@id\":\"https:\\\/\\\/hub.hslu.ch\\\/soziale-arbeit\\\/#website\"},\"primaryImageOfPage\":{\"@id\":\"https:\\\/\\\/hub.hslu.ch\\\/soziale-arbeit\\\/die-corona-situation-in-der-schweiz-2-3-der-staat-und-die-buergerinnen-und-buerger\\\/#primaryimage\"},\"image\":{\"@id\":\"https:\\\/\\\/hub.hslu.ch\\\/soziale-arbeit\\\/die-corona-situation-in-der-schweiz-2-3-der-staat-und-die-buergerinnen-und-buerger\\\/#primaryimage\"},\"thumbnailUrl\":\"https:\\\/\\\/hub.hslu.ch\\\/soziale-arbeit\\\/wp-content\\\/uploads\\\/sites\\\/23\\\/2021\\\/02\\\/bundeshaus-sued-15-g_702x336.jpg\",\"datePublished\":\"2021-02-02T12:00:48+00:00\",\"dateModified\":\"2026-02-11T13:53:58+00:00\",\"author\":{\"@id\":\"https:\\\/\\\/hub.hslu.ch\\\/soziale-arbeit\\\/#\\\/schema\\\/person\\\/2fbc41f8eff3a89d0755cce0ed9a2542\"},\"breadcrumb\":{\"@id\":\"https:\\\/\\\/hub.hslu.ch\\\/soziale-arbeit\\\/die-corona-situation-in-der-schweiz-2-3-der-staat-und-die-buergerinnen-und-buerger\\\/#breadcrumb\"},\"inLanguage\":\"de-CH\",\"potentialAction\":[{\"@type\":\"ReadAction\",\"target\":[\"https:\\\/\\\/hub.hslu.ch\\\/soziale-arbeit\\\/die-corona-situation-in-der-schweiz-2-3-der-staat-und-die-buergerinnen-und-buerger\\\/\"]}]},{\"@type\":\"ImageObject\",\"inLanguage\":\"de-CH\",\"@id\":\"https:\\\/\\\/hub.hslu.ch\\\/soziale-arbeit\\\/die-corona-situation-in-der-schweiz-2-3-der-staat-und-die-buergerinnen-und-buerger\\\/#primaryimage\",\"url\":\"https:\\\/\\\/hub.hslu.ch\\\/soziale-arbeit\\\/wp-content\\\/uploads\\\/sites\\\/23\\\/2021\\\/02\\\/bundeshaus-sued-15-g_702x336.jpg\",\"contentUrl\":\"https:\\\/\\\/hub.hslu.ch\\\/soziale-arbeit\\\/wp-content\\\/uploads\\\/sites\\\/23\\\/2021\\\/02\\\/bundeshaus-sued-15-g_702x336.jpg\",\"width\":702,\"height\":336},{\"@type\":\"BreadcrumbList\",\"@id\":\"https:\\\/\\\/hub.hslu.ch\\\/soziale-arbeit\\\/die-corona-situation-in-der-schweiz-2-3-der-staat-und-die-buergerinnen-und-buerger\\\/#breadcrumb\",\"itemListElement\":[{\"@type\":\"ListItem\",\"position\":1,\"name\":\"Home\",\"item\":\"https:\\\/\\\/hub.hslu.ch\\\/soziale-arbeit\\\/\"},{\"@type\":\"ListItem\",\"position\":2,\"name\":\"Die Corona-Situation in der Schweiz (2\\\/3): Der Staat und die B\u00fcrgerinnen und B\u00fcrger\"}]},{\"@type\":\"WebSite\",\"@id\":\"https:\\\/\\\/hub.hslu.ch\\\/soziale-arbeit\\\/#website\",\"url\":\"https:\\\/\\\/hub.hslu.ch\\\/soziale-arbeit\\\/\",\"name\":\"Soziale Arbeit an der Hochschule Luzern\",\"description\":\"Der Blog der Hochschule Luzern \u2013 Soziale Arbeit\",\"potentialAction\":[{\"@type\":\"SearchAction\",\"target\":{\"@type\":\"EntryPoint\",\"urlTemplate\":\"https:\\\/\\\/hub.hslu.ch\\\/soziale-arbeit\\\/?s={search_term_string}\"},\"query-input\":{\"@type\":\"PropertyValueSpecification\",\"valueRequired\":true,\"valueName\":\"search_term_string\"}}],\"inLanguage\":\"de-CH\"},{\"@type\":\"Person\",\"@id\":\"https:\\\/\\\/hub.hslu.ch\\\/soziale-arbeit\\\/#\\\/schema\\\/person\\\/2fbc41f8eff3a89d0755cce0ed9a2542\",\"name\":\"webkinder\"}]}<\/script>\n<!-- \/ Yoast SEO plugin. -->","yoast_head_json":{"title":"Die Corona-Situation in der Schweiz (2\/3): Der Staat und die B\u00fcrgerinnen und B\u00fcrger &#8211; Soziale Arbeit an der Hochschule Luzern","robots":{"index":"index","follow":"follow","max-snippet":"max-snippet:-1","max-image-preview":"max-image-preview:large","max-video-preview":"max-video-preview:-1"},"canonical":"https:\/\/hub.hslu.ch\/soziale-arbeit\/die-corona-situation-in-der-schweiz-2-3-der-staat-und-die-buergerinnen-und-buerger\/","og_locale":"de_DE","og_type":"article","og_title":"Die Corona-Situation in der Schweiz (2\/3): Der Staat und die B\u00fcrgerinnen und B\u00fcrger &#8211; Soziale Arbeit an der Hochschule Luzern","og_description":"Die Corona-Pandemie hat zu einer verst\u00e4rkten Pr\u00e4senz des Staates gef\u00fchrt. Der Staat kauft die Impfung ein, der Staat organisiert die finanziellen Hilfen f\u00fcr jene, deren wirtschaftliche Existenz bedroht ist, der Staat verf\u00fcgt Schutzmassnahmen wie Versammlungsverbot und Abstandsregeln.","og_url":"https:\/\/hub.hslu.ch\/soziale-arbeit\/die-corona-situation-in-der-schweiz-2-3-der-staat-und-die-buergerinnen-und-buerger\/","og_site_name":"Soziale Arbeit an der Hochschule Luzern","article_published_time":"2021-02-02T12:00:48+00:00","article_modified_time":"2026-02-11T13:53:58+00:00","og_image":[{"width":702,"height":336,"url":"https:\/\/hub.hslu.ch\/soziale-arbeit\/wp-content\/uploads\/sites\/23\/2021\/02\/bundeshaus-sued-15-g_702x336.jpg","type":"image\/jpeg"}],"author":"webkinder","twitter_card":"summary_large_image","twitter_misc":{"Geschrieben von":"webkinder","Gesch\u00e4tzte Lesezeit":"3\u00a0Minuten"},"schema":{"@context":"https:\/\/schema.org","@graph":[{"@type":"Article","@id":"https:\/\/hub.hslu.ch\/soziale-arbeit\/die-corona-situation-in-der-schweiz-2-3-der-staat-und-die-buergerinnen-und-buerger\/#article","isPartOf":{"@id":"https:\/\/hub.hslu.ch\/soziale-arbeit\/die-corona-situation-in-der-schweiz-2-3-der-staat-und-die-buergerinnen-und-buerger\/"},"author":{"name":"webkinder","@id":"https:\/\/hub.hslu.ch\/soziale-arbeit\/#\/schema\/person\/2fbc41f8eff3a89d0755cce0ed9a2542"},"headline":"Die Corona-Situation in der Schweiz (2\/3): Der Staat und die B\u00fcrgerinnen und B\u00fcrger","datePublished":"2021-02-02T12:00:48+00:00","dateModified":"2026-02-11T13:53:58+00:00","mainEntityOfPage":{"@id":"https:\/\/hub.hslu.ch\/soziale-arbeit\/die-corona-situation-in-der-schweiz-2-3-der-staat-und-die-buergerinnen-und-buerger\/"},"wordCount":395,"commentCount":1,"image":{"@id":"https:\/\/hub.hslu.ch\/soziale-arbeit\/die-corona-situation-in-der-schweiz-2-3-der-staat-und-die-buergerinnen-und-buerger\/#primaryimage"},"thumbnailUrl":"https:\/\/hub.hslu.ch\/soziale-arbeit\/wp-content\/uploads\/sites\/23\/2021\/02\/bundeshaus-sued-15-g_702x336.jpg","keywords":["Corona","Nachbarschaft","Solidarit\u00e4t","Zivilgesellschaftliches Engagement"],"articleSection":["Soziokultur"],"inLanguage":"de-CH","potentialAction":[{"@type":"CommentAction","name":"Comment","target":["https:\/\/hub.hslu.ch\/soziale-arbeit\/die-corona-situation-in-der-schweiz-2-3-der-staat-und-die-buergerinnen-und-buerger\/#respond"]}]},{"@type":"WebPage","@id":"https:\/\/hub.hslu.ch\/soziale-arbeit\/die-corona-situation-in-der-schweiz-2-3-der-staat-und-die-buergerinnen-und-buerger\/","url":"https:\/\/hub.hslu.ch\/soziale-arbeit\/die-corona-situation-in-der-schweiz-2-3-der-staat-und-die-buergerinnen-und-buerger\/","name":"Die Corona-Situation in der Schweiz (2\/3): Der Staat und die B\u00fcrgerinnen und B\u00fcrger &#8211; Soziale Arbeit an der Hochschule Luzern","isPartOf":{"@id":"https:\/\/hub.hslu.ch\/soziale-arbeit\/#website"},"primaryImageOfPage":{"@id":"https:\/\/hub.hslu.ch\/soziale-arbeit\/die-corona-situation-in-der-schweiz-2-3-der-staat-und-die-buergerinnen-und-buerger\/#primaryimage"},"image":{"@id":"https:\/\/hub.hslu.ch\/soziale-arbeit\/die-corona-situation-in-der-schweiz-2-3-der-staat-und-die-buergerinnen-und-buerger\/#primaryimage"},"thumbnailUrl":"https:\/\/hub.hslu.ch\/soziale-arbeit\/wp-content\/uploads\/sites\/23\/2021\/02\/bundeshaus-sued-15-g_702x336.jpg","datePublished":"2021-02-02T12:00:48+00:00","dateModified":"2026-02-11T13:53:58+00:00","author":{"@id":"https:\/\/hub.hslu.ch\/soziale-arbeit\/#\/schema\/person\/2fbc41f8eff3a89d0755cce0ed9a2542"},"breadcrumb":{"@id":"https:\/\/hub.hslu.ch\/soziale-arbeit\/die-corona-situation-in-der-schweiz-2-3-der-staat-und-die-buergerinnen-und-buerger\/#breadcrumb"},"inLanguage":"de-CH","potentialAction":[{"@type":"ReadAction","target":["https:\/\/hub.hslu.ch\/soziale-arbeit\/die-corona-situation-in-der-schweiz-2-3-der-staat-und-die-buergerinnen-und-buerger\/"]}]},{"@type":"ImageObject","inLanguage":"de-CH","@id":"https:\/\/hub.hslu.ch\/soziale-arbeit\/die-corona-situation-in-der-schweiz-2-3-der-staat-und-die-buergerinnen-und-buerger\/#primaryimage","url":"https:\/\/hub.hslu.ch\/soziale-arbeit\/wp-content\/uploads\/sites\/23\/2021\/02\/bundeshaus-sued-15-g_702x336.jpg","contentUrl":"https:\/\/hub.hslu.ch\/soziale-arbeit\/wp-content\/uploads\/sites\/23\/2021\/02\/bundeshaus-sued-15-g_702x336.jpg","width":702,"height":336},{"@type":"BreadcrumbList","@id":"https:\/\/hub.hslu.ch\/soziale-arbeit\/die-corona-situation-in-der-schweiz-2-3-der-staat-und-die-buergerinnen-und-buerger\/#breadcrumb","itemListElement":[{"@type":"ListItem","position":1,"name":"Home","item":"https:\/\/hub.hslu.ch\/soziale-arbeit\/"},{"@type":"ListItem","position":2,"name":"Die Corona-Situation in der Schweiz (2\/3): Der Staat und die B\u00fcrgerinnen und B\u00fcrger"}]},{"@type":"WebSite","@id":"https:\/\/hub.hslu.ch\/soziale-arbeit\/#website","url":"https:\/\/hub.hslu.ch\/soziale-arbeit\/","name":"Soziale Arbeit an der Hochschule Luzern","description":"Der Blog der Hochschule Luzern \u2013 Soziale Arbeit","potentialAction":[{"@type":"SearchAction","target":{"@type":"EntryPoint","urlTemplate":"https:\/\/hub.hslu.ch\/soziale-arbeit\/?s={search_term_string}"},"query-input":{"@type":"PropertyValueSpecification","valueRequired":true,"valueName":"search_term_string"}}],"inLanguage":"de-CH"},{"@type":"Person","@id":"https:\/\/hub.hslu.ch\/soziale-arbeit\/#\/schema\/person\/2fbc41f8eff3a89d0755cce0ed9a2542","name":"webkinder"}]}},"featured_image_src":"https:\/\/hub.hslu.ch\/soziale-arbeit\/wp-content\/uploads\/sites\/23\/2021\/02\/bundeshaus-sued-15-g_702x336.jpg","featured_image_src_square":"https:\/\/hub.hslu.ch\/soziale-arbeit\/wp-content\/uploads\/sites\/23\/2021\/02\/bundeshaus-sued-15-g_702x336.jpg","author_info":{"display_name":"webkinder","author_link":"https:\/\/hub.hslu.ch\/soziale-arbeit\/author\/webkinder\/"},"_links":{"self":[{"href":"https:\/\/hub.hslu.ch\/soziale-arbeit\/wp-json\/wp\/v2\/posts\/1413","targetHints":{"allow":["GET"]}}],"collection":[{"href":"https:\/\/hub.hslu.ch\/soziale-arbeit\/wp-json\/wp\/v2\/posts"}],"about":[{"href":"https:\/\/hub.hslu.ch\/soziale-arbeit\/wp-json\/wp\/v2\/types\/post"}],"author":[{"embeddable":true,"href":"https:\/\/hub.hslu.ch\/soziale-arbeit\/wp-json\/wp\/v2\/users\/111"}],"replies":[{"embeddable":true,"href":"https:\/\/hub.hslu.ch\/soziale-arbeit\/wp-json\/wp\/v2\/comments?post=1413"}],"version-history":[{"count":4,"href":"https:\/\/hub.hslu.ch\/soziale-arbeit\/wp-json\/wp\/v2\/posts\/1413\/revisions"}],"predecessor-version":[{"id":12805,"href":"https:\/\/hub.hslu.ch\/soziale-arbeit\/wp-json\/wp\/v2\/posts\/1413\/revisions\/12805"}],"wp:featuredmedia":[{"embeddable":true,"href":"https:\/\/hub.hslu.ch\/soziale-arbeit\/wp-json\/wp\/v2\/media\/2368"}],"wp:attachment":[{"href":"https:\/\/hub.hslu.ch\/soziale-arbeit\/wp-json\/wp\/v2\/media?parent=1413"}],"wp:term":[{"taxonomy":"category","embeddable":true,"href":"https:\/\/hub.hslu.ch\/soziale-arbeit\/wp-json\/wp\/v2\/categories?post=1413"},{"taxonomy":"post_tag","embeddable":true,"href":"https:\/\/hub.hslu.ch\/soziale-arbeit\/wp-json\/wp\/v2\/tags?post=1413"}],"curies":[{"name":"wp","href":"https:\/\/api.w.org\/{rel}","templated":true}]}}