{"id":14184,"date":"2026-09-01T08:30:00","date_gmt":"2026-09-01T06:30:00","guid":{"rendered":"https:\/\/hub.hslu.ch\/soziale-arbeit\/?p=14184"},"modified":"2026-08-27T17:53:26","modified_gmt":"2026-08-27T15:53:26","slug":"menschenwurde-menschenrechte-und-soziale-gerechtigkeit","status":"publish","type":"post","link":"https:\/\/hub.hslu.ch\/soziale-arbeit\/menschenwurde-menschenrechte-und-soziale-gerechtigkeit\/","title":{"rendered":"Menschenw\u00fcrde, Menschenrechte und Soziale Gerechtigkeit: Warum sie uns alle angehen"},"content":{"rendered":"\n<blockquote class=\"wp-block-quote is-layout-flow wp-block-quote-is-layout-flow\">\n<p class=\"wp-block-paragraph\"><strong>\u00ab<\/strong>Ein junger Mann muss mit 17 Jahren sterben, weil er auf der falschen Seite geboren wurde.\u00bb<\/p>\n<\/blockquote>\n\n\n\n<h2 class=\"wp-block-heading\"><strong>Ein Kompass f\u00fcr die Fachpersonen der Sozialen Arbeit<\/strong><\/h2>\n\n\n\n<p class=\"wp-block-paragraph\">Menschenw\u00fcrde, Menschenrechte und Soziale Gerechtigkeit \u2013 diese drei Grundprinzipien sollen Fachpersonen der Sozialen Arbeit wie ein Kompass leiten. So steht es im \u00fcberarbeiteten Berufskodex von <a href=\"https:\/\/avenirsocial.ch\/fachwissen\/berufskodex\/\">Avenir Social<\/a>, der partizipativ entwickelt wurde und sich auf internationale Standards st\u00fctzt. Diese Prinzipien ber\u00fchren uns alle, doch bei Fachpersonen der Sozialen Arbeit wird erwartet, dass sie ihr Handeln systematisch und kontinuierlich reflektieren. Ihr Handeln muss nicht nur auf seine Legalit\u00e4t gepr\u00fcft werden (das ist selbstverst\u00e4ndlich), sondern auch auf seine Legitimit\u00e4t \u2013 auf den konkreten Kontext bezogen. <\/p>\n\n\n\n<p class=\"wp-block-paragraph\">Die Fachpersonen der Sozialen Arbeit und die Profession der Sozialen Arbeit tun gut daran, diese Prinzipien genauso konsequent zu beherzigen wie Weisungen und Richtlinien. Eine Instrumentalisierung von Fachpersonen der Sozialen Arbeit wie etwa in der Aktion \u00ab<a href=\"https:\/\/www.bak.admin.ch\/de\/aktion-kinder-der-landstrasse-der-pro-juventute\">Kinder der Landstrasse<\/a>\u00bb soll nie mehr passieren k\u00f6nnen \u2013 und darf nie mehr passieren. Berufsethische Fragen k\u00f6nnen auch ausgeweitet werden \u00fcber die Soziale Arbeit hinaus: \u00abWie behandeln wir einander? Wer hat Rechte \u2013 und wer wird unsichtbar gemacht?\u00bb<\/p>\n\n\n\n<h2 class=\"wp-block-heading\"><strong>Wenn das System versagt: Assa Traor\u00e9s Kampf<\/strong><\/h2>\n\n\n\n<p class=\"wp-block-paragraph\"><a href=\"https:\/\/www.instagram.com\/assa.traore_\/?hl=de\">Assa Traor\u00e9s<\/a> Bruder starb an seinem 24. Geburtstag auf einer Polizeiwache in Paris. Sein Tod war kein Einzelfall. Seitdem k\u00e4mpft Assa Traor\u00e9 f\u00fcr soziale Gerechtigkeit und gegen Systemgewalt \u2013 und macht auf Instagram auf F\u00e4lle aufmerksam, die sonst im Verborgenen bleiben w\u00fcrden.<\/p>\n\n\n<div class=\"blue-box\">\n\t<div class=\"row\">\n\t\t<div class=\"col-md-12\">\n\t\t\t<p><strong>Wer ist Assa Traor\u00e9?<\/strong><\/p>\n<p><a href=\"https:\/\/en.wikipedia.org\/wiki\/Assa_Traor%C3%A9\">Assa Traor\u00e9<\/a> ist eine franz\u00f6sische Aktivistin, die sich gegen Polizeigewalt, Rassismus und soziale Ungerechtigkeit engagiert. Bekannt wurde sie nach dem Tod ihres Bruders Adama Traor\u00e9 im Jahr 2016 nach einer Polizeikontrolle. Seither setzt sie sich mit dem Kollektiv <a href=\"https:\/\/www.instagram.com\/laveritepouradama\/?hl=de\">\u00abLa V\u00e9rit\u00e9 pour Adama\u00bb<\/a> f\u00fcr Aufkl\u00e4rung und Gerechtigkeit ein.<\/p>\n\t\t<\/div>\n\t<\/div>\n<\/div>\n\n\n\n<p class=\"wp-block-paragraph\">Wie den eines 17-j\u00e4hrigen Jungen, der an einem fr\u00fchen Morgen Ende Juni dieses Jahres in <a href=\"https:\/\/www.lemonde.fr\/societe\/article\/2026\/06\/26\/a-narbonne-louis-17-ans-meurt-apres-une-violente-agression-filmee_6715802_3224.html?srsltid=AfmBOoqRtG7HK_pIAjfbtM4MWqswLv2dxE3wLphfyjYHOr03Bi0sUVV3\">Narbonne<\/a> bewusstlos aufgefunden wurde und Tage sp\u00e4ter im Krankenhaus starb, ohne das Bewusstsein wiederzuerlangen. Er war von anderen Jugendlichen zusammengeschlagen worden \u2013 offenbar, weil er sich wegen Drohungen bei der Polizei gemeldet hatte.<\/p>\n\n\n\n<p class=\"wp-block-paragraph\">Vielleicht musste er sterben, weil er in einem Heim f\u00fcr Minderj\u00e4hrige lebte, dem unter der aktuellen Politik Frankreichs immer weniger Mittel zur Verf\u00fcgung stehen. Nach dem Angriff lag er viele Stunden schwer verletzt im Freien, bevor er gefunden wurde. Im Heim wurde er offenbar nicht gesucht, als er am Abend nicht zur\u00fcckkehrte. Oder vielleicht fiel es gar nicht auf, dass er fehlte an diesem Samstagabend? Ich weiss es nicht. Auch nicht, ob er noch leben w\u00fcrde, w\u00e4re er fr\u00fcher gefunden worden \u2013 m\u00f6glich w\u00e4re es auf jeden Fall.<\/p>\n\n\n\n<p class=\"wp-block-paragraph\">Die Fragen h\u00e4ngen in der Luft. Und sie zeigen: Soziale Gerechtigkeit ist konkret, fassbar, da. Sie entscheidet \u00fcber Leben und Tod. \u00dcber Sichtbarkeit und Unsichtbarkeit. \u00dcber Schutz und Schutzlosigkeit.<\/p>\n\n\n\n<blockquote class=\"wp-block-quote is-layout-flow wp-block-quote-is-layout-flow\">\n<p class=\"wp-block-paragraph\">Soziale Gerechtigkeit ist konkret, fassbar, da. Sie entscheidet \u00fcber Leben und Tod. \u00dcber Sichtbarkeit und Unsichtbarkeit. \u00dcber Schutz und Schutzlosigkeit.<\/p>\n<\/blockquote>\n\n\n\n<h2 class=\"wp-block-heading\"><strong>Fiktion als Spiegel der Realit\u00e4t: die Macht der Privilegien<\/strong><\/h2>\n\n\n\n<p class=\"wp-block-paragraph\">Manchmal hilft Fiktion, die Wahrheiten zu erkennen. In Staffel vier von <a href=\"https:\/\/streaming-guide.spiegel.de\/serien\/bridgerton\/\">Bridgerton<\/a>, einer im Corona-Jahr 2020 gestarteten Netflix-Serie, wird Sophie Baek, eine Aschenputtel-Version, von ihrer Stiefmutter um Erbe und Zukunft betrogen. Doch damit nicht genug. Die Stiefmutter beschuldigt die Heldin des Diebstahls und l\u00e4sst sie verhaften und in den Kerker werfen. Vor Gericht darf Sophie nicht einmal sprechen \u2013 einfach, weil sie nicht adlig ist, sondern eine Dienstmagd. Zum Gl\u00fcck wird sie von einem Bridgerton gerettet \u2013 sein Adelstitel ist h\u00f6her als der der Stiefmutter, sein Wort gilt mehr als ihres.<\/p>\n\n\n\n<p class=\"wp-block-paragraph\">Die Botschaft ist klar: Je h\u00f6her der Stand, desto mehr Rechte. Oder: Wer nicht adelig ist, hat keine Rechte, nicht einmal eine Stimme. Heute leben wir nicht mehr in einer Standesgesellschaft. Die Franz\u00f6sische Revolution hat Gleichheit, Freiheit und Solidarit\u00e4t versprochen. Doch die Realit\u00e4t sieht anders aus. Im Sommer 2026 stirbt ein 17-J\u00e4hriger, weil er \u00abauf der falschen Seite\u00bb geboren wurde. Er war deprivilegiert. Nicht nur das, entrechtet war er. Er hatte keine Privilegien, die ihn sch\u00fctzten: Eltern, Geld, Beziehungen. Und jene, die ihm basale Rechte h\u00e4tten zugestehen m\u00fcssen \u2013 rechtliches Geh\u00f6r, Schutz als Minderj\u00e4hrigem, haben versagt. Ein System, das ihm die grundlegendsten Rechte verweigerte.<\/p>\n\n\n\n<h2 class=\"wp-block-heading\"><strong>Wegschauen heisst, sich mitschuldig machen<\/strong><\/h2>\n\n\n\n<p class=\"wp-block-paragraph\">Die Geschichten, die Assa Traor\u00e9 publik macht und die die Netflix-Serie erz\u00e4hlt, m\u00f6gen auf den ersten Blick nichts miteinander zu tun haben. Doch zeigen beide: Soziale Ungerechtigkeit ist kein Zufall. Sie ist systemisch. Sie zeigt sich in Polizeigewalt, in unterversorgten Heimen, in Justizsystemen, die manche Stimmen zum Schweigen verdammen.<\/p>\n\n\n\n<p class=\"wp-block-paragraph\">Der Berufskodex der Sozialen Arbeit erinnert uns daran, dass Menschenw\u00fcrde nicht verhandelbar ist. Dass Menschenrechte f\u00fcr alle gelten \u2013 nicht nur f\u00fcr die Privilegierten, die sich wehren k\u00f6nnen. Soziale Gerechtigkeit ist kein Luxus, sondern eine Notwendigkeit.<\/p>\n\n\n\n<p class=\"wp-block-paragraph\">Was bleibt? Am Ende bleiben Fragen. Und die Gewissheit, dass wir nicht wegschauen d\u00fcrfen. Dass wir die Geschichten derer h\u00f6ren m\u00fcssen, deren Stimmen kein Geh\u00f6r finden. Dass wir erkennen m\u00fcssen, dass Soziale Gerechtigkeit kein Privileg ist \u2013 sondern ein Menschenrecht.<\/p>\n\n\n\n<p class=\"wp-block-paragraph\">Denn wenn ein 17-J\u00e4hriger stirbt, weil das System versagt, dann geht das uns alle an. Dann ist es an der Zeit, den Kompass neu auszurichten \u2013 nicht nur in der Sozialen Arbeit, sondern in unserem gesamten Zusammenleben.<\/p>\n\n\n\n<p class=\"wp-block-paragraph\">Ein junger Mensch. Ein ungerechtes System, das seine Anspr\u00fcche nicht erf\u00fcllt.<\/p>\n\n\n\n<p class=\"wp-block-paragraph\">Und wir? Was tun wir dagegen?<\/p>\n\n\n\n<div class=\"wp-block-genesis-blocks-gb-profile-box square gb-has-avatar gb-font-size-18 gb-block-profile gb-profile-columns\" style=\"background-color:#f2f2f2;color:#32373c\"><div class=\"gb-profile-column gb-profile-avatar-wrap\"><div class=\"gb-profile-image-wrap\"><figure class=\"gb-profile-image-square\"><img loading=\"lazy\" decoding=\"async\" width=\"174\" height=\"183\" class=\"gb-profile-avatar wp-image-4112\" src=\"https:\/\/hub.hslu.ch\/soziale-arbeit\/wp-content\/uploads\/sites\/23\/2022\/09\/Simone-Gretler.jpg\" alt=\"Simone Gretler Heusser\" \/><\/figure><\/div><\/div><div class=\"gb-profile-column gb-profile-content-wrap\"><h2 class=\"gb-profile-name\" style=\"color:#32373c\"><strong>Prof.&nbsp;Simone&nbsp;Gretler Heusser<\/strong><\/h2><p class=\"gb-profile-title\" style=\"color:#32373c\"><\/p><div class=\"gb-profile-text\">Die&nbsp;<a href=\"https:\/\/www.hslu.ch\/de-ch\/hochschule-luzern\/ueber-uns\/personensuche\/profile\/?pid=66\">Dozentin und Projektleiterin<\/a>&nbsp;ist Verantwortliche des&nbsp;<a href=\"https:\/\/www.hslu.ch\/de-ch\/soziale-arbeit\/ueber-uns\/institute\/soziokulturelle-entwicklung\/zivilgesellschaft-und-teilhabe\/\">Kompetenzzentrums Zivilgesellschaft und Teilhabe<\/a>&nbsp;und Co-Leiterin des Studiengangs BSc Neue Konzepte und Innovation. Ihre Schwerpunkte sind Partizipation, demographischer Wandel und soziale Ungleichheit.<br><\/div><ul class=\"gb-social-links\"><\/ul><\/div><\/div>\n\n\n\n<p class=\"wp-block-paragraph\">Von:&nbsp;<a href=\"https:\/\/www.hslu.ch\/de-ch\/hochschule-luzern\/ueber-uns\/personensuche\/profile\/?pid=66\">Simone Gretler Heusser<\/a><br>Bild:&nbsp;<a href=\"https:\/\/www.hslu.ch\/de-ch\/hochschule-luzern\/ueber-uns\/personensuche\/profile\/?pid=66\">Simone Gretler Heusser<\/a><br>Ver\u00f6ffentlicht: 1. September 2026<\/p>\n\n\n<div class=\"blue-box\">\n\t<div class=\"row\">\n\t\t<div class=\"col-md-12\">\n\t\t\t<p><a href=\"https:\/\/www.hslu.ch\/de-ch\/soziale-arbeit\/studium\/bachelor\/soziale-arbeit-neue-konzepte-und-innovation\/\"><strong>Bachelor in Sozialer Arbeit \u2013 neue Konzepte und Innovation<\/strong><\/a><\/p>\n<p>Der Bachelor verbindet selbstorganisiertes Lernen mit konsequenter Praxisn\u00e4he. Studierende gestalten ihren Lernprozess aktiv mit und arbeiten eng mit Mitstudierenden, Dozierenden und Fachpersonen aus der Praxis zusammen.<\/p>\n<p><strong>Warum dieser Bachelor?<\/strong> Die Soziale Arbeit steht vor neuen gesellschaftlichen Herausforderungen. Der Studiengang f\u00f6rdert deshalb nicht nur Fachwissen, sondern insbesondere die F\u00e4higkeit, in komplexen Situationen selbstst\u00e4ndig, kooperativ und innovativ zu handeln.<\/p>\n<p><strong>Du lernst im Bachelor:<\/strong><\/p>\n<ul>\n<li>Lernprozesse eigenverantwortlich zu gestalten<\/li>\n<li>In Teams auf Augenh\u00f6he zusammenzuarbeiten<\/li>\n<li>Praxisfragen mit theoretischem Wissen zu verbinden<\/li>\n<li>Neue L\u00f6sungen f\u00fcr aktuelle und zuk\u00fcnftige Herausforderungen zu entwickeln<\/li>\n<\/ul>\n<p><strong>Infoveranstaltungen:<\/strong><\/p>\n<ul>\n<li><a href=\"https:\/\/www.hslu.ch\/de-ch\/soziale-arbeit\/agenda\/veranstaltungen\/2026\/09\/09\/info-event-bachelor-nki\/\">In Luzern: MI, 9. September 2026<\/a><\/li>\n<li><a href=\"https:\/\/www.hslu.ch\/de-ch\/soziale-arbeit\/agenda\/veranstaltungen\/2026\/10\/12\/info-event-bachelor-nki\/\">Online: MO, 12. Oktober 2026<\/a><\/li>\n<li><a href=\"https:\/\/www.hslu.ch\/de-ch\/soziale-arbeit\/agenda\/veranstaltungen\/2026\/11\/02\/info-event-bachelor-nki\/\">Online: MO, 2. November 2026<\/a><\/li>\n<\/ul>\n<p><strong>Mehr Infos:<\/strong> <a href=\"https:\/\/www.hslu.ch\/de-ch\/soziale-arbeit\/studium\/bachelor\/soziale-arbeit-neue-konzepte-und-innovation\/\">Webseite Bachelor in Sozialer Arbeit neue Konzepte und Innovation<\/a><\/p>\n\t\t<\/div>\n\t<\/div>\n<\/div>\n","protected":false},"excerpt":{"rendered":"<p>Menschenw\u00fcrde, Menschenrechte und Soziale Gerechtigkeit sind zentrale Grundprinzipien der Sozialen Arbeit. Doch was bedeuten sie, wenn Menschen durchs soziale Netz fallen und Schutzmechanismen versagen? Ein Beitrag \u00fcber Privilegien, Verantwortung und die Frage, warum Wegschauen keine Option ist.<\/p>\n","protected":false},"author":152,"featured_media":14193,"comment_status":"open","ping_status":"closed","sticky":false,"template":"","format":"standard","meta":{"_acf_changed":false,"inline_featured_image":false,"_relevanssi_hide_post":"","_relevanssi_hide_content":"","_relevanssi_pin_for_all":"","_relevanssi_pin_keywords":"","_relevanssi_unpin_keywords":"","_relevanssi_related_keywords":"","_relevanssi_related_include_ids":"","_relevanssi_related_exclude_ids":"","_relevanssi_related_no_append":"","_relevanssi_related_not_related":"","_relevanssi_related_posts":"1845,8672,8766,11235,11576,9603","_relevanssi_noindex_reason":"","footnotes":"","_links_to":"","_links_to_target":""},"categories":[19,20],"tags":[403,163,257,100],"class_list":["post-14184","post","type-post","status-publish","format-standard","has-post-thumbnail","hentry","category-sozialmanagement-sozialpolitik","category-soziokultur","tag-kinder-und-jugendarbeit","tag-menschenrechte","tag-rassismus","tag-soziokultur"],"acf":[],"yoast_head":"<!-- This site is optimized with the Yoast SEO plugin v28.4 - https:\/\/yoast.com\/product\/yoast-seo-wordpress\/ -->\n<title>Menschenw\u00fcrde, Menschenrechte und Soziale Gerechtigkeit: Warum sie uns alle angehen &#8211; Soziale Arbeit an der Hochschule Luzern<\/title>\n<meta name=\"description\" content=\"Menschenw\u00fcrde, Menschenrechte und Soziale Gerechtigkeit sind zentrale Prinzipien der Sozialen Arbeit. Warum sie uns alle angehen.\" \/>\n<meta name=\"robots\" content=\"index, follow, max-snippet:-1, max-image-preview:large, max-video-preview:-1\" \/>\n<link rel=\"canonical\" href=\"https:\/\/hub.hslu.ch\/soziale-arbeit\/menschenwurde-menschenrechte-und-soziale-gerechtigkeit\/\" \/>\n<meta property=\"og:locale\" content=\"de_DE\" \/>\n<meta property=\"og:type\" content=\"article\" \/>\n<meta property=\"og:title\" content=\"Menschenw\u00fcrde, Menschenrechte und Soziale Gerechtigkeit: Warum sie uns alle angehen &#8211; Soziale Arbeit an der Hochschule Luzern\" \/>\n<meta property=\"og:description\" content=\"Menschenw\u00fcrde, Menschenrechte und Soziale Gerechtigkeit sind zentrale Prinzipien der Sozialen Arbeit. Warum sie uns alle angehen.\" \/>\n<meta property=\"og:url\" content=\"https:\/\/hub.hslu.ch\/soziale-arbeit\/menschenwurde-menschenrechte-und-soziale-gerechtigkeit\/\" \/>\n<meta property=\"og:site_name\" content=\"Soziale Arbeit an der Hochschule Luzern\" \/>\n<meta property=\"article:published_time\" content=\"2026-09-01T06:30:00+00:00\" \/>\n<meta property=\"og:image\" content=\"https:\/\/hub.hslu.ch\/soziale-arbeit\/wp-content\/uploads\/sites\/23\/2026\/08\/Banlieu.jpg\" \/>\n\t<meta property=\"og:image:width\" content=\"1614\" \/>\n\t<meta property=\"og:image:height\" content=\"1007\" \/>\n\t<meta property=\"og:image:type\" content=\"image\/jpeg\" \/>\n<meta name=\"author\" content=\"Roger Ettlin\" \/>\n<meta name=\"twitter:card\" content=\"summary_large_image\" \/>\n<meta name=\"twitter:label1\" content=\"Geschrieben von\" \/>\n\t<meta name=\"twitter:data1\" content=\"Roger Ettlin\" \/>\n\t<meta name=\"twitter:label2\" content=\"Gesch\u00e4tzte Lesezeit\" \/>\n\t<meta name=\"twitter:data2\" content=\"5\u00a0Minuten\" \/>\n<script type=\"application\/ld+json\" class=\"yoast-schema-graph\">{\"@context\":\"https:\\\/\\\/schema.org\",\"@graph\":[{\"@type\":[\"Article\",\"BlogPosting\"],\"@id\":\"https:\\\/\\\/hub.hslu.ch\\\/soziale-arbeit\\\/menschenwurde-menschenrechte-und-soziale-gerechtigkeit\\\/#article\",\"isPartOf\":{\"@id\":\"https:\\\/\\\/hub.hslu.ch\\\/soziale-arbeit\\\/menschenwurde-menschenrechte-und-soziale-gerechtigkeit\\\/\"},\"author\":{\"name\":\"Roger Ettlin\",\"@id\":\"https:\\\/\\\/hub.hslu.ch\\\/soziale-arbeit\\\/#\\\/schema\\\/person\\\/0d13e861725ae87916921d6d018489e4\"},\"headline\":\"Menschenw\u00fcrde, Menschenrechte und Soziale Gerechtigkeit: Warum sie uns alle angehen\",\"datePublished\":\"2026-09-01T06:30:00+00:00\",\"mainEntityOfPage\":{\"@id\":\"https:\\\/\\\/hub.hslu.ch\\\/soziale-arbeit\\\/menschenwurde-menschenrechte-und-soziale-gerechtigkeit\\\/\"},\"wordCount\":905,\"commentCount\":0,\"image\":{\"@id\":\"https:\\\/\\\/hub.hslu.ch\\\/soziale-arbeit\\\/menschenwurde-menschenrechte-und-soziale-gerechtigkeit\\\/#primaryimage\"},\"thumbnailUrl\":\"https:\\\/\\\/hub.hslu.ch\\\/soziale-arbeit\\\/wp-content\\\/uploads\\\/sites\\\/23\\\/2026\\\/08\\\/Banlieu.jpg\",\"keywords\":[\"Kinder- und Jugendarbeit\",\"Menschenrechte\",\"Rassismus\",\"Soziokultur\"],\"articleSection\":[\"Sozialmanagement und Sozialpolitik\",\"Soziokultur\"],\"inLanguage\":\"de-CH\",\"potentialAction\":[{\"@type\":\"CommentAction\",\"name\":\"Comment\",\"target\":[\"https:\\\/\\\/hub.hslu.ch\\\/soziale-arbeit\\\/menschenwurde-menschenrechte-und-soziale-gerechtigkeit\\\/#respond\"]}]},{\"@type\":[\"WebPage\",\"ItemPage\"],\"@id\":\"https:\\\/\\\/hub.hslu.ch\\\/soziale-arbeit\\\/menschenwurde-menschenrechte-und-soziale-gerechtigkeit\\\/\",\"url\":\"https:\\\/\\\/hub.hslu.ch\\\/soziale-arbeit\\\/menschenwurde-menschenrechte-und-soziale-gerechtigkeit\\\/\",\"name\":\"Menschenw\u00fcrde, Menschenrechte und Soziale Gerechtigkeit: Warum sie uns alle angehen &#8211; Soziale Arbeit an der Hochschule Luzern\",\"isPartOf\":{\"@id\":\"https:\\\/\\\/hub.hslu.ch\\\/soziale-arbeit\\\/#website\"},\"primaryImageOfPage\":{\"@id\":\"https:\\\/\\\/hub.hslu.ch\\\/soziale-arbeit\\\/menschenwurde-menschenrechte-und-soziale-gerechtigkeit\\\/#primaryimage\"},\"image\":{\"@id\":\"https:\\\/\\\/hub.hslu.ch\\\/soziale-arbeit\\\/menschenwurde-menschenrechte-und-soziale-gerechtigkeit\\\/#primaryimage\"},\"thumbnailUrl\":\"https:\\\/\\\/hub.hslu.ch\\\/soziale-arbeit\\\/wp-content\\\/uploads\\\/sites\\\/23\\\/2026\\\/08\\\/Banlieu.jpg\",\"datePublished\":\"2026-09-01T06:30:00+00:00\",\"author\":{\"@id\":\"https:\\\/\\\/hub.hslu.ch\\\/soziale-arbeit\\\/#\\\/schema\\\/person\\\/0d13e861725ae87916921d6d018489e4\"},\"description\":\"Menschenw\u00fcrde, Menschenrechte und Soziale Gerechtigkeit sind zentrale Prinzipien der Sozialen Arbeit. Warum sie uns alle angehen.\",\"breadcrumb\":{\"@id\":\"https:\\\/\\\/hub.hslu.ch\\\/soziale-arbeit\\\/menschenwurde-menschenrechte-und-soziale-gerechtigkeit\\\/#breadcrumb\"},\"inLanguage\":\"de-CH\",\"potentialAction\":[{\"@type\":\"ReadAction\",\"target\":[\"https:\\\/\\\/hub.hslu.ch\\\/soziale-arbeit\\\/menschenwurde-menschenrechte-und-soziale-gerechtigkeit\\\/\"]}]},{\"@type\":\"ImageObject\",\"inLanguage\":\"de-CH\",\"@id\":\"https:\\\/\\\/hub.hslu.ch\\\/soziale-arbeit\\\/menschenwurde-menschenrechte-und-soziale-gerechtigkeit\\\/#primaryimage\",\"url\":\"https:\\\/\\\/hub.hslu.ch\\\/soziale-arbeit\\\/wp-content\\\/uploads\\\/sites\\\/23\\\/2026\\\/08\\\/Banlieu.jpg\",\"contentUrl\":\"https:\\\/\\\/hub.hslu.ch\\\/soziale-arbeit\\\/wp-content\\\/uploads\\\/sites\\\/23\\\/2026\\\/08\\\/Banlieu.jpg\",\"width\":1614,\"height\":1007,\"caption\":\"Bild von Paris-Cergy von Simone Grettler\"},{\"@type\":\"BreadcrumbList\",\"@id\":\"https:\\\/\\\/hub.hslu.ch\\\/soziale-arbeit\\\/menschenwurde-menschenrechte-und-soziale-gerechtigkeit\\\/#breadcrumb\",\"itemListElement\":[{\"@type\":\"ListItem\",\"position\":1,\"name\":\"Home\",\"item\":\"https:\\\/\\\/hub.hslu.ch\\\/soziale-arbeit\\\/\"},{\"@type\":\"ListItem\",\"position\":2,\"name\":\"Menschenw\u00fcrde, Menschenrechte und Soziale Gerechtigkeit: Warum sie uns alle angehen\"}]},{\"@type\":\"WebSite\",\"@id\":\"https:\\\/\\\/hub.hslu.ch\\\/soziale-arbeit\\\/#website\",\"url\":\"https:\\\/\\\/hub.hslu.ch\\\/soziale-arbeit\\\/\",\"name\":\"Soziale Arbeit an der Hochschule Luzern\",\"description\":\"Der Blog der Hochschule Luzern \u2013 Soziale Arbeit\",\"potentialAction\":[{\"@type\":\"SearchAction\",\"target\":{\"@type\":\"EntryPoint\",\"urlTemplate\":\"https:\\\/\\\/hub.hslu.ch\\\/soziale-arbeit\\\/?s={search_term_string}\"},\"query-input\":{\"@type\":\"PropertyValueSpecification\",\"valueRequired\":true,\"valueName\":\"search_term_string\"}}],\"inLanguage\":\"de-CH\"},{\"@type\":\"Person\",\"@id\":\"https:\\\/\\\/hub.hslu.ch\\\/soziale-arbeit\\\/#\\\/schema\\\/person\\\/0d13e861725ae87916921d6d018489e4\",\"name\":\"Roger Ettlin\"}]}<\/script>\n<!-- \/ Yoast SEO plugin. -->","yoast_head_json":{"title":"Menschenw\u00fcrde, Menschenrechte und Soziale Gerechtigkeit: Warum sie uns alle angehen &#8211; Soziale Arbeit an der Hochschule Luzern","description":"Menschenw\u00fcrde, Menschenrechte und Soziale Gerechtigkeit sind zentrale Prinzipien der Sozialen Arbeit. Warum sie uns alle angehen.","robots":{"index":"index","follow":"follow","max-snippet":"max-snippet:-1","max-image-preview":"max-image-preview:large","max-video-preview":"max-video-preview:-1"},"canonical":"https:\/\/hub.hslu.ch\/soziale-arbeit\/menschenwurde-menschenrechte-und-soziale-gerechtigkeit\/","og_locale":"de_DE","og_type":"article","og_title":"Menschenw\u00fcrde, Menschenrechte und Soziale Gerechtigkeit: Warum sie uns alle angehen &#8211; Soziale Arbeit an der Hochschule Luzern","og_description":"Menschenw\u00fcrde, Menschenrechte und Soziale Gerechtigkeit sind zentrale Prinzipien der Sozialen Arbeit. Warum sie uns alle angehen.","og_url":"https:\/\/hub.hslu.ch\/soziale-arbeit\/menschenwurde-menschenrechte-und-soziale-gerechtigkeit\/","og_site_name":"Soziale Arbeit an der Hochschule Luzern","article_published_time":"2026-09-01T06:30:00+00:00","og_image":[{"width":1614,"height":1007,"url":"https:\/\/hub.hslu.ch\/soziale-arbeit\/wp-content\/uploads\/sites\/23\/2026\/08\/Banlieu.jpg","type":"image\/jpeg"}],"author":"Roger Ettlin","twitter_card":"summary_large_image","twitter_misc":{"Geschrieben von":"Roger Ettlin","Gesch\u00e4tzte Lesezeit":"5\u00a0Minuten"},"schema":{"@context":"https:\/\/schema.org","@graph":[{"@type":["Article","BlogPosting"],"@id":"https:\/\/hub.hslu.ch\/soziale-arbeit\/menschenwurde-menschenrechte-und-soziale-gerechtigkeit\/#article","isPartOf":{"@id":"https:\/\/hub.hslu.ch\/soziale-arbeit\/menschenwurde-menschenrechte-und-soziale-gerechtigkeit\/"},"author":{"name":"Roger Ettlin","@id":"https:\/\/hub.hslu.ch\/soziale-arbeit\/#\/schema\/person\/0d13e861725ae87916921d6d018489e4"},"headline":"Menschenw\u00fcrde, Menschenrechte und Soziale Gerechtigkeit: Warum sie uns alle angehen","datePublished":"2026-09-01T06:30:00+00:00","mainEntityOfPage":{"@id":"https:\/\/hub.hslu.ch\/soziale-arbeit\/menschenwurde-menschenrechte-und-soziale-gerechtigkeit\/"},"wordCount":905,"commentCount":0,"image":{"@id":"https:\/\/hub.hslu.ch\/soziale-arbeit\/menschenwurde-menschenrechte-und-soziale-gerechtigkeit\/#primaryimage"},"thumbnailUrl":"https:\/\/hub.hslu.ch\/soziale-arbeit\/wp-content\/uploads\/sites\/23\/2026\/08\/Banlieu.jpg","keywords":["Kinder- und Jugendarbeit","Menschenrechte","Rassismus","Soziokultur"],"articleSection":["Sozialmanagement und Sozialpolitik","Soziokultur"],"inLanguage":"de-CH","potentialAction":[{"@type":"CommentAction","name":"Comment","target":["https:\/\/hub.hslu.ch\/soziale-arbeit\/menschenwurde-menschenrechte-und-soziale-gerechtigkeit\/#respond"]}]},{"@type":["WebPage","ItemPage"],"@id":"https:\/\/hub.hslu.ch\/soziale-arbeit\/menschenwurde-menschenrechte-und-soziale-gerechtigkeit\/","url":"https:\/\/hub.hslu.ch\/soziale-arbeit\/menschenwurde-menschenrechte-und-soziale-gerechtigkeit\/","name":"Menschenw\u00fcrde, Menschenrechte und Soziale Gerechtigkeit: Warum sie uns alle angehen &#8211; Soziale Arbeit an der Hochschule Luzern","isPartOf":{"@id":"https:\/\/hub.hslu.ch\/soziale-arbeit\/#website"},"primaryImageOfPage":{"@id":"https:\/\/hub.hslu.ch\/soziale-arbeit\/menschenwurde-menschenrechte-und-soziale-gerechtigkeit\/#primaryimage"},"image":{"@id":"https:\/\/hub.hslu.ch\/soziale-arbeit\/menschenwurde-menschenrechte-und-soziale-gerechtigkeit\/#primaryimage"},"thumbnailUrl":"https:\/\/hub.hslu.ch\/soziale-arbeit\/wp-content\/uploads\/sites\/23\/2026\/08\/Banlieu.jpg","datePublished":"2026-09-01T06:30:00+00:00","author":{"@id":"https:\/\/hub.hslu.ch\/soziale-arbeit\/#\/schema\/person\/0d13e861725ae87916921d6d018489e4"},"description":"Menschenw\u00fcrde, Menschenrechte und Soziale Gerechtigkeit sind zentrale Prinzipien der Sozialen Arbeit. Warum sie uns alle angehen.","breadcrumb":{"@id":"https:\/\/hub.hslu.ch\/soziale-arbeit\/menschenwurde-menschenrechte-und-soziale-gerechtigkeit\/#breadcrumb"},"inLanguage":"de-CH","potentialAction":[{"@type":"ReadAction","target":["https:\/\/hub.hslu.ch\/soziale-arbeit\/menschenwurde-menschenrechte-und-soziale-gerechtigkeit\/"]}]},{"@type":"ImageObject","inLanguage":"de-CH","@id":"https:\/\/hub.hslu.ch\/soziale-arbeit\/menschenwurde-menschenrechte-und-soziale-gerechtigkeit\/#primaryimage","url":"https:\/\/hub.hslu.ch\/soziale-arbeit\/wp-content\/uploads\/sites\/23\/2026\/08\/Banlieu.jpg","contentUrl":"https:\/\/hub.hslu.ch\/soziale-arbeit\/wp-content\/uploads\/sites\/23\/2026\/08\/Banlieu.jpg","width":1614,"height":1007,"caption":"Bild von Paris-Cergy von Simone Grettler"},{"@type":"BreadcrumbList","@id":"https:\/\/hub.hslu.ch\/soziale-arbeit\/menschenwurde-menschenrechte-und-soziale-gerechtigkeit\/#breadcrumb","itemListElement":[{"@type":"ListItem","position":1,"name":"Home","item":"https:\/\/hub.hslu.ch\/soziale-arbeit\/"},{"@type":"ListItem","position":2,"name":"Menschenw\u00fcrde, Menschenrechte und Soziale Gerechtigkeit: Warum sie uns alle angehen"}]},{"@type":"WebSite","@id":"https:\/\/hub.hslu.ch\/soziale-arbeit\/#website","url":"https:\/\/hub.hslu.ch\/soziale-arbeit\/","name":"Soziale Arbeit an der Hochschule Luzern","description":"Der Blog der Hochschule Luzern \u2013 Soziale Arbeit","potentialAction":[{"@type":"SearchAction","target":{"@type":"EntryPoint","urlTemplate":"https:\/\/hub.hslu.ch\/soziale-arbeit\/?s={search_term_string}"},"query-input":{"@type":"PropertyValueSpecification","valueRequired":true,"valueName":"search_term_string"}}],"inLanguage":"de-CH"},{"@type":"Person","@id":"https:\/\/hub.hslu.ch\/soziale-arbeit\/#\/schema\/person\/0d13e861725ae87916921d6d018489e4","name":"Roger Ettlin"}]}},"featured_image_src":"https:\/\/hub.hslu.ch\/soziale-arbeit\/wp-content\/uploads\/sites\/23\/2026\/08\/Banlieu-600x400.jpg","featured_image_src_square":"https:\/\/hub.hslu.ch\/soziale-arbeit\/wp-content\/uploads\/sites\/23\/2026\/08\/Banlieu-600x600.jpg","author_info":{"display_name":"Roger Ettlin","author_link":"https:\/\/hub.hslu.ch\/soziale-arbeit\/author\/rogerettlin\/"},"_links":{"self":[{"href":"https:\/\/hub.hslu.ch\/soziale-arbeit\/wp-json\/wp\/v2\/posts\/14184","targetHints":{"allow":["GET"]}}],"collection":[{"href":"https:\/\/hub.hslu.ch\/soziale-arbeit\/wp-json\/wp\/v2\/posts"}],"about":[{"href":"https:\/\/hub.hslu.ch\/soziale-arbeit\/wp-json\/wp\/v2\/types\/post"}],"author":[{"embeddable":true,"href":"https:\/\/hub.hslu.ch\/soziale-arbeit\/wp-json\/wp\/v2\/users\/152"}],"replies":[{"embeddable":true,"href":"https:\/\/hub.hslu.ch\/soziale-arbeit\/wp-json\/wp\/v2\/comments?post=14184"}],"version-history":[{"count":15,"href":"https:\/\/hub.hslu.ch\/soziale-arbeit\/wp-json\/wp\/v2\/posts\/14184\/revisions"}],"predecessor-version":[{"id":14201,"href":"https:\/\/hub.hslu.ch\/soziale-arbeit\/wp-json\/wp\/v2\/posts\/14184\/revisions\/14201"}],"wp:featuredmedia":[{"embeddable":true,"href":"https:\/\/hub.hslu.ch\/soziale-arbeit\/wp-json\/wp\/v2\/media\/14193"}],"wp:attachment":[{"href":"https:\/\/hub.hslu.ch\/soziale-arbeit\/wp-json\/wp\/v2\/media?parent=14184"}],"wp:term":[{"taxonomy":"category","embeddable":true,"href":"https:\/\/hub.hslu.ch\/soziale-arbeit\/wp-json\/wp\/v2\/categories?post=14184"},{"taxonomy":"post_tag","embeddable":true,"href":"https:\/\/hub.hslu.ch\/soziale-arbeit\/wp-json\/wp\/v2\/tags?post=14184"}],"curies":[{"name":"wp","href":"https:\/\/api.w.org\/{rel}","templated":true}]}}