{"id":1513,"date":"2021-02-16T09:02:07","date_gmt":"2021-02-16T08:02:07","guid":{"rendered":"https:\/\/hslu-soziale-arbeit.test\/?p=1513"},"modified":"2026-02-11T14:53:58","modified_gmt":"2026-02-11T13:53:58","slug":"soziale-bewegungen-und-soziale-arbeit-einige-antworten-und-eine-grosse-menge-fragen","status":"publish","type":"post","link":"https:\/\/hub.hslu.ch\/soziale-arbeit\/soziale-bewegungen-und-soziale-arbeit-einige-antworten-und-eine-grosse-menge-fragen\/","title":{"rendered":"Soziale Bewegungen und Soziale Arbeit: Einige Antworten und eine grosse Menge Fragen"},"content":{"rendered":"\n<p> Themen rund um Antirassismus, Feminismus, Rechtsextremismus, Umweltschutz und Soziale Gerechtigkeit wurden in Form von Texten, Diskussionen, Referaten, Filminputs und Gespr\u00e4chen vertieft und behandelt. Welche Bedeutung haben Soziale Bewegungen f\u00fcr uns als Sozialarbeiter*innen und f\u00fcr die Disziplin der Sozialen Arbeit? Nicht nur im beruflichen Setting, sondern auch als Privatpersonen f\u00fchlten wir uns immer wieder angesprochen und fragten uns: Wo, wie, wann, wie viel m\u00f6chte ich mich engagieren in sozialen Bewegungen?<\/p>\n\n\n\n<p>\u201eEveryday Rebellion\u201c, ein ausgesprochen reichhaltiger (und sehr empfehlenswerter) Film zur Thematik des gewaltfreien Protests macht mir Mut. Mut mitzudenken, Mut durch kleine Aktionen etwas mitzugestalten, Mut mich f\u00fcr eine gerechtere Welt zu engagieren.<\/p>\n\n\n\n<p>Soziale Bewegungen k\u00f6nnen als Inspirationsquelle f\u00fcr die Soziale Arbeit dienen, uns auf gesellschaftliche Problemfelder hinweisen und schlussendlich zu neuen Handlungsfeldern werden.<\/p>\n\n\n\n<p>Was ich mitnehme von dieser Studienwoche vor dem Bildschirm und doch inmitten des Weltgeschehens? Motivation mich beruflich sowie privat politisch einzubringen, selbstreflektiert durch den Alltag zu schreiten und mich immer wieder zu fragen: \u201eWof\u00fcr brennt mein inneres Feuer?\u201c.<\/p>\n\n\n\n<hr class=\"wp-block-separator\" \/>\n\n\n\n<p>Dieser Artikel wurde am 16. Februar 2021 von Felizitas Arnold verfasst und auf dem Soziokulturblog ver\u00f6ffentlicht.<\/p>\n","protected":false},"excerpt":{"rendered":"<p>W\u00e4hrend der Internationalen Studienwoche haben uns Soziale Bewegungen in verschiedensten sozialen und geografischen R\u00e4umen in ihren Bann gezogen. Wir haben diskutiert, philosophiert und verstanden. Wir wurden nachdenklich, verwirrt und inspiriert.<\/p>\n","protected":false},"author":111,"featured_media":2324,"comment_status":"open","ping_status":"closed","sticky":false,"template":"","format":"standard","meta":{"_acf_changed":false,"inline_featured_image":false,"_relevanssi_hide_post":"","_relevanssi_hide_content":"","_relevanssi_pin_for_all":"","_relevanssi_pin_keywords":"","_relevanssi_unpin_keywords":"","_relevanssi_related_keywords":"","_relevanssi_related_include_ids":"","_relevanssi_related_exclude_ids":"","_relevanssi_related_no_append":"","_relevanssi_related_not_related":"","_relevanssi_related_posts":"","_relevanssi_noindex_reason":"","footnotes":"","_links_to":"","_links_to_target":""},"categories":[20],"tags":[214,132],"class_list":["post-1513","post","type-post","status-publish","format-standard","has-post-thumbnail","hentry","category-soziokultur","tag-internationale-studienwoche","tag-soziale-arbeit"],"acf":[],"yoast_head":"<!-- This site is optimized with the Yoast SEO plugin v27.4 - https:\/\/yoast.com\/product\/yoast-seo-wordpress\/ -->\n<title>Soziale Bewegungen und Soziale Arbeit: Einige Antworten und eine grosse Menge Fragen &#8211; Soziale Arbeit an der Hochschule Luzern<\/title>\n<meta name=\"robots\" content=\"index, follow, max-snippet:-1, max-image-preview:large, max-video-preview:-1\" \/>\n<link rel=\"canonical\" href=\"https:\/\/hub.hslu.ch\/soziale-arbeit\/soziale-bewegungen-und-soziale-arbeit-einige-antworten-und-eine-grosse-menge-fragen\/\" \/>\n<meta property=\"og:locale\" content=\"de_DE\" \/>\n<meta property=\"og:type\" content=\"article\" \/>\n<meta property=\"og:title\" content=\"Soziale Bewegungen und Soziale Arbeit: Einige Antworten und eine grosse Menge Fragen &#8211; Soziale Arbeit an der Hochschule Luzern\" \/>\n<meta property=\"og:description\" content=\"W\u00e4hrend der Internationalen Studienwoche haben uns Soziale Bewegungen in verschiedensten sozialen und geografischen R\u00e4umen in ihren Bann gezogen. Wir haben diskutiert, philosophiert und verstanden. Wir wurden nachdenklich, verwirrt und inspiriert.\" \/>\n<meta property=\"og:url\" content=\"https:\/\/hub.hslu.ch\/soziale-arbeit\/soziale-bewegungen-und-soziale-arbeit-einige-antworten-und-eine-grosse-menge-fragen\/\" \/>\n<meta property=\"og:site_name\" content=\"Soziale Arbeit an der Hochschule Luzern\" \/>\n<meta property=\"article:published_time\" content=\"2021-02-16T08:02:07+00:00\" \/>\n<meta property=\"article:modified_time\" content=\"2026-02-11T13:53:58+00:00\" \/>\n<meta property=\"og:image\" content=\"https:\/\/hub.hslu.ch\/soziale-arbeit\/wp-content\/uploads\/sites\/23\/2021\/02\/Felizitas_702x336.jpg\" \/>\n\t<meta property=\"og:image:width\" content=\"702\" \/>\n\t<meta property=\"og:image:height\" content=\"336\" \/>\n\t<meta property=\"og:image:type\" content=\"image\/jpeg\" \/>\n<meta name=\"author\" content=\"webkinder\" \/>\n<meta name=\"twitter:card\" content=\"summary_large_image\" \/>\n<meta name=\"twitter:label1\" content=\"Geschrieben von\" \/>\n\t<meta name=\"twitter:data1\" content=\"webkinder\" \/>\n\t<meta name=\"twitter:label2\" content=\"Gesch\u00e4tzte Lesezeit\" \/>\n\t<meta name=\"twitter:data2\" content=\"2\u00a0Minuten\" \/>\n<script type=\"application\/ld+json\" class=\"yoast-schema-graph\">{\"@context\":\"https:\\\/\\\/schema.org\",\"@graph\":[{\"@type\":\"Article\",\"@id\":\"https:\\\/\\\/hub.hslu.ch\\\/soziale-arbeit\\\/soziale-bewegungen-und-soziale-arbeit-einige-antworten-und-eine-grosse-menge-fragen\\\/#article\",\"isPartOf\":{\"@id\":\"https:\\\/\\\/hub.hslu.ch\\\/soziale-arbeit\\\/soziale-bewegungen-und-soziale-arbeit-einige-antworten-und-eine-grosse-menge-fragen\\\/\"},\"author\":{\"name\":\"webkinder\",\"@id\":\"https:\\\/\\\/hub.hslu.ch\\\/soziale-arbeit\\\/#\\\/schema\\\/person\\\/2fbc41f8eff3a89d0755cce0ed9a2542\"},\"headline\":\"Soziale Bewegungen und Soziale Arbeit: Einige Antworten und eine grosse Menge Fragen\",\"datePublished\":\"2021-02-16T08:02:07+00:00\",\"dateModified\":\"2026-02-11T13:53:58+00:00\",\"mainEntityOfPage\":{\"@id\":\"https:\\\/\\\/hub.hslu.ch\\\/soziale-arbeit\\\/soziale-bewegungen-und-soziale-arbeit-einige-antworten-und-eine-grosse-menge-fragen\\\/\"},\"wordCount\":198,\"commentCount\":0,\"image\":{\"@id\":\"https:\\\/\\\/hub.hslu.ch\\\/soziale-arbeit\\\/soziale-bewegungen-und-soziale-arbeit-einige-antworten-und-eine-grosse-menge-fragen\\\/#primaryimage\"},\"thumbnailUrl\":\"https:\\\/\\\/hub.hslu.ch\\\/soziale-arbeit\\\/wp-content\\\/uploads\\\/sites\\\/23\\\/2021\\\/02\\\/Felizitas_702x336.jpg\",\"keywords\":[\"Internationale Studienwoche\",\"Soziale Arbeit\"],\"articleSection\":[\"Soziokultur\"],\"inLanguage\":\"de-CH\",\"potentialAction\":[{\"@type\":\"CommentAction\",\"name\":\"Comment\",\"target\":[\"https:\\\/\\\/hub.hslu.ch\\\/soziale-arbeit\\\/soziale-bewegungen-und-soziale-arbeit-einige-antworten-und-eine-grosse-menge-fragen\\\/#respond\"]}]},{\"@type\":\"WebPage\",\"@id\":\"https:\\\/\\\/hub.hslu.ch\\\/soziale-arbeit\\\/soziale-bewegungen-und-soziale-arbeit-einige-antworten-und-eine-grosse-menge-fragen\\\/\",\"url\":\"https:\\\/\\\/hub.hslu.ch\\\/soziale-arbeit\\\/soziale-bewegungen-und-soziale-arbeit-einige-antworten-und-eine-grosse-menge-fragen\\\/\",\"name\":\"Soziale Bewegungen und Soziale Arbeit: Einige Antworten und eine grosse Menge Fragen &#8211; Soziale Arbeit an der Hochschule Luzern\",\"isPartOf\":{\"@id\":\"https:\\\/\\\/hub.hslu.ch\\\/soziale-arbeit\\\/#website\"},\"primaryImageOfPage\":{\"@id\":\"https:\\\/\\\/hub.hslu.ch\\\/soziale-arbeit\\\/soziale-bewegungen-und-soziale-arbeit-einige-antworten-und-eine-grosse-menge-fragen\\\/#primaryimage\"},\"image\":{\"@id\":\"https:\\\/\\\/hub.hslu.ch\\\/soziale-arbeit\\\/soziale-bewegungen-und-soziale-arbeit-einige-antworten-und-eine-grosse-menge-fragen\\\/#primaryimage\"},\"thumbnailUrl\":\"https:\\\/\\\/hub.hslu.ch\\\/soziale-arbeit\\\/wp-content\\\/uploads\\\/sites\\\/23\\\/2021\\\/02\\\/Felizitas_702x336.jpg\",\"datePublished\":\"2021-02-16T08:02:07+00:00\",\"dateModified\":\"2026-02-11T13:53:58+00:00\",\"author\":{\"@id\":\"https:\\\/\\\/hub.hslu.ch\\\/soziale-arbeit\\\/#\\\/schema\\\/person\\\/2fbc41f8eff3a89d0755cce0ed9a2542\"},\"breadcrumb\":{\"@id\":\"https:\\\/\\\/hub.hslu.ch\\\/soziale-arbeit\\\/soziale-bewegungen-und-soziale-arbeit-einige-antworten-und-eine-grosse-menge-fragen\\\/#breadcrumb\"},\"inLanguage\":\"de-CH\",\"potentialAction\":[{\"@type\":\"ReadAction\",\"target\":[\"https:\\\/\\\/hub.hslu.ch\\\/soziale-arbeit\\\/soziale-bewegungen-und-soziale-arbeit-einige-antworten-und-eine-grosse-menge-fragen\\\/\"]}]},{\"@type\":\"ImageObject\",\"inLanguage\":\"de-CH\",\"@id\":\"https:\\\/\\\/hub.hslu.ch\\\/soziale-arbeit\\\/soziale-bewegungen-und-soziale-arbeit-einige-antworten-und-eine-grosse-menge-fragen\\\/#primaryimage\",\"url\":\"https:\\\/\\\/hub.hslu.ch\\\/soziale-arbeit\\\/wp-content\\\/uploads\\\/sites\\\/23\\\/2021\\\/02\\\/Felizitas_702x336.jpg\",\"contentUrl\":\"https:\\\/\\\/hub.hslu.ch\\\/soziale-arbeit\\\/wp-content\\\/uploads\\\/sites\\\/23\\\/2021\\\/02\\\/Felizitas_702x336.jpg\",\"width\":702,\"height\":336},{\"@type\":\"BreadcrumbList\",\"@id\":\"https:\\\/\\\/hub.hslu.ch\\\/soziale-arbeit\\\/soziale-bewegungen-und-soziale-arbeit-einige-antworten-und-eine-grosse-menge-fragen\\\/#breadcrumb\",\"itemListElement\":[{\"@type\":\"ListItem\",\"position\":1,\"name\":\"Home\",\"item\":\"https:\\\/\\\/hub.hslu.ch\\\/soziale-arbeit\\\/\"},{\"@type\":\"ListItem\",\"position\":2,\"name\":\"Soziale Bewegungen und Soziale Arbeit: Einige Antworten und eine grosse Menge Fragen\"}]},{\"@type\":\"WebSite\",\"@id\":\"https:\\\/\\\/hub.hslu.ch\\\/soziale-arbeit\\\/#website\",\"url\":\"https:\\\/\\\/hub.hslu.ch\\\/soziale-arbeit\\\/\",\"name\":\"Soziale Arbeit an der Hochschule Luzern\",\"description\":\"Der Blog der Hochschule Luzern \u2013 Soziale Arbeit\",\"potentialAction\":[{\"@type\":\"SearchAction\",\"target\":{\"@type\":\"EntryPoint\",\"urlTemplate\":\"https:\\\/\\\/hub.hslu.ch\\\/soziale-arbeit\\\/?s={search_term_string}\"},\"query-input\":{\"@type\":\"PropertyValueSpecification\",\"valueRequired\":true,\"valueName\":\"search_term_string\"}}],\"inLanguage\":\"de-CH\"},{\"@type\":\"Person\",\"@id\":\"https:\\\/\\\/hub.hslu.ch\\\/soziale-arbeit\\\/#\\\/schema\\\/person\\\/2fbc41f8eff3a89d0755cce0ed9a2542\",\"name\":\"webkinder\"}]}<\/script>\n<!-- \/ Yoast SEO plugin. -->","yoast_head_json":{"title":"Soziale Bewegungen und Soziale Arbeit: Einige Antworten und eine grosse Menge Fragen &#8211; Soziale Arbeit an der Hochschule Luzern","robots":{"index":"index","follow":"follow","max-snippet":"max-snippet:-1","max-image-preview":"max-image-preview:large","max-video-preview":"max-video-preview:-1"},"canonical":"https:\/\/hub.hslu.ch\/soziale-arbeit\/soziale-bewegungen-und-soziale-arbeit-einige-antworten-und-eine-grosse-menge-fragen\/","og_locale":"de_DE","og_type":"article","og_title":"Soziale Bewegungen und Soziale Arbeit: Einige Antworten und eine grosse Menge Fragen &#8211; Soziale Arbeit an der Hochschule Luzern","og_description":"W\u00e4hrend der Internationalen Studienwoche haben uns Soziale Bewegungen in verschiedensten sozialen und geografischen R\u00e4umen in ihren Bann gezogen. Wir haben diskutiert, philosophiert und verstanden. Wir wurden nachdenklich, verwirrt und inspiriert.","og_url":"https:\/\/hub.hslu.ch\/soziale-arbeit\/soziale-bewegungen-und-soziale-arbeit-einige-antworten-und-eine-grosse-menge-fragen\/","og_site_name":"Soziale Arbeit an der Hochschule Luzern","article_published_time":"2021-02-16T08:02:07+00:00","article_modified_time":"2026-02-11T13:53:58+00:00","og_image":[{"width":702,"height":336,"url":"https:\/\/hub.hslu.ch\/soziale-arbeit\/wp-content\/uploads\/sites\/23\/2021\/02\/Felizitas_702x336.jpg","type":"image\/jpeg"}],"author":"webkinder","twitter_card":"summary_large_image","twitter_misc":{"Geschrieben von":"webkinder","Gesch\u00e4tzte Lesezeit":"2\u00a0Minuten"},"schema":{"@context":"https:\/\/schema.org","@graph":[{"@type":"Article","@id":"https:\/\/hub.hslu.ch\/soziale-arbeit\/soziale-bewegungen-und-soziale-arbeit-einige-antworten-und-eine-grosse-menge-fragen\/#article","isPartOf":{"@id":"https:\/\/hub.hslu.ch\/soziale-arbeit\/soziale-bewegungen-und-soziale-arbeit-einige-antworten-und-eine-grosse-menge-fragen\/"},"author":{"name":"webkinder","@id":"https:\/\/hub.hslu.ch\/soziale-arbeit\/#\/schema\/person\/2fbc41f8eff3a89d0755cce0ed9a2542"},"headline":"Soziale Bewegungen und Soziale Arbeit: Einige Antworten und eine grosse Menge Fragen","datePublished":"2021-02-16T08:02:07+00:00","dateModified":"2026-02-11T13:53:58+00:00","mainEntityOfPage":{"@id":"https:\/\/hub.hslu.ch\/soziale-arbeit\/soziale-bewegungen-und-soziale-arbeit-einige-antworten-und-eine-grosse-menge-fragen\/"},"wordCount":198,"commentCount":0,"image":{"@id":"https:\/\/hub.hslu.ch\/soziale-arbeit\/soziale-bewegungen-und-soziale-arbeit-einige-antworten-und-eine-grosse-menge-fragen\/#primaryimage"},"thumbnailUrl":"https:\/\/hub.hslu.ch\/soziale-arbeit\/wp-content\/uploads\/sites\/23\/2021\/02\/Felizitas_702x336.jpg","keywords":["Internationale Studienwoche","Soziale Arbeit"],"articleSection":["Soziokultur"],"inLanguage":"de-CH","potentialAction":[{"@type":"CommentAction","name":"Comment","target":["https:\/\/hub.hslu.ch\/soziale-arbeit\/soziale-bewegungen-und-soziale-arbeit-einige-antworten-und-eine-grosse-menge-fragen\/#respond"]}]},{"@type":"WebPage","@id":"https:\/\/hub.hslu.ch\/soziale-arbeit\/soziale-bewegungen-und-soziale-arbeit-einige-antworten-und-eine-grosse-menge-fragen\/","url":"https:\/\/hub.hslu.ch\/soziale-arbeit\/soziale-bewegungen-und-soziale-arbeit-einige-antworten-und-eine-grosse-menge-fragen\/","name":"Soziale Bewegungen und Soziale Arbeit: Einige Antworten und eine grosse Menge Fragen &#8211; Soziale Arbeit an der Hochschule Luzern","isPartOf":{"@id":"https:\/\/hub.hslu.ch\/soziale-arbeit\/#website"},"primaryImageOfPage":{"@id":"https:\/\/hub.hslu.ch\/soziale-arbeit\/soziale-bewegungen-und-soziale-arbeit-einige-antworten-und-eine-grosse-menge-fragen\/#primaryimage"},"image":{"@id":"https:\/\/hub.hslu.ch\/soziale-arbeit\/soziale-bewegungen-und-soziale-arbeit-einige-antworten-und-eine-grosse-menge-fragen\/#primaryimage"},"thumbnailUrl":"https:\/\/hub.hslu.ch\/soziale-arbeit\/wp-content\/uploads\/sites\/23\/2021\/02\/Felizitas_702x336.jpg","datePublished":"2021-02-16T08:02:07+00:00","dateModified":"2026-02-11T13:53:58+00:00","author":{"@id":"https:\/\/hub.hslu.ch\/soziale-arbeit\/#\/schema\/person\/2fbc41f8eff3a89d0755cce0ed9a2542"},"breadcrumb":{"@id":"https:\/\/hub.hslu.ch\/soziale-arbeit\/soziale-bewegungen-und-soziale-arbeit-einige-antworten-und-eine-grosse-menge-fragen\/#breadcrumb"},"inLanguage":"de-CH","potentialAction":[{"@type":"ReadAction","target":["https:\/\/hub.hslu.ch\/soziale-arbeit\/soziale-bewegungen-und-soziale-arbeit-einige-antworten-und-eine-grosse-menge-fragen\/"]}]},{"@type":"ImageObject","inLanguage":"de-CH","@id":"https:\/\/hub.hslu.ch\/soziale-arbeit\/soziale-bewegungen-und-soziale-arbeit-einige-antworten-und-eine-grosse-menge-fragen\/#primaryimage","url":"https:\/\/hub.hslu.ch\/soziale-arbeit\/wp-content\/uploads\/sites\/23\/2021\/02\/Felizitas_702x336.jpg","contentUrl":"https:\/\/hub.hslu.ch\/soziale-arbeit\/wp-content\/uploads\/sites\/23\/2021\/02\/Felizitas_702x336.jpg","width":702,"height":336},{"@type":"BreadcrumbList","@id":"https:\/\/hub.hslu.ch\/soziale-arbeit\/soziale-bewegungen-und-soziale-arbeit-einige-antworten-und-eine-grosse-menge-fragen\/#breadcrumb","itemListElement":[{"@type":"ListItem","position":1,"name":"Home","item":"https:\/\/hub.hslu.ch\/soziale-arbeit\/"},{"@type":"ListItem","position":2,"name":"Soziale Bewegungen und Soziale Arbeit: Einige Antworten und eine grosse Menge Fragen"}]},{"@type":"WebSite","@id":"https:\/\/hub.hslu.ch\/soziale-arbeit\/#website","url":"https:\/\/hub.hslu.ch\/soziale-arbeit\/","name":"Soziale Arbeit an der Hochschule Luzern","description":"Der Blog der Hochschule Luzern \u2013 Soziale Arbeit","potentialAction":[{"@type":"SearchAction","target":{"@type":"EntryPoint","urlTemplate":"https:\/\/hub.hslu.ch\/soziale-arbeit\/?s={search_term_string}"},"query-input":{"@type":"PropertyValueSpecification","valueRequired":true,"valueName":"search_term_string"}}],"inLanguage":"de-CH"},{"@type":"Person","@id":"https:\/\/hub.hslu.ch\/soziale-arbeit\/#\/schema\/person\/2fbc41f8eff3a89d0755cce0ed9a2542","name":"webkinder"}]}},"featured_image_src":"https:\/\/hub.hslu.ch\/soziale-arbeit\/wp-content\/uploads\/sites\/23\/2021\/02\/Felizitas_702x336.jpg","featured_image_src_square":"https:\/\/hub.hslu.ch\/soziale-arbeit\/wp-content\/uploads\/sites\/23\/2021\/02\/Felizitas_702x336.jpg","author_info":{"display_name":"webkinder","author_link":"https:\/\/hub.hslu.ch\/soziale-arbeit\/author\/webkinder\/"},"_links":{"self":[{"href":"https:\/\/hub.hslu.ch\/soziale-arbeit\/wp-json\/wp\/v2\/posts\/1513","targetHints":{"allow":["GET"]}}],"collection":[{"href":"https:\/\/hub.hslu.ch\/soziale-arbeit\/wp-json\/wp\/v2\/posts"}],"about":[{"href":"https:\/\/hub.hslu.ch\/soziale-arbeit\/wp-json\/wp\/v2\/types\/post"}],"author":[{"embeddable":true,"href":"https:\/\/hub.hslu.ch\/soziale-arbeit\/wp-json\/wp\/v2\/users\/111"}],"replies":[{"embeddable":true,"href":"https:\/\/hub.hslu.ch\/soziale-arbeit\/wp-json\/wp\/v2\/comments?post=1513"}],"version-history":[{"count":4,"href":"https:\/\/hub.hslu.ch\/soziale-arbeit\/wp-json\/wp\/v2\/posts\/1513\/revisions"}],"predecessor-version":[{"id":12811,"href":"https:\/\/hub.hslu.ch\/soziale-arbeit\/wp-json\/wp\/v2\/posts\/1513\/revisions\/12811"}],"wp:featuredmedia":[{"embeddable":true,"href":"https:\/\/hub.hslu.ch\/soziale-arbeit\/wp-json\/wp\/v2\/media\/2324"}],"wp:attachment":[{"href":"https:\/\/hub.hslu.ch\/soziale-arbeit\/wp-json\/wp\/v2\/media?parent=1513"}],"wp:term":[{"taxonomy":"category","embeddable":true,"href":"https:\/\/hub.hslu.ch\/soziale-arbeit\/wp-json\/wp\/v2\/categories?post=1513"},{"taxonomy":"post_tag","embeddable":true,"href":"https:\/\/hub.hslu.ch\/soziale-arbeit\/wp-json\/wp\/v2\/tags?post=1513"}],"curies":[{"name":"wp","href":"https:\/\/api.w.org\/{rel}","templated":true}]}}