{"id":1885,"date":"2016-11-17T08:30:33","date_gmt":"2016-11-17T07:30:33","guid":{"rendered":"https:\/\/hslu-soziale-arbeit.test\/?p=440"},"modified":"2026-02-11T14:53:58","modified_gmt":"2026-02-11T13:53:58","slug":"soziokulturelle-animation-und-demokratie-gedanken-nach-den-us-wahlen","status":"publish","type":"post","link":"https:\/\/hub.hslu.ch\/soziale-arbeit\/soziokulturelle-animation-und-demokratie-gedanken-nach-den-us-wahlen\/","title":{"rendered":"Soziokulturelle Animation und Demokratie \u2013 Gedanken nach den US-Wahlen"},"content":{"rendered":"\n<h3 class=\"wp-block-heading\">Soziokulturelle Animation f\u00fcr Demokratiebildung<\/h3>\n\n\n\n<p> Ich stehe sehr f\u00fcr demokratische Prozesse ein, doch die heutigen demokratischen Systeme sind schon sehr anf\u00e4llig f\u00fcr Hass, Angst und Verdruss \u2013 in den USA wie in Europa. Fast die H\u00e4lfte der Stimmberechtigten ging nicht abstimmen. Hillary Clinton wurde von \u00fcber 55% der Jungen zwischen 18-29 gew\u00e4hlt, hat von 88% der African-American die Stimme bekommen und rund 65% der Hispanics haben sich f\u00fcr sie eingesetzt (<a href=\"http:\/\/www.pewresearch.org\/fact-tank\/2016\/11\/09\/behind-trumps-victory-divisions-by-race-gender-education\/\" target=\"_blank\" rel=\"noreferrer noopener\">\u00abBehind Trump\u2019s victory: Divisions by race, gender, education\u00bb<\/a>, pewresearch.org). Die Volksmehrheit hat sich knapp, aber doch eindeutig f\u00fcr Hillary entschieden. Aber die St\u00e4nde&#8230; die sprachen sich f\u00fcr Trump aus. Wir kennen das ja auch in der Schweiz \u2013 dass progressive Vorlagen am St\u00e4ndemehr scheitern. Und das dann \u2013 wie auch bei uns \u2013 ein Stadt-Land Graben sichtbar wird, der gr\u00f6sste Gender-Gap seit 1972 (Frauen pro Hillary) und der gr\u00f6sste Bildungs-Gap seit 1980 (2\/3 der weissen Amerikanerinnen und Amerikaner mit Highschool oder tieferem Schulabschluss sprachen sich f\u00fcr Trump aus).<\/p>\n\n\n\n<p>Lucie, eine neue Schulfreundin, T\u00e4nzerin, Amerikanerin-Kroatin, weinte bitterlich. F\u00fcr sie und ihre Freundinnen und Freunde ist es ein Schlag ins Gesicht. Sie haben Angst, dass sie ihre Krankenkassenversicherung (Obama-Care) wieder verlieren, zum ersten Mal \u00fcberhaupt sind sie versichert. Sie haben Angst, dass sie von ihrem Kunstschaffen nicht mehr leben k\u00f6nnen, weil Kunstf\u00f6rderung unter dem neuen Pr\u00e4sidenten gestrichen wird. Sie haben Angst, weil sie alle verletzlich sind, in prek\u00e4ren Situationen leben, weil sie schwarz sind, LGBTI oder auch nur Frau sind. Die eine Angst sch\u00fcrt die andere. Was ist das f\u00fcr ein System?!<\/p>\n\n\n\n<p>Unter Trump werden Fremdenfeindlichkeit, Rassismus, Islamophobie, Homophobie, Frauenfeindlichkeit wieder salon- und mehrheitsf\u00e4hig. In den letzten drei Tagen gab es so viele solcher Attacken auf Einzelpersonen wie schon lange nicht mehr in der Geschichte der USA. Gegen Musliminnen mit Kopftuch, Schwule, Schwarze \u2013 alles im halb\u00f6ffentlichen Raum \u2013 in Schulen, Einkaufsl\u00e4den, auf der Strasse, im public transport.<\/p>\n\n\n\n<p>Wir brauchen eine Demokratie auf einer Basis der Gleichheit. Die Zugangsbedingungen sind zu ungleich verteilt. Zu wenig Bildung und Teilhabem\u00f6glichkeit pr\u00e4gen unsere westlichen Gesellschaften. Ich glaube, eine Demokratie ist erst dann stark, wenn eine Teilhabegerechtigkeit gegeben ist. Jetzt haben auch hier die Angstmacher gewonnen, jene die ihren kleinen (verletzlichen und vermeintlichen) \u2039Vorsprung\u203a vehement verteidigen \u2013 und das gewaltvoll! Zum Schutz der eigenen Familie, statt des Gemeinwohls.<\/p>\n\n\n\n<p>Und deshalb braucht es uns Sozikulturelle Animatorinnen und Animatoren \u2013 es ist ja nicht nur in den USA so. Es ist ein Backlash, den wir auch in Europa kennen und der in vielen Teilen der Welt erkennbar ist. Es braucht uns, die im Kleinen zu mehr Verst\u00e4ndigung beitragen. Damit wir Menschen nicht aus einer (oft unbenennbaren) Angst heraus die Welt verunstalten statt gestalten und den \u2039Anderen\u203a empathisch und solidarisch gegen\u00fcbertreten k\u00f6nnen. Dieser Angst gilt es entgegen zu treten. Von Hannah Arendt, j\u00fcdische deutsch-amerikanische politische Theoretikerin und Publizistin, wurde ich k\u00fcrzlich inspiriert, sie schrieb, dass es darum geht, das Gegen\u00fcber zu befragen, um zu verstehen wie jemand lebt und zu den jeweiligen Ansichten kommt. Aus welcher Erfahrung heraus spricht jemand? Was ist ihr\/sein Standpunkt, woher ist dieser gepr\u00e4gt? Ich denke, daraus erkennen wir die roten F\u00e4den, die Pr\u00e4gungen, die \u00c4ngste und Hoffnungen. Das bedingt, dass wir im Kontakt sind, die Geschichten der Menschen erfassen und dann damit arbeiten.<\/p>\n\n\n\n<p>Ja, es braucht die Soziokulturelle Animation als Br\u00fcckenbauerin mehr denn je! Demokratieentwicklung wurde immer von unten gemacht \u2013 es sind die sozialen und kulturellen Bewegungen die zu mehr Rechten f\u00fchrten (Sozialversicherungen, Frauenrechte, Kinderrechte, Civil rights, Alternativkultur, atomare Abr\u00fcstung, Umweltschutz, &#8230;) Es braucht uns als Mitdenkerinnen und Mitdenker und Mitgestalterinnen und -Gestalter in dieser Welt: Grassroot Movements, Communitybuilder, Soziokulturelle Animatorinnen.<\/p>\n\n\n\n<p>Und es tut gut zu wissen, dass wir Viele sind, die viele Br\u00fccken bauen und zu Verst\u00e4ndigung und Gemeinsinn beitragen.<\/p>\n\n\n\n<p>Bildquelle:&nbsp;<a href=\"http:\/\/www.srf.ch\/kultur\/netzwelt\/meme-des-jahres-2012\/hurrikan-sandy-der-frankenstorm\" target=\"_blank\" rel=\"noreferrer noopener\">www.srf.ch\/kultur\/netzwelt\/meme-des-jahres-2012\/hurrikan-sandy-der-frankenstorm<\/a><\/p>\n\n\n\n<hr class=\"wp-block-separator\"\/>\n\n\n\n<p>von: Rahel El-Maawi<\/p>\n","protected":false},"excerpt":{"rendered":"<p>Hier in San Francisco \u2013 und um die ganze Welt verteilt \u2013 sind zurzeit viele Menschen sehr betr\u00fcbt bez\u00fcglich des Wahlausgangs in den USA. Hier ist es sehr sp\u00fcrbar. <\/p>\n","protected":false},"author":111,"featured_media":2667,"comment_status":"open","ping_status":"closed","sticky":false,"template":"","format":"standard","meta":{"_acf_changed":false,"inline_featured_image":false,"_relevanssi_hide_post":"","_relevanssi_hide_content":"","_relevanssi_pin_for_all":"","_relevanssi_pin_keywords":"","_relevanssi_unpin_keywords":"","_relevanssi_related_keywords":"","_relevanssi_related_include_ids":"","_relevanssi_related_exclude_ids":"","_relevanssi_related_no_append":"","_relevanssi_related_not_related":"","_relevanssi_related_posts":"","_relevanssi_noindex_reason":"","footnotes":"","_links_to":"","_links_to_target":""},"categories":[20],"tags":[61,121,32],"class_list":["post-1885","post","type-post","status-publish","format-standard","has-post-thumbnail","hentry","category-soziokultur","tag-beteiligung","tag-demokratie","tag-partizipation"],"acf":[],"yoast_head":"<!-- This site is optimized with the Yoast SEO plugin v27.5 - https:\/\/yoast.com\/product\/yoast-seo-wordpress\/ -->\n<title>Soziokulturelle Animation und Demokratie \u2013 Gedanken nach den US-Wahlen &#8211; Soziale Arbeit an der Hochschule Luzern<\/title>\n<meta name=\"robots\" content=\"index, follow, max-snippet:-1, max-image-preview:large, max-video-preview:-1\" \/>\n<link rel=\"canonical\" href=\"https:\/\/hub.hslu.ch\/soziale-arbeit\/soziokulturelle-animation-und-demokratie-gedanken-nach-den-us-wahlen\/\" \/>\n<meta property=\"og:locale\" content=\"de_DE\" \/>\n<meta property=\"og:type\" content=\"article\" \/>\n<meta property=\"og:title\" content=\"Soziokulturelle Animation und Demokratie \u2013 Gedanken nach den US-Wahlen &#8211; Soziale Arbeit an der Hochschule Luzern\" \/>\n<meta property=\"og:description\" content=\"Hier in San Francisco \u2013 und um die ganze Welt verteilt \u2013 sind zurzeit viele Menschen sehr betr\u00fcbt bez\u00fcglich des Wahlausgangs in den USA. Hier ist es sehr sp\u00fcrbar.\" \/>\n<meta property=\"og:url\" content=\"https:\/\/hub.hslu.ch\/soziale-arbeit\/soziokulturelle-animation-und-demokratie-gedanken-nach-den-us-wahlen\/\" \/>\n<meta property=\"og:site_name\" content=\"Soziale Arbeit an der Hochschule Luzern\" \/>\n<meta property=\"article:published_time\" content=\"2016-11-17T07:30:33+00:00\" \/>\n<meta property=\"article:modified_time\" content=\"2026-02-11T13:53:58+00:00\" \/>\n<meta property=\"og:image\" content=\"https:\/\/hub.hslu.ch\/soziale-arbeit\/wp-content\/uploads\/sites\/23\/2016\/11\/freiheitsstatue-versteckt-sich.jpg\" \/>\n\t<meta property=\"og:image:width\" content=\"702\" \/>\n\t<meta property=\"og:image:height\" content=\"336\" \/>\n\t<meta property=\"og:image:type\" content=\"image\/jpeg\" \/>\n<meta name=\"author\" content=\"webkinder\" \/>\n<meta name=\"twitter:card\" content=\"summary_large_image\" \/>\n<meta name=\"twitter:label1\" content=\"Geschrieben von\" \/>\n\t<meta name=\"twitter:data1\" content=\"webkinder\" \/>\n\t<meta name=\"twitter:label2\" content=\"Gesch\u00e4tzte Lesezeit\" \/>\n\t<meta name=\"twitter:data2\" content=\"4\u00a0Minuten\" \/>\n<script type=\"application\/ld+json\" class=\"yoast-schema-graph\">{\"@context\":\"https:\\\/\\\/schema.org\",\"@graph\":[{\"@type\":\"Article\",\"@id\":\"https:\\\/\\\/hub.hslu.ch\\\/soziale-arbeit\\\/soziokulturelle-animation-und-demokratie-gedanken-nach-den-us-wahlen\\\/#article\",\"isPartOf\":{\"@id\":\"https:\\\/\\\/hub.hslu.ch\\\/soziale-arbeit\\\/soziokulturelle-animation-und-demokratie-gedanken-nach-den-us-wahlen\\\/\"},\"author\":{\"name\":\"webkinder\",\"@id\":\"https:\\\/\\\/hub.hslu.ch\\\/soziale-arbeit\\\/#\\\/schema\\\/person\\\/2fbc41f8eff3a89d0755cce0ed9a2542\"},\"headline\":\"Soziokulturelle Animation und Demokratie \u2013 Gedanken nach den US-Wahlen\",\"datePublished\":\"2016-11-17T07:30:33+00:00\",\"dateModified\":\"2026-02-11T13:53:58+00:00\",\"mainEntityOfPage\":{\"@id\":\"https:\\\/\\\/hub.hslu.ch\\\/soziale-arbeit\\\/soziokulturelle-animation-und-demokratie-gedanken-nach-den-us-wahlen\\\/\"},\"wordCount\":655,\"commentCount\":0,\"image\":{\"@id\":\"https:\\\/\\\/hub.hslu.ch\\\/soziale-arbeit\\\/soziokulturelle-animation-und-demokratie-gedanken-nach-den-us-wahlen\\\/#primaryimage\"},\"thumbnailUrl\":\"https:\\\/\\\/hub.hslu.ch\\\/soziale-arbeit\\\/wp-content\\\/uploads\\\/sites\\\/23\\\/2016\\\/11\\\/freiheitsstatue-versteckt-sich.jpg\",\"keywords\":[\"Beteiligung\",\"Demokratie\",\"Partizipation\"],\"articleSection\":[\"Soziokultur\"],\"inLanguage\":\"de-CH\",\"potentialAction\":[{\"@type\":\"CommentAction\",\"name\":\"Comment\",\"target\":[\"https:\\\/\\\/hub.hslu.ch\\\/soziale-arbeit\\\/soziokulturelle-animation-und-demokratie-gedanken-nach-den-us-wahlen\\\/#respond\"]}]},{\"@type\":\"WebPage\",\"@id\":\"https:\\\/\\\/hub.hslu.ch\\\/soziale-arbeit\\\/soziokulturelle-animation-und-demokratie-gedanken-nach-den-us-wahlen\\\/\",\"url\":\"https:\\\/\\\/hub.hslu.ch\\\/soziale-arbeit\\\/soziokulturelle-animation-und-demokratie-gedanken-nach-den-us-wahlen\\\/\",\"name\":\"Soziokulturelle Animation und Demokratie \u2013 Gedanken nach den US-Wahlen &#8211; Soziale Arbeit an der Hochschule Luzern\",\"isPartOf\":{\"@id\":\"https:\\\/\\\/hub.hslu.ch\\\/soziale-arbeit\\\/#website\"},\"primaryImageOfPage\":{\"@id\":\"https:\\\/\\\/hub.hslu.ch\\\/soziale-arbeit\\\/soziokulturelle-animation-und-demokratie-gedanken-nach-den-us-wahlen\\\/#primaryimage\"},\"image\":{\"@id\":\"https:\\\/\\\/hub.hslu.ch\\\/soziale-arbeit\\\/soziokulturelle-animation-und-demokratie-gedanken-nach-den-us-wahlen\\\/#primaryimage\"},\"thumbnailUrl\":\"https:\\\/\\\/hub.hslu.ch\\\/soziale-arbeit\\\/wp-content\\\/uploads\\\/sites\\\/23\\\/2016\\\/11\\\/freiheitsstatue-versteckt-sich.jpg\",\"datePublished\":\"2016-11-17T07:30:33+00:00\",\"dateModified\":\"2026-02-11T13:53:58+00:00\",\"author\":{\"@id\":\"https:\\\/\\\/hub.hslu.ch\\\/soziale-arbeit\\\/#\\\/schema\\\/person\\\/2fbc41f8eff3a89d0755cce0ed9a2542\"},\"breadcrumb\":{\"@id\":\"https:\\\/\\\/hub.hslu.ch\\\/soziale-arbeit\\\/soziokulturelle-animation-und-demokratie-gedanken-nach-den-us-wahlen\\\/#breadcrumb\"},\"inLanguage\":\"de-CH\",\"potentialAction\":[{\"@type\":\"ReadAction\",\"target\":[\"https:\\\/\\\/hub.hslu.ch\\\/soziale-arbeit\\\/soziokulturelle-animation-und-demokratie-gedanken-nach-den-us-wahlen\\\/\"]}]},{\"@type\":\"ImageObject\",\"inLanguage\":\"de-CH\",\"@id\":\"https:\\\/\\\/hub.hslu.ch\\\/soziale-arbeit\\\/soziokulturelle-animation-und-demokratie-gedanken-nach-den-us-wahlen\\\/#primaryimage\",\"url\":\"https:\\\/\\\/hub.hslu.ch\\\/soziale-arbeit\\\/wp-content\\\/uploads\\\/sites\\\/23\\\/2016\\\/11\\\/freiheitsstatue-versteckt-sich.jpg\",\"contentUrl\":\"https:\\\/\\\/hub.hslu.ch\\\/soziale-arbeit\\\/wp-content\\\/uploads\\\/sites\\\/23\\\/2016\\\/11\\\/freiheitsstatue-versteckt-sich.jpg\",\"width\":702,\"height\":336},{\"@type\":\"BreadcrumbList\",\"@id\":\"https:\\\/\\\/hub.hslu.ch\\\/soziale-arbeit\\\/soziokulturelle-animation-und-demokratie-gedanken-nach-den-us-wahlen\\\/#breadcrumb\",\"itemListElement\":[{\"@type\":\"ListItem\",\"position\":1,\"name\":\"Home\",\"item\":\"https:\\\/\\\/hub.hslu.ch\\\/soziale-arbeit\\\/\"},{\"@type\":\"ListItem\",\"position\":2,\"name\":\"Soziokulturelle Animation und Demokratie \u2013 Gedanken nach den US-Wahlen\"}]},{\"@type\":\"WebSite\",\"@id\":\"https:\\\/\\\/hub.hslu.ch\\\/soziale-arbeit\\\/#website\",\"url\":\"https:\\\/\\\/hub.hslu.ch\\\/soziale-arbeit\\\/\",\"name\":\"Soziale Arbeit an der Hochschule Luzern\",\"description\":\"Der Blog der Hochschule Luzern \u2013 Soziale Arbeit\",\"potentialAction\":[{\"@type\":\"SearchAction\",\"target\":{\"@type\":\"EntryPoint\",\"urlTemplate\":\"https:\\\/\\\/hub.hslu.ch\\\/soziale-arbeit\\\/?s={search_term_string}\"},\"query-input\":{\"@type\":\"PropertyValueSpecification\",\"valueRequired\":true,\"valueName\":\"search_term_string\"}}],\"inLanguage\":\"de-CH\"},{\"@type\":\"Person\",\"@id\":\"https:\\\/\\\/hub.hslu.ch\\\/soziale-arbeit\\\/#\\\/schema\\\/person\\\/2fbc41f8eff3a89d0755cce0ed9a2542\",\"name\":\"webkinder\"}]}<\/script>\n<!-- \/ Yoast SEO plugin. -->","yoast_head_json":{"title":"Soziokulturelle Animation und Demokratie \u2013 Gedanken nach den US-Wahlen &#8211; Soziale Arbeit an der Hochschule Luzern","robots":{"index":"index","follow":"follow","max-snippet":"max-snippet:-1","max-image-preview":"max-image-preview:large","max-video-preview":"max-video-preview:-1"},"canonical":"https:\/\/hub.hslu.ch\/soziale-arbeit\/soziokulturelle-animation-und-demokratie-gedanken-nach-den-us-wahlen\/","og_locale":"de_DE","og_type":"article","og_title":"Soziokulturelle Animation und Demokratie \u2013 Gedanken nach den US-Wahlen &#8211; Soziale Arbeit an der Hochschule Luzern","og_description":"Hier in San Francisco \u2013 und um die ganze Welt verteilt \u2013 sind zurzeit viele Menschen sehr betr\u00fcbt bez\u00fcglich des Wahlausgangs in den USA. Hier ist es sehr sp\u00fcrbar.","og_url":"https:\/\/hub.hslu.ch\/soziale-arbeit\/soziokulturelle-animation-und-demokratie-gedanken-nach-den-us-wahlen\/","og_site_name":"Soziale Arbeit an der Hochschule Luzern","article_published_time":"2016-11-17T07:30:33+00:00","article_modified_time":"2026-02-11T13:53:58+00:00","og_image":[{"width":702,"height":336,"url":"https:\/\/hub.hslu.ch\/soziale-arbeit\/wp-content\/uploads\/sites\/23\/2016\/11\/freiheitsstatue-versteckt-sich.jpg","type":"image\/jpeg"}],"author":"webkinder","twitter_card":"summary_large_image","twitter_misc":{"Geschrieben von":"webkinder","Gesch\u00e4tzte Lesezeit":"4\u00a0Minuten"},"schema":{"@context":"https:\/\/schema.org","@graph":[{"@type":"Article","@id":"https:\/\/hub.hslu.ch\/soziale-arbeit\/soziokulturelle-animation-und-demokratie-gedanken-nach-den-us-wahlen\/#article","isPartOf":{"@id":"https:\/\/hub.hslu.ch\/soziale-arbeit\/soziokulturelle-animation-und-demokratie-gedanken-nach-den-us-wahlen\/"},"author":{"name":"webkinder","@id":"https:\/\/hub.hslu.ch\/soziale-arbeit\/#\/schema\/person\/2fbc41f8eff3a89d0755cce0ed9a2542"},"headline":"Soziokulturelle Animation und Demokratie \u2013 Gedanken nach den US-Wahlen","datePublished":"2016-11-17T07:30:33+00:00","dateModified":"2026-02-11T13:53:58+00:00","mainEntityOfPage":{"@id":"https:\/\/hub.hslu.ch\/soziale-arbeit\/soziokulturelle-animation-und-demokratie-gedanken-nach-den-us-wahlen\/"},"wordCount":655,"commentCount":0,"image":{"@id":"https:\/\/hub.hslu.ch\/soziale-arbeit\/soziokulturelle-animation-und-demokratie-gedanken-nach-den-us-wahlen\/#primaryimage"},"thumbnailUrl":"https:\/\/hub.hslu.ch\/soziale-arbeit\/wp-content\/uploads\/sites\/23\/2016\/11\/freiheitsstatue-versteckt-sich.jpg","keywords":["Beteiligung","Demokratie","Partizipation"],"articleSection":["Soziokultur"],"inLanguage":"de-CH","potentialAction":[{"@type":"CommentAction","name":"Comment","target":["https:\/\/hub.hslu.ch\/soziale-arbeit\/soziokulturelle-animation-und-demokratie-gedanken-nach-den-us-wahlen\/#respond"]}]},{"@type":"WebPage","@id":"https:\/\/hub.hslu.ch\/soziale-arbeit\/soziokulturelle-animation-und-demokratie-gedanken-nach-den-us-wahlen\/","url":"https:\/\/hub.hslu.ch\/soziale-arbeit\/soziokulturelle-animation-und-demokratie-gedanken-nach-den-us-wahlen\/","name":"Soziokulturelle Animation und Demokratie \u2013 Gedanken nach den US-Wahlen &#8211; Soziale Arbeit an der Hochschule Luzern","isPartOf":{"@id":"https:\/\/hub.hslu.ch\/soziale-arbeit\/#website"},"primaryImageOfPage":{"@id":"https:\/\/hub.hslu.ch\/soziale-arbeit\/soziokulturelle-animation-und-demokratie-gedanken-nach-den-us-wahlen\/#primaryimage"},"image":{"@id":"https:\/\/hub.hslu.ch\/soziale-arbeit\/soziokulturelle-animation-und-demokratie-gedanken-nach-den-us-wahlen\/#primaryimage"},"thumbnailUrl":"https:\/\/hub.hslu.ch\/soziale-arbeit\/wp-content\/uploads\/sites\/23\/2016\/11\/freiheitsstatue-versteckt-sich.jpg","datePublished":"2016-11-17T07:30:33+00:00","dateModified":"2026-02-11T13:53:58+00:00","author":{"@id":"https:\/\/hub.hslu.ch\/soziale-arbeit\/#\/schema\/person\/2fbc41f8eff3a89d0755cce0ed9a2542"},"breadcrumb":{"@id":"https:\/\/hub.hslu.ch\/soziale-arbeit\/soziokulturelle-animation-und-demokratie-gedanken-nach-den-us-wahlen\/#breadcrumb"},"inLanguage":"de-CH","potentialAction":[{"@type":"ReadAction","target":["https:\/\/hub.hslu.ch\/soziale-arbeit\/soziokulturelle-animation-und-demokratie-gedanken-nach-den-us-wahlen\/"]}]},{"@type":"ImageObject","inLanguage":"de-CH","@id":"https:\/\/hub.hslu.ch\/soziale-arbeit\/soziokulturelle-animation-und-demokratie-gedanken-nach-den-us-wahlen\/#primaryimage","url":"https:\/\/hub.hslu.ch\/soziale-arbeit\/wp-content\/uploads\/sites\/23\/2016\/11\/freiheitsstatue-versteckt-sich.jpg","contentUrl":"https:\/\/hub.hslu.ch\/soziale-arbeit\/wp-content\/uploads\/sites\/23\/2016\/11\/freiheitsstatue-versteckt-sich.jpg","width":702,"height":336},{"@type":"BreadcrumbList","@id":"https:\/\/hub.hslu.ch\/soziale-arbeit\/soziokulturelle-animation-und-demokratie-gedanken-nach-den-us-wahlen\/#breadcrumb","itemListElement":[{"@type":"ListItem","position":1,"name":"Home","item":"https:\/\/hub.hslu.ch\/soziale-arbeit\/"},{"@type":"ListItem","position":2,"name":"Soziokulturelle Animation und Demokratie \u2013 Gedanken nach den US-Wahlen"}]},{"@type":"WebSite","@id":"https:\/\/hub.hslu.ch\/soziale-arbeit\/#website","url":"https:\/\/hub.hslu.ch\/soziale-arbeit\/","name":"Soziale Arbeit an der Hochschule Luzern","description":"Der Blog der Hochschule Luzern \u2013 Soziale Arbeit","potentialAction":[{"@type":"SearchAction","target":{"@type":"EntryPoint","urlTemplate":"https:\/\/hub.hslu.ch\/soziale-arbeit\/?s={search_term_string}"},"query-input":{"@type":"PropertyValueSpecification","valueRequired":true,"valueName":"search_term_string"}}],"inLanguage":"de-CH"},{"@type":"Person","@id":"https:\/\/hub.hslu.ch\/soziale-arbeit\/#\/schema\/person\/2fbc41f8eff3a89d0755cce0ed9a2542","name":"webkinder"}]}},"featured_image_src":"https:\/\/hub.hslu.ch\/soziale-arbeit\/wp-content\/uploads\/sites\/23\/2016\/11\/freiheitsstatue-versteckt-sich.jpg","featured_image_src_square":"https:\/\/hub.hslu.ch\/soziale-arbeit\/wp-content\/uploads\/sites\/23\/2016\/11\/freiheitsstatue-versteckt-sich.jpg","author_info":{"display_name":"webkinder","author_link":"https:\/\/hub.hslu.ch\/soziale-arbeit\/author\/webkinder\/"},"_links":{"self":[{"href":"https:\/\/hub.hslu.ch\/soziale-arbeit\/wp-json\/wp\/v2\/posts\/1885","targetHints":{"allow":["GET"]}}],"collection":[{"href":"https:\/\/hub.hslu.ch\/soziale-arbeit\/wp-json\/wp\/v2\/posts"}],"about":[{"href":"https:\/\/hub.hslu.ch\/soziale-arbeit\/wp-json\/wp\/v2\/types\/post"}],"author":[{"embeddable":true,"href":"https:\/\/hub.hslu.ch\/soziale-arbeit\/wp-json\/wp\/v2\/users\/111"}],"replies":[{"embeddable":true,"href":"https:\/\/hub.hslu.ch\/soziale-arbeit\/wp-json\/wp\/v2\/comments?post=1885"}],"version-history":[{"count":2,"href":"https:\/\/hub.hslu.ch\/soziale-arbeit\/wp-json\/wp\/v2\/posts\/1885\/revisions"}],"predecessor-version":[{"id":12831,"href":"https:\/\/hub.hslu.ch\/soziale-arbeit\/wp-json\/wp\/v2\/posts\/1885\/revisions\/12831"}],"wp:featuredmedia":[{"embeddable":true,"href":"https:\/\/hub.hslu.ch\/soziale-arbeit\/wp-json\/wp\/v2\/media\/2667"}],"wp:attachment":[{"href":"https:\/\/hub.hslu.ch\/soziale-arbeit\/wp-json\/wp\/v2\/media?parent=1885"}],"wp:term":[{"taxonomy":"category","embeddable":true,"href":"https:\/\/hub.hslu.ch\/soziale-arbeit\/wp-json\/wp\/v2\/categories?post=1885"},{"taxonomy":"post_tag","embeddable":true,"href":"https:\/\/hub.hslu.ch\/soziale-arbeit\/wp-json\/wp\/v2\/tags?post=1885"}],"curies":[{"name":"wp","href":"https:\/\/api.w.org\/{rel}","templated":true}]}}