{"id":1889,"date":"2017-01-05T08:30:19","date_gmt":"2017-01-05T07:30:19","guid":{"rendered":"https:\/\/hslu-soziale-arbeit.test\/?p=485"},"modified":"2026-02-11T14:53:58","modified_gmt":"2026-02-11T13:53:58","slug":"die-jungen-und-die-alten","status":"publish","type":"post","link":"https:\/\/hub.hslu.ch\/soziale-arbeit\/die-jungen-und-die-alten\/","title":{"rendered":"Die Jungen und die Alten"},"content":{"rendered":"\n<p> Also alle im Rentenalter, beziehen Pension und AHV. Die Seniorinnen und Senior werden immer \u00e4lter, auch das ist statistisch sonnenklar. Wer soll diese Renten und Gesundheitskosten bezahlen? Funktioniert der Generationenvertrag noch, muss er neu verhandelt werden? Da werden bereits verschiedene Szenarien diskutiert. Die Idee des Grundeinkommens ist nicht vom Tisch, die Erh\u00f6hung des Rentenalters f\u00fcr alle und neue Finanzierungsmodelle der AHV stehen zu Debatte.<\/p>\n\n\n\n<p>Die Altersstruktur unserer Gesellschaft ist von der Geburtenrate, der Todesf\u00e4lle und von der Zuwanderung abh\u00e4ngig. In der Schweiz liegt die Geburtenrate tief. Damit wir das Gleichgewicht behalten k\u00f6nnen, sind wir auf Zuwanderung angewiesen. Vielen passt das nicht. \u00c4ngste werden gesch\u00fcrt. Horrorszenarien werden skizziert. Pessimisten reden von einer gespaltenen Gesellschaft, von einem Wertezerfall, von ruinierten Versicherungen und von sozialen Unruhen.<\/p>\n\n\n\n<p>Vieles wird sich \u00e4ndern. Packen wir es an, und zwar heute und nicht erst morgen. Unsere Gesellschaft wird bunter und vielf\u00e4ltiger. Wie sollen wir mit dieser wunderbaren Vielfalt umgehen k\u00f6nnen? Da sind wir von der Soziokulturellen Animation gefordert. Wenn diese grosse Diversit\u00e4t als Ressource genutzt werden soll, m\u00fcssen wir n\u00e4her r\u00fccken, m\u00fcssen wir untereinander im Dialog stehen. Wie tragen wir Sorge zu unseren Werten? Bevor wir immer von den grossen Unterschieden reden, sollten wir \u00fcber Gemeinsamkeiten austauschen. So k\u00f6nnen eher Vorurteile und \u00c4ngste abgebaut werden. Dialog entsteht nur doch Begegnung. Die Jungen, die Alten und die neu Zugewanderten m\u00fcssen im Kontakt stehen. Zuf\u00e4llig passiert das nicht. Gesellschaftliche Koh\u00e4sion ist ohne soziale Gerechtigkeit nicht m\u00f6glich. Wir m\u00fcssen daf\u00fcr sorgen, dass alle das Gef\u00fchl bekommen, zugeh\u00f6rig zu sein. Solche Prozesse entwickeln sich nie ohne Konflikte. Im Dialog stehen heisst, dass wir alle lernen m\u00fcssen diese Differenzen auszuhalten, dass wir diese auch zulassen.<\/p>\n\n\n\n<p>Die vielen \u00abAlten\u00bb bleiben l\u00e4nger robust. Das ist doch eine wunderbare Ressource. In Zukunft werden wir viel mehr Leute haben, die sich f\u00fcr mehr Solidarit\u00e4t in unseren Quartieren und D\u00f6rfern engagieren. Mehr Leute, die sich f\u00fcr ein bewusstes Zusammenleben neue Ideen und Konzepte ausdenken. Die Erfahrung, die Ruhe und die Gelassenheit der vielen \u00e4lteren Menschen ist eine wichtige Ressource die wir in diesen Herausforderungen unbedingt auf die beste Art einsetzen m\u00fcssen. Die Soziokulturellen Animatorinnen und Animatoren sollten f\u00fcr diese Prozessbegleitung vorbereitet sein.<\/p>\n\n\n\n<hr class=\"wp-block-separator\"\/>\n\n\n\n<p>von: Bernard Wandeler<\/p>\n","protected":false},"excerpt":{"rendered":"<p>Der demographische Wandel wird das Zusammenleben zwischen den Generationen ver\u00e4ndern. Statistikerinnen und Statistiker sind sich alle einig. Bereits in 14 Jahren, also 2030 sind mehr als 55% der Schweizer Bev\u00f6lkerung \u00e4lter als 65 Jahre alt (Bundesamt f\u00fcr Statistik).<\/p>\n","protected":false},"author":111,"featured_media":2650,"comment_status":"open","ping_status":"closed","sticky":false,"template":"","format":"standard","meta":{"_acf_changed":false,"inline_featured_image":false,"_relevanssi_hide_post":"","_relevanssi_hide_content":"","_relevanssi_pin_for_all":"","_relevanssi_pin_keywords":"","_relevanssi_unpin_keywords":"","_relevanssi_related_keywords":"","_relevanssi_related_include_ids":"","_relevanssi_related_exclude_ids":"","_relevanssi_related_no_append":"","_relevanssi_related_not_related":"","_relevanssi_related_posts":"","_relevanssi_noindex_reason":"","footnotes":"","_links_to":"","_links_to_target":""},"categories":[20],"tags":[133,94,134,74,135,57],"class_list":["post-1889","post","type-post","status-publish","format-standard","has-post-thumbnail","hentry","category-soziokultur","tag-demographischer-wandel","tag-dialog","tag-generationenvertrag","tag-gesellschaftlicher-wandel","tag-kohaesion","tag-zivilgesellschaftliches-engagement"],"acf":[],"yoast_head":"<!-- This site is optimized with the Yoast SEO plugin v27.5 - https:\/\/yoast.com\/product\/yoast-seo-wordpress\/ -->\n<title>Die Jungen und die Alten &#8211; Soziale Arbeit an der Hochschule Luzern<\/title>\n<meta name=\"robots\" content=\"index, follow, max-snippet:-1, max-image-preview:large, max-video-preview:-1\" \/>\n<link rel=\"canonical\" href=\"https:\/\/hub.hslu.ch\/soziale-arbeit\/die-jungen-und-die-alten\/\" \/>\n<meta property=\"og:locale\" content=\"de_DE\" \/>\n<meta property=\"og:type\" content=\"article\" \/>\n<meta property=\"og:title\" content=\"Die Jungen und die Alten &#8211; Soziale Arbeit an der Hochschule Luzern\" \/>\n<meta property=\"og:description\" content=\"Der demographische Wandel wird das Zusammenleben zwischen den Generationen ver\u00e4ndern. Statistikerinnen und Statistiker sind sich alle einig. Bereits in 14 Jahren, also 2030 sind mehr als 55% der Schweizer Bev\u00f6lkerung \u00e4lter als 65 Jahre alt (Bundesamt f\u00fcr Statistik).\" \/>\n<meta property=\"og:url\" content=\"https:\/\/hub.hslu.ch\/soziale-arbeit\/die-jungen-und-die-alten\/\" \/>\n<meta property=\"og:site_name\" content=\"Soziale Arbeit an der Hochschule Luzern\" \/>\n<meta property=\"article:published_time\" content=\"2017-01-05T07:30:19+00:00\" \/>\n<meta property=\"article:modified_time\" content=\"2026-02-11T13:53:58+00:00\" \/>\n<meta property=\"og:image\" content=\"https:\/\/hub.hslu.ch\/soziale-arbeit\/wp-content\/uploads\/sites\/23\/2017\/01\/generationen_haende.jpg\" \/>\n\t<meta property=\"og:image:width\" content=\"702\" \/>\n\t<meta property=\"og:image:height\" content=\"336\" \/>\n\t<meta property=\"og:image:type\" content=\"image\/jpeg\" \/>\n<meta name=\"author\" content=\"webkinder\" \/>\n<meta name=\"twitter:card\" content=\"summary_large_image\" \/>\n<meta name=\"twitter:label1\" content=\"Geschrieben von\" \/>\n\t<meta name=\"twitter:data1\" content=\"webkinder\" \/>\n\t<meta name=\"twitter:label2\" content=\"Gesch\u00e4tzte Lesezeit\" \/>\n\t<meta name=\"twitter:data2\" content=\"3\u00a0Minuten\" \/>\n<script type=\"application\/ld+json\" class=\"yoast-schema-graph\">{\"@context\":\"https:\\\/\\\/schema.org\",\"@graph\":[{\"@type\":\"Article\",\"@id\":\"https:\\\/\\\/hub.hslu.ch\\\/soziale-arbeit\\\/die-jungen-und-die-alten\\\/#article\",\"isPartOf\":{\"@id\":\"https:\\\/\\\/hub.hslu.ch\\\/soziale-arbeit\\\/die-jungen-und-die-alten\\\/\"},\"author\":{\"name\":\"webkinder\",\"@id\":\"https:\\\/\\\/hub.hslu.ch\\\/soziale-arbeit\\\/#\\\/schema\\\/person\\\/2fbc41f8eff3a89d0755cce0ed9a2542\"},\"headline\":\"Die Jungen und die Alten\",\"datePublished\":\"2017-01-05T07:30:19+00:00\",\"dateModified\":\"2026-02-11T13:53:58+00:00\",\"mainEntityOfPage\":{\"@id\":\"https:\\\/\\\/hub.hslu.ch\\\/soziale-arbeit\\\/die-jungen-und-die-alten\\\/\"},\"wordCount\":393,\"commentCount\":0,\"image\":{\"@id\":\"https:\\\/\\\/hub.hslu.ch\\\/soziale-arbeit\\\/die-jungen-und-die-alten\\\/#primaryimage\"},\"thumbnailUrl\":\"https:\\\/\\\/hub.hslu.ch\\\/soziale-arbeit\\\/wp-content\\\/uploads\\\/sites\\\/23\\\/2017\\\/01\\\/generationen_haende.jpg\",\"keywords\":[\"Demographischer Wandel\",\"Dialog\",\"Generationenvertrag\",\"gesellschaftlicher Wandel\",\"Koh\u00e4sion\",\"Zivilgesellschaftliches Engagement\"],\"articleSection\":[\"Soziokultur\"],\"inLanguage\":\"de-CH\",\"potentialAction\":[{\"@type\":\"CommentAction\",\"name\":\"Comment\",\"target\":[\"https:\\\/\\\/hub.hslu.ch\\\/soziale-arbeit\\\/die-jungen-und-die-alten\\\/#respond\"]}]},{\"@type\":\"WebPage\",\"@id\":\"https:\\\/\\\/hub.hslu.ch\\\/soziale-arbeit\\\/die-jungen-und-die-alten\\\/\",\"url\":\"https:\\\/\\\/hub.hslu.ch\\\/soziale-arbeit\\\/die-jungen-und-die-alten\\\/\",\"name\":\"Die Jungen und die Alten &#8211; Soziale Arbeit an der Hochschule Luzern\",\"isPartOf\":{\"@id\":\"https:\\\/\\\/hub.hslu.ch\\\/soziale-arbeit\\\/#website\"},\"primaryImageOfPage\":{\"@id\":\"https:\\\/\\\/hub.hslu.ch\\\/soziale-arbeit\\\/die-jungen-und-die-alten\\\/#primaryimage\"},\"image\":{\"@id\":\"https:\\\/\\\/hub.hslu.ch\\\/soziale-arbeit\\\/die-jungen-und-die-alten\\\/#primaryimage\"},\"thumbnailUrl\":\"https:\\\/\\\/hub.hslu.ch\\\/soziale-arbeit\\\/wp-content\\\/uploads\\\/sites\\\/23\\\/2017\\\/01\\\/generationen_haende.jpg\",\"datePublished\":\"2017-01-05T07:30:19+00:00\",\"dateModified\":\"2026-02-11T13:53:58+00:00\",\"author\":{\"@id\":\"https:\\\/\\\/hub.hslu.ch\\\/soziale-arbeit\\\/#\\\/schema\\\/person\\\/2fbc41f8eff3a89d0755cce0ed9a2542\"},\"breadcrumb\":{\"@id\":\"https:\\\/\\\/hub.hslu.ch\\\/soziale-arbeit\\\/die-jungen-und-die-alten\\\/#breadcrumb\"},\"inLanguage\":\"de-CH\",\"potentialAction\":[{\"@type\":\"ReadAction\",\"target\":[\"https:\\\/\\\/hub.hslu.ch\\\/soziale-arbeit\\\/die-jungen-und-die-alten\\\/\"]}]},{\"@type\":\"ImageObject\",\"inLanguage\":\"de-CH\",\"@id\":\"https:\\\/\\\/hub.hslu.ch\\\/soziale-arbeit\\\/die-jungen-und-die-alten\\\/#primaryimage\",\"url\":\"https:\\\/\\\/hub.hslu.ch\\\/soziale-arbeit\\\/wp-content\\\/uploads\\\/sites\\\/23\\\/2017\\\/01\\\/generationen_haende.jpg\",\"contentUrl\":\"https:\\\/\\\/hub.hslu.ch\\\/soziale-arbeit\\\/wp-content\\\/uploads\\\/sites\\\/23\\\/2017\\\/01\\\/generationen_haende.jpg\",\"width\":702,\"height\":336},{\"@type\":\"BreadcrumbList\",\"@id\":\"https:\\\/\\\/hub.hslu.ch\\\/soziale-arbeit\\\/die-jungen-und-die-alten\\\/#breadcrumb\",\"itemListElement\":[{\"@type\":\"ListItem\",\"position\":1,\"name\":\"Home\",\"item\":\"https:\\\/\\\/hub.hslu.ch\\\/soziale-arbeit\\\/\"},{\"@type\":\"ListItem\",\"position\":2,\"name\":\"Die Jungen und die Alten\"}]},{\"@type\":\"WebSite\",\"@id\":\"https:\\\/\\\/hub.hslu.ch\\\/soziale-arbeit\\\/#website\",\"url\":\"https:\\\/\\\/hub.hslu.ch\\\/soziale-arbeit\\\/\",\"name\":\"Soziale Arbeit an der Hochschule Luzern\",\"description\":\"Der Blog der Hochschule Luzern \u2013 Soziale Arbeit\",\"potentialAction\":[{\"@type\":\"SearchAction\",\"target\":{\"@type\":\"EntryPoint\",\"urlTemplate\":\"https:\\\/\\\/hub.hslu.ch\\\/soziale-arbeit\\\/?s={search_term_string}\"},\"query-input\":{\"@type\":\"PropertyValueSpecification\",\"valueRequired\":true,\"valueName\":\"search_term_string\"}}],\"inLanguage\":\"de-CH\"},{\"@type\":\"Person\",\"@id\":\"https:\\\/\\\/hub.hslu.ch\\\/soziale-arbeit\\\/#\\\/schema\\\/person\\\/2fbc41f8eff3a89d0755cce0ed9a2542\",\"name\":\"webkinder\"}]}<\/script>\n<!-- \/ Yoast SEO plugin. -->","yoast_head_json":{"title":"Die Jungen und die Alten &#8211; Soziale Arbeit an der Hochschule Luzern","robots":{"index":"index","follow":"follow","max-snippet":"max-snippet:-1","max-image-preview":"max-image-preview:large","max-video-preview":"max-video-preview:-1"},"canonical":"https:\/\/hub.hslu.ch\/soziale-arbeit\/die-jungen-und-die-alten\/","og_locale":"de_DE","og_type":"article","og_title":"Die Jungen und die Alten &#8211; Soziale Arbeit an der Hochschule Luzern","og_description":"Der demographische Wandel wird das Zusammenleben zwischen den Generationen ver\u00e4ndern. Statistikerinnen und Statistiker sind sich alle einig. Bereits in 14 Jahren, also 2030 sind mehr als 55% der Schweizer Bev\u00f6lkerung \u00e4lter als 65 Jahre alt (Bundesamt f\u00fcr Statistik).","og_url":"https:\/\/hub.hslu.ch\/soziale-arbeit\/die-jungen-und-die-alten\/","og_site_name":"Soziale Arbeit an der Hochschule Luzern","article_published_time":"2017-01-05T07:30:19+00:00","article_modified_time":"2026-02-11T13:53:58+00:00","og_image":[{"width":702,"height":336,"url":"https:\/\/hub.hslu.ch\/soziale-arbeit\/wp-content\/uploads\/sites\/23\/2017\/01\/generationen_haende.jpg","type":"image\/jpeg"}],"author":"webkinder","twitter_card":"summary_large_image","twitter_misc":{"Geschrieben von":"webkinder","Gesch\u00e4tzte Lesezeit":"3\u00a0Minuten"},"schema":{"@context":"https:\/\/schema.org","@graph":[{"@type":"Article","@id":"https:\/\/hub.hslu.ch\/soziale-arbeit\/die-jungen-und-die-alten\/#article","isPartOf":{"@id":"https:\/\/hub.hslu.ch\/soziale-arbeit\/die-jungen-und-die-alten\/"},"author":{"name":"webkinder","@id":"https:\/\/hub.hslu.ch\/soziale-arbeit\/#\/schema\/person\/2fbc41f8eff3a89d0755cce0ed9a2542"},"headline":"Die Jungen und die Alten","datePublished":"2017-01-05T07:30:19+00:00","dateModified":"2026-02-11T13:53:58+00:00","mainEntityOfPage":{"@id":"https:\/\/hub.hslu.ch\/soziale-arbeit\/die-jungen-und-die-alten\/"},"wordCount":393,"commentCount":0,"image":{"@id":"https:\/\/hub.hslu.ch\/soziale-arbeit\/die-jungen-und-die-alten\/#primaryimage"},"thumbnailUrl":"https:\/\/hub.hslu.ch\/soziale-arbeit\/wp-content\/uploads\/sites\/23\/2017\/01\/generationen_haende.jpg","keywords":["Demographischer Wandel","Dialog","Generationenvertrag","gesellschaftlicher Wandel","Koh\u00e4sion","Zivilgesellschaftliches Engagement"],"articleSection":["Soziokultur"],"inLanguage":"de-CH","potentialAction":[{"@type":"CommentAction","name":"Comment","target":["https:\/\/hub.hslu.ch\/soziale-arbeit\/die-jungen-und-die-alten\/#respond"]}]},{"@type":"WebPage","@id":"https:\/\/hub.hslu.ch\/soziale-arbeit\/die-jungen-und-die-alten\/","url":"https:\/\/hub.hslu.ch\/soziale-arbeit\/die-jungen-und-die-alten\/","name":"Die Jungen und die Alten &#8211; Soziale Arbeit an der Hochschule Luzern","isPartOf":{"@id":"https:\/\/hub.hslu.ch\/soziale-arbeit\/#website"},"primaryImageOfPage":{"@id":"https:\/\/hub.hslu.ch\/soziale-arbeit\/die-jungen-und-die-alten\/#primaryimage"},"image":{"@id":"https:\/\/hub.hslu.ch\/soziale-arbeit\/die-jungen-und-die-alten\/#primaryimage"},"thumbnailUrl":"https:\/\/hub.hslu.ch\/soziale-arbeit\/wp-content\/uploads\/sites\/23\/2017\/01\/generationen_haende.jpg","datePublished":"2017-01-05T07:30:19+00:00","dateModified":"2026-02-11T13:53:58+00:00","author":{"@id":"https:\/\/hub.hslu.ch\/soziale-arbeit\/#\/schema\/person\/2fbc41f8eff3a89d0755cce0ed9a2542"},"breadcrumb":{"@id":"https:\/\/hub.hslu.ch\/soziale-arbeit\/die-jungen-und-die-alten\/#breadcrumb"},"inLanguage":"de-CH","potentialAction":[{"@type":"ReadAction","target":["https:\/\/hub.hslu.ch\/soziale-arbeit\/die-jungen-und-die-alten\/"]}]},{"@type":"ImageObject","inLanguage":"de-CH","@id":"https:\/\/hub.hslu.ch\/soziale-arbeit\/die-jungen-und-die-alten\/#primaryimage","url":"https:\/\/hub.hslu.ch\/soziale-arbeit\/wp-content\/uploads\/sites\/23\/2017\/01\/generationen_haende.jpg","contentUrl":"https:\/\/hub.hslu.ch\/soziale-arbeit\/wp-content\/uploads\/sites\/23\/2017\/01\/generationen_haende.jpg","width":702,"height":336},{"@type":"BreadcrumbList","@id":"https:\/\/hub.hslu.ch\/soziale-arbeit\/die-jungen-und-die-alten\/#breadcrumb","itemListElement":[{"@type":"ListItem","position":1,"name":"Home","item":"https:\/\/hub.hslu.ch\/soziale-arbeit\/"},{"@type":"ListItem","position":2,"name":"Die Jungen und die Alten"}]},{"@type":"WebSite","@id":"https:\/\/hub.hslu.ch\/soziale-arbeit\/#website","url":"https:\/\/hub.hslu.ch\/soziale-arbeit\/","name":"Soziale Arbeit an der Hochschule Luzern","description":"Der Blog der Hochschule Luzern \u2013 Soziale Arbeit","potentialAction":[{"@type":"SearchAction","target":{"@type":"EntryPoint","urlTemplate":"https:\/\/hub.hslu.ch\/soziale-arbeit\/?s={search_term_string}"},"query-input":{"@type":"PropertyValueSpecification","valueRequired":true,"valueName":"search_term_string"}}],"inLanguage":"de-CH"},{"@type":"Person","@id":"https:\/\/hub.hslu.ch\/soziale-arbeit\/#\/schema\/person\/2fbc41f8eff3a89d0755cce0ed9a2542","name":"webkinder"}]}},"featured_image_src":"https:\/\/hub.hslu.ch\/soziale-arbeit\/wp-content\/uploads\/sites\/23\/2017\/01\/generationen_haende.jpg","featured_image_src_square":"https:\/\/hub.hslu.ch\/soziale-arbeit\/wp-content\/uploads\/sites\/23\/2017\/01\/generationen_haende.jpg","author_info":{"display_name":"webkinder","author_link":"https:\/\/hub.hslu.ch\/soziale-arbeit\/author\/webkinder\/"},"_links":{"self":[{"href":"https:\/\/hub.hslu.ch\/soziale-arbeit\/wp-json\/wp\/v2\/posts\/1889","targetHints":{"allow":["GET"]}}],"collection":[{"href":"https:\/\/hub.hslu.ch\/soziale-arbeit\/wp-json\/wp\/v2\/posts"}],"about":[{"href":"https:\/\/hub.hslu.ch\/soziale-arbeit\/wp-json\/wp\/v2\/types\/post"}],"author":[{"embeddable":true,"href":"https:\/\/hub.hslu.ch\/soziale-arbeit\/wp-json\/wp\/v2\/users\/111"}],"replies":[{"embeddable":true,"href":"https:\/\/hub.hslu.ch\/soziale-arbeit\/wp-json\/wp\/v2\/comments?post=1889"}],"version-history":[{"count":3,"href":"https:\/\/hub.hslu.ch\/soziale-arbeit\/wp-json\/wp\/v2\/posts\/1889\/revisions"}],"predecessor-version":[{"id":12835,"href":"https:\/\/hub.hslu.ch\/soziale-arbeit\/wp-json\/wp\/v2\/posts\/1889\/revisions\/12835"}],"wp:featuredmedia":[{"embeddable":true,"href":"https:\/\/hub.hslu.ch\/soziale-arbeit\/wp-json\/wp\/v2\/media\/2650"}],"wp:attachment":[{"href":"https:\/\/hub.hslu.ch\/soziale-arbeit\/wp-json\/wp\/v2\/media?parent=1889"}],"wp:term":[{"taxonomy":"category","embeddable":true,"href":"https:\/\/hub.hslu.ch\/soziale-arbeit\/wp-json\/wp\/v2\/categories?post=1889"},{"taxonomy":"post_tag","embeddable":true,"href":"https:\/\/hub.hslu.ch\/soziale-arbeit\/wp-json\/wp\/v2\/tags?post=1889"}],"curies":[{"name":"wp","href":"https:\/\/api.w.org\/{rel}","templated":true}]}}