{"id":1912,"date":"2017-09-21T08:00:03","date_gmt":"2017-09-21T06:00:03","guid":{"rendered":"https:\/\/hslu-soziale-arbeit.test\/?p=835"},"modified":"2026-02-11T14:53:59","modified_gmt":"2026-02-11T13:53:59","slug":"buerokratie-auf-der-strasse","status":"publish","type":"post","link":"https:\/\/hub.hslu.ch\/soziale-arbeit\/buerokratie-auf-der-strasse\/","title":{"rendered":"B\u00fcrokratie auf der Strasse"},"content":{"rendered":"\n<p> Und eine Geschichte von Sozialarbeiterinnen, welche ihren Job umdefinieren. Ort des Geschehens: Paris.<\/p>\n\n\n\n<p>T\u00e4glich spuckt die Grossstadt \u00fcberfl\u00fcssig gewordene Gegenst\u00e4nde aus, \u00fcberquillt von G\u00fctern, taxiert als unbrauchbar, abgetragen, abgelaufen. Menschen, welche nichts Besseres zu tun haben, sammeln die Sachen ein und bieten sie in gut kapitalistischer Manier zum Verkauf an. T\u00e4glich breiten die Lumpensammler ihre Ware auf der Strasse aus, ein bunter Markt w\u00e4chst. Zu bunt f\u00fcr viele \u2013 und vor allem zu wild. Der Ruf nach Regulierung wird laut, politische Vorst\u00f6sse verlangen Ruhe und Ordnung. Im Jahr 2009 erl\u00e4sst die Stadtverwaltung von Paris eine Verordnung. Darin ist festgehalten, wer verkaufen darf, was verkauft werden darf, wann und wo dies stattfinden darf. Der informelle Sektor, das ist Dritte Welt, nicht Europa. In Europa, in Paris ist geregelt, was Arbeit heisst.<\/p>\n\n\n\n<div class=\"wp-block-image\"><figure class=\"aligncenter size-full\"><img loading=\"lazy\" decoding=\"async\" width=\"702\" height=\"336\" src=\"https:\/\/hub.hslu.ch\/soziale-arbeit\/wp-content\/uploads\/sites\/23\/2017\/09\/Buerokratie-auf-der-Strasse_702x336.jpg\" alt=\"\" class=\"wp-image-2870\" srcset=\"https:\/\/hub.hslu.ch\/soziale-arbeit\/wp-content\/uploads\/sites\/23\/2017\/09\/Buerokratie-auf-der-Strasse_702x336.jpg 702w, https:\/\/hub.hslu.ch\/soziale-arbeit\/wp-content\/uploads\/sites\/23\/2017\/09\/Buerokratie-auf-der-Strasse_702x336-300x144.jpg 300w\" sizes=\"auto, (max-width: 702px) 100vw, 702px\" \/><figcaption>Quelle: http:\/\/www.jump-voyage.com\/wp-content\/uploads\/2016\/05\/Carte-Paris-3.jpg<\/figcaption><\/figure><\/div>\n\n\n\n<p>Zwei Sozialarbeiterinnen der Organisation \u201eMorgenr\u00f6te\u201c (<em>Aurore<\/em>) k\u00fcmmern sich in der Stadt der Liebe um die H\u00e4ndler. Ihr Auftrag heisst: Wiedereingliederung der Verk\u00e4ufer und Regulierung der Verk\u00e4ufe. Die sozialen Profis entwickeln Konzepte zur beruflichen Integration f\u00fcr die H\u00e4ndler und Standordnungen f\u00fcr den designierten Marktplatz im 18. Arrondissement. Doch die Sozialarbeiterinnen merken schnell: niemand hat auf sie gewartet. Und: auf dem Papier mag ihr Auftrag Sinn machen. In der Realit\u00e4t sehen sie sich mehrheitlich \u00fcber 60j\u00e4hrigen M\u00e4nnern gegen\u00fcber, f\u00fcr welche das Sammeln und Verkaufen von gebrauchten Gegenst\u00e4nden die einzige M\u00f6glichkeit ist, sich \u00fcber Wasser zu halten. Welche den Markt bisher selbstorganisiert durchgef\u00fchrt haben. Sie fordern nur eines: sie wollen ihre Arbeit als Arbeit anerkannt sehen. Sie brauchen kein B\u00fcro. Und auch keine Sozialarbeiterinnen. Schliesslich kommt ein Prozess in Gang. Die Sozialarbeiterinnen definieren ihre Aufgabe um. Statt die Strassenh\u00e4ndler zu kontrollieren und zu regulieren, machen sie sich f\u00fcr deren Anerkennung als selbst\u00e4ndig Erwerbst\u00e4tige stark. Und sie nutzen ihre Erkenntnisse auch f\u00fcr die Entwicklung ihres eigenen Berufes: sie fordern Sensibilisierung f\u00fcr prek\u00e4re Arbeitsverh\u00e4ltnisse in den Ausbildungen der Sozialen Arbeit. So wird die Geschichte des Scheiterns der Regulierung zu der Geschichte der Selbstbehauptung, des Widerstands und schliesslich der Anerkennung \u2013 sowohl der H\u00e4ndler als auch der Sozialen Arbeit.<\/p>\n\n\n\n<p>Qu<em>elle: Milliot, Virginie (2016). Une intenable bureaucratie de la rue. Les travailleurs sociaux face aux d\u00e9bordements des march\u00e9s informels. In: Tsantsa 21. Seismo: Z\u00fcrich. S. 38-50.<\/em><\/p>\n\n\n\n<hr class=\"wp-block-separator is-style-wide\"\/>\n\n\n\n<p>von: Simone Gretler Heusser<\/p>\n","protected":false},"excerpt":{"rendered":"<p>Dies ist eine Geschichte \u00fcber das Scheitern. Das Scheitern von B\u00fcrokratie und Regulierung. Und eine Geschichte des Widerstands und der Selbstbehauptung. Eine Geschichte von Lumpensammlern, welche das Recht auf Arbeit einfordern.<\/p>\n","protected":false},"author":111,"featured_media":2871,"comment_status":"open","ping_status":"closed","sticky":false,"template":"","format":"standard","meta":{"_acf_changed":false,"inline_featured_image":false,"_relevanssi_hide_post":"","_relevanssi_hide_content":"","_relevanssi_pin_for_all":"","_relevanssi_pin_keywords":"","_relevanssi_unpin_keywords":"","_relevanssi_related_keywords":"","_relevanssi_related_include_ids":"","_relevanssi_related_exclude_ids":"","_relevanssi_related_no_append":"","_relevanssi_related_not_related":"","_relevanssi_related_posts":"","_relevanssi_noindex_reason":"","footnotes":"","_links_to":"","_links_to_target":""},"categories":[20],"tags":[124,182,132,56],"class_list":["post-1912","post","type-post","status-publish","format-standard","has-post-thumbnail","hentry","category-soziokultur","tag-oeffentlicher-raum","tag-regulierung","tag-soziale-arbeit","tag-stadtentwicklung"],"acf":[],"yoast_head":"<!-- This site is optimized with the Yoast SEO plugin v27.5 - https:\/\/yoast.com\/product\/yoast-seo-wordpress\/ -->\n<title>B\u00fcrokratie auf der Strasse &#8211; Soziale Arbeit an der Hochschule Luzern<\/title>\n<meta name=\"robots\" content=\"index, follow, max-snippet:-1, max-image-preview:large, max-video-preview:-1\" \/>\n<link rel=\"canonical\" href=\"https:\/\/hub.hslu.ch\/soziale-arbeit\/buerokratie-auf-der-strasse\/\" \/>\n<meta property=\"og:locale\" content=\"de_DE\" \/>\n<meta property=\"og:type\" content=\"article\" \/>\n<meta property=\"og:title\" content=\"B\u00fcrokratie auf der Strasse &#8211; Soziale Arbeit an der Hochschule Luzern\" \/>\n<meta property=\"og:description\" content=\"Dies ist eine Geschichte \u00fcber das Scheitern. Das Scheitern von B\u00fcrokratie und Regulierung. Und eine Geschichte des Widerstands und der Selbstbehauptung. Eine Geschichte von Lumpensammlern, welche das Recht auf Arbeit einfordern.\" \/>\n<meta property=\"og:url\" content=\"https:\/\/hub.hslu.ch\/soziale-arbeit\/buerokratie-auf-der-strasse\/\" \/>\n<meta property=\"og:site_name\" content=\"Soziale Arbeit an der Hochschule Luzern\" \/>\n<meta property=\"article:published_time\" content=\"2017-09-21T06:00:03+00:00\" \/>\n<meta property=\"article:modified_time\" content=\"2026-02-11T13:53:59+00:00\" \/>\n<meta property=\"og:image\" content=\"https:\/\/hub.hslu.ch\/soziale-arbeit\/wp-content\/uploads\/sites\/23\/2017\/09\/Buerokratie-auf-der-Strasse_Beitragsbild.jpg\" \/>\n\t<meta property=\"og:image:width\" content=\"702\" \/>\n\t<meta property=\"og:image:height\" content=\"336\" \/>\n\t<meta property=\"og:image:type\" content=\"image\/jpeg\" \/>\n<meta name=\"author\" content=\"webkinder\" \/>\n<meta name=\"twitter:card\" content=\"summary_large_image\" \/>\n<meta name=\"twitter:label1\" content=\"Geschrieben von\" \/>\n\t<meta name=\"twitter:data1\" content=\"webkinder\" \/>\n\t<meta name=\"twitter:label2\" content=\"Gesch\u00e4tzte Lesezeit\" \/>\n\t<meta name=\"twitter:data2\" content=\"3\u00a0Minuten\" \/>\n<script type=\"application\/ld+json\" class=\"yoast-schema-graph\">{\"@context\":\"https:\\\/\\\/schema.org\",\"@graph\":[{\"@type\":\"Article\",\"@id\":\"https:\\\/\\\/hub.hslu.ch\\\/soziale-arbeit\\\/buerokratie-auf-der-strasse\\\/#article\",\"isPartOf\":{\"@id\":\"https:\\\/\\\/hub.hslu.ch\\\/soziale-arbeit\\\/buerokratie-auf-der-strasse\\\/\"},\"author\":{\"name\":\"webkinder\",\"@id\":\"https:\\\/\\\/hub.hslu.ch\\\/soziale-arbeit\\\/#\\\/schema\\\/person\\\/2fbc41f8eff3a89d0755cce0ed9a2542\"},\"headline\":\"B\u00fcrokratie auf der Strasse\",\"datePublished\":\"2017-09-21T06:00:03+00:00\",\"dateModified\":\"2026-02-11T13:53:59+00:00\",\"mainEntityOfPage\":{\"@id\":\"https:\\\/\\\/hub.hslu.ch\\\/soziale-arbeit\\\/buerokratie-auf-der-strasse\\\/\"},\"wordCount\":409,\"commentCount\":0,\"image\":{\"@id\":\"https:\\\/\\\/hub.hslu.ch\\\/soziale-arbeit\\\/buerokratie-auf-der-strasse\\\/#primaryimage\"},\"thumbnailUrl\":\"https:\\\/\\\/hub.hslu.ch\\\/soziale-arbeit\\\/wp-content\\\/uploads\\\/sites\\\/23\\\/2017\\\/09\\\/Buerokratie-auf-der-Strasse_Beitragsbild.jpg\",\"keywords\":[\"\u00f6ffentlicher Raum\",\"Regulierung\",\"Soziale Arbeit\",\"Stadtentwicklung\"],\"articleSection\":[\"Soziokultur\"],\"inLanguage\":\"de-CH\",\"potentialAction\":[{\"@type\":\"CommentAction\",\"name\":\"Comment\",\"target\":[\"https:\\\/\\\/hub.hslu.ch\\\/soziale-arbeit\\\/buerokratie-auf-der-strasse\\\/#respond\"]}]},{\"@type\":\"WebPage\",\"@id\":\"https:\\\/\\\/hub.hslu.ch\\\/soziale-arbeit\\\/buerokratie-auf-der-strasse\\\/\",\"url\":\"https:\\\/\\\/hub.hslu.ch\\\/soziale-arbeit\\\/buerokratie-auf-der-strasse\\\/\",\"name\":\"B\u00fcrokratie auf der Strasse &#8211; Soziale Arbeit an der Hochschule Luzern\",\"isPartOf\":{\"@id\":\"https:\\\/\\\/hub.hslu.ch\\\/soziale-arbeit\\\/#website\"},\"primaryImageOfPage\":{\"@id\":\"https:\\\/\\\/hub.hslu.ch\\\/soziale-arbeit\\\/buerokratie-auf-der-strasse\\\/#primaryimage\"},\"image\":{\"@id\":\"https:\\\/\\\/hub.hslu.ch\\\/soziale-arbeit\\\/buerokratie-auf-der-strasse\\\/#primaryimage\"},\"thumbnailUrl\":\"https:\\\/\\\/hub.hslu.ch\\\/soziale-arbeit\\\/wp-content\\\/uploads\\\/sites\\\/23\\\/2017\\\/09\\\/Buerokratie-auf-der-Strasse_Beitragsbild.jpg\",\"datePublished\":\"2017-09-21T06:00:03+00:00\",\"dateModified\":\"2026-02-11T13:53:59+00:00\",\"author\":{\"@id\":\"https:\\\/\\\/hub.hslu.ch\\\/soziale-arbeit\\\/#\\\/schema\\\/person\\\/2fbc41f8eff3a89d0755cce0ed9a2542\"},\"breadcrumb\":{\"@id\":\"https:\\\/\\\/hub.hslu.ch\\\/soziale-arbeit\\\/buerokratie-auf-der-strasse\\\/#breadcrumb\"},\"inLanguage\":\"de-CH\",\"potentialAction\":[{\"@type\":\"ReadAction\",\"target\":[\"https:\\\/\\\/hub.hslu.ch\\\/soziale-arbeit\\\/buerokratie-auf-der-strasse\\\/\"]}]},{\"@type\":\"ImageObject\",\"inLanguage\":\"de-CH\",\"@id\":\"https:\\\/\\\/hub.hslu.ch\\\/soziale-arbeit\\\/buerokratie-auf-der-strasse\\\/#primaryimage\",\"url\":\"https:\\\/\\\/hub.hslu.ch\\\/soziale-arbeit\\\/wp-content\\\/uploads\\\/sites\\\/23\\\/2017\\\/09\\\/Buerokratie-auf-der-Strasse_Beitragsbild.jpg\",\"contentUrl\":\"https:\\\/\\\/hub.hslu.ch\\\/soziale-arbeit\\\/wp-content\\\/uploads\\\/sites\\\/23\\\/2017\\\/09\\\/Buerokratie-auf-der-Strasse_Beitragsbild.jpg\",\"width\":702,\"height\":336},{\"@type\":\"BreadcrumbList\",\"@id\":\"https:\\\/\\\/hub.hslu.ch\\\/soziale-arbeit\\\/buerokratie-auf-der-strasse\\\/#breadcrumb\",\"itemListElement\":[{\"@type\":\"ListItem\",\"position\":1,\"name\":\"Home\",\"item\":\"https:\\\/\\\/hub.hslu.ch\\\/soziale-arbeit\\\/\"},{\"@type\":\"ListItem\",\"position\":2,\"name\":\"B\u00fcrokratie auf der Strasse\"}]},{\"@type\":\"WebSite\",\"@id\":\"https:\\\/\\\/hub.hslu.ch\\\/soziale-arbeit\\\/#website\",\"url\":\"https:\\\/\\\/hub.hslu.ch\\\/soziale-arbeit\\\/\",\"name\":\"Soziale Arbeit an der Hochschule Luzern\",\"description\":\"Der Blog der Hochschule Luzern \u2013 Soziale Arbeit\",\"potentialAction\":[{\"@type\":\"SearchAction\",\"target\":{\"@type\":\"EntryPoint\",\"urlTemplate\":\"https:\\\/\\\/hub.hslu.ch\\\/soziale-arbeit\\\/?s={search_term_string}\"},\"query-input\":{\"@type\":\"PropertyValueSpecification\",\"valueRequired\":true,\"valueName\":\"search_term_string\"}}],\"inLanguage\":\"de-CH\"},{\"@type\":\"Person\",\"@id\":\"https:\\\/\\\/hub.hslu.ch\\\/soziale-arbeit\\\/#\\\/schema\\\/person\\\/2fbc41f8eff3a89d0755cce0ed9a2542\",\"name\":\"webkinder\"}]}<\/script>\n<!-- \/ Yoast SEO plugin. -->","yoast_head_json":{"title":"B\u00fcrokratie auf der Strasse &#8211; Soziale Arbeit an der Hochschule Luzern","robots":{"index":"index","follow":"follow","max-snippet":"max-snippet:-1","max-image-preview":"max-image-preview:large","max-video-preview":"max-video-preview:-1"},"canonical":"https:\/\/hub.hslu.ch\/soziale-arbeit\/buerokratie-auf-der-strasse\/","og_locale":"de_DE","og_type":"article","og_title":"B\u00fcrokratie auf der Strasse &#8211; Soziale Arbeit an der Hochschule Luzern","og_description":"Dies ist eine Geschichte \u00fcber das Scheitern. Das Scheitern von B\u00fcrokratie und Regulierung. Und eine Geschichte des Widerstands und der Selbstbehauptung. Eine Geschichte von Lumpensammlern, welche das Recht auf Arbeit einfordern.","og_url":"https:\/\/hub.hslu.ch\/soziale-arbeit\/buerokratie-auf-der-strasse\/","og_site_name":"Soziale Arbeit an der Hochschule Luzern","article_published_time":"2017-09-21T06:00:03+00:00","article_modified_time":"2026-02-11T13:53:59+00:00","og_image":[{"width":702,"height":336,"url":"https:\/\/hub.hslu.ch\/soziale-arbeit\/wp-content\/uploads\/sites\/23\/2017\/09\/Buerokratie-auf-der-Strasse_Beitragsbild.jpg","type":"image\/jpeg"}],"author":"webkinder","twitter_card":"summary_large_image","twitter_misc":{"Geschrieben von":"webkinder","Gesch\u00e4tzte Lesezeit":"3\u00a0Minuten"},"schema":{"@context":"https:\/\/schema.org","@graph":[{"@type":"Article","@id":"https:\/\/hub.hslu.ch\/soziale-arbeit\/buerokratie-auf-der-strasse\/#article","isPartOf":{"@id":"https:\/\/hub.hslu.ch\/soziale-arbeit\/buerokratie-auf-der-strasse\/"},"author":{"name":"webkinder","@id":"https:\/\/hub.hslu.ch\/soziale-arbeit\/#\/schema\/person\/2fbc41f8eff3a89d0755cce0ed9a2542"},"headline":"B\u00fcrokratie auf der Strasse","datePublished":"2017-09-21T06:00:03+00:00","dateModified":"2026-02-11T13:53:59+00:00","mainEntityOfPage":{"@id":"https:\/\/hub.hslu.ch\/soziale-arbeit\/buerokratie-auf-der-strasse\/"},"wordCount":409,"commentCount":0,"image":{"@id":"https:\/\/hub.hslu.ch\/soziale-arbeit\/buerokratie-auf-der-strasse\/#primaryimage"},"thumbnailUrl":"https:\/\/hub.hslu.ch\/soziale-arbeit\/wp-content\/uploads\/sites\/23\/2017\/09\/Buerokratie-auf-der-Strasse_Beitragsbild.jpg","keywords":["\u00f6ffentlicher Raum","Regulierung","Soziale Arbeit","Stadtentwicklung"],"articleSection":["Soziokultur"],"inLanguage":"de-CH","potentialAction":[{"@type":"CommentAction","name":"Comment","target":["https:\/\/hub.hslu.ch\/soziale-arbeit\/buerokratie-auf-der-strasse\/#respond"]}]},{"@type":"WebPage","@id":"https:\/\/hub.hslu.ch\/soziale-arbeit\/buerokratie-auf-der-strasse\/","url":"https:\/\/hub.hslu.ch\/soziale-arbeit\/buerokratie-auf-der-strasse\/","name":"B\u00fcrokratie auf der Strasse &#8211; Soziale Arbeit an der Hochschule Luzern","isPartOf":{"@id":"https:\/\/hub.hslu.ch\/soziale-arbeit\/#website"},"primaryImageOfPage":{"@id":"https:\/\/hub.hslu.ch\/soziale-arbeit\/buerokratie-auf-der-strasse\/#primaryimage"},"image":{"@id":"https:\/\/hub.hslu.ch\/soziale-arbeit\/buerokratie-auf-der-strasse\/#primaryimage"},"thumbnailUrl":"https:\/\/hub.hslu.ch\/soziale-arbeit\/wp-content\/uploads\/sites\/23\/2017\/09\/Buerokratie-auf-der-Strasse_Beitragsbild.jpg","datePublished":"2017-09-21T06:00:03+00:00","dateModified":"2026-02-11T13:53:59+00:00","author":{"@id":"https:\/\/hub.hslu.ch\/soziale-arbeit\/#\/schema\/person\/2fbc41f8eff3a89d0755cce0ed9a2542"},"breadcrumb":{"@id":"https:\/\/hub.hslu.ch\/soziale-arbeit\/buerokratie-auf-der-strasse\/#breadcrumb"},"inLanguage":"de-CH","potentialAction":[{"@type":"ReadAction","target":["https:\/\/hub.hslu.ch\/soziale-arbeit\/buerokratie-auf-der-strasse\/"]}]},{"@type":"ImageObject","inLanguage":"de-CH","@id":"https:\/\/hub.hslu.ch\/soziale-arbeit\/buerokratie-auf-der-strasse\/#primaryimage","url":"https:\/\/hub.hslu.ch\/soziale-arbeit\/wp-content\/uploads\/sites\/23\/2017\/09\/Buerokratie-auf-der-Strasse_Beitragsbild.jpg","contentUrl":"https:\/\/hub.hslu.ch\/soziale-arbeit\/wp-content\/uploads\/sites\/23\/2017\/09\/Buerokratie-auf-der-Strasse_Beitragsbild.jpg","width":702,"height":336},{"@type":"BreadcrumbList","@id":"https:\/\/hub.hslu.ch\/soziale-arbeit\/buerokratie-auf-der-strasse\/#breadcrumb","itemListElement":[{"@type":"ListItem","position":1,"name":"Home","item":"https:\/\/hub.hslu.ch\/soziale-arbeit\/"},{"@type":"ListItem","position":2,"name":"B\u00fcrokratie auf der Strasse"}]},{"@type":"WebSite","@id":"https:\/\/hub.hslu.ch\/soziale-arbeit\/#website","url":"https:\/\/hub.hslu.ch\/soziale-arbeit\/","name":"Soziale Arbeit an der Hochschule Luzern","description":"Der Blog der Hochschule Luzern \u2013 Soziale Arbeit","potentialAction":[{"@type":"SearchAction","target":{"@type":"EntryPoint","urlTemplate":"https:\/\/hub.hslu.ch\/soziale-arbeit\/?s={search_term_string}"},"query-input":{"@type":"PropertyValueSpecification","valueRequired":true,"valueName":"search_term_string"}}],"inLanguage":"de-CH"},{"@type":"Person","@id":"https:\/\/hub.hslu.ch\/soziale-arbeit\/#\/schema\/person\/2fbc41f8eff3a89d0755cce0ed9a2542","name":"webkinder"}]}},"featured_image_src":"https:\/\/hub.hslu.ch\/soziale-arbeit\/wp-content\/uploads\/sites\/23\/2017\/09\/Buerokratie-auf-der-Strasse_Beitragsbild.jpg","featured_image_src_square":"https:\/\/hub.hslu.ch\/soziale-arbeit\/wp-content\/uploads\/sites\/23\/2017\/09\/Buerokratie-auf-der-Strasse_Beitragsbild.jpg","author_info":{"display_name":"webkinder","author_link":"https:\/\/hub.hslu.ch\/soziale-arbeit\/author\/webkinder\/"},"_links":{"self":[{"href":"https:\/\/hub.hslu.ch\/soziale-arbeit\/wp-json\/wp\/v2\/posts\/1912","targetHints":{"allow":["GET"]}}],"collection":[{"href":"https:\/\/hub.hslu.ch\/soziale-arbeit\/wp-json\/wp\/v2\/posts"}],"about":[{"href":"https:\/\/hub.hslu.ch\/soziale-arbeit\/wp-json\/wp\/v2\/types\/post"}],"author":[{"embeddable":true,"href":"https:\/\/hub.hslu.ch\/soziale-arbeit\/wp-json\/wp\/v2\/users\/111"}],"replies":[{"embeddable":true,"href":"https:\/\/hub.hslu.ch\/soziale-arbeit\/wp-json\/wp\/v2\/comments?post=1912"}],"version-history":[{"count":5,"href":"https:\/\/hub.hslu.ch\/soziale-arbeit\/wp-json\/wp\/v2\/posts\/1912\/revisions"}],"predecessor-version":[{"id":12857,"href":"https:\/\/hub.hslu.ch\/soziale-arbeit\/wp-json\/wp\/v2\/posts\/1912\/revisions\/12857"}],"wp:featuredmedia":[{"embeddable":true,"href":"https:\/\/hub.hslu.ch\/soziale-arbeit\/wp-json\/wp\/v2\/media\/2871"}],"wp:attachment":[{"href":"https:\/\/hub.hslu.ch\/soziale-arbeit\/wp-json\/wp\/v2\/media?parent=1912"}],"wp:term":[{"taxonomy":"category","embeddable":true,"href":"https:\/\/hub.hslu.ch\/soziale-arbeit\/wp-json\/wp\/v2\/categories?post=1912"},{"taxonomy":"post_tag","embeddable":true,"href":"https:\/\/hub.hslu.ch\/soziale-arbeit\/wp-json\/wp\/v2\/tags?post=1912"}],"curies":[{"name":"wp","href":"https:\/\/api.w.org\/{rel}","templated":true}]}}