{"id":1936,"date":"2020-02-03T12:16:04","date_gmt":"2020-02-03T11:16:04","guid":{"rendered":"https:\/\/hslu-soziale-arbeit.test\/?p=1229"},"modified":"2026-02-11T14:54:00","modified_gmt":"2026-02-11T13:54:00","slug":"niemand-aus-der-dorfgemeinschaft","status":"publish","type":"post","link":"https:\/\/hub.hslu.ch\/soziale-arbeit\/niemand-aus-der-dorfgemeinschaft\/","title":{"rendered":"\u00abNiemand aus der Dorfgemeinschaft\u00bb"},"content":{"rendered":"\n<p> Dies war dann auch der Fall, wenn auch nur knapp.<\/p>\n\n\n\n<p>Im Dorf habe man sich Sorgen gemacht, so der Gemeindepr\u00e4sident Thomas Knutti, und sich gefragt, woher die Person stamme, die ausgerechnet den Werkhof D\u00e4rstetten ausgesucht habe, um ihr Kind abzulegen. Unterdessen wisse man, wer die Mutter sei. Es sei eine Person aus der Gemeinde, sie lebe jedoch sehr zur\u00fcckgezogen, so dass auch ihre Schwangerschaft niemandem aufgefallen sei. Sie habe sich allerdings h\u00e4ufig auf dem Werkhof aufgehalten. Man sei jetzt froh, zu wissen, dass es \u00abniemand aus der Dorfgemeinschaft\u00bb gewesen sei. Die Aufregung im Dorf habe sich gelegt berichtete die <a href=\"https:\/\/www.luzernerzeitung.ch\/news-service\/sie-lebte-sehr-zurueckgezogen-ld.1182697\" target=\"_blank\" rel=\"noreferrer noopener\">Luzerner Zeitung<\/a>. Niemand aus der Dorfgemeinschaft? Immerhin ist aufgefallen, dass sich die Frau oft auf dem Werkhof aufgehalten hatte. Was macht es wohl aus, ob man in D\u00e4rstetten zur Dorfgemeinschaft geh\u00f6rt oder nicht?<\/p>\n\n\n\n<p>So tragisch jede Geschichte einer Kindsaussetzung ist, diese Aussage gab mir einen Stich ins Herz. Etwas Tristeres als einen Werkhof in einer schweizerischen l\u00e4ndlichen Gemeinde kann ich mir fast nicht vorstellen. Container, Gitter, Hinweisschilder, Verbote und Gebote. Und doch sind diese Werkh\u00f6fe auf eine Weise das Herz und das Zentrum jeden Dorfes. Hier kommt der Abfall der Gemeinde zusammen, und zwar unter aller Augen. Macht hat, wer bestimmt, wer, was, wann \u00abent-sorgen\u00bb kann, also aus der Sorge entlassen. In mancher Gemeinde sind \u00d6ffnungszeiten und Entsorgungspreise heisser diskutiert als manch neues Schulhaus oder neuer Verkehrskreisel. Eine Anthropologie der Werkh\u00f6fe in der Schweiz steht meines Wissens noch aus, w\u00fcrde jedoch die schweizerische Identit\u00e4t zweifellos gut spiegeln k\u00f6nnen. Wie verzweifelt muss ein Mensch sein, dorthin sein Kind zu bringen, im Winter? Was f\u00fcr ein Stress muss eine Geburt ohne Begleitung und Hilfe sein? Ich mag es mir gar nicht vorstellen.<\/p>\n\n\n\n<p>Mehrere Kantone in der Schweiz kennen das Prinzip der <a href=\"https:\/\/pa-ch.ch\/option-vertrauliche-geburt-eine-echte-alternative\/\" target=\"_blank\" rel=\"noreferrer noopener\">vertraulichen Geburt<\/a>. Dabei werden alle Informationen und Daten zur Kindsmutter vertraulich behandelt und bei der KESB aufbewahrt. Hat die Mutter ihr Einverst\u00e4ndnis gegeben, kann das Kind die Information zur Identit\u00e4t der leiblichen Mutter dort abholen, sonst jedoch niemand. Der Vorteil der vertraulichen Geburt ist, dass die medizinische und auch psychologische Betreuung der Mutter und nat\u00fcrlich auch die optimale Pflege des Kindes gew\u00e4hrleistet sind. Die anonyme Geburt ist in der Schweiz verboten, die so genannten \u00ab<a href=\"https:\/\/www.babyfenster.ch\/\" target=\"_blank\" rel=\"noreferrer noopener\">Babyfenster<\/a>\u00bb, wo Kinder anonym abgelegt werden k\u00f6nnen, bewegen sich laut der <a href=\"https:\/\/pa-ch.ch\/\" target=\"_blank\" rel=\"noreferrer noopener\">Organisation Pflege- und Adoptivkinder Schweiz (PACH)<\/a> in einer rechtlichen Grauzone. Die erste dieser Einrichtungen wurde in Einsiedeln eingerichtet, unterdessen gibt es in der ganzen Schweiz acht \u00abBabyfenster\u00bb. In der Kinderrechtskonvention ist das grunds\u00e4tzliche Recht jedes Kindes festgehalten, zu wissen, wer seine leiblichen Eltern sind. Fehlt jedoch das Einverst\u00e4ndnis der Mutter, ihre Identit\u00e4t bekanntzugeben, so wird ihr Recht auf Wahrung ihrer Anonymit\u00e4t h\u00f6her gewichtet als das Recht des Kindes auf Information. Dominik M\u00fcggler, der Stiftungsratspr\u00e4sident der <a href=\"https:\/\/shmk.ch\/\" target=\"_blank\" rel=\"noreferrer noopener\">Schweizerischen Hilfe f\u00fcr Mutter und Kind (SHMK)<\/a> und Projektleiter \u00abBabyfenster Schweiz\u00bb, h\u00e4lt gegen\u00fcber der <a href=\"https:\/\/www.nzz.ch\/panorama\/was-passiert-mit-ausgesetzten-babys-und-machen-sich-die-muetter-strafbar-wenn-sie-ihr-kind-in-ein-babyfenster-legen-ld.1532348\" target=\"_blank\" rel=\"noreferrer noopener\">NZZ<\/a> fest, dass eine Frau, die ihr Kind auf dem Werkhof ablege, nicht im Sinne des Kindswohls handle. Das mag stimmen.<\/p>\n\n\n\n<p>Dass der Gemeindepr\u00e4sident den Leidensdruck anspricht, unter dem die Mutter gestanden haben m\u00fcsse, macht ihn menschlich. Dass er sich im ersten Schock fragt, wer \u00fcberhaupt in Frage kommen k\u00f6nne, den abgelegenen Standort des Werkhofs D\u00e4rstetten im Simmental zu kennen, ebenfalls. Eine Gesellschaft dagegen, in der es niemandem aufst\u00f6sst, wenn eine marginalisierte Person als <a href=\"https:\/\/www.tagblatt.ch\/news-service\/sie-lebte-sehr-zurueckgezogen-ld.1182697\" target=\"_blank\" rel=\"noreferrer noopener\">\u00abnicht Teil der Dorfgemeinschaft\u00bb<\/a> benannt wird, handelt meiner Meinung nach nicht nur nicht im Sinne des B\u00fcrgerwohls, sondern geradezu menschenverachtend.<\/p>\n\n\n\n<hr class=\"wp-block-separator\"\/>\n\n\n\n<p>von: Simone Gretler Heusser <\/p>\n","protected":false},"excerpt":{"rendered":"<p>In den ersten Tagen des neuen Jahrzehnts legt eine Frau ihr frisch geborenes Kind in D\u00e4rstetten, Kanton Bern, in einer Schachtel im Werkhof nieder. Sie habe gehofft, so berichtet sie sp\u00e4ter der Polizei, dort werde das Kind schnell gefunden und k\u00f6nne gerettet werden.<\/p>\n","protected":false},"author":111,"featured_media":2435,"comment_status":"open","ping_status":"closed","sticky":false,"template":"","format":"standard","meta":{"_acf_changed":false,"inline_featured_image":false,"_relevanssi_hide_post":"","_relevanssi_hide_content":"","_relevanssi_pin_for_all":"","_relevanssi_pin_keywords":"","_relevanssi_unpin_keywords":"","_relevanssi_related_keywords":"","_relevanssi_related_include_ids":"","_relevanssi_related_exclude_ids":"","_relevanssi_related_no_append":"","_relevanssi_related_not_related":"","_relevanssi_related_posts":"","_relevanssi_noindex_reason":"","footnotes":"","_links_to":"","_links_to_target":""},"categories":[20],"tags":[49,75],"class_list":["post-1936","post","type-post","status-publish","format-standard","has-post-thumbnail","hentry","category-soziokultur","tag-integration","tag-nachbarschaft"],"acf":[],"yoast_head":"<!-- This site is optimized with the Yoast SEO plugin v27.4 - https:\/\/yoast.com\/product\/yoast-seo-wordpress\/ -->\n<title>\u00abNiemand aus der Dorfgemeinschaft\u00bb &#8211; Soziale Arbeit an der Hochschule Luzern<\/title>\n<meta name=\"robots\" content=\"index, follow, max-snippet:-1, max-image-preview:large, max-video-preview:-1\" \/>\n<link rel=\"canonical\" href=\"https:\/\/hub.hslu.ch\/soziale-arbeit\/niemand-aus-der-dorfgemeinschaft\/\" \/>\n<meta property=\"og:locale\" content=\"de_DE\" \/>\n<meta property=\"og:type\" content=\"article\" \/>\n<meta property=\"og:title\" content=\"\u00abNiemand aus der Dorfgemeinschaft\u00bb &#8211; Soziale Arbeit an der Hochschule Luzern\" \/>\n<meta property=\"og:description\" content=\"In den ersten Tagen des neuen Jahrzehnts legt eine Frau ihr frisch geborenes Kind in D\u00e4rstetten, Kanton Bern, in einer Schachtel im Werkhof nieder. Sie habe gehofft, so berichtet sie sp\u00e4ter der Polizei, dort werde das Kind schnell gefunden und k\u00f6nne gerettet werden.\" \/>\n<meta property=\"og:url\" content=\"https:\/\/hub.hslu.ch\/soziale-arbeit\/niemand-aus-der-dorfgemeinschaft\/\" \/>\n<meta property=\"og:site_name\" content=\"Soziale Arbeit an der Hochschule Luzern\" \/>\n<meta property=\"article:published_time\" content=\"2020-02-03T11:16:04+00:00\" \/>\n<meta property=\"article:modified_time\" content=\"2026-02-11T13:54:00+00:00\" \/>\n<meta property=\"og:image\" content=\"https:\/\/hub.hslu.ch\/soziale-arbeit\/wp-content\/uploads\/sites\/23\/2020\/02\/dorf_702x336.jpg\" \/>\n\t<meta property=\"og:image:width\" content=\"702\" \/>\n\t<meta property=\"og:image:height\" content=\"336\" \/>\n\t<meta property=\"og:image:type\" content=\"image\/jpeg\" \/>\n<meta name=\"author\" content=\"webkinder\" \/>\n<meta name=\"twitter:card\" content=\"summary_large_image\" \/>\n<meta name=\"twitter:label1\" content=\"Geschrieben von\" \/>\n\t<meta name=\"twitter:data1\" content=\"webkinder\" \/>\n\t<meta name=\"twitter:label2\" content=\"Gesch\u00e4tzte Lesezeit\" \/>\n\t<meta name=\"twitter:data2\" content=\"4\u00a0Minuten\" \/>\n<script type=\"application\/ld+json\" class=\"yoast-schema-graph\">{\"@context\":\"https:\\\/\\\/schema.org\",\"@graph\":[{\"@type\":\"Article\",\"@id\":\"https:\\\/\\\/hub.hslu.ch\\\/soziale-arbeit\\\/niemand-aus-der-dorfgemeinschaft\\\/#article\",\"isPartOf\":{\"@id\":\"https:\\\/\\\/hub.hslu.ch\\\/soziale-arbeit\\\/niemand-aus-der-dorfgemeinschaft\\\/\"},\"author\":{\"name\":\"webkinder\",\"@id\":\"https:\\\/\\\/hub.hslu.ch\\\/soziale-arbeit\\\/#\\\/schema\\\/person\\\/2fbc41f8eff3a89d0755cce0ed9a2542\"},\"headline\":\"\u00abNiemand aus der Dorfgemeinschaft\u00bb\",\"datePublished\":\"2020-02-03T11:16:04+00:00\",\"dateModified\":\"2026-02-11T13:54:00+00:00\",\"mainEntityOfPage\":{\"@id\":\"https:\\\/\\\/hub.hslu.ch\\\/soziale-arbeit\\\/niemand-aus-der-dorfgemeinschaft\\\/\"},\"wordCount\":598,\"commentCount\":2,\"image\":{\"@id\":\"https:\\\/\\\/hub.hslu.ch\\\/soziale-arbeit\\\/niemand-aus-der-dorfgemeinschaft\\\/#primaryimage\"},\"thumbnailUrl\":\"https:\\\/\\\/hub.hslu.ch\\\/soziale-arbeit\\\/wp-content\\\/uploads\\\/sites\\\/23\\\/2020\\\/02\\\/dorf_702x336.jpg\",\"keywords\":[\"Integration\",\"Nachbarschaft\"],\"articleSection\":[\"Soziokultur\"],\"inLanguage\":\"de-CH\",\"potentialAction\":[{\"@type\":\"CommentAction\",\"name\":\"Comment\",\"target\":[\"https:\\\/\\\/hub.hslu.ch\\\/soziale-arbeit\\\/niemand-aus-der-dorfgemeinschaft\\\/#respond\"]}]},{\"@type\":\"WebPage\",\"@id\":\"https:\\\/\\\/hub.hslu.ch\\\/soziale-arbeit\\\/niemand-aus-der-dorfgemeinschaft\\\/\",\"url\":\"https:\\\/\\\/hub.hslu.ch\\\/soziale-arbeit\\\/niemand-aus-der-dorfgemeinschaft\\\/\",\"name\":\"\u00abNiemand aus der Dorfgemeinschaft\u00bb &#8211; Soziale Arbeit an der Hochschule Luzern\",\"isPartOf\":{\"@id\":\"https:\\\/\\\/hub.hslu.ch\\\/soziale-arbeit\\\/#website\"},\"primaryImageOfPage\":{\"@id\":\"https:\\\/\\\/hub.hslu.ch\\\/soziale-arbeit\\\/niemand-aus-der-dorfgemeinschaft\\\/#primaryimage\"},\"image\":{\"@id\":\"https:\\\/\\\/hub.hslu.ch\\\/soziale-arbeit\\\/niemand-aus-der-dorfgemeinschaft\\\/#primaryimage\"},\"thumbnailUrl\":\"https:\\\/\\\/hub.hslu.ch\\\/soziale-arbeit\\\/wp-content\\\/uploads\\\/sites\\\/23\\\/2020\\\/02\\\/dorf_702x336.jpg\",\"datePublished\":\"2020-02-03T11:16:04+00:00\",\"dateModified\":\"2026-02-11T13:54:00+00:00\",\"author\":{\"@id\":\"https:\\\/\\\/hub.hslu.ch\\\/soziale-arbeit\\\/#\\\/schema\\\/person\\\/2fbc41f8eff3a89d0755cce0ed9a2542\"},\"breadcrumb\":{\"@id\":\"https:\\\/\\\/hub.hslu.ch\\\/soziale-arbeit\\\/niemand-aus-der-dorfgemeinschaft\\\/#breadcrumb\"},\"inLanguage\":\"de-CH\",\"potentialAction\":[{\"@type\":\"ReadAction\",\"target\":[\"https:\\\/\\\/hub.hslu.ch\\\/soziale-arbeit\\\/niemand-aus-der-dorfgemeinschaft\\\/\"]}]},{\"@type\":\"ImageObject\",\"inLanguage\":\"de-CH\",\"@id\":\"https:\\\/\\\/hub.hslu.ch\\\/soziale-arbeit\\\/niemand-aus-der-dorfgemeinschaft\\\/#primaryimage\",\"url\":\"https:\\\/\\\/hub.hslu.ch\\\/soziale-arbeit\\\/wp-content\\\/uploads\\\/sites\\\/23\\\/2020\\\/02\\\/dorf_702x336.jpg\",\"contentUrl\":\"https:\\\/\\\/hub.hslu.ch\\\/soziale-arbeit\\\/wp-content\\\/uploads\\\/sites\\\/23\\\/2020\\\/02\\\/dorf_702x336.jpg\",\"width\":702,\"height\":336},{\"@type\":\"BreadcrumbList\",\"@id\":\"https:\\\/\\\/hub.hslu.ch\\\/soziale-arbeit\\\/niemand-aus-der-dorfgemeinschaft\\\/#breadcrumb\",\"itemListElement\":[{\"@type\":\"ListItem\",\"position\":1,\"name\":\"Home\",\"item\":\"https:\\\/\\\/hub.hslu.ch\\\/soziale-arbeit\\\/\"},{\"@type\":\"ListItem\",\"position\":2,\"name\":\"\u00abNiemand aus der Dorfgemeinschaft\u00bb\"}]},{\"@type\":\"WebSite\",\"@id\":\"https:\\\/\\\/hub.hslu.ch\\\/soziale-arbeit\\\/#website\",\"url\":\"https:\\\/\\\/hub.hslu.ch\\\/soziale-arbeit\\\/\",\"name\":\"Soziale Arbeit an der Hochschule Luzern\",\"description\":\"Der Blog der Hochschule Luzern \u2013 Soziale Arbeit\",\"potentialAction\":[{\"@type\":\"SearchAction\",\"target\":{\"@type\":\"EntryPoint\",\"urlTemplate\":\"https:\\\/\\\/hub.hslu.ch\\\/soziale-arbeit\\\/?s={search_term_string}\"},\"query-input\":{\"@type\":\"PropertyValueSpecification\",\"valueRequired\":true,\"valueName\":\"search_term_string\"}}],\"inLanguage\":\"de-CH\"},{\"@type\":\"Person\",\"@id\":\"https:\\\/\\\/hub.hslu.ch\\\/soziale-arbeit\\\/#\\\/schema\\\/person\\\/2fbc41f8eff3a89d0755cce0ed9a2542\",\"name\":\"webkinder\"}]}<\/script>\n<!-- \/ Yoast SEO plugin. -->","yoast_head_json":{"title":"\u00abNiemand aus der Dorfgemeinschaft\u00bb &#8211; Soziale Arbeit an der Hochschule Luzern","robots":{"index":"index","follow":"follow","max-snippet":"max-snippet:-1","max-image-preview":"max-image-preview:large","max-video-preview":"max-video-preview:-1"},"canonical":"https:\/\/hub.hslu.ch\/soziale-arbeit\/niemand-aus-der-dorfgemeinschaft\/","og_locale":"de_DE","og_type":"article","og_title":"\u00abNiemand aus der Dorfgemeinschaft\u00bb &#8211; Soziale Arbeit an der Hochschule Luzern","og_description":"In den ersten Tagen des neuen Jahrzehnts legt eine Frau ihr frisch geborenes Kind in D\u00e4rstetten, Kanton Bern, in einer Schachtel im Werkhof nieder. Sie habe gehofft, so berichtet sie sp\u00e4ter der Polizei, dort werde das Kind schnell gefunden und k\u00f6nne gerettet werden.","og_url":"https:\/\/hub.hslu.ch\/soziale-arbeit\/niemand-aus-der-dorfgemeinschaft\/","og_site_name":"Soziale Arbeit an der Hochschule Luzern","article_published_time":"2020-02-03T11:16:04+00:00","article_modified_time":"2026-02-11T13:54:00+00:00","og_image":[{"width":702,"height":336,"url":"https:\/\/hub.hslu.ch\/soziale-arbeit\/wp-content\/uploads\/sites\/23\/2020\/02\/dorf_702x336.jpg","type":"image\/jpeg"}],"author":"webkinder","twitter_card":"summary_large_image","twitter_misc":{"Geschrieben von":"webkinder","Gesch\u00e4tzte Lesezeit":"4\u00a0Minuten"},"schema":{"@context":"https:\/\/schema.org","@graph":[{"@type":"Article","@id":"https:\/\/hub.hslu.ch\/soziale-arbeit\/niemand-aus-der-dorfgemeinschaft\/#article","isPartOf":{"@id":"https:\/\/hub.hslu.ch\/soziale-arbeit\/niemand-aus-der-dorfgemeinschaft\/"},"author":{"name":"webkinder","@id":"https:\/\/hub.hslu.ch\/soziale-arbeit\/#\/schema\/person\/2fbc41f8eff3a89d0755cce0ed9a2542"},"headline":"\u00abNiemand aus der Dorfgemeinschaft\u00bb","datePublished":"2020-02-03T11:16:04+00:00","dateModified":"2026-02-11T13:54:00+00:00","mainEntityOfPage":{"@id":"https:\/\/hub.hslu.ch\/soziale-arbeit\/niemand-aus-der-dorfgemeinschaft\/"},"wordCount":598,"commentCount":2,"image":{"@id":"https:\/\/hub.hslu.ch\/soziale-arbeit\/niemand-aus-der-dorfgemeinschaft\/#primaryimage"},"thumbnailUrl":"https:\/\/hub.hslu.ch\/soziale-arbeit\/wp-content\/uploads\/sites\/23\/2020\/02\/dorf_702x336.jpg","keywords":["Integration","Nachbarschaft"],"articleSection":["Soziokultur"],"inLanguage":"de-CH","potentialAction":[{"@type":"CommentAction","name":"Comment","target":["https:\/\/hub.hslu.ch\/soziale-arbeit\/niemand-aus-der-dorfgemeinschaft\/#respond"]}]},{"@type":"WebPage","@id":"https:\/\/hub.hslu.ch\/soziale-arbeit\/niemand-aus-der-dorfgemeinschaft\/","url":"https:\/\/hub.hslu.ch\/soziale-arbeit\/niemand-aus-der-dorfgemeinschaft\/","name":"\u00abNiemand aus der Dorfgemeinschaft\u00bb &#8211; Soziale Arbeit an der Hochschule Luzern","isPartOf":{"@id":"https:\/\/hub.hslu.ch\/soziale-arbeit\/#website"},"primaryImageOfPage":{"@id":"https:\/\/hub.hslu.ch\/soziale-arbeit\/niemand-aus-der-dorfgemeinschaft\/#primaryimage"},"image":{"@id":"https:\/\/hub.hslu.ch\/soziale-arbeit\/niemand-aus-der-dorfgemeinschaft\/#primaryimage"},"thumbnailUrl":"https:\/\/hub.hslu.ch\/soziale-arbeit\/wp-content\/uploads\/sites\/23\/2020\/02\/dorf_702x336.jpg","datePublished":"2020-02-03T11:16:04+00:00","dateModified":"2026-02-11T13:54:00+00:00","author":{"@id":"https:\/\/hub.hslu.ch\/soziale-arbeit\/#\/schema\/person\/2fbc41f8eff3a89d0755cce0ed9a2542"},"breadcrumb":{"@id":"https:\/\/hub.hslu.ch\/soziale-arbeit\/niemand-aus-der-dorfgemeinschaft\/#breadcrumb"},"inLanguage":"de-CH","potentialAction":[{"@type":"ReadAction","target":["https:\/\/hub.hslu.ch\/soziale-arbeit\/niemand-aus-der-dorfgemeinschaft\/"]}]},{"@type":"ImageObject","inLanguage":"de-CH","@id":"https:\/\/hub.hslu.ch\/soziale-arbeit\/niemand-aus-der-dorfgemeinschaft\/#primaryimage","url":"https:\/\/hub.hslu.ch\/soziale-arbeit\/wp-content\/uploads\/sites\/23\/2020\/02\/dorf_702x336.jpg","contentUrl":"https:\/\/hub.hslu.ch\/soziale-arbeit\/wp-content\/uploads\/sites\/23\/2020\/02\/dorf_702x336.jpg","width":702,"height":336},{"@type":"BreadcrumbList","@id":"https:\/\/hub.hslu.ch\/soziale-arbeit\/niemand-aus-der-dorfgemeinschaft\/#breadcrumb","itemListElement":[{"@type":"ListItem","position":1,"name":"Home","item":"https:\/\/hub.hslu.ch\/soziale-arbeit\/"},{"@type":"ListItem","position":2,"name":"\u00abNiemand aus der Dorfgemeinschaft\u00bb"}]},{"@type":"WebSite","@id":"https:\/\/hub.hslu.ch\/soziale-arbeit\/#website","url":"https:\/\/hub.hslu.ch\/soziale-arbeit\/","name":"Soziale Arbeit an der Hochschule Luzern","description":"Der Blog der Hochschule Luzern \u2013 Soziale Arbeit","potentialAction":[{"@type":"SearchAction","target":{"@type":"EntryPoint","urlTemplate":"https:\/\/hub.hslu.ch\/soziale-arbeit\/?s={search_term_string}"},"query-input":{"@type":"PropertyValueSpecification","valueRequired":true,"valueName":"search_term_string"}}],"inLanguage":"de-CH"},{"@type":"Person","@id":"https:\/\/hub.hslu.ch\/soziale-arbeit\/#\/schema\/person\/2fbc41f8eff3a89d0755cce0ed9a2542","name":"webkinder"}]}},"featured_image_src":"https:\/\/hub.hslu.ch\/soziale-arbeit\/wp-content\/uploads\/sites\/23\/2020\/02\/dorf_702x336.jpg","featured_image_src_square":"https:\/\/hub.hslu.ch\/soziale-arbeit\/wp-content\/uploads\/sites\/23\/2020\/02\/dorf_702x336.jpg","author_info":{"display_name":"webkinder","author_link":"https:\/\/hub.hslu.ch\/soziale-arbeit\/author\/webkinder\/"},"_links":{"self":[{"href":"https:\/\/hub.hslu.ch\/soziale-arbeit\/wp-json\/wp\/v2\/posts\/1936","targetHints":{"allow":["GET"]}}],"collection":[{"href":"https:\/\/hub.hslu.ch\/soziale-arbeit\/wp-json\/wp\/v2\/posts"}],"about":[{"href":"https:\/\/hub.hslu.ch\/soziale-arbeit\/wp-json\/wp\/v2\/types\/post"}],"author":[{"embeddable":true,"href":"https:\/\/hub.hslu.ch\/soziale-arbeit\/wp-json\/wp\/v2\/users\/111"}],"replies":[{"embeddable":true,"href":"https:\/\/hub.hslu.ch\/soziale-arbeit\/wp-json\/wp\/v2\/comments?post=1936"}],"version-history":[{"count":3,"href":"https:\/\/hub.hslu.ch\/soziale-arbeit\/wp-json\/wp\/v2\/posts\/1936\/revisions"}],"predecessor-version":[{"id":12876,"href":"https:\/\/hub.hslu.ch\/soziale-arbeit\/wp-json\/wp\/v2\/posts\/1936\/revisions\/12876"}],"wp:featuredmedia":[{"embeddable":true,"href":"https:\/\/hub.hslu.ch\/soziale-arbeit\/wp-json\/wp\/v2\/media\/2435"}],"wp:attachment":[{"href":"https:\/\/hub.hslu.ch\/soziale-arbeit\/wp-json\/wp\/v2\/media?parent=1936"}],"wp:term":[{"taxonomy":"category","embeddable":true,"href":"https:\/\/hub.hslu.ch\/soziale-arbeit\/wp-json\/wp\/v2\/categories?post=1936"},{"taxonomy":"post_tag","embeddable":true,"href":"https:\/\/hub.hslu.ch\/soziale-arbeit\/wp-json\/wp\/v2\/tags?post=1936"}],"curies":[{"name":"wp","href":"https:\/\/api.w.org\/{rel}","templated":true}]}}