{"id":280,"date":"2022-05-31T13:14:00","date_gmt":"2022-05-31T13:14:00","guid":{"rendered":"https:\/\/hub.hslu.ch\/soziale-arbeit\/?p=280"},"modified":"2026-02-11T14:54:00","modified_gmt":"2026-02-11T13:54:00","slug":"das-vertrauen-mussten-sich-die-kesb-erst-erarbeiten","status":"publish","type":"post","link":"https:\/\/hub.hslu.ch\/soziale-arbeit\/das-vertrauen-mussten-sich-die-kesb-erst-erarbeiten\/","title":{"rendered":"\u00abDas Vertrauen mussten sich die KESB erst erarbeiten\u00bb"},"content":{"rendered":"\n<p><strong><a href=\"https:\/\/www.hslu.ch\/de-ch\/hochschule-luzern\/ueber-uns\/personensuche\/profile\/?pid=308\"><\/strong><\/p>\n\n\n\n<p><strong>Am 1. Januar 2013 wurde das neue Kindes- und Erwachsenenschutzrecht eingef\u00fchrt und ersetzte damit das Vormundschaftsrecht von 1912. Was waren die wesentlichen Neuerungen?<\/strong><br><strong>Diana Wider: <\/strong>Mehr Selbstbestimmung f\u00fcr die Klientinnen und Klienten, das individuelle Zuschneiden der Massnahmen auf ihre Bed\u00fcrfnisse nach dem Grundsatz \u00abSo viel wie n\u00f6tig, so wenig wie m\u00f6glich\u00bb und das \u00dcberf\u00fchren der ehemaligen Laienbeh\u00f6rden in die professionellen Kindes- und Erwachsenenschutzbeh\u00f6rden (KESB).<\/p>\n\n\n\n<p><strong>Warum hat es f\u00fcr diese \u00c4nderungen fast hundert Jahre gebraucht?<\/strong><br><strong>Diana Wider:<\/strong> Trotz altem Gesetz entwickelte sich die Praxis analog zum Wandel der gesellschaftlichen Werte weiter. Die gesetzliche Regelung, dass f\u00fcr Kinder unverheirateter M\u00fctter eine Beistandschaft angeordnet werden musste, wurde von der Praxis etwa l\u00e4ngst nicht mehr umgesetzt. Mit dem neuen Recht wurden die bew\u00e4hrten Praktiken ins Gesetz aufgenommen. Diente das fr\u00fchere Vormundschaftsrecht vor allem der Disziplinierung und Kontrolle, steht im heutigen Recht die F\u00f6rderung der Selbstbestimmung im Vordergrund, weil unsere Gesellschaft Individualit\u00e4t und pers\u00f6nliche Freiheit hoch gewichtet.<\/p>\n\n\n\n<p><strong>Angesichts besonders vulnerabler Zielgruppen, etwa gewaltgef\u00e4hrdete Kinder, erscheint es sinnvoll, dass die Verantwortung Professionellen \u00fcbertragen wurde. Die KESB wurden aber heftig kritisiert. Wie berechtigt war diese Kritik?<\/strong><br><strong>Diana Wider:<\/strong> Interessanterweise gab es eine Art \u00abR\u00f6stigraben\u00bb: Kritik gab es nur in der Deutschschweiz; in der Romandie blieb sie aus, weil das Vormundschaftswesen dort schon vorher professionellen Gerichten \u00fcbertragen war. Die Kritik bezog sich also vermutlich eher auf den Systemwechsel als auf die Professionalisierung. An der Vormundschaftsbeh\u00f6rde wurde kritisiert, sie sei zu wenig professionell; bei den KESB hiess es dann, sie seien zu wenig nah dran an den Menschen. Diese Kritik hat etwas bewegt: In den KESB hat man verstanden, dass es nicht reicht, nach fachlichen Kriterien Entscheide zu f\u00e4llen, sondern dass diese f\u00fcr Laien verst\u00e4ndlich und nachvollziehbar erkl\u00e4rt werden m\u00fcssen. Die KESB mussten sich das Vertrauen der Menschen erst einmal erarbeiten.<\/p>\n\n\n\n<blockquote class=\"wp-block-quote is-layout-flow wp-block-quote-is-layout-flow\">\n<p>Ich w\u00fcnsche mir, dass die KESB k\u00fcnftig so positiv wahrgenommen wird wie die Feuerwehr: Sie kommt, um zu helfen und zu unterst\u00fctzen. <\/p>\n<cite>Diana Wider<\/cite><\/blockquote>\n\n\n\n<p><strong>Neben der Professionalisierung war auch die interdisziplin\u00e4re Zusammensetzung der KESB-Teams neu. So ist die Soziale Arbeit nun gleichberechtigt involviert. Welchen Mehrwert bringt sie in die Gremien?    <\/strong><br><strong>Diana Wider:<\/strong> Die Soziale Arbeit vermittelt einerseits als Br\u00fcckenbauerin zwischen den verschiedenen Disziplinen. Dank ihrer Allzust\u00e4ndigkeit ist sie es gewohnt, mit Referenzdisziplinen zu arbeiten. Andererseits kann sie in wichtigen Themen des Kindes- und Erwachsenenschutzes, die gleichzeitig ihre Kernthemen sind, den Lead \u00fcbernehmen, etwa bei der Selbstbestimmung, der Partizipation, der Integration und Erm\u00e4chtigung.<\/p>\n\n\n\n<figure class=\"wp-block-image size-large is-resized\"><img loading=\"lazy\" decoding=\"async\" src=\"https:\/\/hub.hslu.ch\/soziale-arbeit\/wp-content\/uploads\/sites\/23\/2022\/04\/Alte-Frau-1024x490.jpg\" alt=\"\" class=\"wp-image-316\" width=\"768\" height=\"368\" srcset=\"https:\/\/hub.hslu.ch\/soziale-arbeit\/wp-content\/uploads\/sites\/23\/2022\/04\/Alte-Frau-1024x490.jpg 1024w, https:\/\/hub.hslu.ch\/soziale-arbeit\/wp-content\/uploads\/sites\/23\/2022\/04\/Alte-Frau-300x144.jpg 300w, https:\/\/hub.hslu.ch\/soziale-arbeit\/wp-content\/uploads\/sites\/23\/2022\/04\/Alte-Frau-768x368.jpg 768w, https:\/\/hub.hslu.ch\/soziale-arbeit\/wp-content\/uploads\/sites\/23\/2022\/04\/Alte-Frau-1536x736.jpg 1536w, https:\/\/hub.hslu.ch\/soziale-arbeit\/wp-content\/uploads\/sites\/23\/2022\/04\/Alte-Frau-928x444.jpg 928w, https:\/\/hub.hslu.ch\/soziale-arbeit\/wp-content\/uploads\/sites\/23\/2022\/04\/Alte-Frau.jpg 1631w\" sizes=\"auto, (max-width: 768px) 100vw, 768px\" \/><figcaption class=\"wp-element-caption\">Die KESB setzt sich auch f\u00fcr hilfsbed\u00fcrftige Erwachsene ein. <\/figcaption><\/figure>\n\n\n\n\n\n<p><strong>Wie w\u00fcrden Sie die Situation rund zehn Jahre nach Einf\u00fchrung des neuen Kindes- und Erwachsenenschutzrechts einsch\u00e4tzen?<\/strong><br><strong>Diana Wider: <\/strong>In diesem Bereich hat sich unglaublich viel bewegt, und das immer mit dem Ziel, die Situation der Hilfsbed\u00fcrftigen zu verbessern. Und das ist gelungen.<\/p>\n\n\n\n<blockquote class=\"wp-block-quote is-layout-flow wp-block-quote-is-layout-flow\">\n<p>Die Soziale Arbeit vermittelt bei der KESB einerseits als Br\u00fcckenbauerin zwischen den verschiedenen Disziplinen und kann in wichtigen Themen den Lead \u00fcbernehmen, etwa bei der Selbstbestimmung, der Partizipation, der Integration und Erm\u00e4chtigung.<\/p>\n<cite>Diana Wider<\/cite><\/blockquote>\n\n\n\n<p><strong>Was ist Ihre Zukunftsvision f\u00fcr den Kindes- und Erwachsenenschutz?<\/strong><br><strong>Diana Wider<\/strong>: Dass die KESB so positiv wahrgenommen wird wie die Feuerwehr: Sie kommt, um zu helfen und zu unterst\u00fctzen.<\/p>\n\n\n\n\n\n<div style=\"background-color:#f2f2f2;color:#32373c\" class=\"wp-block-genesis-blocks-gb-profile-box square gb-has-avatar gb-font-size-18 gb-block-profile gb-profile-columns\"><div class=\"gb-profile-column gb-profile-avatar-wrap\"><div class=\"gb-profile-image-wrap\"><figure class=\"gb-profile-image-square\"><img loading=\"lazy\" decoding=\"async\" width=\"174\" height=\"183\" class=\"gb-profile-avatar wp-image-3352\" src=\"https:\/\/hub.hslu.ch\/soziale-arbeit\/wp-content\/uploads\/sites\/23\/2022\/05\/Wider_Diana_1007577-17-juni.jpg\" alt=\"Diana Wider\" \/><\/figure><\/div><\/div><div class=\"gb-profile-column gb-profile-content-wrap\"><h2 class=\"gb-profile-name\" style=\"color:#32373c\">Diana Wider<\/h2><p class=\"gb-profile-title\" style=\"color:#32373c\"><a href=\"https:\/\/www.hslu.ch\/de-ch\/hochschule-luzern\/ueber-uns\/personensuche\/profile\/?pid=308\">Diana Wider<\/a> ist Juristin und Sozialarbeiterin. Sie ist seit<br \/>vielen Jahren Generalsekret\u00e4rin der <a href=\"https:\/\/www.kokes.ch\/de\/home\">Konferenz f\u00fcr Kindes-<br \/>und Erwachsenenschutz (KOKES)<\/a>. Als Dozentin und<br \/>Projektleiterin am <a href=\"https:\/\/www.hslu.ch\/de-ch\/soziale-arbeit\/ueber-uns\/institute\/sozialarbeit-und-recht\/\">Institut Sozialarbeit und Recht<\/a> der<br \/>Hochschule Luzern \u2013 Soziale Arbeit befasst sie sich vor<br \/>allem mit rechtlichen und sozialarbeiterischen Aspekten<br \/>sowie der interprofessionellen und interorganisationalen<br \/>Zusammenarbeit im Kindes- und Erwachsenenschutz.<\/p><div class=\"gb-profile-text\"><\/div><ul class=\"gb-social-links\"><\/ul><\/div><\/div>\n\n\n<div class=\"blue-box\">\n\t<div class=\"row\">\n\t\t<div class=\"col-md-12\">\n\t\t\t<p><strong>Kompetenzzentrum Kindes- und Erwachsenenschutz der Hochschule Luzern \u2013 Soziale Arbeit<\/strong><\/p>\n<p>Das <a href=\"https:\/\/www.hslu.ch\/de-ch\/soziale-arbeit\/ueber-uns\/institute\/sozialarbeit-und-recht\/kindes-und-erwachsenenschutz\/\">Kompetenzzentrum<\/a> unterst\u00fctzt seit zwanzig Jahren Fachpersonen im Kindes- und Erwachsenenschutz bei der Wahrnehmung ihrer anspruchsvollen Aufgaben. Ein interdisziplin\u00e4res Team von zehn Personen bietet vom dreij\u00e4hrigen <a href=\"https:\/\/www.hslu.ch\/de-ch\/soziale-arbeit\/weiterbildung\/themen\/kindes-erwachsenen-und-opferschutz\/\">MAS-Programm bis hin zu eint\u00e4gigen Fachseminaren spezifische Weiterbildungen<\/a> sowie Dienstleistungen wie Rechtsberatungen oder massgeschneiderte Schulungen an.<\/p>\n<p><b><a href=\"https:\/\/www.hslu.ch\/de-ch\/soziale-arbeit\/weiterbildung\/studienprogramm\/cas\/kindesschutz\/\">CAS Kindesschutz:<span style=\"font-weight: normal\">\u00a0<\/span><\/a><\/b>Herausforderungen im Kindesschutz kompetent begegnen<\/p>\n<p><b><a href=\"https:\/\/www.hslu.ch\/de-ch\/soziale-arbeit\/weiterbildung\/studienprogramm\/cas\/mandatsfuehrung-im-kindes-und-erwachsenenschutz\/\">CAS Mandatsf\u00fchrung im Kindes- und Erwachsenenschutz:<\/a><\/b> Spezialist:in in der Mandatsf\u00fchrung werden<\/p>\n<p><b><a href=\"https:\/\/www.hslu.ch\/de-ch\/soziale-arbeit\/weiterbildung\/studienprogramm\/cas\/kindesvertretung\/\">CAS Kindesvertretung\/ Verfahrensbeistandschaft<span style=\"font-weight: normal\">:\u00a0<\/span><\/a><\/b>Kinder und Jugendliche in zivil-, verwaltungs- und strafrechtlichen Verfahren vertreten<\/p>\n\t\t<\/div>\n\t<\/div>\n<\/div>\n\n\n<div class=\"blue-box\">\n\t<div class=\"row\">\n\t\t<div class=\"col-md-12\">\n\t\t\t<p><strong>Forschungs- und Entwicklungsprojekte im Kindes- und Erwachsenenschutz<\/strong><\/p>\n<p>Das Kompetenzzentrum f\u00fchrt ferner\u00a0<a href=\"https:\/\/www.hslu.ch\/de-ch\/soziale-arbeit\/forschung\/projekte\/#?filters=102,1274\">Forschungs- und Entwicklungsprojekte<\/a>\u00a0durch. So werden aktuell im Auftrag von mehreren nationalen Organisationen interdisziplin\u00e4re Qualit\u00e4tsstandards im Kindesschutz erarbeitet. Seit 1994 wird das\u00a0<a href=\"https:\/\/www.kokes.ch\/de\/home\">Generalsekretariat der Konferenz f\u00fcr Kindes- und Erwachsenenschutz (KOKES)<\/a>, einer Organisation, welche die Zusammenarbeit der Kantone untereinander, mit dem Bund und nationalen Organisationen koordiniert, an der Hochschule Luzern gef\u00fchrt. Zudem organisiert das Kompetenzzentrum j\u00e4hrlich die\u00a0<a href=\"https:\/\/www.hslu.ch\/de-ch\/soziale-arbeit\/agenda\/veranstaltungen\/2022\/05\/05\/kes-2022\/\">Luzerner Tagung zum Kindes- und Erwachsenenschutz<\/a>\u00a0sowie die Netzwerktreffen f\u00fcr Leitungspersonen von KESB und Berufsbeistandschaften.<\/p>\n\t\t<\/div>\n\t<\/div>\n<\/div>\n\n\n\n<p>Interview: Eva Sch\u00fcmperli-Keller<br>Bilder: Getty Images<br>Ver\u00f6ffentlicht: 31. Mai 2022<\/p>\n","protected":false},"excerpt":{"rendered":"<p>Diana Wider ist Dozentin und Projektleiterin am Kompetenzzentrum Kindes- und Erwachsenenschutz der Hochschule Luzern \u2013 Soziale Arbeit und KOKES-Generalsekret\u00e4rin. Als solche hat sie 2013 die Einf\u00fchrung des neuen Kindes- und Erwachsenenschutzrechts hautnah miterlebt. Im Interview blickt sie zur\u00fcck auf die letzten zehn Jahre, erkl\u00e4rt den \u00abKESB-R\u00f6stigraben\u00bb und verr\u00e4t ihre Zukunftsvision.<\/p>\n","protected":false},"author":139,"featured_media":305,"comment_status":"open","ping_status":"closed","sticky":false,"template":"","format":"standard","meta":{"_acf_changed":false,"inline_featured_image":false,"_relevanssi_hide_post":"","_relevanssi_hide_content":"","_relevanssi_pin_for_all":"","_relevanssi_pin_keywords":"","_relevanssi_unpin_keywords":"","_relevanssi_related_keywords":"","_relevanssi_related_include_ids":"","_relevanssi_related_exclude_ids":"","_relevanssi_related_no_append":"","_relevanssi_related_not_related":"","_relevanssi_related_posts":"6469,6387,6517,6012,5047,6002","_relevanssi_noindex_reason":"","footnotes":"","_links_to":"","_links_to_target":""},"categories":[15],"tags":[24,25],"class_list":["post-280","post","type-post","status-publish","format-standard","has-post-thumbnail","hentry","category-kindes-erwachsenenschutz","tag-kesb","tag-kindes-und-erwachsenenschutz"],"acf":[],"yoast_head":"<!-- This site is optimized with the Yoast SEO plugin v27.5 - https:\/\/yoast.com\/product\/yoast-seo-wordpress\/ -->\n<title>\u00abDas Vertrauen mussten sich die KESB erst erarbeiten\u00bb &#8211; Soziale Arbeit an der Hochschule Luzern<\/title>\n<meta name=\"description\" content=\"Diana Wider von der Hochschule Luzern spricht \u00fcber die Einf\u00fchrung der KESB und des neuen Kindes- und Erwachsenenschutzrechts.\" \/>\n<meta name=\"robots\" content=\"index, follow, max-snippet:-1, max-image-preview:large, max-video-preview:-1\" \/>\n<link rel=\"canonical\" href=\"https:\/\/hub.hslu.ch\/soziale-arbeit\/das-vertrauen-mussten-sich-die-kesb-erst-erarbeiten\/\" \/>\n<meta property=\"og:locale\" content=\"de_DE\" \/>\n<meta property=\"og:type\" content=\"article\" \/>\n<meta property=\"og:title\" content=\"\u00abDas Vertrauen mussten sich die KESB erst erarbeiten\u00bb &#8211; Soziale Arbeit an der Hochschule Luzern\" \/>\n<meta property=\"og:description\" content=\"Diana Wider von der Hochschule Luzern spricht \u00fcber die Einf\u00fchrung der KESB und des neuen Kindes- und Erwachsenenschutzrechts.\" \/>\n<meta property=\"og:url\" content=\"https:\/\/hub.hslu.ch\/soziale-arbeit\/das-vertrauen-mussten-sich-die-kesb-erst-erarbeiten\/\" \/>\n<meta property=\"og:site_name\" content=\"Soziale Arbeit an der Hochschule Luzern\" \/>\n<meta property=\"article:published_time\" content=\"2022-05-31T13:14:00+00:00\" \/>\n<meta property=\"article:modified_time\" content=\"2026-02-11T13:54:00+00:00\" \/>\n<meta property=\"og:image\" content=\"https:\/\/hub.hslu.ch\/soziale-arbeit\/wp-content\/uploads\/sites\/23\/2022\/04\/Kind-mit-Teddy.jpg\" \/>\n\t<meta property=\"og:image:width\" content=\"702\" \/>\n\t<meta property=\"og:image:height\" content=\"336\" \/>\n\t<meta property=\"og:image:type\" content=\"image\/jpeg\" \/>\n<meta name=\"author\" content=\"anetteeldevik\" \/>\n<meta name=\"twitter:card\" content=\"summary_large_image\" \/>\n<meta name=\"twitter:creator\" content=\"@stefanmiesch\" \/>\n<meta name=\"twitter:label1\" content=\"Geschrieben von\" \/>\n\t<meta name=\"twitter:data1\" content=\"anetteeldevik\" \/>\n\t<meta name=\"twitter:label2\" content=\"Gesch\u00e4tzte Lesezeit\" \/>\n\t<meta name=\"twitter:data2\" content=\"4\u00a0Minuten\" \/>\n<script type=\"application\/ld+json\" class=\"yoast-schema-graph\">{\"@context\":\"https:\\\/\\\/schema.org\",\"@graph\":[{\"@type\":\"Article\",\"@id\":\"https:\\\/\\\/hub.hslu.ch\\\/soziale-arbeit\\\/das-vertrauen-mussten-sich-die-kesb-erst-erarbeiten\\\/#article\",\"isPartOf\":{\"@id\":\"https:\\\/\\\/hub.hslu.ch\\\/soziale-arbeit\\\/das-vertrauen-mussten-sich-die-kesb-erst-erarbeiten\\\/\"},\"author\":{\"name\":\"anetteeldevik\",\"@id\":\"https:\\\/\\\/hub.hslu.ch\\\/soziale-arbeit\\\/#\\\/schema\\\/person\\\/5f63e37c8c8b84af7b5325cb01f01d34\"},\"headline\":\"\u00abDas Vertrauen mussten sich die KESB erst erarbeiten\u00bb\",\"datePublished\":\"2022-05-31T13:14:00+00:00\",\"dateModified\":\"2026-02-11T13:54:00+00:00\",\"mainEntityOfPage\":{\"@id\":\"https:\\\/\\\/hub.hslu.ch\\\/soziale-arbeit\\\/das-vertrauen-mussten-sich-die-kesb-erst-erarbeiten\\\/\"},\"wordCount\":613,\"commentCount\":0,\"image\":{\"@id\":\"https:\\\/\\\/hub.hslu.ch\\\/soziale-arbeit\\\/das-vertrauen-mussten-sich-die-kesb-erst-erarbeiten\\\/#primaryimage\"},\"thumbnailUrl\":\"https:\\\/\\\/hub.hslu.ch\\\/soziale-arbeit\\\/wp-content\\\/uploads\\\/sites\\\/23\\\/2022\\\/04\\\/Kind-mit-Teddy.jpg\",\"keywords\":[\"KESB\",\"Kindes- und Erwachsenenschutz\"],\"articleSection\":[\"Kindes- und Erwachsenenschutz\"],\"inLanguage\":\"de-CH\",\"potentialAction\":[{\"@type\":\"CommentAction\",\"name\":\"Comment\",\"target\":[\"https:\\\/\\\/hub.hslu.ch\\\/soziale-arbeit\\\/das-vertrauen-mussten-sich-die-kesb-erst-erarbeiten\\\/#respond\"]}]},{\"@type\":\"WebPage\",\"@id\":\"https:\\\/\\\/hub.hslu.ch\\\/soziale-arbeit\\\/das-vertrauen-mussten-sich-die-kesb-erst-erarbeiten\\\/\",\"url\":\"https:\\\/\\\/hub.hslu.ch\\\/soziale-arbeit\\\/das-vertrauen-mussten-sich-die-kesb-erst-erarbeiten\\\/\",\"name\":\"\u00abDas Vertrauen mussten sich die KESB erst erarbeiten\u00bb &#8211; Soziale Arbeit an der Hochschule Luzern\",\"isPartOf\":{\"@id\":\"https:\\\/\\\/hub.hslu.ch\\\/soziale-arbeit\\\/#website\"},\"primaryImageOfPage\":{\"@id\":\"https:\\\/\\\/hub.hslu.ch\\\/soziale-arbeit\\\/das-vertrauen-mussten-sich-die-kesb-erst-erarbeiten\\\/#primaryimage\"},\"image\":{\"@id\":\"https:\\\/\\\/hub.hslu.ch\\\/soziale-arbeit\\\/das-vertrauen-mussten-sich-die-kesb-erst-erarbeiten\\\/#primaryimage\"},\"thumbnailUrl\":\"https:\\\/\\\/hub.hslu.ch\\\/soziale-arbeit\\\/wp-content\\\/uploads\\\/sites\\\/23\\\/2022\\\/04\\\/Kind-mit-Teddy.jpg\",\"datePublished\":\"2022-05-31T13:14:00+00:00\",\"dateModified\":\"2026-02-11T13:54:00+00:00\",\"author\":{\"@id\":\"https:\\\/\\\/hub.hslu.ch\\\/soziale-arbeit\\\/#\\\/schema\\\/person\\\/5f63e37c8c8b84af7b5325cb01f01d34\"},\"description\":\"Diana Wider von der Hochschule Luzern spricht \u00fcber die Einf\u00fchrung der KESB und des neuen Kindes- und Erwachsenenschutzrechts.\",\"breadcrumb\":{\"@id\":\"https:\\\/\\\/hub.hslu.ch\\\/soziale-arbeit\\\/das-vertrauen-mussten-sich-die-kesb-erst-erarbeiten\\\/#breadcrumb\"},\"inLanguage\":\"de-CH\",\"potentialAction\":[{\"@type\":\"ReadAction\",\"target\":[\"https:\\\/\\\/hub.hslu.ch\\\/soziale-arbeit\\\/das-vertrauen-mussten-sich-die-kesb-erst-erarbeiten\\\/\"]}]},{\"@type\":\"ImageObject\",\"inLanguage\":\"de-CH\",\"@id\":\"https:\\\/\\\/hub.hslu.ch\\\/soziale-arbeit\\\/das-vertrauen-mussten-sich-die-kesb-erst-erarbeiten\\\/#primaryimage\",\"url\":\"https:\\\/\\\/hub.hslu.ch\\\/soziale-arbeit\\\/wp-content\\\/uploads\\\/sites\\\/23\\\/2022\\\/04\\\/Kind-mit-Teddy.jpg\",\"contentUrl\":\"https:\\\/\\\/hub.hslu.ch\\\/soziale-arbeit\\\/wp-content\\\/uploads\\\/sites\\\/23\\\/2022\\\/04\\\/Kind-mit-Teddy.jpg\",\"width\":702,\"height\":336,\"caption\":\"Gef\u00e4hrdete Kinder zu sch\u00fctzen, geh\u00f6rt zu den wichtigsten Aufgaben der KESB.\"},{\"@type\":\"BreadcrumbList\",\"@id\":\"https:\\\/\\\/hub.hslu.ch\\\/soziale-arbeit\\\/das-vertrauen-mussten-sich-die-kesb-erst-erarbeiten\\\/#breadcrumb\",\"itemListElement\":[{\"@type\":\"ListItem\",\"position\":1,\"name\":\"Home\",\"item\":\"https:\\\/\\\/hub.hslu.ch\\\/soziale-arbeit\\\/\"},{\"@type\":\"ListItem\",\"position\":2,\"name\":\"\u00abDas Vertrauen mussten sich die KESB erst erarbeiten\u00bb\"}]},{\"@type\":\"WebSite\",\"@id\":\"https:\\\/\\\/hub.hslu.ch\\\/soziale-arbeit\\\/#website\",\"url\":\"https:\\\/\\\/hub.hslu.ch\\\/soziale-arbeit\\\/\",\"name\":\"Soziale Arbeit an der Hochschule Luzern\",\"description\":\"Der Blog der Hochschule Luzern \u2013 Soziale Arbeit\",\"potentialAction\":[{\"@type\":\"SearchAction\",\"target\":{\"@type\":\"EntryPoint\",\"urlTemplate\":\"https:\\\/\\\/hub.hslu.ch\\\/soziale-arbeit\\\/?s={search_term_string}\"},\"query-input\":{\"@type\":\"PropertyValueSpecification\",\"valueRequired\":true,\"valueName\":\"search_term_string\"}}],\"inLanguage\":\"de-CH\"},{\"@type\":\"Person\",\"@id\":\"https:\\\/\\\/hub.hslu.ch\\\/soziale-arbeit\\\/#\\\/schema\\\/person\\\/5f63e37c8c8b84af7b5325cb01f01d34\",\"name\":\"anetteeldevik\",\"sameAs\":[\"https:\\\/\\\/x.com\\\/stefanmiesch\"]}]}<\/script>\n<!-- \/ Yoast SEO plugin. -->","yoast_head_json":{"title":"\u00abDas Vertrauen mussten sich die KESB erst erarbeiten\u00bb &#8211; Soziale Arbeit an der Hochschule Luzern","description":"Diana Wider von der Hochschule Luzern spricht \u00fcber die Einf\u00fchrung der KESB und des neuen Kindes- und Erwachsenenschutzrechts.","robots":{"index":"index","follow":"follow","max-snippet":"max-snippet:-1","max-image-preview":"max-image-preview:large","max-video-preview":"max-video-preview:-1"},"canonical":"https:\/\/hub.hslu.ch\/soziale-arbeit\/das-vertrauen-mussten-sich-die-kesb-erst-erarbeiten\/","og_locale":"de_DE","og_type":"article","og_title":"\u00abDas Vertrauen mussten sich die KESB erst erarbeiten\u00bb &#8211; Soziale Arbeit an der Hochschule Luzern","og_description":"Diana Wider von der Hochschule Luzern spricht \u00fcber die Einf\u00fchrung der KESB und des neuen Kindes- und Erwachsenenschutzrechts.","og_url":"https:\/\/hub.hslu.ch\/soziale-arbeit\/das-vertrauen-mussten-sich-die-kesb-erst-erarbeiten\/","og_site_name":"Soziale Arbeit an der Hochschule Luzern","article_published_time":"2022-05-31T13:14:00+00:00","article_modified_time":"2026-02-11T13:54:00+00:00","og_image":[{"width":702,"height":336,"url":"https:\/\/hub.hslu.ch\/soziale-arbeit\/wp-content\/uploads\/sites\/23\/2022\/04\/Kind-mit-Teddy.jpg","type":"image\/jpeg"}],"author":"anetteeldevik","twitter_card":"summary_large_image","twitter_creator":"@stefanmiesch","twitter_misc":{"Geschrieben von":"anetteeldevik","Gesch\u00e4tzte Lesezeit":"4\u00a0Minuten"},"schema":{"@context":"https:\/\/schema.org","@graph":[{"@type":"Article","@id":"https:\/\/hub.hslu.ch\/soziale-arbeit\/das-vertrauen-mussten-sich-die-kesb-erst-erarbeiten\/#article","isPartOf":{"@id":"https:\/\/hub.hslu.ch\/soziale-arbeit\/das-vertrauen-mussten-sich-die-kesb-erst-erarbeiten\/"},"author":{"name":"anetteeldevik","@id":"https:\/\/hub.hslu.ch\/soziale-arbeit\/#\/schema\/person\/5f63e37c8c8b84af7b5325cb01f01d34"},"headline":"\u00abDas Vertrauen mussten sich die KESB erst erarbeiten\u00bb","datePublished":"2022-05-31T13:14:00+00:00","dateModified":"2026-02-11T13:54:00+00:00","mainEntityOfPage":{"@id":"https:\/\/hub.hslu.ch\/soziale-arbeit\/das-vertrauen-mussten-sich-die-kesb-erst-erarbeiten\/"},"wordCount":613,"commentCount":0,"image":{"@id":"https:\/\/hub.hslu.ch\/soziale-arbeit\/das-vertrauen-mussten-sich-die-kesb-erst-erarbeiten\/#primaryimage"},"thumbnailUrl":"https:\/\/hub.hslu.ch\/soziale-arbeit\/wp-content\/uploads\/sites\/23\/2022\/04\/Kind-mit-Teddy.jpg","keywords":["KESB","Kindes- und Erwachsenenschutz"],"articleSection":["Kindes- und Erwachsenenschutz"],"inLanguage":"de-CH","potentialAction":[{"@type":"CommentAction","name":"Comment","target":["https:\/\/hub.hslu.ch\/soziale-arbeit\/das-vertrauen-mussten-sich-die-kesb-erst-erarbeiten\/#respond"]}]},{"@type":"WebPage","@id":"https:\/\/hub.hslu.ch\/soziale-arbeit\/das-vertrauen-mussten-sich-die-kesb-erst-erarbeiten\/","url":"https:\/\/hub.hslu.ch\/soziale-arbeit\/das-vertrauen-mussten-sich-die-kesb-erst-erarbeiten\/","name":"\u00abDas Vertrauen mussten sich die KESB erst erarbeiten\u00bb &#8211; Soziale Arbeit an der Hochschule Luzern","isPartOf":{"@id":"https:\/\/hub.hslu.ch\/soziale-arbeit\/#website"},"primaryImageOfPage":{"@id":"https:\/\/hub.hslu.ch\/soziale-arbeit\/das-vertrauen-mussten-sich-die-kesb-erst-erarbeiten\/#primaryimage"},"image":{"@id":"https:\/\/hub.hslu.ch\/soziale-arbeit\/das-vertrauen-mussten-sich-die-kesb-erst-erarbeiten\/#primaryimage"},"thumbnailUrl":"https:\/\/hub.hslu.ch\/soziale-arbeit\/wp-content\/uploads\/sites\/23\/2022\/04\/Kind-mit-Teddy.jpg","datePublished":"2022-05-31T13:14:00+00:00","dateModified":"2026-02-11T13:54:00+00:00","author":{"@id":"https:\/\/hub.hslu.ch\/soziale-arbeit\/#\/schema\/person\/5f63e37c8c8b84af7b5325cb01f01d34"},"description":"Diana Wider von der Hochschule Luzern spricht \u00fcber die Einf\u00fchrung der KESB und des neuen Kindes- und Erwachsenenschutzrechts.","breadcrumb":{"@id":"https:\/\/hub.hslu.ch\/soziale-arbeit\/das-vertrauen-mussten-sich-die-kesb-erst-erarbeiten\/#breadcrumb"},"inLanguage":"de-CH","potentialAction":[{"@type":"ReadAction","target":["https:\/\/hub.hslu.ch\/soziale-arbeit\/das-vertrauen-mussten-sich-die-kesb-erst-erarbeiten\/"]}]},{"@type":"ImageObject","inLanguage":"de-CH","@id":"https:\/\/hub.hslu.ch\/soziale-arbeit\/das-vertrauen-mussten-sich-die-kesb-erst-erarbeiten\/#primaryimage","url":"https:\/\/hub.hslu.ch\/soziale-arbeit\/wp-content\/uploads\/sites\/23\/2022\/04\/Kind-mit-Teddy.jpg","contentUrl":"https:\/\/hub.hslu.ch\/soziale-arbeit\/wp-content\/uploads\/sites\/23\/2022\/04\/Kind-mit-Teddy.jpg","width":702,"height":336,"caption":"Gef\u00e4hrdete Kinder zu sch\u00fctzen, geh\u00f6rt zu den wichtigsten Aufgaben der KESB."},{"@type":"BreadcrumbList","@id":"https:\/\/hub.hslu.ch\/soziale-arbeit\/das-vertrauen-mussten-sich-die-kesb-erst-erarbeiten\/#breadcrumb","itemListElement":[{"@type":"ListItem","position":1,"name":"Home","item":"https:\/\/hub.hslu.ch\/soziale-arbeit\/"},{"@type":"ListItem","position":2,"name":"\u00abDas Vertrauen mussten sich die KESB erst erarbeiten\u00bb"}]},{"@type":"WebSite","@id":"https:\/\/hub.hslu.ch\/soziale-arbeit\/#website","url":"https:\/\/hub.hslu.ch\/soziale-arbeit\/","name":"Soziale Arbeit an der Hochschule Luzern","description":"Der Blog der Hochschule Luzern \u2013 Soziale Arbeit","potentialAction":[{"@type":"SearchAction","target":{"@type":"EntryPoint","urlTemplate":"https:\/\/hub.hslu.ch\/soziale-arbeit\/?s={search_term_string}"},"query-input":{"@type":"PropertyValueSpecification","valueRequired":true,"valueName":"search_term_string"}}],"inLanguage":"de-CH"},{"@type":"Person","@id":"https:\/\/hub.hslu.ch\/soziale-arbeit\/#\/schema\/person\/5f63e37c8c8b84af7b5325cb01f01d34","name":"anetteeldevik","sameAs":["https:\/\/x.com\/stefanmiesch"]}]}},"featured_image_src":"https:\/\/hub.hslu.ch\/soziale-arbeit\/wp-content\/uploads\/sites\/23\/2022\/04\/Kind-mit-Teddy.jpg","featured_image_src_square":"https:\/\/hub.hslu.ch\/soziale-arbeit\/wp-content\/uploads\/sites\/23\/2022\/04\/Kind-mit-Teddy.jpg","author_info":{"display_name":"anetteeldevik","author_link":"https:\/\/hub.hslu.ch\/soziale-arbeit\/author\/anetteeldevik\/"},"_links":{"self":[{"href":"https:\/\/hub.hslu.ch\/soziale-arbeit\/wp-json\/wp\/v2\/posts\/280","targetHints":{"allow":["GET"]}}],"collection":[{"href":"https:\/\/hub.hslu.ch\/soziale-arbeit\/wp-json\/wp\/v2\/posts"}],"about":[{"href":"https:\/\/hub.hslu.ch\/soziale-arbeit\/wp-json\/wp\/v2\/types\/post"}],"author":[{"embeddable":true,"href":"https:\/\/hub.hslu.ch\/soziale-arbeit\/wp-json\/wp\/v2\/users\/139"}],"replies":[{"embeddable":true,"href":"https:\/\/hub.hslu.ch\/soziale-arbeit\/wp-json\/wp\/v2\/comments?post=280"}],"version-history":[{"count":155,"href":"https:\/\/hub.hslu.ch\/soziale-arbeit\/wp-json\/wp\/v2\/posts\/280\/revisions"}],"predecessor-version":[{"id":12886,"href":"https:\/\/hub.hslu.ch\/soziale-arbeit\/wp-json\/wp\/v2\/posts\/280\/revisions\/12886"}],"wp:featuredmedia":[{"embeddable":true,"href":"https:\/\/hub.hslu.ch\/soziale-arbeit\/wp-json\/wp\/v2\/media\/305"}],"wp:attachment":[{"href":"https:\/\/hub.hslu.ch\/soziale-arbeit\/wp-json\/wp\/v2\/media?parent=280"}],"wp:term":[{"taxonomy":"category","embeddable":true,"href":"https:\/\/hub.hslu.ch\/soziale-arbeit\/wp-json\/wp\/v2\/categories?post=280"},{"taxonomy":"post_tag","embeddable":true,"href":"https:\/\/hub.hslu.ch\/soziale-arbeit\/wp-json\/wp\/v2\/tags?post=280"}],"curies":[{"name":"wp","href":"https:\/\/api.w.org\/{rel}","templated":true}]}}