{"id":3552,"date":"2022-07-12T15:00:00","date_gmt":"2022-07-12T15:00:00","guid":{"rendered":"https:\/\/hub.hslu.ch\/soziale-arbeit\/?p=3552"},"modified":"2026-02-11T14:54:03","modified_gmt":"2026-02-11T13:54:03","slug":"die-rechte-von-fluechtlingen-ein-pruefstein-fuer-unsere-gesellschaft","status":"publish","type":"post","link":"https:\/\/hub.hslu.ch\/soziale-arbeit\/die-rechte-von-fluechtlingen-ein-pruefstein-fuer-unsere-gesellschaft\/","title":{"rendered":"Die Rechte von Fl\u00fcchtlingen: Ein Pr\u00fcfstein f\u00fcr unsere Gesellschaft"},"content":{"rendered":"\n<p><strong><a href=\"https:\/\/www.hslu.ch\/de-ch\/hochschule-luzern\/ueber-uns\/personensuche\/profile\/?pid=5370\"><\/strong><\/p>\n\n\n\n<p>Als Grundlage f\u00fcr das <a href=\"https:\/\/interact-verlag.ch\/collections\/neuerscheinungen\/products\/grund-und-menschenrechte-in-der-asyl-und-fluechtlingsarbeit\">Buch<\/a> dienen zahlreiche Interviews mit Fachleuten aus den T\u00e4tigkeitsfeldern der Asyl- und Fl\u00fcchtlingsarbeit. Der Inhalt ist mit 32 realen Fallbeispielen aus der Praxis veranschaulicht und die Handlungsempfehlungen bieten eine Orientierungshilfe f\u00fcr die anspruchsvolle Arbeit im Umgang mit Asylsuchenden und Fl\u00fcchtlingen.<\/p>\n\n\n\n<h2 class=\"wp-block-heading\"><strong>Textausschnitt aus \u00abGrund- und Menschenrechte in der Asyl- und Fl\u00fcchtlingsarbeit\u00bb<\/strong><\/h2>\n\n\n\n<p>\u00abDer Stellenwert der Grund- und Menschenrechte in einer Gesellschaft misst sich nicht allein an Verfassungs- und Gesetzestexten, sondern vor allem an ihrer Verwirklichung in der Praxis. Dies gilt auch f\u00fcr die Asyl- und Fl\u00fcchtlingsarbeit. Die Grund- und Menschenrechte sind f\u00fcr die Praxis und die Soziale Arbeit zentral, sei es in der Betreuung, der Gesundheitsversorgung, bei der Unterbringung, der Existenzsicherung oder der sozialen und beruflichen Integration. (&#8230;)<\/p>\n\n\n\n<p>Wie sieht die Betreuung, die schulische und berufliche Integration unbegleiteter Minderj\u00e4hriger aus? Wie steht es mit der Privatsph\u00e4re, wenn in Zentren ein Zimmer mit mehreren Familien belegt wird? (\u2026) Wie sieht die gesellschaftliche, kulturelle und politische Teilhabe der anerkannten Fl\u00fcchtlinge und der vorl\u00e4ufig aufgenommenen Personen aus? Und nicht zuletzt die \u00fcbergeordnete Frage: Wann und unter welchen Voraussetzungen sind Einschr\u00e4nkungen der Grundrechte zul\u00e4ssig, und wann nicht? (\u2026)<\/p>\n\n\n\n<blockquote class=\"wp-block-quote is-layout-flow wp-block-quote-is-layout-flow\">\n<p>Asylsuchende haben Anspruch auf ein faires Verfahren und auf Schutz vor Diskriminierung.<\/p>\n<\/blockquote>\n\n\n\n<p>Der Staat hat die Pflicht, verfolgten Menschen, die um Aufnahme in die Schweiz bitten, Schutz zu gew\u00e4hren. Er muss seine menschenrechtlichen Verpflichtungen und die von ihm ratifizierte Genfer Fl\u00fcchtlingskonvention beachten. Asylsuchende haben Anspruch auf ein faires Verfahren und auf Schutz vor Diskriminierung. Anerkannte Fl\u00fcchtlinge und vorl\u00e4ufig aufgenommene Personen wiederum haben unter anderem ein Anrecht auf gesellschaftliche, politische und kulturelle Teilhabe. Dieses Handbuch beleuchtet auch das Spannungsfeld zwischen den normativen Vorgaben und der Praxis in der Asyl- und Fl\u00fcchtlingsarbeit. (\u2026)<\/p>\n\n\n\n<p>Das vorliegende Handbuch, aus der Praxis und f\u00fcr die Praxis geschrieben, richtet sich an Sozialarbeitende, Betreuende, Sicherheitspersonal, Beh\u00f6rden, zivilgesellschaftliche Akteure und Akteurinnen und interessierte Fachkreise sowie an die Ausbildungsst\u00e4tten der Sozialen Arbeit. Sie alle sind in unterschiedlichen Funktionen im Asylbereich t\u00e4tig. Ihre Rollen sind manchmal komplement\u00e4r, manchmal gegens\u00e4tzlich, manchmal konfliktiv. Was sie jedoch alle verbindet, ist die Verpflichtung zur Einhaltung der Grund- und Menschenrechte. Auf diesem gemeinsamen Boden sollte es m\u00f6glich sein, immer wieder L\u00f6sungen zu finden, die grundrechtskonformes Handeln in diesem anspruchsvollen Bereich erm\u00f6glichen. Dazu will das Handbuch eine Orientierungshilfe bieten.\u00bb (Akkaya, Frei, M\u00fcller, 2022, <a href=\"https:\/\/interact-verlag.ch\/collections\/neuerscheinungen\/products\/grund-und-menschenrechte-in-der-asyl-und-fluechtlingsarbeit\">Grund- und Menschenrechte in der Asyl- und Fl\u00fcchtlingsarbeit \u2013 Ein Handbuch f\u00fcr die Praxis<\/a>, S. 18 \u2013 20).<\/p>\n\n\n\n<p>Von <a href=\"https:\/\/rogerettlin.ch\/\">Roger Ettlin<\/a><br>Ver\u00f6ffentlicht: 12. Juli 2022<\/p>\n\n\n\n<div style=\"background-color:#f2f2f2;color:#32373c\" class=\"wp-block-genesis-blocks-gb-profile-box square gb-has-avatar gb-font-size-18 gb-block-profile gb-profile-columns\"><div class=\"gb-profile-column gb-profile-avatar-wrap\"><div class=\"gb-profile-image-wrap\"><figure class=\"gb-profile-image-square\"><img loading=\"lazy\" decoding=\"async\" width=\"174\" height=\"183\" class=\"gb-profile-avatar wp-image-3558\" src=\"https:\/\/hub.hslu.ch\/soziale-arbeit\/wp-content\/uploads\/sites\/23\/2022\/07\/Guelcan.jpg\" alt=\"\" \/><\/figure><\/div><\/div><div class=\"gb-profile-column gb-profile-content-wrap\"><h2 class=\"gb-profile-name\" style=\"color:#32373c\"><strong>Dr.\u00a0G\u00fclcan\u00a0Akkaya<\/strong><\/h2><p class=\"gb-profile-title\" style=\"color:#32373c\"><a href=\"https:\/\/www.hslu.ch\/de-ch\/hochschule-luzern\/ueber-uns\/personensuche\/profile\/?pid=5\">G\u00fclcan Akkaya<\/a> hat einen Master in Human Rights and Social Work, ist diplomierte Sozialarbeiterin FH und arbeitet als Dozentin und Forscherin an der Hochschule Luzern \u2013 Soziale Arbeit. Sie war unter anderem in der Asyl- und Fl\u00fcchtlingsarbeit sowie in der Gemeinwesenarbeit im Themenbereich \u00abKonflikte und Gewalt im \u00f6ffentlichen Raum\u00bb t\u00e4tig. Als Projektdelegierte eines internationalen Hilfswerks war sie im Kosovo und von 2008 bis 2019 war sie die Vizepr\u00e4sidentin der Eidgen\u00f6ssischen Kommission gegen Rassismus.<\/p><div class=\"gb-profile-text\"><\/div><ul class=\"gb-social-links\"><\/ul><\/div><\/div>\n\n\n<div class=\"blue-box\">\n\t<div class=\"row\">\n\t\t<div class=\"col-md-12\">\n\t\t\t<p>Das Buch <strong><a href=\"https:\/\/interact-verlag.ch\/collections\/neuerscheinungen\/products\/grund-und-menschenrechte-in-der-asyl-und-fluechtlingsarbeit\">Grund- und Menschenrechte in der Asyl- und Fl\u00fcchtlingsarbeit \u2013 Ein Handbuch f\u00fcr die Praxis<\/a><\/strong> gibt es im interact Verlag als Handbuch oder kostenlos zum Download.<\/p>\n<p><span class=\"TextRun SCXO68718922 BCX0\" lang=\"DE-DE\" xml:lang=\"DE-DE\" data-contrast=\"auto\"><span class=\"NormalTextRun SCXO68718922 BCX0\"><strong>Newsletter Abo:<\/strong>\u00a0<\/span><\/span><span class=\"TextRun SCXO68718922 BCX0\" lang=\"DE-DE\" xml:lang=\"DE-DE\" data-contrast=\"auto\"><span class=\"NormalTextRun SCXO68718922 BCX0\">In unserem Blog erfahren Sie mehr \u00fcber Menschen, Veranstaltungen und Trends aus der Welt der Sozialen Arbeit<\/span><\/span><span class=\"TextRun SCXO68718922 BCX0\" lang=\"DE-DE\" xml:lang=\"DE-DE\" data-contrast=\"auto\"><span class=\"NormalTextRun SCXO68718922 BCX0\">:\u00a0<\/span><\/span><a class=\"Hyperlink SCXO68718922 BCX0\" href=\"https:\/\/www.hslu.ch\/de-ch\/soziale-arbeit\/ueber-uns\/newsletter-soziale-arbeit\" target=\"_blank\" rel=\"noreferrer noopener\"><span class=\"TextRun SCXO68718922 BCX0\" lang=\"DE-DE\" xml:lang=\"DE-DE\" data-contrast=\"auto\"><span class=\"NormalTextRun SCXO68718922 BCX0\">Abonnieren Sie jetzt unseren Blog<\/span><\/span><\/a><span class=\"TextRun SCXO68718922 BCX0\" lang=\"DE-DE\" xml:lang=\"DE-DE\" data-contrast=\"auto\"><span class=\"NormalTextRun SCXO68718922 BCX0\">!<\/span><\/span><span class=\"EOP SCXO68718922 BCX0\">\u00a0<\/span><\/p>\n<p><strong>? Besuchen Sie unsere<\/strong> <a href=\"https:\/\/www.hslu.ch\/de-ch\/soziale-arbeit\/agenda\/#?filters=102,1050\"><strong>Infoveranstaltungen<\/strong><\/a><\/p>\n\t\t<\/div>\n\t<\/div>\n<\/div>\n","protected":false},"excerpt":{"rendered":"<p>G\u00fclcan Akkaya, Peter Frei und Meike M\u00fcller sehen Handlungsbedarf im Asyl- und Fl\u00fcchtlingsbereich. Ein zentrales Thema ist die ungleiche Behandlung von Gefl\u00fcchteten. Mit ihrem neuen Buch setzten sie sich mit Schwachstellen in der heutigen Praxis auseinander. Wir geben einen kurzen Einblick in die neu ver\u00f6ffentlichte Publikation vom interact Verlag.<\/p>\n","protected":false},"author":152,"featured_media":3598,"comment_status":"open","ping_status":"closed","sticky":false,"template":"","format":"standard","meta":{"_acf_changed":false,"inline_featured_image":false,"_relevanssi_hide_post":"","_relevanssi_hide_content":"","_relevanssi_pin_for_all":"","_relevanssi_pin_keywords":"","_relevanssi_unpin_keywords":"","_relevanssi_related_keywords":"","_relevanssi_related_include_ids":"","_relevanssi_related_exclude_ids":"","_relevanssi_related_no_append":"","_relevanssi_related_not_related":"","_relevanssi_related_posts":"6266,6055,6153,6090,6024,5984","_relevanssi_noindex_reason":"","footnotes":"","_links_to":"","_links_to_target":""},"categories":[18,19,9],"tags":[248,247],"class_list":["post-3552","post","type-post","status-publish","format-standard","has-post-thumbnail","hentry","category-soziale-sicherheit","category-sozialmanagement-sozialpolitik","category-forschung","tag-asyl-und-fluechtlingsarbeit","tag-grund-und-menschenrechte"],"acf":[],"yoast_head":"<!-- This site is optimized with the Yoast SEO plugin v27.4 - https:\/\/yoast.com\/product\/yoast-seo-wordpress\/ -->\n<title>Die Rechte von Fl\u00fcchtlingen: Ein Pr\u00fcfstein f\u00fcr unsere Gesellschaft &#8211; Soziale Arbeit an der Hochschule Luzern<\/title>\n<meta name=\"description\" content=\"G\u00fclcan Akkaya, Peter Frei und Meike M\u00fcller sehen Handlungsbedarf im Asyl- und Fl\u00fcchtlingsbereich. Ein zentrales Thema ist die ungleiche Behandlung von Gefl\u00fcchteten. Mit ihrem neuen Buch setzten sie sich mit Schwachstellen in der heutigen Praxis auseinander. Wir geben einen kurzen Einblick in die neu ver\u00f6ffentlichte Publikation vom interact Verlag.\" \/>\n<meta name=\"robots\" content=\"index, follow, max-snippet:-1, max-image-preview:large, max-video-preview:-1\" \/>\n<link rel=\"canonical\" href=\"https:\/\/hub.hslu.ch\/soziale-arbeit\/die-rechte-von-fluechtlingen-ein-pruefstein-fuer-unsere-gesellschaft\/\" \/>\n<meta property=\"og:locale\" content=\"de_DE\" \/>\n<meta property=\"og:type\" content=\"article\" \/>\n<meta property=\"og:title\" content=\"Die Rechte von Fl\u00fcchtlingen: Ein Pr\u00fcfstein f\u00fcr unsere Gesellschaft &#8211; Soziale Arbeit an der Hochschule Luzern\" \/>\n<meta property=\"og:description\" content=\"G\u00fclcan Akkaya, Peter Frei und Meike M\u00fcller sehen Handlungsbedarf im Asyl- und Fl\u00fcchtlingsbereich. Ein zentrales Thema ist die ungleiche Behandlung von Gefl\u00fcchteten. Mit ihrem neuen Buch setzten sie sich mit Schwachstellen in der heutigen Praxis auseinander. Wir geben einen kurzen Einblick in die neu ver\u00f6ffentlichte Publikation vom interact Verlag.\" \/>\n<meta property=\"og:url\" content=\"https:\/\/hub.hslu.ch\/soziale-arbeit\/die-rechte-von-fluechtlingen-ein-pruefstein-fuer-unsere-gesellschaft\/\" \/>\n<meta property=\"og:site_name\" content=\"Soziale Arbeit an der Hochschule Luzern\" \/>\n<meta property=\"article:published_time\" content=\"2022-07-12T15:00:00+00:00\" \/>\n<meta property=\"article:modified_time\" content=\"2026-02-11T13:54:03+00:00\" \/>\n<meta property=\"og:image\" content=\"https:\/\/hub.hslu.ch\/soziale-arbeit\/wp-content\/uploads\/sites\/23\/2022\/07\/Buch-Asyl2.jpg\" \/>\n\t<meta property=\"og:image:width\" content=\"1000\" \/>\n\t<meta property=\"og:image:height\" content=\"650\" \/>\n\t<meta property=\"og:image:type\" content=\"image\/jpeg\" \/>\n<meta name=\"author\" content=\"Roger Ettlin\" \/>\n<meta name=\"twitter:card\" content=\"summary_large_image\" \/>\n<meta name=\"twitter:label1\" content=\"Geschrieben von\" \/>\n\t<meta name=\"twitter:data1\" content=\"Roger Ettlin\" \/>\n\t<meta name=\"twitter:label2\" content=\"Gesch\u00e4tzte Lesezeit\" \/>\n\t<meta name=\"twitter:data2\" content=\"4\u00a0Minuten\" \/>\n<script type=\"application\/ld+json\" class=\"yoast-schema-graph\">{\"@context\":\"https:\\\/\\\/schema.org\",\"@graph\":[{\"@type\":\"Article\",\"@id\":\"https:\\\/\\\/hub.hslu.ch\\\/soziale-arbeit\\\/die-rechte-von-fluechtlingen-ein-pruefstein-fuer-unsere-gesellschaft\\\/#article\",\"isPartOf\":{\"@id\":\"https:\\\/\\\/hub.hslu.ch\\\/soziale-arbeit\\\/die-rechte-von-fluechtlingen-ein-pruefstein-fuer-unsere-gesellschaft\\\/\"},\"author\":{\"name\":\"Roger Ettlin\",\"@id\":\"https:\\\/\\\/hub.hslu.ch\\\/soziale-arbeit\\\/#\\\/schema\\\/person\\\/0d13e861725ae87916921d6d018489e4\"},\"headline\":\"Die Rechte von Fl\u00fcchtlingen: Ein Pr\u00fcfstein f\u00fcr unsere Gesellschaft\",\"datePublished\":\"2022-07-12T15:00:00+00:00\",\"dateModified\":\"2026-02-11T13:54:03+00:00\",\"mainEntityOfPage\":{\"@id\":\"https:\\\/\\\/hub.hslu.ch\\\/soziale-arbeit\\\/die-rechte-von-fluechtlingen-ein-pruefstein-fuer-unsere-gesellschaft\\\/\"},\"wordCount\":510,\"commentCount\":0,\"image\":{\"@id\":\"https:\\\/\\\/hub.hslu.ch\\\/soziale-arbeit\\\/die-rechte-von-fluechtlingen-ein-pruefstein-fuer-unsere-gesellschaft\\\/#primaryimage\"},\"thumbnailUrl\":\"https:\\\/\\\/hub.hslu.ch\\\/soziale-arbeit\\\/wp-content\\\/uploads\\\/sites\\\/23\\\/2022\\\/07\\\/Buch-Asyl2.jpg\",\"keywords\":[\"Asyl- und Fl\u00fcchtlingsarbeit\",\"Grund- und Menschenrechte\"],\"articleSection\":[\"Soziale Sicherheit\",\"Sozialmanagement und Sozialpolitik\",\"Forschung\"],\"inLanguage\":\"de-CH\",\"potentialAction\":[{\"@type\":\"CommentAction\",\"name\":\"Comment\",\"target\":[\"https:\\\/\\\/hub.hslu.ch\\\/soziale-arbeit\\\/die-rechte-von-fluechtlingen-ein-pruefstein-fuer-unsere-gesellschaft\\\/#respond\"]}]},{\"@type\":\"WebPage\",\"@id\":\"https:\\\/\\\/hub.hslu.ch\\\/soziale-arbeit\\\/die-rechte-von-fluechtlingen-ein-pruefstein-fuer-unsere-gesellschaft\\\/\",\"url\":\"https:\\\/\\\/hub.hslu.ch\\\/soziale-arbeit\\\/die-rechte-von-fluechtlingen-ein-pruefstein-fuer-unsere-gesellschaft\\\/\",\"name\":\"Die Rechte von Fl\u00fcchtlingen: Ein Pr\u00fcfstein f\u00fcr unsere Gesellschaft &#8211; Soziale Arbeit an der Hochschule Luzern\",\"isPartOf\":{\"@id\":\"https:\\\/\\\/hub.hslu.ch\\\/soziale-arbeit\\\/#website\"},\"primaryImageOfPage\":{\"@id\":\"https:\\\/\\\/hub.hslu.ch\\\/soziale-arbeit\\\/die-rechte-von-fluechtlingen-ein-pruefstein-fuer-unsere-gesellschaft\\\/#primaryimage\"},\"image\":{\"@id\":\"https:\\\/\\\/hub.hslu.ch\\\/soziale-arbeit\\\/die-rechte-von-fluechtlingen-ein-pruefstein-fuer-unsere-gesellschaft\\\/#primaryimage\"},\"thumbnailUrl\":\"https:\\\/\\\/hub.hslu.ch\\\/soziale-arbeit\\\/wp-content\\\/uploads\\\/sites\\\/23\\\/2022\\\/07\\\/Buch-Asyl2.jpg\",\"datePublished\":\"2022-07-12T15:00:00+00:00\",\"dateModified\":\"2026-02-11T13:54:03+00:00\",\"author\":{\"@id\":\"https:\\\/\\\/hub.hslu.ch\\\/soziale-arbeit\\\/#\\\/schema\\\/person\\\/0d13e861725ae87916921d6d018489e4\"},\"description\":\"G\u00fclcan Akkaya, Peter Frei und Meike M\u00fcller sehen Handlungsbedarf im Asyl- und Fl\u00fcchtlingsbereich. Ein zentrales Thema ist die ungleiche Behandlung von Gefl\u00fcchteten. Mit ihrem neuen Buch setzten sie sich mit Schwachstellen in der heutigen Praxis auseinander. Wir geben einen kurzen Einblick in die neu ver\u00f6ffentlichte Publikation vom interact Verlag.\",\"breadcrumb\":{\"@id\":\"https:\\\/\\\/hub.hslu.ch\\\/soziale-arbeit\\\/die-rechte-von-fluechtlingen-ein-pruefstein-fuer-unsere-gesellschaft\\\/#breadcrumb\"},\"inLanguage\":\"de-CH\",\"potentialAction\":[{\"@type\":\"ReadAction\",\"target\":[\"https:\\\/\\\/hub.hslu.ch\\\/soziale-arbeit\\\/die-rechte-von-fluechtlingen-ein-pruefstein-fuer-unsere-gesellschaft\\\/\"]}]},{\"@type\":\"ImageObject\",\"inLanguage\":\"de-CH\",\"@id\":\"https:\\\/\\\/hub.hslu.ch\\\/soziale-arbeit\\\/die-rechte-von-fluechtlingen-ein-pruefstein-fuer-unsere-gesellschaft\\\/#primaryimage\",\"url\":\"https:\\\/\\\/hub.hslu.ch\\\/soziale-arbeit\\\/wp-content\\\/uploads\\\/sites\\\/23\\\/2022\\\/07\\\/Buch-Asyl2.jpg\",\"contentUrl\":\"https:\\\/\\\/hub.hslu.ch\\\/soziale-arbeit\\\/wp-content\\\/uploads\\\/sites\\\/23\\\/2022\\\/07\\\/Buch-Asyl2.jpg\",\"width\":1000,\"height\":650},{\"@type\":\"BreadcrumbList\",\"@id\":\"https:\\\/\\\/hub.hslu.ch\\\/soziale-arbeit\\\/die-rechte-von-fluechtlingen-ein-pruefstein-fuer-unsere-gesellschaft\\\/#breadcrumb\",\"itemListElement\":[{\"@type\":\"ListItem\",\"position\":1,\"name\":\"Home\",\"item\":\"https:\\\/\\\/hub.hslu.ch\\\/soziale-arbeit\\\/\"},{\"@type\":\"ListItem\",\"position\":2,\"name\":\"Die Rechte von Fl\u00fcchtlingen: Ein Pr\u00fcfstein f\u00fcr unsere Gesellschaft\"}]},{\"@type\":\"WebSite\",\"@id\":\"https:\\\/\\\/hub.hslu.ch\\\/soziale-arbeit\\\/#website\",\"url\":\"https:\\\/\\\/hub.hslu.ch\\\/soziale-arbeit\\\/\",\"name\":\"Soziale Arbeit an der Hochschule Luzern\",\"description\":\"Der Blog der Hochschule Luzern \u2013 Soziale Arbeit\",\"potentialAction\":[{\"@type\":\"SearchAction\",\"target\":{\"@type\":\"EntryPoint\",\"urlTemplate\":\"https:\\\/\\\/hub.hslu.ch\\\/soziale-arbeit\\\/?s={search_term_string}\"},\"query-input\":{\"@type\":\"PropertyValueSpecification\",\"valueRequired\":true,\"valueName\":\"search_term_string\"}}],\"inLanguage\":\"de-CH\"},{\"@type\":\"Person\",\"@id\":\"https:\\\/\\\/hub.hslu.ch\\\/soziale-arbeit\\\/#\\\/schema\\\/person\\\/0d13e861725ae87916921d6d018489e4\",\"name\":\"Roger Ettlin\"}]}<\/script>\n<!-- \/ Yoast SEO plugin. -->","yoast_head_json":{"title":"Die Rechte von Fl\u00fcchtlingen: Ein Pr\u00fcfstein f\u00fcr unsere Gesellschaft &#8211; Soziale Arbeit an der Hochschule Luzern","description":"G\u00fclcan Akkaya, Peter Frei und Meike M\u00fcller sehen Handlungsbedarf im Asyl- und Fl\u00fcchtlingsbereich. Ein zentrales Thema ist die ungleiche Behandlung von Gefl\u00fcchteten. Mit ihrem neuen Buch setzten sie sich mit Schwachstellen in der heutigen Praxis auseinander. Wir geben einen kurzen Einblick in die neu ver\u00f6ffentlichte Publikation vom interact Verlag.","robots":{"index":"index","follow":"follow","max-snippet":"max-snippet:-1","max-image-preview":"max-image-preview:large","max-video-preview":"max-video-preview:-1"},"canonical":"https:\/\/hub.hslu.ch\/soziale-arbeit\/die-rechte-von-fluechtlingen-ein-pruefstein-fuer-unsere-gesellschaft\/","og_locale":"de_DE","og_type":"article","og_title":"Die Rechte von Fl\u00fcchtlingen: Ein Pr\u00fcfstein f\u00fcr unsere Gesellschaft &#8211; Soziale Arbeit an der Hochschule Luzern","og_description":"G\u00fclcan Akkaya, Peter Frei und Meike M\u00fcller sehen Handlungsbedarf im Asyl- und Fl\u00fcchtlingsbereich. Ein zentrales Thema ist die ungleiche Behandlung von Gefl\u00fcchteten. Mit ihrem neuen Buch setzten sie sich mit Schwachstellen in der heutigen Praxis auseinander. Wir geben einen kurzen Einblick in die neu ver\u00f6ffentlichte Publikation vom interact Verlag.","og_url":"https:\/\/hub.hslu.ch\/soziale-arbeit\/die-rechte-von-fluechtlingen-ein-pruefstein-fuer-unsere-gesellschaft\/","og_site_name":"Soziale Arbeit an der Hochschule Luzern","article_published_time":"2022-07-12T15:00:00+00:00","article_modified_time":"2026-02-11T13:54:03+00:00","og_image":[{"width":1000,"height":650,"url":"https:\/\/hub.hslu.ch\/soziale-arbeit\/wp-content\/uploads\/sites\/23\/2022\/07\/Buch-Asyl2.jpg","type":"image\/jpeg"}],"author":"Roger Ettlin","twitter_card":"summary_large_image","twitter_misc":{"Geschrieben von":"Roger Ettlin","Gesch\u00e4tzte Lesezeit":"4\u00a0Minuten"},"schema":{"@context":"https:\/\/schema.org","@graph":[{"@type":"Article","@id":"https:\/\/hub.hslu.ch\/soziale-arbeit\/die-rechte-von-fluechtlingen-ein-pruefstein-fuer-unsere-gesellschaft\/#article","isPartOf":{"@id":"https:\/\/hub.hslu.ch\/soziale-arbeit\/die-rechte-von-fluechtlingen-ein-pruefstein-fuer-unsere-gesellschaft\/"},"author":{"name":"Roger Ettlin","@id":"https:\/\/hub.hslu.ch\/soziale-arbeit\/#\/schema\/person\/0d13e861725ae87916921d6d018489e4"},"headline":"Die Rechte von Fl\u00fcchtlingen: Ein Pr\u00fcfstein f\u00fcr unsere Gesellschaft","datePublished":"2022-07-12T15:00:00+00:00","dateModified":"2026-02-11T13:54:03+00:00","mainEntityOfPage":{"@id":"https:\/\/hub.hslu.ch\/soziale-arbeit\/die-rechte-von-fluechtlingen-ein-pruefstein-fuer-unsere-gesellschaft\/"},"wordCount":510,"commentCount":0,"image":{"@id":"https:\/\/hub.hslu.ch\/soziale-arbeit\/die-rechte-von-fluechtlingen-ein-pruefstein-fuer-unsere-gesellschaft\/#primaryimage"},"thumbnailUrl":"https:\/\/hub.hslu.ch\/soziale-arbeit\/wp-content\/uploads\/sites\/23\/2022\/07\/Buch-Asyl2.jpg","keywords":["Asyl- und Fl\u00fcchtlingsarbeit","Grund- und Menschenrechte"],"articleSection":["Soziale Sicherheit","Sozialmanagement und Sozialpolitik","Forschung"],"inLanguage":"de-CH","potentialAction":[{"@type":"CommentAction","name":"Comment","target":["https:\/\/hub.hslu.ch\/soziale-arbeit\/die-rechte-von-fluechtlingen-ein-pruefstein-fuer-unsere-gesellschaft\/#respond"]}]},{"@type":"WebPage","@id":"https:\/\/hub.hslu.ch\/soziale-arbeit\/die-rechte-von-fluechtlingen-ein-pruefstein-fuer-unsere-gesellschaft\/","url":"https:\/\/hub.hslu.ch\/soziale-arbeit\/die-rechte-von-fluechtlingen-ein-pruefstein-fuer-unsere-gesellschaft\/","name":"Die Rechte von Fl\u00fcchtlingen: Ein Pr\u00fcfstein f\u00fcr unsere Gesellschaft &#8211; Soziale Arbeit an der Hochschule Luzern","isPartOf":{"@id":"https:\/\/hub.hslu.ch\/soziale-arbeit\/#website"},"primaryImageOfPage":{"@id":"https:\/\/hub.hslu.ch\/soziale-arbeit\/die-rechte-von-fluechtlingen-ein-pruefstein-fuer-unsere-gesellschaft\/#primaryimage"},"image":{"@id":"https:\/\/hub.hslu.ch\/soziale-arbeit\/die-rechte-von-fluechtlingen-ein-pruefstein-fuer-unsere-gesellschaft\/#primaryimage"},"thumbnailUrl":"https:\/\/hub.hslu.ch\/soziale-arbeit\/wp-content\/uploads\/sites\/23\/2022\/07\/Buch-Asyl2.jpg","datePublished":"2022-07-12T15:00:00+00:00","dateModified":"2026-02-11T13:54:03+00:00","author":{"@id":"https:\/\/hub.hslu.ch\/soziale-arbeit\/#\/schema\/person\/0d13e861725ae87916921d6d018489e4"},"description":"G\u00fclcan Akkaya, Peter Frei und Meike M\u00fcller sehen Handlungsbedarf im Asyl- und Fl\u00fcchtlingsbereich. Ein zentrales Thema ist die ungleiche Behandlung von Gefl\u00fcchteten. Mit ihrem neuen Buch setzten sie sich mit Schwachstellen in der heutigen Praxis auseinander. Wir geben einen kurzen Einblick in die neu ver\u00f6ffentlichte Publikation vom interact Verlag.","breadcrumb":{"@id":"https:\/\/hub.hslu.ch\/soziale-arbeit\/die-rechte-von-fluechtlingen-ein-pruefstein-fuer-unsere-gesellschaft\/#breadcrumb"},"inLanguage":"de-CH","potentialAction":[{"@type":"ReadAction","target":["https:\/\/hub.hslu.ch\/soziale-arbeit\/die-rechte-von-fluechtlingen-ein-pruefstein-fuer-unsere-gesellschaft\/"]}]},{"@type":"ImageObject","inLanguage":"de-CH","@id":"https:\/\/hub.hslu.ch\/soziale-arbeit\/die-rechte-von-fluechtlingen-ein-pruefstein-fuer-unsere-gesellschaft\/#primaryimage","url":"https:\/\/hub.hslu.ch\/soziale-arbeit\/wp-content\/uploads\/sites\/23\/2022\/07\/Buch-Asyl2.jpg","contentUrl":"https:\/\/hub.hslu.ch\/soziale-arbeit\/wp-content\/uploads\/sites\/23\/2022\/07\/Buch-Asyl2.jpg","width":1000,"height":650},{"@type":"BreadcrumbList","@id":"https:\/\/hub.hslu.ch\/soziale-arbeit\/die-rechte-von-fluechtlingen-ein-pruefstein-fuer-unsere-gesellschaft\/#breadcrumb","itemListElement":[{"@type":"ListItem","position":1,"name":"Home","item":"https:\/\/hub.hslu.ch\/soziale-arbeit\/"},{"@type":"ListItem","position":2,"name":"Die Rechte von Fl\u00fcchtlingen: Ein Pr\u00fcfstein f\u00fcr unsere Gesellschaft"}]},{"@type":"WebSite","@id":"https:\/\/hub.hslu.ch\/soziale-arbeit\/#website","url":"https:\/\/hub.hslu.ch\/soziale-arbeit\/","name":"Soziale Arbeit an der Hochschule Luzern","description":"Der Blog der Hochschule Luzern \u2013 Soziale Arbeit","potentialAction":[{"@type":"SearchAction","target":{"@type":"EntryPoint","urlTemplate":"https:\/\/hub.hslu.ch\/soziale-arbeit\/?s={search_term_string}"},"query-input":{"@type":"PropertyValueSpecification","valueRequired":true,"valueName":"search_term_string"}}],"inLanguage":"de-CH"},{"@type":"Person","@id":"https:\/\/hub.hslu.ch\/soziale-arbeit\/#\/schema\/person\/0d13e861725ae87916921d6d018489e4","name":"Roger Ettlin"}]}},"featured_image_src":"https:\/\/hub.hslu.ch\/soziale-arbeit\/wp-content\/uploads\/sites\/23\/2022\/07\/Buch-Asyl2.jpg","featured_image_src_square":"https:\/\/hub.hslu.ch\/soziale-arbeit\/wp-content\/uploads\/sites\/23\/2022\/07\/Buch-Asyl2.jpg","author_info":{"display_name":"Roger Ettlin","author_link":"https:\/\/hub.hslu.ch\/soziale-arbeit\/author\/rogerettlin\/"},"_links":{"self":[{"href":"https:\/\/hub.hslu.ch\/soziale-arbeit\/wp-json\/wp\/v2\/posts\/3552","targetHints":{"allow":["GET"]}}],"collection":[{"href":"https:\/\/hub.hslu.ch\/soziale-arbeit\/wp-json\/wp\/v2\/posts"}],"about":[{"href":"https:\/\/hub.hslu.ch\/soziale-arbeit\/wp-json\/wp\/v2\/types\/post"}],"author":[{"embeddable":true,"href":"https:\/\/hub.hslu.ch\/soziale-arbeit\/wp-json\/wp\/v2\/users\/152"}],"replies":[{"embeddable":true,"href":"https:\/\/hub.hslu.ch\/soziale-arbeit\/wp-json\/wp\/v2\/comments?post=3552"}],"version-history":[{"count":36,"href":"https:\/\/hub.hslu.ch\/soziale-arbeit\/wp-json\/wp\/v2\/posts\/3552\/revisions"}],"predecessor-version":[{"id":12948,"href":"https:\/\/hub.hslu.ch\/soziale-arbeit\/wp-json\/wp\/v2\/posts\/3552\/revisions\/12948"}],"wp:featuredmedia":[{"embeddable":true,"href":"https:\/\/hub.hslu.ch\/soziale-arbeit\/wp-json\/wp\/v2\/media\/3598"}],"wp:attachment":[{"href":"https:\/\/hub.hslu.ch\/soziale-arbeit\/wp-json\/wp\/v2\/media?parent=3552"}],"wp:term":[{"taxonomy":"category","embeddable":true,"href":"https:\/\/hub.hslu.ch\/soziale-arbeit\/wp-json\/wp\/v2\/categories?post=3552"},{"taxonomy":"post_tag","embeddable":true,"href":"https:\/\/hub.hslu.ch\/soziale-arbeit\/wp-json\/wp\/v2\/tags?post=3552"}],"curies":[{"name":"wp","href":"https:\/\/api.w.org\/{rel}","templated":true}]}}