{"id":4046,"date":"2022-09-06T13:01:40","date_gmt":"2022-09-06T11:01:40","guid":{"rendered":"https:\/\/hub.hslu.ch\/soziale-arbeit\/?p=4046"},"modified":"2026-02-11T14:54:01","modified_gmt":"2026-02-11T13:54:01","slug":"leichte-sprache-schafft-verstaendlichkeit-fuer-viele-menschen","status":"publish","type":"post","link":"https:\/\/hub.hslu.ch\/soziale-arbeit\/leichte-sprache-schafft-verstaendlichkeit-fuer-viele-menschen\/","title":{"rendered":"Leichte Sprache schafft Verst\u00e4ndlichkeit \u2013 f\u00fcr viele Menschen"},"content":{"rendered":"\n\n\n<p>Hohes Sprachniveau, viele Fachbegriffe und ein komplizierter Satzbau erschweren f\u00fcr viele Menschen die Verst\u00e4ndlichkeit eines Textes. Die Inhalte der Texte bleiben ihnen oft verborgen.<\/p>\n\n\n\n<p>Gerade Beh\u00f6rdeninformationen sind oft in einer Sprache verfasst, die komplex und nicht auf Anhieb verst\u00e4ndlich ist. Wir sprechen dabei nicht von einer Minderheit, die die Texte von Beh\u00f6rden nicht versteht. W\u00e4hrend Beh\u00f6rden \u00fcberwiegend auf Sprachniveau C1 oder h\u00f6her kommunizieren, beherrschen 93 Prozent der Bev\u00f6lkerung ein Sprachniveau unterhalb C1. <strong>Das heisst: ein betr\u00e4chtlicher Teil der Bev\u00f6lkerung kann die Informationen weder nachvollziehen noch entsprechend handeln.<\/strong> Diese Zahlen entstammen der \u00abLevel One Studie\u00bb der Universit\u00e4t Hamburg aus dem Jahre 2011. Diese sind zwar nicht 1:1 auf die Schweiz \u00fcbertragbar, aber sollten uns hellh\u00f6rig machen.<\/p>\n\n\n\n<p><strong>Wie steht die Schweiz da? Unseren Lesekompetenzen auf der Spur<\/strong><br>Die in der Schweiz meistgenannte Zahl derer, die nicht gut genug lesen, um einen einfachen Text zu verstehen, ist 800\u2019000. Die ALL-Studie aus dem Jahr 2005 kam zum Schluss, dass 16 Prozent der 16- bis 65-J\u00e4hrigen in der Schweiz \u00fcber ungen\u00fcgende Lesekompetenzen verf\u00fcgen. Es sei zu bef\u00fcrchten, dass diese Menschen im pers\u00f6nlichen und gesellschaftlichen Leben Nachteile erleiden \u2013 so die Studie. Um aktuelle Daten und mehr Klarheit zu erhalten, beteiligt sich die Schweiz aktuell an der <a href=\"https:\/\/www.bfs.admin.ch\/bfs\/de\/home\/statistiken\/bildung-wissenschaft\/erhebungen\/piaac\/praesentation.html\">PIAAC-Erhebung<\/a>. PIAAC ist ein internationales Programm zur Evaluation der Grundkompetenzen von Erwachsenen. Es wurde von der OECD entwickelt und im Jahr 2010 in 38 L\u00e4ndern erstmals durchgef\u00fchrt. Die Ergebnisse f\u00fcr die Schweiz aus dem aktuellen zweiten Zyklus werden 2024 vorliegen. Man darf also gespannt sein.<\/p>\n\n\n\n<p><strong>Verwaltungen erreichen ihre kommunikativen Ziele nicht immer<\/strong><br>Das Sprachniveau von Beh\u00f6rden ist also oft zu komplex f\u00fcr die Adressatinnen und Adressaten. Das f\u00fchrt entweder dazu, dass diese die Informationen nicht verstehen und daher nicht oder nicht erwartungsgem\u00e4ss auf Schreiben oder Entscheide der Beh\u00f6rden reagieren. Auch schr\u00e4nkt es die Selbstbestimmung und Partizipation der Menschen ein, wenn sie auf Hilfe von Fach- und Drittpersonen angewiesen sind. <strong>M\u00f6gliche Folgen zu komplexer Texte: Die Beh\u00f6rden riskieren, ihre kommunikativen Ziele nicht zu erreichen, dadurch steigt ihr Aufwand und im Gegenzug sinkt das Vertrauen der Adressatinnen und Adressaten in die Beh\u00f6rden.<\/strong><\/p>\n\n\n\n<p><strong>Was k\u00f6nnen Verwaltungen tun, damit sie ihre Adressatinnen und Adressaten besser erreichen?<\/strong><br>Auf diese Frage wollte ich im Rahmen meines letztj\u00e4hrigen <a href=\"https:\/\/www.hslu.ch\/de-ch\/soziale-arbeit\/weiterbildung\/themen\/arbeitsintegration\/\">CAS \u00abArbeitsintegration\u00bb an der Hochschule Luzern \u2013 Soziale Arbeit<\/a> Antworten finden. Mittels einer Online-Umfrage befragte ich Mitarbeitende von drei Schweizer Kantonsverwaltungen. Von den 351 angeschriebenen Personen haben 154 an der Umfrage teilgenommen. Die Umfrageergebnisse gaben Hinweise darauf, wie es um die Verwendung von \u00abLeichter Sprache\u00bb in den Verwaltungen steht und, noch wichtiger, was nach Meinung der Befragten getan werden sollte, damit die leicht verst\u00e4ndliche Sprache vermehrt im Beh\u00f6rdenalltag eingesetzt wird.<\/p>\n\n\n\n<div class=\"wp-block-genesis-blocks-gb-accordion gb-block-accordion\"><details><summary class=\"gb-accordion-title\">Was ist Leichte Sprache, was ist einfache bzw. leicht verst\u00e4ndliche Sprache?<\/summary><div class=\"gb-accordion-text\">\n<p><strong>Leichte Sprache<\/strong> ist eine stark vereinfachte Sprache. Sie ist aber keine Kindersprache, sondern hat ein festes Regelwerk und ist grammatikalisch korrekt. Das Regelwerk f\u00fcr Leichte Sprache wird seit 2006 vom Verein <a href=\"https:\/\/www.leichte-sprache.org\/\">Netzwerk Leichte Sprache<\/a> herausgegeben. <br>Demgegen\u00fcber gr\u00fcndet die <strong>einfache oder leicht verst\u00e4ndliche Sprache<\/strong> auf keinem festen Regelwerk und der Grad der Vereinfachung ist nicht so gross wie bei der Leichten Sprache; l\u00e4ngere S\u00e4tze und Nebens\u00e4tze etwa sind erlaubt. In Anlehnung an den gemeinsamen europ\u00e4ischen Referenzrahmen f\u00fcr Sprachen entspricht die Leichte Sprache dem Niveau A1 und A2, w\u00e4hrend die einfache Sprache dem Niveau B1 entspricht.<\/p>\n<\/div><\/details><\/div>\n\n\n\n<p><strong>Ist Leichte Sprache in den Kantonsverwaltungen heute etabliert?<\/strong><br>Von den Umfrage-Teilnehmenden gaben immerhin 27 Prozent an, dass ihre Arbeitgeberin Texte in Leichter Sprache anbietet. Demgegen\u00fcber gaben 25 Prozent an, dass ihre Verwaltung keine Texte in Leichter Sprache zur Verf\u00fcgung stellt und 48 Prozent der Befragten konnten dazu keine Auskunft geben. Das heisst: Obschon das Gros der Teilnehmenden der Leichten oder leicht verst\u00e4ndlichen Sprache grosse Bedeutung zumisst, ist diese in den drei befragten Kantonsverwaltungen wenig verbreitet, verankert oder bekannt.<\/p>\n\n\n\n<p><strong>Welche Massnahmen w\u00e4ren n\u00f6tig, damit es mehr Texte in Leichter Sprache gibt?<\/strong><br>Die Teilnehmenden nannten viele Massnahmen, die der Leichten Sprache in der Verwaltung zum Durchbruch verhelfen w\u00fcrden. Diese lassen sich so zusammenfassen:<br><br><strong>Damit Leichte Sprache gelingt, braucht es\u2026<br><\/strong><\/p>\n\n\n\n<ol class=\"wp-block-list\" type=\"1\"><li><strong>ein klares Bekenntnis der F\u00fchrungsverantwortlichen<\/strong><\/li><li><strong>die Herausgabe eines Manuals f\u00fcr Leichte Sprache<\/strong><\/li><li><strong>die Schaffung einer zentralen Anlaufstelle Leichte Sprache in den Kantonen<\/strong><\/li><li><strong>die Zusammenarbeit der Beh\u00f6rden und Departemente untereinander<\/strong><\/li><li><strong>den Nutzen der Leichten Sprache wiederholt aufzeigen und quantifizieren<\/strong><\/li><\/ol>\n\n\n\n<div class=\"wp-block-genesis-blocks-gb-accordion gb-block-accordion\"><details><summary class=\"gb-accordion-title\"><strong>Einige Grundregeln, die die Verst\u00e4ndlichkeit von Texten erleichtern<\/strong><\/summary><div class=\"gb-accordion-text\">\n<ul class=\"wp-block-list\"><li>Benutzen Sie einfache W\u00f6rter. Verzichten Sie auf Fachbegriffe und Fremdw\u00f6rter<\/li><li>Schreiben Sie kurze S\u00e4tze. Verzichten Sie auf Neben- und Passivs\u00e4tze.<\/li><li>Verwenden Sie keinen Konjunktiv und kein Genitiv.<\/li><li>Achten Sie bei Ihrem Text auf eine klare Struktur und Chronologie.<\/li><li>Machen Sie sinnvolle und ausreichend Abs\u00e4tze und \u00dcberschriften.<\/li><li>Verzichten Sie auf Abk\u00fcrzungen und Sonderzeichen.<\/li><li>Achten Sie auf gen\u00fcgende Schriftgr\u00f6sse und lassen Sie Abstand zwischen den Zeilen.<\/li><li>Benutzen Sie Bilder, die Ihrer jeweiligen Zielgruppe helfen, den Text zu verstehen.<br>Quelle: Daniela G\u00fcbelin<\/li><\/ul>\n<\/div><\/details><\/div>\n\n\n\n<p>Zusammenfassend: Die Verwendung der Leichten und leicht verst\u00e4ndlichen Sprache ist in der Schweiz und gerade auch in Verwaltungen wenig verbreitet. Das, obschon viele Adressatinnen und Adressaten davon profitieren k\u00f6nnten. Die Beh\u00f6rden w\u00e4ren \u2013 auch in ihrem eigenen Interesse \u2013 gut beraten, ihre heutige Praxis zu \u00fcberdenken. <strong>Denn: Nur wer versteht, was sie oder er tun soll, kann entsprechend handeln, und nur wer seine Rechte und Pflichten kennt, kann diese wahrnehmen.<\/strong><\/p>\n\n\n\n<p>Von: Daniela G\u00fcbelin<br>Bild: Johanna Benz und Tiziana Beck, <a href=\"http:\/\/www.graphicrecording.cool\">www.graphicrecording.cool<\/a><\/p>\n\n\n\n<div style=\"background-color:#f2f2f2;color:#32373c\" class=\"wp-block-genesis-blocks-gb-profile-box square gb-has-avatar gb-font-size-18 gb-block-profile gb-profile-columns\"><div class=\"gb-profile-column gb-profile-avatar-wrap\"><div class=\"gb-profile-image-wrap\"><figure class=\"gb-profile-image-square\"><img loading=\"lazy\" decoding=\"async\" width=\"174\" height=\"183\" class=\"gb-profile-avatar wp-image-4074\" src=\"https:\/\/hub.hslu.ch\/soziale-arbeit\/wp-content\/uploads\/sites\/23\/2022\/09\/danielaguebelin2.jpg\" alt=\"Daniela G\u00fcbelin\" \/><\/figure><\/div><\/div><div class=\"gb-profile-column gb-profile-content-wrap\"><h2 class=\"gb-profile-name\" style=\"color:#32373c\">Daniela G\u00fcbelin<\/h2><p class=\"gb-profile-title\" style=\"color:#32373c\">Die \u00d6konomin und PR-Beraterin <a href=\"https:\/\/www.leicht-gesagt.ch\/\">Daniela G\u00fcbelin<\/a> war unter anderem als Qualit\u00e4tsverantwortliche einer kantonalen Sozialversicherung t\u00e4tig. Dabei stellte sie fest, dass ein Bedarf nach besser verst\u00e4ndlichen Dokumenten und Beh\u00f6rdeninformationen besteht. Sie liess sich zur \u00dcbersetzerin f\u00fcr Leichte Sprache ausbilden und vom Netzwerk Leichte Sprache zertifizieren, um Institutionen, Verwaltungen und Unternehmen im Bereich Diversity und Inklusion zu beraten.<\/p><div class=\"gb-profile-text\"><\/div><ul class=\"gb-social-links\"><\/ul><\/div><\/div>\n\n\n<div class=\"blue-box\">\n\t<div class=\"row\">\n\t\t<div class=\"col-md-12\">\n\t\t\t<p><strong>Weitere Informationen zum Thema<\/strong><br \/>\nMehr zum Thema Leichte Sprache und eine Zusammenfassung der vorgenannten CAS-Abschlussarbeit unter <a href=\"https:\/\/www.leicht-gesagt.ch\/\">www.leicht-gesagt.ch<\/a>.<\/p>\n\t\t<\/div>\n\t<\/div>\n<\/div>\n\n\n<div class=\"blue-box\">\n\t<div class=\"row\">\n\t\t<div class=\"col-md-12\">\n\t\t\t<p><strong>CAS Arbeitsintegration und weitere HSLU-Weiterbildungen<\/strong><br \/>\nDaniela G\u00fcbelin schloss 2021 den <a href=\"https:\/\/www.hslu.ch\/de-ch\/soziale-arbeit\/weiterbildung\/studienprogramm\/cas\/arbeitsintegration\/\">CAS Arbeitsintegration <\/a>ab. <a href=\"https:\/\/www.hslu.ch\/de-ch\/soziale-arbeit\/weiterbildung\/#filters=102\">Hier<\/a> erfahren Sie mehr \u00fcber diese und andere Weiterbildungen an der Hochschule Luzern \u2013 Soziale Arbeit.<br \/>\nNoch unentschlossen? Der <a href=\"https:\/\/www.hslu.ch\/de-ch\/hochschule-luzern\/weiterbildung\/weiterbildungs-finder\/#\/\">Weiterbildungskonfigurator<\/a> k\u00f6nnte hilfreich sein!<\/p>\n\t\t<\/div>\n\t<\/div>\n<\/div>\n","protected":false},"excerpt":{"rendered":"<p>Beh\u00f6rden und Organisationen verwenden oft eine komplizierte Sprache. F\u00fcr Menschen mit einer Leseschw\u00e4che stellt dies eine un\u00fcberwindbare H\u00fcrde dar. Leichte Sprache kann helfen, Barrieren zu \u00fcberwinden.<\/p>\n","protected":false},"author":139,"featured_media":4069,"comment_status":"open","ping_status":"closed","sticky":false,"template":"","format":"standard","meta":{"_acf_changed":false,"inline_featured_image":false,"_relevanssi_hide_post":"","_relevanssi_hide_content":"","_relevanssi_pin_for_all":"","_relevanssi_pin_keywords":"","_relevanssi_unpin_keywords":"","_relevanssi_related_keywords":"","_relevanssi_related_include_ids":"","_relevanssi_related_exclude_ids":"","_relevanssi_related_no_append":"","_relevanssi_related_not_related":"","_relevanssi_related_posts":"6469,6387,6517,6012,5047,6002","_relevanssi_noindex_reason":"","footnotes":"","_links_to":"","_links_to_target":""},"categories":[10,19,8],"tags":[97,49,259],"class_list":["post-4046","post","type-post","status-publish","format-standard","has-post-thumbnail","hentry","category-arbeitsintegration","category-sozialmanagement-sozialpolitik","category-weiterbildung","tag-gesellschaftliche-teilhabe","tag-integration","tag-leichte-sprache"],"acf":[],"yoast_head":"<!-- This site is optimized with the Yoast SEO plugin v27.5 - https:\/\/yoast.com\/product\/yoast-seo-wordpress\/ -->\n<title>Leichte Sprache schafft Verst\u00e4ndlichkeit \u2013 f\u00fcr viele Menschen &#8211; Soziale Arbeit an der Hochschule Luzern<\/title>\n<meta name=\"description\" content=\"Die Sprache von Beh\u00f6rden ist oft kompliziert und f\u00fcr viele Menschen nicht verst\u00e4ndlich. Leichte Sprache k\u00f6nnte helfen, diese Barriere zu \u00fcberwinden.\" \/>\n<meta name=\"robots\" content=\"index, follow, max-snippet:-1, max-image-preview:large, max-video-preview:-1\" \/>\n<link rel=\"canonical\" href=\"https:\/\/hub.hslu.ch\/soziale-arbeit\/leichte-sprache-schafft-verstaendlichkeit-fuer-viele-menschen\/\" \/>\n<meta property=\"og:locale\" content=\"de_DE\" \/>\n<meta property=\"og:type\" content=\"article\" \/>\n<meta property=\"og:title\" content=\"Leichte Sprache schafft Verst\u00e4ndlichkeit \u2013 f\u00fcr viele Menschen &#8211; Soziale Arbeit an der Hochschule Luzern\" \/>\n<meta property=\"og:description\" content=\"Die Sprache von Beh\u00f6rden ist oft kompliziert und f\u00fcr viele Menschen nicht verst\u00e4ndlich. Leichte Sprache k\u00f6nnte helfen, diese Barriere zu \u00fcberwinden.\" \/>\n<meta property=\"og:url\" content=\"https:\/\/hub.hslu.ch\/soziale-arbeit\/leichte-sprache-schafft-verstaendlichkeit-fuer-viele-menschen\/\" \/>\n<meta property=\"og:site_name\" content=\"Soziale Arbeit an der Hochschule Luzern\" \/>\n<meta property=\"article:published_time\" content=\"2022-09-06T11:01:40+00:00\" \/>\n<meta property=\"article:modified_time\" content=\"2026-02-11T13:54:01+00:00\" \/>\n<meta property=\"og:image\" content=\"https:\/\/hub.hslu.ch\/soziale-arbeit\/wp-content\/uploads\/sites\/23\/2022\/09\/Leichte-Sprache-Stufe3.jpg\" \/>\n\t<meta property=\"og:image:width\" content=\"1614\" \/>\n\t<meta property=\"og:image:height\" content=\"907\" \/>\n\t<meta property=\"og:image:type\" content=\"image\/jpeg\" \/>\n<meta name=\"author\" content=\"anetteeldevik\" \/>\n<meta name=\"twitter:card\" content=\"summary_large_image\" \/>\n<meta name=\"twitter:creator\" content=\"@stefanmiesch\" \/>\n<meta name=\"twitter:label1\" content=\"Geschrieben von\" \/>\n\t<meta name=\"twitter:data1\" content=\"anetteeldevik\" \/>\n\t<meta name=\"twitter:label2\" content=\"Gesch\u00e4tzte Lesezeit\" \/>\n\t<meta name=\"twitter:data2\" content=\"6\u00a0Minuten\" \/>\n<script type=\"application\/ld+json\" class=\"yoast-schema-graph\">{\"@context\":\"https:\\\/\\\/schema.org\",\"@graph\":[{\"@type\":\"Article\",\"@id\":\"https:\\\/\\\/hub.hslu.ch\\\/soziale-arbeit\\\/leichte-sprache-schafft-verstaendlichkeit-fuer-viele-menschen\\\/#article\",\"isPartOf\":{\"@id\":\"https:\\\/\\\/hub.hslu.ch\\\/soziale-arbeit\\\/leichte-sprache-schafft-verstaendlichkeit-fuer-viele-menschen\\\/\"},\"author\":{\"name\":\"anetteeldevik\",\"@id\":\"https:\\\/\\\/hub.hslu.ch\\\/soziale-arbeit\\\/#\\\/schema\\\/person\\\/5f63e37c8c8b84af7b5325cb01f01d34\"},\"headline\":\"Leichte Sprache schafft Verst\u00e4ndlichkeit \u2013 f\u00fcr viele Menschen\",\"datePublished\":\"2022-09-06T11:01:40+00:00\",\"dateModified\":\"2026-02-11T13:54:01+00:00\",\"mainEntityOfPage\":{\"@id\":\"https:\\\/\\\/hub.hslu.ch\\\/soziale-arbeit\\\/leichte-sprache-schafft-verstaendlichkeit-fuer-viele-menschen\\\/\"},\"wordCount\":984,\"commentCount\":0,\"image\":{\"@id\":\"https:\\\/\\\/hub.hslu.ch\\\/soziale-arbeit\\\/leichte-sprache-schafft-verstaendlichkeit-fuer-viele-menschen\\\/#primaryimage\"},\"thumbnailUrl\":\"https:\\\/\\\/hub.hslu.ch\\\/soziale-arbeit\\\/wp-content\\\/uploads\\\/sites\\\/23\\\/2022\\\/09\\\/Leichte-Sprache-Stufe3.jpg\",\"keywords\":[\"gesellschaftliche Teilhabe\",\"Integration\",\"Leichte Sprache\"],\"articleSection\":[\"Arbeitsintegration\",\"Sozialmanagement und Sozialpolitik\",\"Weiterbildung\"],\"inLanguage\":\"de-CH\",\"potentialAction\":[{\"@type\":\"CommentAction\",\"name\":\"Comment\",\"target\":[\"https:\\\/\\\/hub.hslu.ch\\\/soziale-arbeit\\\/leichte-sprache-schafft-verstaendlichkeit-fuer-viele-menschen\\\/#respond\"]}]},{\"@type\":\"WebPage\",\"@id\":\"https:\\\/\\\/hub.hslu.ch\\\/soziale-arbeit\\\/leichte-sprache-schafft-verstaendlichkeit-fuer-viele-menschen\\\/\",\"url\":\"https:\\\/\\\/hub.hslu.ch\\\/soziale-arbeit\\\/leichte-sprache-schafft-verstaendlichkeit-fuer-viele-menschen\\\/\",\"name\":\"Leichte Sprache schafft Verst\u00e4ndlichkeit \u2013 f\u00fcr viele Menschen &#8211; Soziale Arbeit an der Hochschule Luzern\",\"isPartOf\":{\"@id\":\"https:\\\/\\\/hub.hslu.ch\\\/soziale-arbeit\\\/#website\"},\"primaryImageOfPage\":{\"@id\":\"https:\\\/\\\/hub.hslu.ch\\\/soziale-arbeit\\\/leichte-sprache-schafft-verstaendlichkeit-fuer-viele-menschen\\\/#primaryimage\"},\"image\":{\"@id\":\"https:\\\/\\\/hub.hslu.ch\\\/soziale-arbeit\\\/leichte-sprache-schafft-verstaendlichkeit-fuer-viele-menschen\\\/#primaryimage\"},\"thumbnailUrl\":\"https:\\\/\\\/hub.hslu.ch\\\/soziale-arbeit\\\/wp-content\\\/uploads\\\/sites\\\/23\\\/2022\\\/09\\\/Leichte-Sprache-Stufe3.jpg\",\"datePublished\":\"2022-09-06T11:01:40+00:00\",\"dateModified\":\"2026-02-11T13:54:01+00:00\",\"author\":{\"@id\":\"https:\\\/\\\/hub.hslu.ch\\\/soziale-arbeit\\\/#\\\/schema\\\/person\\\/5f63e37c8c8b84af7b5325cb01f01d34\"},\"description\":\"Die Sprache von Beh\u00f6rden ist oft kompliziert und f\u00fcr viele Menschen nicht verst\u00e4ndlich. Leichte Sprache k\u00f6nnte helfen, diese Barriere zu \u00fcberwinden.\",\"breadcrumb\":{\"@id\":\"https:\\\/\\\/hub.hslu.ch\\\/soziale-arbeit\\\/leichte-sprache-schafft-verstaendlichkeit-fuer-viele-menschen\\\/#breadcrumb\"},\"inLanguage\":\"de-CH\",\"potentialAction\":[{\"@type\":\"ReadAction\",\"target\":[\"https:\\\/\\\/hub.hslu.ch\\\/soziale-arbeit\\\/leichte-sprache-schafft-verstaendlichkeit-fuer-viele-menschen\\\/\"]}]},{\"@type\":\"ImageObject\",\"inLanguage\":\"de-CH\",\"@id\":\"https:\\\/\\\/hub.hslu.ch\\\/soziale-arbeit\\\/leichte-sprache-schafft-verstaendlichkeit-fuer-viele-menschen\\\/#primaryimage\",\"url\":\"https:\\\/\\\/hub.hslu.ch\\\/soziale-arbeit\\\/wp-content\\\/uploads\\\/sites\\\/23\\\/2022\\\/09\\\/Leichte-Sprache-Stufe3.jpg\",\"contentUrl\":\"https:\\\/\\\/hub.hslu.ch\\\/soziale-arbeit\\\/wp-content\\\/uploads\\\/sites\\\/23\\\/2022\\\/09\\\/Leichte-Sprache-Stufe3.jpg\",\"width\":1614,\"height\":907,\"caption\":\"Sprachliche Barrieren \u2013 un\u00fcberwindbare Hindernisse (Bild: Benz &amp; Beck, 2021)\"},{\"@type\":\"BreadcrumbList\",\"@id\":\"https:\\\/\\\/hub.hslu.ch\\\/soziale-arbeit\\\/leichte-sprache-schafft-verstaendlichkeit-fuer-viele-menschen\\\/#breadcrumb\",\"itemListElement\":[{\"@type\":\"ListItem\",\"position\":1,\"name\":\"Home\",\"item\":\"https:\\\/\\\/hub.hslu.ch\\\/soziale-arbeit\\\/\"},{\"@type\":\"ListItem\",\"position\":2,\"name\":\"Leichte Sprache schafft Verst\u00e4ndlichkeit \u2013 f\u00fcr viele Menschen\"}]},{\"@type\":\"WebSite\",\"@id\":\"https:\\\/\\\/hub.hslu.ch\\\/soziale-arbeit\\\/#website\",\"url\":\"https:\\\/\\\/hub.hslu.ch\\\/soziale-arbeit\\\/\",\"name\":\"Soziale Arbeit an der Hochschule Luzern\",\"description\":\"Der Blog der Hochschule Luzern \u2013 Soziale Arbeit\",\"potentialAction\":[{\"@type\":\"SearchAction\",\"target\":{\"@type\":\"EntryPoint\",\"urlTemplate\":\"https:\\\/\\\/hub.hslu.ch\\\/soziale-arbeit\\\/?s={search_term_string}\"},\"query-input\":{\"@type\":\"PropertyValueSpecification\",\"valueRequired\":true,\"valueName\":\"search_term_string\"}}],\"inLanguage\":\"de-CH\"},{\"@type\":\"Person\",\"@id\":\"https:\\\/\\\/hub.hslu.ch\\\/soziale-arbeit\\\/#\\\/schema\\\/person\\\/5f63e37c8c8b84af7b5325cb01f01d34\",\"name\":\"anetteeldevik\",\"sameAs\":[\"https:\\\/\\\/x.com\\\/stefanmiesch\"]}]}<\/script>\n<!-- \/ Yoast SEO plugin. -->","yoast_head_json":{"title":"Leichte Sprache schafft Verst\u00e4ndlichkeit \u2013 f\u00fcr viele Menschen &#8211; Soziale Arbeit an der Hochschule Luzern","description":"Die Sprache von Beh\u00f6rden ist oft kompliziert und f\u00fcr viele Menschen nicht verst\u00e4ndlich. Leichte Sprache k\u00f6nnte helfen, diese Barriere zu \u00fcberwinden.","robots":{"index":"index","follow":"follow","max-snippet":"max-snippet:-1","max-image-preview":"max-image-preview:large","max-video-preview":"max-video-preview:-1"},"canonical":"https:\/\/hub.hslu.ch\/soziale-arbeit\/leichte-sprache-schafft-verstaendlichkeit-fuer-viele-menschen\/","og_locale":"de_DE","og_type":"article","og_title":"Leichte Sprache schafft Verst\u00e4ndlichkeit \u2013 f\u00fcr viele Menschen &#8211; Soziale Arbeit an der Hochschule Luzern","og_description":"Die Sprache von Beh\u00f6rden ist oft kompliziert und f\u00fcr viele Menschen nicht verst\u00e4ndlich. Leichte Sprache k\u00f6nnte helfen, diese Barriere zu \u00fcberwinden.","og_url":"https:\/\/hub.hslu.ch\/soziale-arbeit\/leichte-sprache-schafft-verstaendlichkeit-fuer-viele-menschen\/","og_site_name":"Soziale Arbeit an der Hochschule Luzern","article_published_time":"2022-09-06T11:01:40+00:00","article_modified_time":"2026-02-11T13:54:01+00:00","og_image":[{"width":1614,"height":907,"url":"https:\/\/hub.hslu.ch\/soziale-arbeit\/wp-content\/uploads\/sites\/23\/2022\/09\/Leichte-Sprache-Stufe3.jpg","type":"image\/jpeg"}],"author":"anetteeldevik","twitter_card":"summary_large_image","twitter_creator":"@stefanmiesch","twitter_misc":{"Geschrieben von":"anetteeldevik","Gesch\u00e4tzte Lesezeit":"6\u00a0Minuten"},"schema":{"@context":"https:\/\/schema.org","@graph":[{"@type":"Article","@id":"https:\/\/hub.hslu.ch\/soziale-arbeit\/leichte-sprache-schafft-verstaendlichkeit-fuer-viele-menschen\/#article","isPartOf":{"@id":"https:\/\/hub.hslu.ch\/soziale-arbeit\/leichte-sprache-schafft-verstaendlichkeit-fuer-viele-menschen\/"},"author":{"name":"anetteeldevik","@id":"https:\/\/hub.hslu.ch\/soziale-arbeit\/#\/schema\/person\/5f63e37c8c8b84af7b5325cb01f01d34"},"headline":"Leichte Sprache schafft Verst\u00e4ndlichkeit \u2013 f\u00fcr viele Menschen","datePublished":"2022-09-06T11:01:40+00:00","dateModified":"2026-02-11T13:54:01+00:00","mainEntityOfPage":{"@id":"https:\/\/hub.hslu.ch\/soziale-arbeit\/leichte-sprache-schafft-verstaendlichkeit-fuer-viele-menschen\/"},"wordCount":984,"commentCount":0,"image":{"@id":"https:\/\/hub.hslu.ch\/soziale-arbeit\/leichte-sprache-schafft-verstaendlichkeit-fuer-viele-menschen\/#primaryimage"},"thumbnailUrl":"https:\/\/hub.hslu.ch\/soziale-arbeit\/wp-content\/uploads\/sites\/23\/2022\/09\/Leichte-Sprache-Stufe3.jpg","keywords":["gesellschaftliche Teilhabe","Integration","Leichte Sprache"],"articleSection":["Arbeitsintegration","Sozialmanagement und Sozialpolitik","Weiterbildung"],"inLanguage":"de-CH","potentialAction":[{"@type":"CommentAction","name":"Comment","target":["https:\/\/hub.hslu.ch\/soziale-arbeit\/leichte-sprache-schafft-verstaendlichkeit-fuer-viele-menschen\/#respond"]}]},{"@type":"WebPage","@id":"https:\/\/hub.hslu.ch\/soziale-arbeit\/leichte-sprache-schafft-verstaendlichkeit-fuer-viele-menschen\/","url":"https:\/\/hub.hslu.ch\/soziale-arbeit\/leichte-sprache-schafft-verstaendlichkeit-fuer-viele-menschen\/","name":"Leichte Sprache schafft Verst\u00e4ndlichkeit \u2013 f\u00fcr viele Menschen &#8211; Soziale Arbeit an der Hochschule Luzern","isPartOf":{"@id":"https:\/\/hub.hslu.ch\/soziale-arbeit\/#website"},"primaryImageOfPage":{"@id":"https:\/\/hub.hslu.ch\/soziale-arbeit\/leichte-sprache-schafft-verstaendlichkeit-fuer-viele-menschen\/#primaryimage"},"image":{"@id":"https:\/\/hub.hslu.ch\/soziale-arbeit\/leichte-sprache-schafft-verstaendlichkeit-fuer-viele-menschen\/#primaryimage"},"thumbnailUrl":"https:\/\/hub.hslu.ch\/soziale-arbeit\/wp-content\/uploads\/sites\/23\/2022\/09\/Leichte-Sprache-Stufe3.jpg","datePublished":"2022-09-06T11:01:40+00:00","dateModified":"2026-02-11T13:54:01+00:00","author":{"@id":"https:\/\/hub.hslu.ch\/soziale-arbeit\/#\/schema\/person\/5f63e37c8c8b84af7b5325cb01f01d34"},"description":"Die Sprache von Beh\u00f6rden ist oft kompliziert und f\u00fcr viele Menschen nicht verst\u00e4ndlich. Leichte Sprache k\u00f6nnte helfen, diese Barriere zu \u00fcberwinden.","breadcrumb":{"@id":"https:\/\/hub.hslu.ch\/soziale-arbeit\/leichte-sprache-schafft-verstaendlichkeit-fuer-viele-menschen\/#breadcrumb"},"inLanguage":"de-CH","potentialAction":[{"@type":"ReadAction","target":["https:\/\/hub.hslu.ch\/soziale-arbeit\/leichte-sprache-schafft-verstaendlichkeit-fuer-viele-menschen\/"]}]},{"@type":"ImageObject","inLanguage":"de-CH","@id":"https:\/\/hub.hslu.ch\/soziale-arbeit\/leichte-sprache-schafft-verstaendlichkeit-fuer-viele-menschen\/#primaryimage","url":"https:\/\/hub.hslu.ch\/soziale-arbeit\/wp-content\/uploads\/sites\/23\/2022\/09\/Leichte-Sprache-Stufe3.jpg","contentUrl":"https:\/\/hub.hslu.ch\/soziale-arbeit\/wp-content\/uploads\/sites\/23\/2022\/09\/Leichte-Sprache-Stufe3.jpg","width":1614,"height":907,"caption":"Sprachliche Barrieren \u2013 un\u00fcberwindbare Hindernisse (Bild: Benz &amp; Beck, 2021)"},{"@type":"BreadcrumbList","@id":"https:\/\/hub.hslu.ch\/soziale-arbeit\/leichte-sprache-schafft-verstaendlichkeit-fuer-viele-menschen\/#breadcrumb","itemListElement":[{"@type":"ListItem","position":1,"name":"Home","item":"https:\/\/hub.hslu.ch\/soziale-arbeit\/"},{"@type":"ListItem","position":2,"name":"Leichte Sprache schafft Verst\u00e4ndlichkeit \u2013 f\u00fcr viele Menschen"}]},{"@type":"WebSite","@id":"https:\/\/hub.hslu.ch\/soziale-arbeit\/#website","url":"https:\/\/hub.hslu.ch\/soziale-arbeit\/","name":"Soziale Arbeit an der Hochschule Luzern","description":"Der Blog der Hochschule Luzern \u2013 Soziale Arbeit","potentialAction":[{"@type":"SearchAction","target":{"@type":"EntryPoint","urlTemplate":"https:\/\/hub.hslu.ch\/soziale-arbeit\/?s={search_term_string}"},"query-input":{"@type":"PropertyValueSpecification","valueRequired":true,"valueName":"search_term_string"}}],"inLanguage":"de-CH"},{"@type":"Person","@id":"https:\/\/hub.hslu.ch\/soziale-arbeit\/#\/schema\/person\/5f63e37c8c8b84af7b5325cb01f01d34","name":"anetteeldevik","sameAs":["https:\/\/x.com\/stefanmiesch"]}]}},"featured_image_src":"https:\/\/hub.hslu.ch\/soziale-arbeit\/wp-content\/uploads\/sites\/23\/2022\/09\/Leichte-Sprache-Stufe3.jpg","featured_image_src_square":"https:\/\/hub.hslu.ch\/soziale-arbeit\/wp-content\/uploads\/sites\/23\/2022\/09\/Leichte-Sprache-Stufe3.jpg","author_info":{"display_name":"anetteeldevik","author_link":"https:\/\/hub.hslu.ch\/soziale-arbeit\/author\/anetteeldevik\/"},"_links":{"self":[{"href":"https:\/\/hub.hslu.ch\/soziale-arbeit\/wp-json\/wp\/v2\/posts\/4046","targetHints":{"allow":["GET"]}}],"collection":[{"href":"https:\/\/hub.hslu.ch\/soziale-arbeit\/wp-json\/wp\/v2\/posts"}],"about":[{"href":"https:\/\/hub.hslu.ch\/soziale-arbeit\/wp-json\/wp\/v2\/types\/post"}],"author":[{"embeddable":true,"href":"https:\/\/hub.hslu.ch\/soziale-arbeit\/wp-json\/wp\/v2\/users\/139"}],"replies":[{"embeddable":true,"href":"https:\/\/hub.hslu.ch\/soziale-arbeit\/wp-json\/wp\/v2\/comments?post=4046"}],"version-history":[{"count":43,"href":"https:\/\/hub.hslu.ch\/soziale-arbeit\/wp-json\/wp\/v2\/posts\/4046\/revisions"}],"predecessor-version":[{"id":12917,"href":"https:\/\/hub.hslu.ch\/soziale-arbeit\/wp-json\/wp\/v2\/posts\/4046\/revisions\/12917"}],"wp:featuredmedia":[{"embeddable":true,"href":"https:\/\/hub.hslu.ch\/soziale-arbeit\/wp-json\/wp\/v2\/media\/4069"}],"wp:attachment":[{"href":"https:\/\/hub.hslu.ch\/soziale-arbeit\/wp-json\/wp\/v2\/media?parent=4046"}],"wp:term":[{"taxonomy":"category","embeddable":true,"href":"https:\/\/hub.hslu.ch\/soziale-arbeit\/wp-json\/wp\/v2\/categories?post=4046"},{"taxonomy":"post_tag","embeddable":true,"href":"https:\/\/hub.hslu.ch\/soziale-arbeit\/wp-json\/wp\/v2\/tags?post=4046"}],"curies":[{"name":"wp","href":"https:\/\/api.w.org\/{rel}","templated":true}]}}