{"id":4120,"date":"2022-09-08T18:04:04","date_gmt":"2022-09-08T16:04:04","guid":{"rendered":"https:\/\/hub.hslu.ch\/soziale-arbeit\/?p=4120"},"modified":"2026-02-11T14:54:01","modified_gmt":"2026-02-11T13:54:01","slug":"der-neue-bachelor-in-sozialer-arbeit-dank-eigeninitiative-und-forschendem-lernen-fuer-die-praxis-geruestet","status":"publish","type":"post","link":"https:\/\/hub.hslu.ch\/soziale-arbeit\/der-neue-bachelor-in-sozialer-arbeit-dank-eigeninitiative-und-forschendem-lernen-fuer-die-praxis-geruestet\/","title":{"rendered":"Der neue Bachelor in Sozialer Arbeit: dank Eigeninitiative und Forschendem Lernen f\u00fcr die Praxis ger\u00fcstet"},"content":{"rendered":"\n\n\n<p><strong>Lea Estermann, Sie arbeiten als soziokulturelle Animatorin bei <\/strong><a href=\"https:\/\/www.siedlungsidentit\u00e4t.ch\/\"><strong>ITOBA<\/strong><\/a><strong>. Was sind Ihre Aufgaben?<\/strong><br>Wir haben uns auf Siedlungen mit sozialen Herausforderungen spezialisiert. Zurzeit begleite ich die Sanierung einer bewohnten \u00dcberbauung. Diese bietet viel Potenzial f\u00fcr Konflikte und \u00c4ngste. Hier kommen wir ins Spiel. Ich biete den Bewohnern und Bewohnerinnen zwei Mal pro Woche eine Anlaufstelle f\u00fcr Fragen. Gleichzeitig schaffe ich R\u00e4ume, um die Gemeinschaft zu f\u00f6rdern. Wir haben ein Caf\u00e9 mit Freiwilligen. Dort treffen sich die Leute und ich kann Sorgen und \u00c4ngste auffangen.<\/p>\n\n\n\n<p>In der Anlaufstelle biete ich pers\u00f6nliche Gespr\u00e4che an. F\u00e4llt der Lift aus und jemand ist schlecht zu Fuss, organisiere ich eine Nachbarschaftshilfe. Eine Person kam mit dem Wunsch, besser Deutsch zu sprechen, und ich fragte im Quartier nach einem Tandem. Ich arbeite auch viel mit den lokalen Organisationen wie der Quartierarbeit oder der mobilen Altersarbeit zusammen.<\/p>\n\n\n\n<p><strong>Was k\u00f6nnen Sie von Ihrem <\/strong><a href=\"https:\/\/www.hslu.ch\/de-ch\/soziale-arbeit\/studium\/bachelor\/\" rel=\"sponsored nofollow\"><strong>Studium<\/strong><\/a><strong> im Job einsetzen?<\/strong><br>Im Studium habe ich einen ganzen Koffer an Methoden kennengelernt: wie ich Konzepte schreibe, mit Freiwilligen arbeite, Menschen richtig berate. Das kann ich nun im Job direkt anwenden.<\/p>\n\n\n\n<p>Wichtig f\u00fcr meine Arbeit ist auch die professionelle Haltung. Wof\u00fcr stehen wir? Was machen wir? Was nicht? In meinem Job sp\u00fcre ich viel Gegenwind. Da ist es wichtig, standhaft zu sein und seinen Wert zu kennen. Diese professionelle Haltung habe ich mir \u00fcber das ganze Studium im Austausch mit Dozierenden, Studierenden und der Praxis erarbeitet.<\/p>\n\n\n\n<p><strong>Worauf waren Sie nicht vorbereitet?<\/strong><br>Im Hinblick auf die Entwicklung des neuen Bachelors stellte ich diese Frage meinen Kolleginnen und Kollegen. F\u00fcr viele gab es im ersten Job eine Art Realit\u00e4tscheck. Wir sind mit grosser Motivation ins Berufsleben eingestiegen und haben dann bemerkt, dass die Zeit knapp ist, dass wenig Ressourcen zu Verf\u00fcgung stehen und der Druck gross ist.<\/p>\n\n\n\n<p><strong>Und was hat im Studium gefehlt?<\/strong><br>Zum Thema F\u00fchrung haben wir w\u00e4hrend des Studiums wenig gelernt. Viele sind schnell in einer F\u00fchrungsposition. Im Studium gibt es zwar ein Modul zu Teamentwicklung und -f\u00fchrung, dieses ist jedoch freiwillig.<\/p>\n\n\n\n<p><strong>Welche Kompetenzen f\u00fcrs sp\u00e4tere Berufsleben f\u00f6rdert der neue Bachelor besonders?<\/strong><br>Im neuen Bachelor ist die Selbstorganisation sehr wichtig. Es gibt eine Grundstruktur, aber dann bestimmst du selbst: Welches Thema bearbeite ich wann und wie? Der neue Studiengang bereitet also gr\u00fcndlich auf das eigenst\u00e4ndige Arbeiten vor, das zum Beispiel in meinen Job als Soziokulturelle Animatorin sehr wichtig ist. <\/p>\n\n\n\n<p>Sehr spannend am neuen Bachelor finde ich das \u00abForschende Lernen\u00bb. Mir begegnet ein Problem im Job, ich nehme das Thema mit ins Studium und erforsche die Hintergr\u00fcnde. Der direkte Bezug von Praxis und Theorie hat mir pers\u00f6nlich am meisten gebracht im Studium.<\/p>\n\n\n\n<div class=\"wp-block-genesis-blocks-gb-accordion gb-block-accordion\"><details><summary class=\"gb-accordion-title\"><strong>Was ist Forschendes Lernen?<\/strong><\/summary><div class=\"gb-accordion-text\">\n<p class=\"has-background\" style=\"background:linear-gradient(135deg,rgba(242,242,242,0.89) 0%,rgba(242,242,242,0.95) 100%)\">Forschendes Lernen bedeutet, dass Studierende die Inhalte und den Forschungsprozess selbst gestalten, erfahren und reflektieren. Wissen wird nicht einfach vermittelt, sondern eigenverantwortlich mit wissenschaftlichen Methoden in einem dynamischen Prozess erarbeitet. Dabei wird projektbezogen und anhand von \u2013 idealerweise selbstgew\u00e4hlten \u2013 Fallbeispielen aus der Praxis gearbeitet. Die Studierenden werden durch die Dozierenden und Praktiker*innen unterst\u00fctzt.<\/p>\n<\/div><\/details><\/div>\n\n\n\n<p>Im neuen Bachelor erhalten alle mehr Verantwortung. Studierende und Dozierende nehmen in den Aufgaben und Projekten verschiedene Rollen ein. So lernen die Studierenden interaktiv Kompetenzen der Zusammenarbeit und der F\u00fchrung.<\/p>\n\n\n\n<p><strong>Wie funktioniert die Zusammenarbeit zwischen Studierenden, Dozierenden und Personen aus der Praxis bei der Entwicklung des neuen Bachelors?<\/strong><br>Die Zusammenarbeit funktioniert sehr gut. Wir bringen unterschiedliche Dinge in den Prozess ein: die Dozierenden die theoretischen Grundlagen, die Studierenden die Erfahrungen im Studienalltag, die Praktiker*innen den Praxisbezug. Davon profitiert der neue Studiengang. Er verbindet Theorie und Praxis mit neuen Lernmethoden, um die Studierenden optimal auf zuk\u00fcnftige Herausforderungen vorzubereiten.<\/p>\n\n\n\n<p><strong>Was war f\u00fcr Sie als Studentin in der Ausbildung wichtig?<\/strong><br>Ich finde Flexibilit\u00e4t sehr wichtig. In der heutigen Zeit sind die Lebenssituationen sehr fluid. Ich bin im Studium Mutter geworden \u2013 zu meinem Gl\u00fcck am Ende des Semesters. Ansonsten h\u00e4tte ich das Semester abbrechen m\u00fcssen. Darum finde ich es gut, dass der neue Bachelor in den selbstorganisierten Studienteilen mehr Flexibilit\u00e4t zul\u00e4sst.<\/p>\n\n\n\n<p><strong>Was werden Absolventinnen und Absolventen des neuen Bachelors in die Berufswelt mitbringen?<\/strong><br>Ich denke, Personen, die sich f\u00fcr den Bachelor neue Konzepte und Innovation anmelden, besitzen viel Eigeninitiative. Im Studium lernen sie noch st\u00e4rker, sich selbst zu organisieren, neue Ideen zu entwickeln und kritisch zu denken. Alles Kompetenzen, die auf dem Arbeitsmarkt gesucht sind.<\/p>\n\n\n\n<p><strong>Wem empfehlen Sie den bestehenden Bachelor?<\/strong><br>Studierenden, die Struktur und Sicherheit ben\u00f6tigen, empfehle ich den bestehenden Bachelor. Damals war dieser Bachelor auch f\u00fcr mich die richtige Option. Die Struktur hat mir Halt gegeben. Jetzt w\u00fcrde ich mich f\u00fcr den neuen Bachelor entscheiden.<\/p>\n\n\n\n<p><strong>Wer wird sich f\u00fcr den neuen Bachelor anmelden?<\/strong><br>Personen, die bereits im Berufsleben stehen, selbstorganisiert sind und Interesse an neuen Lernmethoden haben. Da der neue Bachelor so viele M\u00f6glichkeiten bietet, wird er vermutlich eine diverse Gruppe an Studierenden anziehen. Ich bin gespannt, wen wir im Herbstsemester 2023 begr\u00fcssen d\u00fcrfen.<\/p>\n\n\n<div class=\"blue-box\">\n\t<div class=\"row\">\n\t\t<div class=\"col-md-12\">\n\t\t\t<p>Der <a href=\"https:\/\/www.hslu.ch\/de-ch\/soziale-arbeit\/studium\/bachelor\/soziale-arbeit-neue-konzepte-und-innovation\/\"><strong>Bachelor in Sozialer Arbeit mit Schwerpunkt neue Konzepte und Innovation<\/strong><\/a> startet im Herbstsemester 2023. Weitere Informationen zum neuen Studiengang und die Details zur Anmeldung gibt es <a href=\"https:\/\/www.hslu.ch\/de-ch\/soziale-arbeit\/studium\/bachelor\/soziale-arbeit-neue-konzepte-und-innovation\/\">HIER<\/a>.<\/p>\n<p><a href=\"https:\/\/www.hslu.ch\/de-ch\/soziale-arbeit\/studium\/bachelor\/soziale-arbeit-neue-konzepte-und-innovation\/\"><img loading=\"lazy\" decoding=\"async\" class=\"alignright wp-image-3993\" src=\"https:\/\/hub.hslu.ch\/soziale-arbeit\/wp-content\/uploads\/sites\/23\/2022\/08\/Bachelor-Soziale-Arbeit-Fisch-300x225.jpg\" alt=\"Bachelor Soziale Arbeit Fisch\" width=\"284\" height=\"213\" srcset=\"https:\/\/hub.hslu.ch\/soziale-arbeit\/wp-content\/uploads\/sites\/23\/2022\/08\/Bachelor-Soziale-Arbeit-Fisch-300x225.jpg 300w, https:\/\/hub.hslu.ch\/soziale-arbeit\/wp-content\/uploads\/sites\/23\/2022\/08\/Bachelor-Soziale-Arbeit-Fisch-768x576.jpg 768w, https:\/\/hub.hslu.ch\/soziale-arbeit\/wp-content\/uploads\/sites\/23\/2022\/08\/Bachelor-Soziale-Arbeit-Fisch.jpg 800w\" sizes=\"auto, (max-width: 284px) 100vw, 284px\" \/><\/a><\/p>\n<p>Besuche unsere <strong>Infoveranstaltung<\/strong> online oder vor Ort in Luzern:<\/p>\n<ul>\n<li><a href=\"https:\/\/www.hslu.ch\/de-ch\/soziale-arbeit\/studium\/info-veranstaltungen\/#?filters=102,1050&amp;q=bachelor\">Jetzt anmelden zur Infoveranstaltung<\/a><\/li>\n<li><a href=\"https:\/\/www.hslu.ch\/de-ch\/soziale-arbeit\/studium\/bachelor\/soziale-arbeit-neue-konzepte-und-innovation\/\">Hier geht es zur Webseite des neuen Bachelors<\/a><\/li>\n<\/ul>\n\t\t<\/div>\n\t<\/div>\n<\/div>\n\n\n\n<p>Von: Roger Ettlin<br>Bild: Sophie Stieger<br>Ver\u00f6ffentlicht am: 8. September 2022<\/p>\n","protected":false},"excerpt":{"rendered":"<p>Im Herbstsemester 2023 startet an der Hochschule Luzern der Bachelor in Sozialer Arbeit neue Konzepte und Innovation. Bei der Entwicklung des neuen Studiengangs ist Lea Estermann dabei. Die zweifache Mutter ist Soziokulturelle Animatorin f\u00fcr Siedlungsentwicklung bei ITOBA. Hier spricht sie \u00fcber die Chancen des neuen Studiengangs und die Unterschiede zum bestehenden Bachelor, den sie selbst vor vier Jahren abgeschlossen hat.<\/p>\n","protected":false},"author":139,"featured_media":4440,"comment_status":"open","ping_status":"closed","sticky":false,"template":"","format":"standard","meta":{"_acf_changed":false,"inline_featured_image":false,"_relevanssi_hide_post":"","_relevanssi_hide_content":"","_relevanssi_pin_for_all":"","_relevanssi_pin_keywords":"","_relevanssi_unpin_keywords":"","_relevanssi_related_keywords":"","_relevanssi_related_include_ids":"","_relevanssi_related_exclude_ids":"","_relevanssi_related_no_append":"","_relevanssi_related_not_related":"","_relevanssi_related_posts":"4517,4468,4245,4384,4261,4274","_relevanssi_noindex_reason":"","footnotes":"","_links_to":"","_links_to_target":""},"categories":[7],"tags":[392,262,260,261],"class_list":["post-4120","post","type-post","status-publish","format-standard","has-post-thumbnail","hentry","category-ausbildung","tag-bachelor-in-sozialer-arbeit-neue-konzepte-und-innovation","tag-forschendes-lernen","tag-neuer-bachelor-in-sozialer-arbeit","tag-neuer-studiengang"],"acf":[],"yoast_head":"<!-- This site is optimized with the Yoast SEO plugin v27.5 - https:\/\/yoast.com\/product\/yoast-seo-wordpress\/ -->\n<title>Der neue Bachelor in Sozialer Arbeit: dank Eigeninitiative und Forschendem Lernen f\u00fcr die Praxis ger\u00fcstet &#8211; Soziale Arbeit an der Hochschule Luzern<\/title>\n<meta name=\"description\" content=\"Der zus\u00e4tzliche Bachelor in Sozialer Arbeit der HSLU mit Schwerpunkt neue Konzepte und Innovation orientiert sich an neuartigen Lernformen, die ein selbstgesteuertes und agiles Mitgestalten des Studiums erm\u00f6glichen. Der Start erfolgt im Fr\u00fchling 2023.\" \/>\n<meta name=\"robots\" content=\"index, follow, max-snippet:-1, max-image-preview:large, max-video-preview:-1\" \/>\n<link rel=\"canonical\" href=\"https:\/\/hub.hslu.ch\/soziale-arbeit\/der-neue-bachelor-in-sozialer-arbeit-dank-eigeninitiative-und-forschendem-lernen-fuer-die-praxis-geruestet\/\" \/>\n<meta property=\"og:locale\" content=\"de_DE\" \/>\n<meta property=\"og:type\" content=\"article\" \/>\n<meta property=\"og:title\" content=\"Der neue Bachelor in Sozialer Arbeit: dank Eigeninitiative und Forschendem Lernen f\u00fcr die Praxis ger\u00fcstet &#8211; Soziale Arbeit an der Hochschule Luzern\" \/>\n<meta property=\"og:description\" content=\"Der zus\u00e4tzliche Bachelor in Sozialer Arbeit der HSLU mit Schwerpunkt neue Konzepte und Innovation orientiert sich an neuartigen Lernformen, die ein selbstgesteuertes und agiles Mitgestalten des Studiums erm\u00f6glichen. Der Start erfolgt im Fr\u00fchling 2023.\" \/>\n<meta property=\"og:url\" content=\"https:\/\/hub.hslu.ch\/soziale-arbeit\/der-neue-bachelor-in-sozialer-arbeit-dank-eigeninitiative-und-forschendem-lernen-fuer-die-praxis-geruestet\/\" \/>\n<meta property=\"og:site_name\" content=\"Soziale Arbeit an der Hochschule Luzern\" \/>\n<meta property=\"article:published_time\" content=\"2022-09-08T16:04:04+00:00\" \/>\n<meta property=\"article:modified_time\" content=\"2026-02-11T13:54:01+00:00\" \/>\n<meta property=\"og:image\" content=\"https:\/\/hub.hslu.ch\/soziale-arbeit\/wp-content\/uploads\/sites\/23\/2022\/09\/Lea-Estermann-Bachelor-Soziale-Arbeit.jpg\" \/>\n\t<meta property=\"og:image:width\" content=\"1614\" \/>\n\t<meta property=\"og:image:height\" content=\"907\" \/>\n\t<meta property=\"og:image:type\" content=\"image\/jpeg\" \/>\n<meta name=\"author\" content=\"anetteeldevik\" \/>\n<meta name=\"twitter:card\" content=\"summary_large_image\" \/>\n<meta name=\"twitter:creator\" content=\"@stefanmiesch\" \/>\n<meta name=\"twitter:label1\" content=\"Geschrieben von\" \/>\n\t<meta name=\"twitter:data1\" content=\"anetteeldevik\" \/>\n\t<meta name=\"twitter:label2\" content=\"Gesch\u00e4tzte Lesezeit\" \/>\n\t<meta name=\"twitter:data2\" content=\"5\u00a0Minuten\" \/>\n<script type=\"application\/ld+json\" class=\"yoast-schema-graph\">{\"@context\":\"https:\\\/\\\/schema.org\",\"@graph\":[{\"@type\":\"Article\",\"@id\":\"https:\\\/\\\/hub.hslu.ch\\\/soziale-arbeit\\\/der-neue-bachelor-in-sozialer-arbeit-dank-eigeninitiative-und-forschendem-lernen-fuer-die-praxis-geruestet\\\/#article\",\"isPartOf\":{\"@id\":\"https:\\\/\\\/hub.hslu.ch\\\/soziale-arbeit\\\/der-neue-bachelor-in-sozialer-arbeit-dank-eigeninitiative-und-forschendem-lernen-fuer-die-praxis-geruestet\\\/\"},\"author\":{\"name\":\"anetteeldevik\",\"@id\":\"https:\\\/\\\/hub.hslu.ch\\\/soziale-arbeit\\\/#\\\/schema\\\/person\\\/5f63e37c8c8b84af7b5325cb01f01d34\"},\"headline\":\"Der neue Bachelor in Sozialer Arbeit: dank Eigeninitiative und Forschendem Lernen f\u00fcr die Praxis ger\u00fcstet\",\"datePublished\":\"2022-09-08T16:04:04+00:00\",\"dateModified\":\"2026-02-11T13:54:01+00:00\",\"mainEntityOfPage\":{\"@id\":\"https:\\\/\\\/hub.hslu.ch\\\/soziale-arbeit\\\/der-neue-bachelor-in-sozialer-arbeit-dank-eigeninitiative-und-forschendem-lernen-fuer-die-praxis-geruestet\\\/\"},\"wordCount\":857,\"commentCount\":0,\"image\":{\"@id\":\"https:\\\/\\\/hub.hslu.ch\\\/soziale-arbeit\\\/der-neue-bachelor-in-sozialer-arbeit-dank-eigeninitiative-und-forschendem-lernen-fuer-die-praxis-geruestet\\\/#primaryimage\"},\"thumbnailUrl\":\"https:\\\/\\\/hub.hslu.ch\\\/soziale-arbeit\\\/wp-content\\\/uploads\\\/sites\\\/23\\\/2022\\\/09\\\/Lea-Estermann-Bachelor-Soziale-Arbeit.jpg\",\"keywords\":[\"Bachelor in Sozialer Arbeit neue Konzepte und Innovation\",\"Forschendes Lernen\",\"Neuer Bachelor in Sozialer Arbeit\",\"Neuer Studiengang\"],\"articleSection\":[\"Studium\"],\"inLanguage\":\"de-CH\",\"potentialAction\":[{\"@type\":\"CommentAction\",\"name\":\"Comment\",\"target\":[\"https:\\\/\\\/hub.hslu.ch\\\/soziale-arbeit\\\/der-neue-bachelor-in-sozialer-arbeit-dank-eigeninitiative-und-forschendem-lernen-fuer-die-praxis-geruestet\\\/#respond\"]}]},{\"@type\":\"WebPage\",\"@id\":\"https:\\\/\\\/hub.hslu.ch\\\/soziale-arbeit\\\/der-neue-bachelor-in-sozialer-arbeit-dank-eigeninitiative-und-forschendem-lernen-fuer-die-praxis-geruestet\\\/\",\"url\":\"https:\\\/\\\/hub.hslu.ch\\\/soziale-arbeit\\\/der-neue-bachelor-in-sozialer-arbeit-dank-eigeninitiative-und-forschendem-lernen-fuer-die-praxis-geruestet\\\/\",\"name\":\"Der neue Bachelor in Sozialer Arbeit: dank Eigeninitiative und Forschendem Lernen f\u00fcr die Praxis ger\u00fcstet &#8211; Soziale Arbeit an der Hochschule Luzern\",\"isPartOf\":{\"@id\":\"https:\\\/\\\/hub.hslu.ch\\\/soziale-arbeit\\\/#website\"},\"primaryImageOfPage\":{\"@id\":\"https:\\\/\\\/hub.hslu.ch\\\/soziale-arbeit\\\/der-neue-bachelor-in-sozialer-arbeit-dank-eigeninitiative-und-forschendem-lernen-fuer-die-praxis-geruestet\\\/#primaryimage\"},\"image\":{\"@id\":\"https:\\\/\\\/hub.hslu.ch\\\/soziale-arbeit\\\/der-neue-bachelor-in-sozialer-arbeit-dank-eigeninitiative-und-forschendem-lernen-fuer-die-praxis-geruestet\\\/#primaryimage\"},\"thumbnailUrl\":\"https:\\\/\\\/hub.hslu.ch\\\/soziale-arbeit\\\/wp-content\\\/uploads\\\/sites\\\/23\\\/2022\\\/09\\\/Lea-Estermann-Bachelor-Soziale-Arbeit.jpg\",\"datePublished\":\"2022-09-08T16:04:04+00:00\",\"dateModified\":\"2026-02-11T13:54:01+00:00\",\"author\":{\"@id\":\"https:\\\/\\\/hub.hslu.ch\\\/soziale-arbeit\\\/#\\\/schema\\\/person\\\/5f63e37c8c8b84af7b5325cb01f01d34\"},\"description\":\"Der zus\u00e4tzliche Bachelor in Sozialer Arbeit der HSLU mit Schwerpunkt neue Konzepte und Innovation orientiert sich an neuartigen Lernformen, die ein selbstgesteuertes und agiles Mitgestalten des Studiums erm\u00f6glichen. Der Start erfolgt im Fr\u00fchling 2023.\",\"breadcrumb\":{\"@id\":\"https:\\\/\\\/hub.hslu.ch\\\/soziale-arbeit\\\/der-neue-bachelor-in-sozialer-arbeit-dank-eigeninitiative-und-forschendem-lernen-fuer-die-praxis-geruestet\\\/#breadcrumb\"},\"inLanguage\":\"de-CH\",\"potentialAction\":[{\"@type\":\"ReadAction\",\"target\":[\"https:\\\/\\\/hub.hslu.ch\\\/soziale-arbeit\\\/der-neue-bachelor-in-sozialer-arbeit-dank-eigeninitiative-und-forschendem-lernen-fuer-die-praxis-geruestet\\\/\"]}]},{\"@type\":\"ImageObject\",\"inLanguage\":\"de-CH\",\"@id\":\"https:\\\/\\\/hub.hslu.ch\\\/soziale-arbeit\\\/der-neue-bachelor-in-sozialer-arbeit-dank-eigeninitiative-und-forschendem-lernen-fuer-die-praxis-geruestet\\\/#primaryimage\",\"url\":\"https:\\\/\\\/hub.hslu.ch\\\/soziale-arbeit\\\/wp-content\\\/uploads\\\/sites\\\/23\\\/2022\\\/09\\\/Lea-Estermann-Bachelor-Soziale-Arbeit.jpg\",\"contentUrl\":\"https:\\\/\\\/hub.hslu.ch\\\/soziale-arbeit\\\/wp-content\\\/uploads\\\/sites\\\/23\\\/2022\\\/09\\\/Lea-Estermann-Bachelor-Soziale-Arbeit.jpg\",\"width\":1614,\"height\":907,\"caption\":\"Lea Estermann Bachelor Soziale Arbeit\"},{\"@type\":\"BreadcrumbList\",\"@id\":\"https:\\\/\\\/hub.hslu.ch\\\/soziale-arbeit\\\/der-neue-bachelor-in-sozialer-arbeit-dank-eigeninitiative-und-forschendem-lernen-fuer-die-praxis-geruestet\\\/#breadcrumb\",\"itemListElement\":[{\"@type\":\"ListItem\",\"position\":1,\"name\":\"Home\",\"item\":\"https:\\\/\\\/hub.hslu.ch\\\/soziale-arbeit\\\/\"},{\"@type\":\"ListItem\",\"position\":2,\"name\":\"Der neue Bachelor in Sozialer Arbeit: dank Eigeninitiative und Forschendem Lernen f\u00fcr die Praxis ger\u00fcstet\"}]},{\"@type\":\"WebSite\",\"@id\":\"https:\\\/\\\/hub.hslu.ch\\\/soziale-arbeit\\\/#website\",\"url\":\"https:\\\/\\\/hub.hslu.ch\\\/soziale-arbeit\\\/\",\"name\":\"Soziale Arbeit an der Hochschule Luzern\",\"description\":\"Der Blog der Hochschule Luzern \u2013 Soziale Arbeit\",\"potentialAction\":[{\"@type\":\"SearchAction\",\"target\":{\"@type\":\"EntryPoint\",\"urlTemplate\":\"https:\\\/\\\/hub.hslu.ch\\\/soziale-arbeit\\\/?s={search_term_string}\"},\"query-input\":{\"@type\":\"PropertyValueSpecification\",\"valueRequired\":true,\"valueName\":\"search_term_string\"}}],\"inLanguage\":\"de-CH\"},{\"@type\":\"Person\",\"@id\":\"https:\\\/\\\/hub.hslu.ch\\\/soziale-arbeit\\\/#\\\/schema\\\/person\\\/5f63e37c8c8b84af7b5325cb01f01d34\",\"name\":\"anetteeldevik\",\"sameAs\":[\"https:\\\/\\\/x.com\\\/stefanmiesch\"]}]}<\/script>\n<!-- \/ Yoast SEO plugin. -->","yoast_head_json":{"title":"Der neue Bachelor in Sozialer Arbeit: dank Eigeninitiative und Forschendem Lernen f\u00fcr die Praxis ger\u00fcstet &#8211; Soziale Arbeit an der Hochschule Luzern","description":"Der zus\u00e4tzliche Bachelor in Sozialer Arbeit der HSLU mit Schwerpunkt neue Konzepte und Innovation orientiert sich an neuartigen Lernformen, die ein selbstgesteuertes und agiles Mitgestalten des Studiums erm\u00f6glichen. Der Start erfolgt im Fr\u00fchling 2023.","robots":{"index":"index","follow":"follow","max-snippet":"max-snippet:-1","max-image-preview":"max-image-preview:large","max-video-preview":"max-video-preview:-1"},"canonical":"https:\/\/hub.hslu.ch\/soziale-arbeit\/der-neue-bachelor-in-sozialer-arbeit-dank-eigeninitiative-und-forschendem-lernen-fuer-die-praxis-geruestet\/","og_locale":"de_DE","og_type":"article","og_title":"Der neue Bachelor in Sozialer Arbeit: dank Eigeninitiative und Forschendem Lernen f\u00fcr die Praxis ger\u00fcstet &#8211; Soziale Arbeit an der Hochschule Luzern","og_description":"Der zus\u00e4tzliche Bachelor in Sozialer Arbeit der HSLU mit Schwerpunkt neue Konzepte und Innovation orientiert sich an neuartigen Lernformen, die ein selbstgesteuertes und agiles Mitgestalten des Studiums erm\u00f6glichen. Der Start erfolgt im Fr\u00fchling 2023.","og_url":"https:\/\/hub.hslu.ch\/soziale-arbeit\/der-neue-bachelor-in-sozialer-arbeit-dank-eigeninitiative-und-forschendem-lernen-fuer-die-praxis-geruestet\/","og_site_name":"Soziale Arbeit an der Hochschule Luzern","article_published_time":"2022-09-08T16:04:04+00:00","article_modified_time":"2026-02-11T13:54:01+00:00","og_image":[{"width":1614,"height":907,"url":"https:\/\/hub.hslu.ch\/soziale-arbeit\/wp-content\/uploads\/sites\/23\/2022\/09\/Lea-Estermann-Bachelor-Soziale-Arbeit.jpg","type":"image\/jpeg"}],"author":"anetteeldevik","twitter_card":"summary_large_image","twitter_creator":"@stefanmiesch","twitter_misc":{"Geschrieben von":"anetteeldevik","Gesch\u00e4tzte Lesezeit":"5\u00a0Minuten"},"schema":{"@context":"https:\/\/schema.org","@graph":[{"@type":"Article","@id":"https:\/\/hub.hslu.ch\/soziale-arbeit\/der-neue-bachelor-in-sozialer-arbeit-dank-eigeninitiative-und-forschendem-lernen-fuer-die-praxis-geruestet\/#article","isPartOf":{"@id":"https:\/\/hub.hslu.ch\/soziale-arbeit\/der-neue-bachelor-in-sozialer-arbeit-dank-eigeninitiative-und-forschendem-lernen-fuer-die-praxis-geruestet\/"},"author":{"name":"anetteeldevik","@id":"https:\/\/hub.hslu.ch\/soziale-arbeit\/#\/schema\/person\/5f63e37c8c8b84af7b5325cb01f01d34"},"headline":"Der neue Bachelor in Sozialer Arbeit: dank Eigeninitiative und Forschendem Lernen f\u00fcr die Praxis ger\u00fcstet","datePublished":"2022-09-08T16:04:04+00:00","dateModified":"2026-02-11T13:54:01+00:00","mainEntityOfPage":{"@id":"https:\/\/hub.hslu.ch\/soziale-arbeit\/der-neue-bachelor-in-sozialer-arbeit-dank-eigeninitiative-und-forschendem-lernen-fuer-die-praxis-geruestet\/"},"wordCount":857,"commentCount":0,"image":{"@id":"https:\/\/hub.hslu.ch\/soziale-arbeit\/der-neue-bachelor-in-sozialer-arbeit-dank-eigeninitiative-und-forschendem-lernen-fuer-die-praxis-geruestet\/#primaryimage"},"thumbnailUrl":"https:\/\/hub.hslu.ch\/soziale-arbeit\/wp-content\/uploads\/sites\/23\/2022\/09\/Lea-Estermann-Bachelor-Soziale-Arbeit.jpg","keywords":["Bachelor in Sozialer Arbeit neue Konzepte und Innovation","Forschendes Lernen","Neuer Bachelor in Sozialer Arbeit","Neuer Studiengang"],"articleSection":["Studium"],"inLanguage":"de-CH","potentialAction":[{"@type":"CommentAction","name":"Comment","target":["https:\/\/hub.hslu.ch\/soziale-arbeit\/der-neue-bachelor-in-sozialer-arbeit-dank-eigeninitiative-und-forschendem-lernen-fuer-die-praxis-geruestet\/#respond"]}]},{"@type":"WebPage","@id":"https:\/\/hub.hslu.ch\/soziale-arbeit\/der-neue-bachelor-in-sozialer-arbeit-dank-eigeninitiative-und-forschendem-lernen-fuer-die-praxis-geruestet\/","url":"https:\/\/hub.hslu.ch\/soziale-arbeit\/der-neue-bachelor-in-sozialer-arbeit-dank-eigeninitiative-und-forschendem-lernen-fuer-die-praxis-geruestet\/","name":"Der neue Bachelor in Sozialer Arbeit: dank Eigeninitiative und Forschendem Lernen f\u00fcr die Praxis ger\u00fcstet &#8211; Soziale Arbeit an der Hochschule Luzern","isPartOf":{"@id":"https:\/\/hub.hslu.ch\/soziale-arbeit\/#website"},"primaryImageOfPage":{"@id":"https:\/\/hub.hslu.ch\/soziale-arbeit\/der-neue-bachelor-in-sozialer-arbeit-dank-eigeninitiative-und-forschendem-lernen-fuer-die-praxis-geruestet\/#primaryimage"},"image":{"@id":"https:\/\/hub.hslu.ch\/soziale-arbeit\/der-neue-bachelor-in-sozialer-arbeit-dank-eigeninitiative-und-forschendem-lernen-fuer-die-praxis-geruestet\/#primaryimage"},"thumbnailUrl":"https:\/\/hub.hslu.ch\/soziale-arbeit\/wp-content\/uploads\/sites\/23\/2022\/09\/Lea-Estermann-Bachelor-Soziale-Arbeit.jpg","datePublished":"2022-09-08T16:04:04+00:00","dateModified":"2026-02-11T13:54:01+00:00","author":{"@id":"https:\/\/hub.hslu.ch\/soziale-arbeit\/#\/schema\/person\/5f63e37c8c8b84af7b5325cb01f01d34"},"description":"Der zus\u00e4tzliche Bachelor in Sozialer Arbeit der HSLU mit Schwerpunkt neue Konzepte und Innovation orientiert sich an neuartigen Lernformen, die ein selbstgesteuertes und agiles Mitgestalten des Studiums erm\u00f6glichen. Der Start erfolgt im Fr\u00fchling 2023.","breadcrumb":{"@id":"https:\/\/hub.hslu.ch\/soziale-arbeit\/der-neue-bachelor-in-sozialer-arbeit-dank-eigeninitiative-und-forschendem-lernen-fuer-die-praxis-geruestet\/#breadcrumb"},"inLanguage":"de-CH","potentialAction":[{"@type":"ReadAction","target":["https:\/\/hub.hslu.ch\/soziale-arbeit\/der-neue-bachelor-in-sozialer-arbeit-dank-eigeninitiative-und-forschendem-lernen-fuer-die-praxis-geruestet\/"]}]},{"@type":"ImageObject","inLanguage":"de-CH","@id":"https:\/\/hub.hslu.ch\/soziale-arbeit\/der-neue-bachelor-in-sozialer-arbeit-dank-eigeninitiative-und-forschendem-lernen-fuer-die-praxis-geruestet\/#primaryimage","url":"https:\/\/hub.hslu.ch\/soziale-arbeit\/wp-content\/uploads\/sites\/23\/2022\/09\/Lea-Estermann-Bachelor-Soziale-Arbeit.jpg","contentUrl":"https:\/\/hub.hslu.ch\/soziale-arbeit\/wp-content\/uploads\/sites\/23\/2022\/09\/Lea-Estermann-Bachelor-Soziale-Arbeit.jpg","width":1614,"height":907,"caption":"Lea Estermann Bachelor Soziale Arbeit"},{"@type":"BreadcrumbList","@id":"https:\/\/hub.hslu.ch\/soziale-arbeit\/der-neue-bachelor-in-sozialer-arbeit-dank-eigeninitiative-und-forschendem-lernen-fuer-die-praxis-geruestet\/#breadcrumb","itemListElement":[{"@type":"ListItem","position":1,"name":"Home","item":"https:\/\/hub.hslu.ch\/soziale-arbeit\/"},{"@type":"ListItem","position":2,"name":"Der neue Bachelor in Sozialer Arbeit: dank Eigeninitiative und Forschendem Lernen f\u00fcr die Praxis ger\u00fcstet"}]},{"@type":"WebSite","@id":"https:\/\/hub.hslu.ch\/soziale-arbeit\/#website","url":"https:\/\/hub.hslu.ch\/soziale-arbeit\/","name":"Soziale Arbeit an der Hochschule Luzern","description":"Der Blog der Hochschule Luzern \u2013 Soziale Arbeit","potentialAction":[{"@type":"SearchAction","target":{"@type":"EntryPoint","urlTemplate":"https:\/\/hub.hslu.ch\/soziale-arbeit\/?s={search_term_string}"},"query-input":{"@type":"PropertyValueSpecification","valueRequired":true,"valueName":"search_term_string"}}],"inLanguage":"de-CH"},{"@type":"Person","@id":"https:\/\/hub.hslu.ch\/soziale-arbeit\/#\/schema\/person\/5f63e37c8c8b84af7b5325cb01f01d34","name":"anetteeldevik","sameAs":["https:\/\/x.com\/stefanmiesch"]}]}},"featured_image_src":"https:\/\/hub.hslu.ch\/soziale-arbeit\/wp-content\/uploads\/sites\/23\/2022\/09\/Lea-Estermann-Bachelor-Soziale-Arbeit.jpg","featured_image_src_square":"https:\/\/hub.hslu.ch\/soziale-arbeit\/wp-content\/uploads\/sites\/23\/2022\/09\/Lea-Estermann-Bachelor-Soziale-Arbeit.jpg","author_info":{"display_name":"anetteeldevik","author_link":"https:\/\/hub.hslu.ch\/soziale-arbeit\/author\/anetteeldevik\/"},"_links":{"self":[{"href":"https:\/\/hub.hslu.ch\/soziale-arbeit\/wp-json\/wp\/v2\/posts\/4120","targetHints":{"allow":["GET"]}}],"collection":[{"href":"https:\/\/hub.hslu.ch\/soziale-arbeit\/wp-json\/wp\/v2\/posts"}],"about":[{"href":"https:\/\/hub.hslu.ch\/soziale-arbeit\/wp-json\/wp\/v2\/types\/post"}],"author":[{"embeddable":true,"href":"https:\/\/hub.hslu.ch\/soziale-arbeit\/wp-json\/wp\/v2\/users\/139"}],"replies":[{"embeddable":true,"href":"https:\/\/hub.hslu.ch\/soziale-arbeit\/wp-json\/wp\/v2\/comments?post=4120"}],"version-history":[{"count":38,"href":"https:\/\/hub.hslu.ch\/soziale-arbeit\/wp-json\/wp\/v2\/posts\/4120\/revisions"}],"predecessor-version":[{"id":12919,"href":"https:\/\/hub.hslu.ch\/soziale-arbeit\/wp-json\/wp\/v2\/posts\/4120\/revisions\/12919"}],"wp:featuredmedia":[{"embeddable":true,"href":"https:\/\/hub.hslu.ch\/soziale-arbeit\/wp-json\/wp\/v2\/media\/4440"}],"wp:attachment":[{"href":"https:\/\/hub.hslu.ch\/soziale-arbeit\/wp-json\/wp\/v2\/media?parent=4120"}],"wp:term":[{"taxonomy":"category","embeddable":true,"href":"https:\/\/hub.hslu.ch\/soziale-arbeit\/wp-json\/wp\/v2\/categories?post=4120"},{"taxonomy":"post_tag","embeddable":true,"href":"https:\/\/hub.hslu.ch\/soziale-arbeit\/wp-json\/wp\/v2\/tags?post=4120"}],"curies":[{"name":"wp","href":"https:\/\/api.w.org\/{rel}","templated":true}]}}