{"id":4245,"date":"2022-10-06T12:23:24","date_gmt":"2022-10-06T10:23:24","guid":{"rendered":"https:\/\/hub.hslu.ch\/soziale-arbeit\/?p=4245"},"modified":"2026-02-11T14:54:01","modified_gmt":"2026-02-11T13:54:01","slug":"alles-wissenswerte-zum-wettbewerb","status":"publish","type":"post","link":"https:\/\/hub.hslu.ch\/soziale-arbeit\/alles-wissenswerte-zum-wettbewerb\/","title":{"rendered":"Alles Wissenswerte zum Wettbewerb"},"content":{"rendered":"\n\n\n<p>Alles Wissenswerte zum Wettbewerb nachstehend.<br>Die richtigen Antworten lauten:<\/p>\n\n\n\n<ol class=\"wp-block-list\" type=\"1\"><li>Wann wurde das neue Kindes- und Erwachsenenschutzrecht eingef\u00fchrt? <br><strong>Am 1. Januar 2013<\/strong><\/li><li>Wie heisst das Absolventen\/-innen-Portr\u00e4t, das viele Jahre fester Bestandteil der Publikation war? <br><strong>Mein sozialer Alltag<\/strong><\/li><li>Wof\u00fcr steht das K\u00fcrzel \u00abBaBeL\u00bb? <br><strong>Basel-Bernstrasse Luzern <\/strong><br><strong>(oder ganz genau: Nachhaltige Entwicklung Basel- und Bernstrasse Luzern)<\/strong><\/li><\/ol>\n\n\n\n<p>Die Gewinner\/innen wurden ausgelost und bereits benachrichtigt. <\/p>\n\n\n\n<p>Mit dem Wettbewerb wurden soziale Organisationen unterst\u00fctzt wie der <a href=\"https:\/\/www.sentitreff.ch\/de\/\">Sentitreff<\/a>, der sich mit dem <a href=\"https:\/\/www.shopandfood.ch\/de\/\">Verein Babel<\/a> zusammen um die Integrationsarbeit im Quartier der Basel-Bernstrasse verdient macht, sowie die Stiftungen <a href=\"https:\/\/www.waerchbrogg.ch\/\">W\u00e4rchbrogg<\/a> und <a href=\"https:\/\/www.braendi.ch\/\">Br\u00e4ndi<\/a>. <\/p>\n\n\n\n<p>Wir danken herzlich f\u00fcr Ihre Treue bei der Publikation und nat\u00fcrlich auch sehr f\u00fcr Ihr Interesse am neuen Blog! Herzliche Gr\u00fcsse, Ihre Redaktion<\/p>\n","protected":false},"excerpt":{"rendered":"<p>Im Zuge der letzten Printausgabe der Publikation \u00abSoziale Arbeit\u00bb haben wir einen Wettbewerb durchgef\u00fchrt. Ganz herzlichen Dank f\u00fcr die rege Teilnahme! <\/p>\n","protected":false},"author":139,"featured_media":4247,"comment_status":"open","ping_status":"closed","sticky":false,"template":"","format":"standard","meta":{"_acf_changed":false,"inline_featured_image":false,"_relevanssi_hide_post":"","_relevanssi_hide_content":"","_relevanssi_pin_for_all":"","_relevanssi_pin_keywords":"","_relevanssi_unpin_keywords":"","_relevanssi_related_keywords":"","_relevanssi_related_include_ids":"","_relevanssi_related_exclude_ids":"","_relevanssi_related_no_append":"","_relevanssi_related_not_related":"","_relevanssi_related_posts":"","_relevanssi_noindex_reason":"","footnotes":"","_links_to":"","_links_to_target":""},"categories":[48],"tags":[],"class_list":["post-4245","post","type-post","status-publish","format-standard","has-post-thumbnail","hentry","category-allgemein"],"acf":[],"yoast_head":"<!-- This site is optimized with the Yoast SEO plugin v27.5 - https:\/\/yoast.com\/product\/yoast-seo-wordpress\/ -->\n<title>Alles Wissenswerte zum Wettbewerb &#8211; Soziale Arbeit an der Hochschule Luzern<\/title>\n<meta name=\"description\" content=\"Alles \u00fcber die Ergebnisse und Preise des Wettbewerbs aus der Publikation Soziale Arbeit erfahren Sie nachstehend.\" \/>\n<meta name=\"robots\" content=\"index, follow, max-snippet:-1, max-image-preview:large, max-video-preview:-1\" \/>\n<link rel=\"canonical\" href=\"https:\/\/hub.hslu.ch\/soziale-arbeit\/alles-wissenswerte-zum-wettbewerb\/\" \/>\n<meta property=\"og:locale\" content=\"de_DE\" \/>\n<meta property=\"og:type\" content=\"article\" \/>\n<meta property=\"og:title\" content=\"Alles Wissenswerte zum Wettbewerb &#8211; Soziale Arbeit an der Hochschule Luzern\" \/>\n<meta property=\"og:description\" content=\"Alles \u00fcber die Ergebnisse und Preise des Wettbewerbs aus der Publikation Soziale Arbeit erfahren Sie nachstehend.\" \/>\n<meta property=\"og:url\" content=\"https:\/\/hub.hslu.ch\/soziale-arbeit\/alles-wissenswerte-zum-wettbewerb\/\" \/>\n<meta property=\"og:site_name\" content=\"Soziale Arbeit an der Hochschule Luzern\" \/>\n<meta property=\"article:published_time\" content=\"2022-10-06T10:23:24+00:00\" \/>\n<meta property=\"article:modified_time\" content=\"2026-02-11T13:54:01+00:00\" \/>\n<meta property=\"og:image\" content=\"https:\/\/hub.hslu.ch\/soziale-arbeit\/wp-content\/uploads\/sites\/23\/2022\/09\/sa_ban_wettbewerb.jpg\" \/>\n\t<meta property=\"og:image:width\" content=\"1614\" \/>\n\t<meta property=\"og:image:height\" content=\"907\" \/>\n\t<meta property=\"og:image:type\" content=\"image\/jpeg\" \/>\n<meta name=\"author\" content=\"anetteeldevik\" \/>\n<meta name=\"twitter:card\" content=\"summary_large_image\" \/>\n<meta name=\"twitter:creator\" content=\"@stefanmiesch\" \/>\n<meta name=\"twitter:label1\" content=\"Geschrieben von\" \/>\n\t<meta name=\"twitter:data1\" content=\"anetteeldevik\" \/>\n\t<meta name=\"twitter:label2\" content=\"Gesch\u00e4tzte Lesezeit\" \/>\n\t<meta name=\"twitter:data2\" content=\"1\u00a0Minute\" \/>\n<script type=\"application\/ld+json\" class=\"yoast-schema-graph\">{\"@context\":\"https:\\\/\\\/schema.org\",\"@graph\":[{\"@type\":\"Article\",\"@id\":\"https:\\\/\\\/hub.hslu.ch\\\/soziale-arbeit\\\/alles-wissenswerte-zum-wettbewerb\\\/#article\",\"isPartOf\":{\"@id\":\"https:\\\/\\\/hub.hslu.ch\\\/soziale-arbeit\\\/alles-wissenswerte-zum-wettbewerb\\\/\"},\"author\":{\"name\":\"anetteeldevik\",\"@id\":\"https:\\\/\\\/hub.hslu.ch\\\/soziale-arbeit\\\/#\\\/schema\\\/person\\\/5f63e37c8c8b84af7b5325cb01f01d34\"},\"headline\":\"Alles Wissenswerte zum Wettbewerb\",\"datePublished\":\"2022-10-06T10:23:24+00:00\",\"dateModified\":\"2026-02-11T13:54:01+00:00\",\"mainEntityOfPage\":{\"@id\":\"https:\\\/\\\/hub.hslu.ch\\\/soziale-arbeit\\\/alles-wissenswerte-zum-wettbewerb\\\/\"},\"wordCount\":129,\"commentCount\":0,\"image\":{\"@id\":\"https:\\\/\\\/hub.hslu.ch\\\/soziale-arbeit\\\/alles-wissenswerte-zum-wettbewerb\\\/#primaryimage\"},\"thumbnailUrl\":\"https:\\\/\\\/hub.hslu.ch\\\/soziale-arbeit\\\/wp-content\\\/uploads\\\/sites\\\/23\\\/2022\\\/09\\\/sa_ban_wettbewerb.jpg\",\"inLanguage\":\"de-CH\",\"potentialAction\":[{\"@type\":\"CommentAction\",\"name\":\"Comment\",\"target\":[\"https:\\\/\\\/hub.hslu.ch\\\/soziale-arbeit\\\/alles-wissenswerte-zum-wettbewerb\\\/#respond\"]}]},{\"@type\":\"WebPage\",\"@id\":\"https:\\\/\\\/hub.hslu.ch\\\/soziale-arbeit\\\/alles-wissenswerte-zum-wettbewerb\\\/\",\"url\":\"https:\\\/\\\/hub.hslu.ch\\\/soziale-arbeit\\\/alles-wissenswerte-zum-wettbewerb\\\/\",\"name\":\"Alles Wissenswerte zum Wettbewerb &#8211; Soziale Arbeit an der Hochschule Luzern\",\"isPartOf\":{\"@id\":\"https:\\\/\\\/hub.hslu.ch\\\/soziale-arbeit\\\/#website\"},\"primaryImageOfPage\":{\"@id\":\"https:\\\/\\\/hub.hslu.ch\\\/soziale-arbeit\\\/alles-wissenswerte-zum-wettbewerb\\\/#primaryimage\"},\"image\":{\"@id\":\"https:\\\/\\\/hub.hslu.ch\\\/soziale-arbeit\\\/alles-wissenswerte-zum-wettbewerb\\\/#primaryimage\"},\"thumbnailUrl\":\"https:\\\/\\\/hub.hslu.ch\\\/soziale-arbeit\\\/wp-content\\\/uploads\\\/sites\\\/23\\\/2022\\\/09\\\/sa_ban_wettbewerb.jpg\",\"datePublished\":\"2022-10-06T10:23:24+00:00\",\"dateModified\":\"2026-02-11T13:54:01+00:00\",\"author\":{\"@id\":\"https:\\\/\\\/hub.hslu.ch\\\/soziale-arbeit\\\/#\\\/schema\\\/person\\\/5f63e37c8c8b84af7b5325cb01f01d34\"},\"description\":\"Alles \u00fcber die Ergebnisse und Preise des Wettbewerbs aus der Publikation Soziale Arbeit erfahren Sie nachstehend.\",\"breadcrumb\":{\"@id\":\"https:\\\/\\\/hub.hslu.ch\\\/soziale-arbeit\\\/alles-wissenswerte-zum-wettbewerb\\\/#breadcrumb\"},\"inLanguage\":\"de-CH\",\"potentialAction\":[{\"@type\":\"ReadAction\",\"target\":[\"https:\\\/\\\/hub.hslu.ch\\\/soziale-arbeit\\\/alles-wissenswerte-zum-wettbewerb\\\/\"]}]},{\"@type\":\"ImageObject\",\"inLanguage\":\"de-CH\",\"@id\":\"https:\\\/\\\/hub.hslu.ch\\\/soziale-arbeit\\\/alles-wissenswerte-zum-wettbewerb\\\/#primaryimage\",\"url\":\"https:\\\/\\\/hub.hslu.ch\\\/soziale-arbeit\\\/wp-content\\\/uploads\\\/sites\\\/23\\\/2022\\\/09\\\/sa_ban_wettbewerb.jpg\",\"contentUrl\":\"https:\\\/\\\/hub.hslu.ch\\\/soziale-arbeit\\\/wp-content\\\/uploads\\\/sites\\\/23\\\/2022\\\/09\\\/sa_ban_wettbewerb.jpg\",\"width\":1614,\"height\":907,\"caption\":\"Illustration eines Vogels\"},{\"@type\":\"BreadcrumbList\",\"@id\":\"https:\\\/\\\/hub.hslu.ch\\\/soziale-arbeit\\\/alles-wissenswerte-zum-wettbewerb\\\/#breadcrumb\",\"itemListElement\":[{\"@type\":\"ListItem\",\"position\":1,\"name\":\"Home\",\"item\":\"https:\\\/\\\/hub.hslu.ch\\\/soziale-arbeit\\\/\"},{\"@type\":\"ListItem\",\"position\":2,\"name\":\"Alles Wissenswerte zum Wettbewerb\"}]},{\"@type\":\"WebSite\",\"@id\":\"https:\\\/\\\/hub.hslu.ch\\\/soziale-arbeit\\\/#website\",\"url\":\"https:\\\/\\\/hub.hslu.ch\\\/soziale-arbeit\\\/\",\"name\":\"Soziale Arbeit an der Hochschule Luzern\",\"description\":\"Der Blog der Hochschule Luzern \u2013 Soziale Arbeit\",\"potentialAction\":[{\"@type\":\"SearchAction\",\"target\":{\"@type\":\"EntryPoint\",\"urlTemplate\":\"https:\\\/\\\/hub.hslu.ch\\\/soziale-arbeit\\\/?s={search_term_string}\"},\"query-input\":{\"@type\":\"PropertyValueSpecification\",\"valueRequired\":true,\"valueName\":\"search_term_string\"}}],\"inLanguage\":\"de-CH\"},{\"@type\":\"Person\",\"@id\":\"https:\\\/\\\/hub.hslu.ch\\\/soziale-arbeit\\\/#\\\/schema\\\/person\\\/5f63e37c8c8b84af7b5325cb01f01d34\",\"name\":\"anetteeldevik\",\"sameAs\":[\"https:\\\/\\\/x.com\\\/stefanmiesch\"]}]}<\/script>\n<!-- \/ Yoast SEO plugin. -->","yoast_head_json":{"title":"Alles Wissenswerte zum Wettbewerb &#8211; Soziale Arbeit an der Hochschule Luzern","description":"Alles \u00fcber die Ergebnisse und Preise des Wettbewerbs aus der Publikation Soziale Arbeit erfahren Sie nachstehend.","robots":{"index":"index","follow":"follow","max-snippet":"max-snippet:-1","max-image-preview":"max-image-preview:large","max-video-preview":"max-video-preview:-1"},"canonical":"https:\/\/hub.hslu.ch\/soziale-arbeit\/alles-wissenswerte-zum-wettbewerb\/","og_locale":"de_DE","og_type":"article","og_title":"Alles Wissenswerte zum Wettbewerb &#8211; Soziale Arbeit an der Hochschule Luzern","og_description":"Alles \u00fcber die Ergebnisse und Preise des Wettbewerbs aus der Publikation Soziale Arbeit erfahren Sie nachstehend.","og_url":"https:\/\/hub.hslu.ch\/soziale-arbeit\/alles-wissenswerte-zum-wettbewerb\/","og_site_name":"Soziale Arbeit an der Hochschule Luzern","article_published_time":"2022-10-06T10:23:24+00:00","article_modified_time":"2026-02-11T13:54:01+00:00","og_image":[{"width":1614,"height":907,"url":"https:\/\/hub.hslu.ch\/soziale-arbeit\/wp-content\/uploads\/sites\/23\/2022\/09\/sa_ban_wettbewerb.jpg","type":"image\/jpeg"}],"author":"anetteeldevik","twitter_card":"summary_large_image","twitter_creator":"@stefanmiesch","twitter_misc":{"Geschrieben von":"anetteeldevik","Gesch\u00e4tzte Lesezeit":"1\u00a0Minute"},"schema":{"@context":"https:\/\/schema.org","@graph":[{"@type":"Article","@id":"https:\/\/hub.hslu.ch\/soziale-arbeit\/alles-wissenswerte-zum-wettbewerb\/#article","isPartOf":{"@id":"https:\/\/hub.hslu.ch\/soziale-arbeit\/alles-wissenswerte-zum-wettbewerb\/"},"author":{"name":"anetteeldevik","@id":"https:\/\/hub.hslu.ch\/soziale-arbeit\/#\/schema\/person\/5f63e37c8c8b84af7b5325cb01f01d34"},"headline":"Alles Wissenswerte zum Wettbewerb","datePublished":"2022-10-06T10:23:24+00:00","dateModified":"2026-02-11T13:54:01+00:00","mainEntityOfPage":{"@id":"https:\/\/hub.hslu.ch\/soziale-arbeit\/alles-wissenswerte-zum-wettbewerb\/"},"wordCount":129,"commentCount":0,"image":{"@id":"https:\/\/hub.hslu.ch\/soziale-arbeit\/alles-wissenswerte-zum-wettbewerb\/#primaryimage"},"thumbnailUrl":"https:\/\/hub.hslu.ch\/soziale-arbeit\/wp-content\/uploads\/sites\/23\/2022\/09\/sa_ban_wettbewerb.jpg","inLanguage":"de-CH","potentialAction":[{"@type":"CommentAction","name":"Comment","target":["https:\/\/hub.hslu.ch\/soziale-arbeit\/alles-wissenswerte-zum-wettbewerb\/#respond"]}]},{"@type":"WebPage","@id":"https:\/\/hub.hslu.ch\/soziale-arbeit\/alles-wissenswerte-zum-wettbewerb\/","url":"https:\/\/hub.hslu.ch\/soziale-arbeit\/alles-wissenswerte-zum-wettbewerb\/","name":"Alles Wissenswerte zum Wettbewerb &#8211; Soziale Arbeit an der Hochschule Luzern","isPartOf":{"@id":"https:\/\/hub.hslu.ch\/soziale-arbeit\/#website"},"primaryImageOfPage":{"@id":"https:\/\/hub.hslu.ch\/soziale-arbeit\/alles-wissenswerte-zum-wettbewerb\/#primaryimage"},"image":{"@id":"https:\/\/hub.hslu.ch\/soziale-arbeit\/alles-wissenswerte-zum-wettbewerb\/#primaryimage"},"thumbnailUrl":"https:\/\/hub.hslu.ch\/soziale-arbeit\/wp-content\/uploads\/sites\/23\/2022\/09\/sa_ban_wettbewerb.jpg","datePublished":"2022-10-06T10:23:24+00:00","dateModified":"2026-02-11T13:54:01+00:00","author":{"@id":"https:\/\/hub.hslu.ch\/soziale-arbeit\/#\/schema\/person\/5f63e37c8c8b84af7b5325cb01f01d34"},"description":"Alles \u00fcber die Ergebnisse und Preise des Wettbewerbs aus der Publikation Soziale Arbeit erfahren Sie nachstehend.","breadcrumb":{"@id":"https:\/\/hub.hslu.ch\/soziale-arbeit\/alles-wissenswerte-zum-wettbewerb\/#breadcrumb"},"inLanguage":"de-CH","potentialAction":[{"@type":"ReadAction","target":["https:\/\/hub.hslu.ch\/soziale-arbeit\/alles-wissenswerte-zum-wettbewerb\/"]}]},{"@type":"ImageObject","inLanguage":"de-CH","@id":"https:\/\/hub.hslu.ch\/soziale-arbeit\/alles-wissenswerte-zum-wettbewerb\/#primaryimage","url":"https:\/\/hub.hslu.ch\/soziale-arbeit\/wp-content\/uploads\/sites\/23\/2022\/09\/sa_ban_wettbewerb.jpg","contentUrl":"https:\/\/hub.hslu.ch\/soziale-arbeit\/wp-content\/uploads\/sites\/23\/2022\/09\/sa_ban_wettbewerb.jpg","width":1614,"height":907,"caption":"Illustration eines Vogels"},{"@type":"BreadcrumbList","@id":"https:\/\/hub.hslu.ch\/soziale-arbeit\/alles-wissenswerte-zum-wettbewerb\/#breadcrumb","itemListElement":[{"@type":"ListItem","position":1,"name":"Home","item":"https:\/\/hub.hslu.ch\/soziale-arbeit\/"},{"@type":"ListItem","position":2,"name":"Alles Wissenswerte zum Wettbewerb"}]},{"@type":"WebSite","@id":"https:\/\/hub.hslu.ch\/soziale-arbeit\/#website","url":"https:\/\/hub.hslu.ch\/soziale-arbeit\/","name":"Soziale Arbeit an der Hochschule Luzern","description":"Der Blog der Hochschule Luzern \u2013 Soziale Arbeit","potentialAction":[{"@type":"SearchAction","target":{"@type":"EntryPoint","urlTemplate":"https:\/\/hub.hslu.ch\/soziale-arbeit\/?s={search_term_string}"},"query-input":{"@type":"PropertyValueSpecification","valueRequired":true,"valueName":"search_term_string"}}],"inLanguage":"de-CH"},{"@type":"Person","@id":"https:\/\/hub.hslu.ch\/soziale-arbeit\/#\/schema\/person\/5f63e37c8c8b84af7b5325cb01f01d34","name":"anetteeldevik","sameAs":["https:\/\/x.com\/stefanmiesch"]}]}},"featured_image_src":"https:\/\/hub.hslu.ch\/soziale-arbeit\/wp-content\/uploads\/sites\/23\/2022\/09\/sa_ban_wettbewerb.jpg","featured_image_src_square":"https:\/\/hub.hslu.ch\/soziale-arbeit\/wp-content\/uploads\/sites\/23\/2022\/09\/sa_ban_wettbewerb.jpg","author_info":{"display_name":"anetteeldevik","author_link":"https:\/\/hub.hslu.ch\/soziale-arbeit\/author\/anetteeldevik\/"},"_links":{"self":[{"href":"https:\/\/hub.hslu.ch\/soziale-arbeit\/wp-json\/wp\/v2\/posts\/4245","targetHints":{"allow":["GET"]}}],"collection":[{"href":"https:\/\/hub.hslu.ch\/soziale-arbeit\/wp-json\/wp\/v2\/posts"}],"about":[{"href":"https:\/\/hub.hslu.ch\/soziale-arbeit\/wp-json\/wp\/v2\/types\/post"}],"author":[{"embeddable":true,"href":"https:\/\/hub.hslu.ch\/soziale-arbeit\/wp-json\/wp\/v2\/users\/139"}],"replies":[{"embeddable":true,"href":"https:\/\/hub.hslu.ch\/soziale-arbeit\/wp-json\/wp\/v2\/comments?post=4245"}],"version-history":[{"count":20,"href":"https:\/\/hub.hslu.ch\/soziale-arbeit\/wp-json\/wp\/v2\/posts\/4245\/revisions"}],"predecessor-version":[{"id":12921,"href":"https:\/\/hub.hslu.ch\/soziale-arbeit\/wp-json\/wp\/v2\/posts\/4245\/revisions\/12921"}],"wp:featuredmedia":[{"embeddable":true,"href":"https:\/\/hub.hslu.ch\/soziale-arbeit\/wp-json\/wp\/v2\/media\/4247"}],"wp:attachment":[{"href":"https:\/\/hub.hslu.ch\/soziale-arbeit\/wp-json\/wp\/v2\/media?parent=4245"}],"wp:term":[{"taxonomy":"category","embeddable":true,"href":"https:\/\/hub.hslu.ch\/soziale-arbeit\/wp-json\/wp\/v2\/categories?post=4245"},{"taxonomy":"post_tag","embeddable":true,"href":"https:\/\/hub.hslu.ch\/soziale-arbeit\/wp-json\/wp\/v2\/tags?post=4245"}],"curies":[{"name":"wp","href":"https:\/\/api.w.org\/{rel}","templated":true}]}}