{"id":4274,"date":"2022-09-27T09:09:01","date_gmt":"2022-09-27T07:09:01","guid":{"rendered":"https:\/\/hub.hslu.ch\/soziale-arbeit\/?p=4274"},"modified":"2026-02-11T14:54:03","modified_gmt":"2026-02-11T13:54:03","slug":"nahid-haidari-gibt-fluechtlingen-eine-stimme","status":"publish","type":"post","link":"https:\/\/hub.hslu.ch\/soziale-arbeit\/nahid-haidari-gibt-fluechtlingen-eine-stimme\/","title":{"rendered":"Nahid Haidari gibt Fl\u00fcchtlingen eine Stimme"},"content":{"rendered":"\n\n\n<p>Nach der grossen Sommerpause ist auf dem Campus der Hochschule Luzern \u2013 Soziale Arbeit wieder Leben eingekehrt. 206 neue Studierende nahmen das Studium in Angriff. W\u00e4hrend die Ausbildung f\u00fcr die einen beginnt, endet sie f\u00fcr die anderen erfolgreich. An der Diplomfeier im Verkehrshaus der Schweiz erhielten <a href=\"https:\/\/www.hslu.ch\/de-ch\/hochschule-luzern\/ueber-uns\/medien\/medienmitteilungen\/2022\/09\/16\/diplomfeier-soziale-arbeit\/\">112 Bachelor- und neun Master-Absolventinnen und -Absolventen<\/a> ihr lang ersehntes Abschlussdiplom. Zudem wurde die Bachelor-Studentin Nahid Haidari f\u00fcr ihr ehrenamtliches Engagement f\u00fcr das Fl\u00fcchtlingsparlament mit dem <a href=\"https:\/\/www.hslu.ch\/de-ch\/soziale-arbeit\/campus\/student-award-for-excellence\/\">Student Award for Excellence<\/a>&nbsp;geehrt.<\/p>\n\n\n\n<h2 class=\"wp-block-heading\"><strong>Student Award f\u00fcr ausserordentliches Engagement<\/strong><\/h2>\n\n\n\n<p>Jedes Jahr verleiht eine Jury aus Studierenden, Dozierenden, wissenschaftlichen Mitarbeitenden und Alumni den Student Award f\u00fcr ein besonderes Engagement oder eine wertvolle studentische Innovation. In diesem Jahr hatte die Jury die M\u00f6glichkeit, sieben spannende Projekte zu bewerten. Die diesj\u00e4hrige Preistr\u00e4gerin Nahid Haidari setzt sich f\u00fcr Menschen ein, \u00fcber die viel gesprochen wird, die aber selbst wenig Geh\u00f6r erhalten.<\/p>\n\n\n\n<p>Haidari ist Studentin der Soziokultur und engagierte sich 2021 als Freiwillige und Kommissionsvorsitzende bei der Ideenfindung und Umsetzung des ersten <a href=\"https:\/\/xn--flchtlingsparlament-schweiz-j3c.ch\/\">Fl\u00fcchtlingsparlaments der Schweiz<\/a>. Gefl\u00fcchtete Menschen sind in der Schweiz nicht stimm- und wahlberechtigt und haben auch sonst wenig M\u00f6glichkeiten, geh\u00f6rt zu werden. Durch das Fl\u00fcchtlingsparlament bekommen sie die Chance, ihre Anliegen in die Politik einzubringen. Im Mai 2022 war Haidari als Mitorganisatorin und Koordinatorin des zweiten nationalen Fl\u00fcchtlingsparlaments t\u00e4tig und \u00fcbernahm dort neben anderen Aufgaben auch die Rolle der Moderatorin. Nahid Haidari hat selbst Fluchterfahrung und kam 2012 in die Schweiz.<\/p>\n\n\n\n<p>Der Student Award for Excellence ist mit einem Preisgeld in der H\u00f6he von CHF 1\u2018000 dotiert und wird von den Alumni Hochschule Luzern gesponsert. Auch im n\u00e4chsten Jahr wird wieder ein Projekt pr\u00e4miert, und hoffentlich gibt es wieder viele spannende <a href=\"https:\/\/www.hslu.ch\/de-ch\/soziale-arbeit\/campus\/student-award-for-excellence\/\">Bewerbungen<\/a>.<\/p>\n\n\n\n<p>Zwar wurde nur ein Projekt ausgezeichnet, doch es lohnt sich, alle nominierten Projekte kurz vorzustellen:<\/p>\n\n\n\n<div class=\"wp-block-genesis-blocks-gb-accordion gb-block-accordion\"><details><summary class=\"gb-accordion-title\"><strong>Stefanie Boo beseitigt mit <a href=\"https:\/\/chn-opf.ch\/\">\u00abchn.opf\u00bb<\/a> H\u00fcrden bei der Beziehungssuche<\/strong><\/summary><div class=\"gb-accordion-text\">\n<p class=\"has-background\" style=\"background-color:#f2f2f2\">Das Projekt <a href=\"https:\/\/chn-opf.ch\/\">\u00abchn.opf\u00bb<\/a> unterst\u00fctzt Singles und Menschen mit einem Beziehungswunsch, andere mit dem gleichen Wunsch zu erkennen. Durch Buttons erkennt das Gegen\u00fcber die Beziehungsform und\/oder die sexuelle Orientierung. Das erleichtert das gegenseitige Finden im realen Leben.<\/p>\n<\/div><\/details><\/div>\n\n\n\n<div class=\"wp-block-genesis-blocks-gb-accordion gb-block-accordion\"><details><summary class=\"gb-accordion-title\"><strong>Malek Ossi setzt sich mit dem <\/strong><a href=\"https:\/\/alarmphone.ch\/\"><strong>\u00abAlarmphone\u00bb <\/strong><\/a><strong>f\u00fcr Fl\u00fcchtlinge ein<\/strong><\/summary><div class=\"gb-accordion-text\">\n<p class=\"has-background\" style=\"background-color:#f2f2f2\">Malek Ossiengagiert sich in diversen Projekten im Bereich Migrationspolitik: So beispielsweise beim <a href=\"https:\/\/alarmphone.ch\/\">Alarmphone<\/a> Schweiz, mit dem Fl\u00fcchtenden in Seenot eine M\u00f6glichkeit geboten wird, ihren Hilferuf an die zust\u00e4ndigen K\u00fcstenwachen zu \u00fcbermitteln. Weiter schreibt Malek Ossi f\u00fcr die <a href=\"https:\/\/www.papierlosezeitung.ch\/de\">Papierlosenzeitung<\/a> und ist Pressesprecher des <a href=\"https:\/\/www.woz.ch\/-c56e\">No-Frontex-Referendumskomitees<\/a>.<\/p>\n<\/div><\/details><\/div>\n\n\n\n<div class=\"wp-block-genesis-blocks-gb-accordion gb-block-accordion\"><details><summary class=\"gb-accordion-title\"><strong>Tatjana Nikolic hat das <\/strong><a href=\"https:\/\/telefon-gegen-gewalt.ch\/\"><strong>\u00abTelefon gegen Gewalt\u00bb<\/strong><\/a><strong> mitentwickelt<\/strong><\/summary><div class=\"gb-accordion-text\">\n<p class=\"has-background\" style=\"background-color:#f2f2f2\">Tatjana Nikolic ist Mitinitiantin von <a href=\"https:\/\/www.telefon-gegen-gewalt.ch\">TGG \u2013 Telefon gegen Gewalt<\/a>. Es ist eine anonyme, kostenlose Telefonberatung f\u00fcr gewaltbetroffene Frauen, welche zu den Zeiten ge\u00f6ffnet ist, in welchen andere Angebote nicht erreichbar sind.<\/p>\n<\/div><\/details><\/div>\n\n\n\n<div class=\"wp-block-genesis-blocks-gb-accordion gb-block-accordion\"><details><summary class=\"gb-accordion-title\"><strong>Markus Fl\u00fcck ist Mitinitiant der Zwischennutzung <\/strong><a href=\"https:\/\/vorpark.ch\/\"><strong>\u00abVorPark\u00bb<\/strong><\/a><\/summary><div class=\"gb-accordion-text\">\n<p class=\"has-background\" style=\"background-color:#f2f2f2\">Markus Fl\u00fcck ist Mitinitiant und Co-Pr\u00e4sident der Zwischennutzung \u00ab<a href=\"https:\/\/vorpark.ch\/\">VorPark\u00bb<\/a> in Bern Holligen sowie Mitorganisator des <a href=\"https:\/\/holligenfest.ch\">\u00abHolligenFest\u00bb<\/a>. Die Zwischennutzung schl\u00e4gt im Quartier eine Br\u00fccke von dem, was war, zu dem, was kommt.<\/p>\n<\/div><\/details><\/div>\n\n\n\n<div class=\"wp-block-genesis-blocks-gb-accordion gb-block-accordion\"><details><summary class=\"gb-accordion-title\"><strong>Manuela Bader entwickelte das \u00abRessourcentool der Lebensbereiche\u00bb f\u00fcr Menschen mit Beeintr\u00e4chtigungen<\/strong><\/summary><div class=\"gb-accordion-text\">\n<p class=\"has-background\" style=\"background-color:#f2f2f2\">Im Bereich der gesch\u00fctzten Arbeitspl\u00e4tze ist immer wieder festzustellen, dass Klient\/innen mehrheitlich nur besch\u00e4ftigt werden. Auf dem Weg in eine inklusive Gesellschaft ist es jedoch n\u00f6tig, betroffene Personen individuell in ihrer Handlungsf\u00e4higkeit und Selbstbestimmung zu bef\u00e4higen. Das \u201eRessourcentool der Lebensbereiche\u201c hilft, indem es Menschen mit Beeintr\u00e4chtigung in verschiedenen Bereichen abholt und ihnen Entwicklungsm\u00f6glichkeiten bietet.<\/p>\n<\/div><\/details><\/div>\n\n\n\n<div class=\"wp-block-genesis-blocks-gb-accordion gb-block-accordion\"><details><summary class=\"gb-accordion-title\"><strong>Rahel Obrist und Cosima Kehl haben die <a href=\"https:\/\/www.madamefrigo.ch\/de\/\">\u00abMadame Frigo\u00bb<\/a>-K\u00fchlschr\u00e4nke an der Hochschule Luzern eingef\u00fchrt<\/strong><\/summary><div class=\"gb-accordion-text\">\n<p class=\"has-background\" style=\"background-color:#f2f2f2\">Obrist und Kehl haben einen K\u00fchlschrank von Madame Frigo an der Hochschule Luzern \u2013 Soziale Arbeit aufgestellt und unterhalten ihn. Im K\u00fchlschrank k\u00f6nnen alle ihre Lebensmittel, die sie zu Hause nicht selbst verwenden, anderen kostenlos zur Verf\u00fcgung stellen und so Food Waste reduzieren.<\/p>\n<\/div><\/details><\/div>\n\n\n\n<p>Von: <a href=\"https:\/\/rogerettlin.ch\/\">Roger Ettlin<\/a><br>Ver\u00f6ffentlicht am: 27. September 2022<\/p>\n\n\n<div class=\"blue-box\">\n\t<div class=\"row\">\n\t\t<div class=\"col-md-12\">\n\t\t\t<p><strong>Bilden Sie sich aus und weiter<\/strong>: Die Hochschule Luzern \u2013 Soziale Arbeit bietet\u00a0<a href=\"https:\/\/www.hslu.ch\/de-ch\/soziale-arbeit\/studium\/\" target=\"_blank\" rel=\"noopener\">Bachelor- und Master-Studieng\u00e4nge<\/a>\u00a0sowie\u00a0<a href=\"https:\/\/www.hslu.ch\/de-ch\/soziale-arbeit\/weiterbildung\/#?filters=102\" target=\"_blank\" rel=\"noopener\">Weiterbildungsangebote<\/a>\u00a0in den Richtungen Sozialp\u00e4dagogik, Soziokultur und Soziale Arbeit.<\/p>\n<ul>\n<li><strong>Sie interessieren sich f\u00fcr ein Studium in Sozialer Arbeit?<\/strong>\u00a0<a href=\"https:\/\/www.hslu.ch\/de-ch\/soziale-arbeit\/studium\/bachelor\/soziale-arbeit\/anmeldung-aufnahmeverfahren-und-gebuehren\/\">Anmeldung: Bachelor in Sozialer Arbeit<\/a><\/li>\n<li><strong>Der neue Bachelor in Sozialer Arbeit:<\/strong> Der\u00a0<a href=\"https:\/\/www.hslu.ch\/de-ch\/soziale-arbeit\/studium\/bachelor\/soziale-arbeit-neue-konzepte-und-innovation\/\">Bachelor in Sozialer Arbeit mit Schwerpunkt neue Konzepte und Innovation<\/a> startet im Fr\u00fchlingssemester 2023.<\/li>\n<li><strong>Noch nicht sicher?<\/strong> <a href=\"https:\/\/www.hslu.ch\/de-ch\/soziale-arbeit\/studium\/bachelor\/soziale-arbeit\/\">Besuche eine Info-Veranstaltung<\/a><\/li>\n<\/ul>\n<p><span class=\"TextRun SCXO68718922 BCX0\" lang=\"DE-DE\" xml:lang=\"DE-DE\" data-contrast=\"auto\"><span class=\"NormalTextRun SCXO68718922 BCX0\"><strong>Newsletter Abo:<\/strong>\u00a0<\/span><\/span><span class=\"TextRun SCXO68718922 BCX0\" lang=\"DE-DE\" xml:lang=\"DE-DE\" data-contrast=\"auto\"><span class=\"NormalTextRun SCXO68718922 BCX0\">In unserem Blog erfahren Sie mehr \u00fcber Menschen, Veranstaltungen und Trends aus der Welt der Sozialen Arbeit<\/span><\/span><span class=\"TextRun SCXO68718922 BCX0\" lang=\"DE-DE\" xml:lang=\"DE-DE\" data-contrast=\"auto\"><span class=\"NormalTextRun SCXO68718922 BCX0\">:\u00a0<\/span><\/span><a class=\"Hyperlink SCXO68718922 BCX0\" href=\"https:\/\/www.hslu.ch\/de-ch\/soziale-arbeit\/ueber-uns\/newsletter-soziale-arbeit\" target=\"_blank\" rel=\"noreferrer noopener\"><span class=\"TextRun SCXO68718922 BCX0\" lang=\"DE-DE\" xml:lang=\"DE-DE\" data-contrast=\"auto\"><span class=\"NormalTextRun SCXO68718922 BCX0\">Abonnieren Sie jetzt unseren Blog<\/span><\/span><\/a><span class=\"TextRun SCXO68718922 BCX0\" lang=\"DE-DE\" xml:lang=\"DE-DE\" data-contrast=\"auto\"><span class=\"NormalTextRun SCXO68718922 BCX0\">!<\/span><\/span><span class=\"EOP SCXO68718922 BCX0\">\u00a0<\/span><\/p>\n\t\t<\/div>\n\t<\/div>\n<\/div>\n","protected":false},"excerpt":{"rendered":"<p>Im Rahmen der Abschlussfeier vom 15. September 2022 wurde Nahid Haidari mit dem Student Award ausgezeichnet. Geehrt wurde sie f\u00fcr ihren Einsatz f\u00fcr das Fl\u00fcchtlingsparlament, das Gefl\u00fcchteten eine politische Stimme gibt.<\/p>\n","protected":false},"author":152,"featured_media":4281,"comment_status":"open","ping_status":"closed","sticky":false,"template":"","format":"standard","meta":{"_acf_changed":false,"inline_featured_image":false,"_relevanssi_hide_post":"","_relevanssi_hide_content":"","_relevanssi_pin_for_all":"","_relevanssi_pin_keywords":"","_relevanssi_unpin_keywords":"","_relevanssi_related_keywords":"","_relevanssi_related_include_ids":"","_relevanssi_related_exclude_ids":"","_relevanssi_related_no_append":"","_relevanssi_related_not_related":"","_relevanssi_related_posts":"4781,4795,4715,4670,4585,4563","_relevanssi_noindex_reason":"","footnotes":"","_links_to":"","_links_to_target":""},"categories":[7],"tags":[248,96,329,150,314,244],"class_list":["post-4274","post","type-post","status-publish","format-standard","has-post-thumbnail","hentry","category-ausbildung","tag-asyl-und-fluechtlingsarbeit","tag-bachelor-in-sozialer-arbeit","tag-diplomfeier","tag-migration","tag-student-award","tag-studium"],"acf":[],"yoast_head":"<!-- This site is optimized with the Yoast SEO plugin v27.5 - https:\/\/yoast.com\/product\/yoast-seo-wordpress\/ -->\n<title>Nahid Haidari gibt Fl\u00fcchtlingen eine Stimme &#8211; Soziale Arbeit an der Hochschule Luzern<\/title>\n<meta name=\"description\" content=\"Im Rahmen der Abschlussfeier vom 15. September 2022 wurde Nahid Haidari mit dem Student Award ausgezeichnet. Geehrt wurde sie f\u00fcr ihren Einsatz f\u00fcr das Fl\u00fcchtlingsparlament, das Gefl\u00fcchteten eine politische Stimme gibt.\" \/>\n<meta name=\"robots\" content=\"index, follow, max-snippet:-1, max-image-preview:large, max-video-preview:-1\" \/>\n<link rel=\"canonical\" href=\"https:\/\/hub.hslu.ch\/soziale-arbeit\/nahid-haidari-gibt-fluechtlingen-eine-stimme\/\" \/>\n<meta property=\"og:locale\" content=\"de_DE\" \/>\n<meta property=\"og:type\" content=\"article\" \/>\n<meta property=\"og:title\" content=\"Nahid Haidari gibt Fl\u00fcchtlingen eine Stimme &#8211; Soziale Arbeit an der Hochschule Luzern\" \/>\n<meta property=\"og:description\" content=\"Im Rahmen der Abschlussfeier vom 15. September 2022 wurde Nahid Haidari mit dem Student Award ausgezeichnet. Geehrt wurde sie f\u00fcr ihren Einsatz f\u00fcr das Fl\u00fcchtlingsparlament, das Gefl\u00fcchteten eine politische Stimme gibt.\" \/>\n<meta property=\"og:url\" content=\"https:\/\/hub.hslu.ch\/soziale-arbeit\/nahid-haidari-gibt-fluechtlingen-eine-stimme\/\" \/>\n<meta property=\"og:site_name\" content=\"Soziale Arbeit an der Hochschule Luzern\" \/>\n<meta property=\"article:published_time\" content=\"2022-09-27T07:09:01+00:00\" \/>\n<meta property=\"article:modified_time\" content=\"2026-02-11T13:54:03+00:00\" \/>\n<meta property=\"og:image\" content=\"https:\/\/hub.hslu.ch\/soziale-arbeit\/wp-content\/uploads\/sites\/23\/2022\/09\/Studentaward2.jpg\" \/>\n\t<meta property=\"og:image:width\" content=\"1614\" \/>\n\t<meta property=\"og:image:height\" content=\"907\" \/>\n\t<meta property=\"og:image:type\" content=\"image\/jpeg\" \/>\n<meta name=\"author\" content=\"Roger Ettlin\" \/>\n<meta name=\"twitter:card\" content=\"summary_large_image\" \/>\n<meta name=\"twitter:label1\" content=\"Geschrieben von\" \/>\n\t<meta name=\"twitter:data1\" content=\"Roger Ettlin\" \/>\n\t<meta name=\"twitter:label2\" content=\"Gesch\u00e4tzte Lesezeit\" \/>\n\t<meta name=\"twitter:data2\" content=\"4\u00a0Minuten\" \/>\n<script type=\"application\/ld+json\" class=\"yoast-schema-graph\">{\"@context\":\"https:\\\/\\\/schema.org\",\"@graph\":[{\"@type\":\"Article\",\"@id\":\"https:\\\/\\\/hub.hslu.ch\\\/soziale-arbeit\\\/nahid-haidari-gibt-fluechtlingen-eine-stimme\\\/#article\",\"isPartOf\":{\"@id\":\"https:\\\/\\\/hub.hslu.ch\\\/soziale-arbeit\\\/nahid-haidari-gibt-fluechtlingen-eine-stimme\\\/\"},\"author\":{\"name\":\"Roger Ettlin\",\"@id\":\"https:\\\/\\\/hub.hslu.ch\\\/soziale-arbeit\\\/#\\\/schema\\\/person\\\/0d13e861725ae87916921d6d018489e4\"},\"headline\":\"Nahid Haidari gibt Fl\u00fcchtlingen eine Stimme\",\"datePublished\":\"2022-09-27T07:09:01+00:00\",\"dateModified\":\"2026-02-11T13:54:03+00:00\",\"mainEntityOfPage\":{\"@id\":\"https:\\\/\\\/hub.hslu.ch\\\/soziale-arbeit\\\/nahid-haidari-gibt-fluechtlingen-eine-stimme\\\/\"},\"wordCount\":653,\"commentCount\":0,\"image\":{\"@id\":\"https:\\\/\\\/hub.hslu.ch\\\/soziale-arbeit\\\/nahid-haidari-gibt-fluechtlingen-eine-stimme\\\/#primaryimage\"},\"thumbnailUrl\":\"https:\\\/\\\/hub.hslu.ch\\\/soziale-arbeit\\\/wp-content\\\/uploads\\\/sites\\\/23\\\/2022\\\/09\\\/Studentaward2.jpg\",\"keywords\":[\"Asyl- und Fl\u00fcchtlingsarbeit\",\"Bachelor in Sozialer Arbeit\",\"Diplomfeier\",\"Migration\",\"Student Award\",\"Studium\"],\"articleSection\":[\"Studium\"],\"inLanguage\":\"de-CH\",\"potentialAction\":[{\"@type\":\"CommentAction\",\"name\":\"Comment\",\"target\":[\"https:\\\/\\\/hub.hslu.ch\\\/soziale-arbeit\\\/nahid-haidari-gibt-fluechtlingen-eine-stimme\\\/#respond\"]}]},{\"@type\":\"WebPage\",\"@id\":\"https:\\\/\\\/hub.hslu.ch\\\/soziale-arbeit\\\/nahid-haidari-gibt-fluechtlingen-eine-stimme\\\/\",\"url\":\"https:\\\/\\\/hub.hslu.ch\\\/soziale-arbeit\\\/nahid-haidari-gibt-fluechtlingen-eine-stimme\\\/\",\"name\":\"Nahid Haidari gibt Fl\u00fcchtlingen eine Stimme &#8211; Soziale Arbeit an der Hochschule Luzern\",\"isPartOf\":{\"@id\":\"https:\\\/\\\/hub.hslu.ch\\\/soziale-arbeit\\\/#website\"},\"primaryImageOfPage\":{\"@id\":\"https:\\\/\\\/hub.hslu.ch\\\/soziale-arbeit\\\/nahid-haidari-gibt-fluechtlingen-eine-stimme\\\/#primaryimage\"},\"image\":{\"@id\":\"https:\\\/\\\/hub.hslu.ch\\\/soziale-arbeit\\\/nahid-haidari-gibt-fluechtlingen-eine-stimme\\\/#primaryimage\"},\"thumbnailUrl\":\"https:\\\/\\\/hub.hslu.ch\\\/soziale-arbeit\\\/wp-content\\\/uploads\\\/sites\\\/23\\\/2022\\\/09\\\/Studentaward2.jpg\",\"datePublished\":\"2022-09-27T07:09:01+00:00\",\"dateModified\":\"2026-02-11T13:54:03+00:00\",\"author\":{\"@id\":\"https:\\\/\\\/hub.hslu.ch\\\/soziale-arbeit\\\/#\\\/schema\\\/person\\\/0d13e861725ae87916921d6d018489e4\"},\"description\":\"Im Rahmen der Abschlussfeier vom 15. September 2022 wurde Nahid Haidari mit dem Student Award ausgezeichnet. Geehrt wurde sie f\u00fcr ihren Einsatz f\u00fcr das Fl\u00fcchtlingsparlament, das Gefl\u00fcchteten eine politische Stimme gibt.\",\"breadcrumb\":{\"@id\":\"https:\\\/\\\/hub.hslu.ch\\\/soziale-arbeit\\\/nahid-haidari-gibt-fluechtlingen-eine-stimme\\\/#breadcrumb\"},\"inLanguage\":\"de-CH\",\"potentialAction\":[{\"@type\":\"ReadAction\",\"target\":[\"https:\\\/\\\/hub.hslu.ch\\\/soziale-arbeit\\\/nahid-haidari-gibt-fluechtlingen-eine-stimme\\\/\"]}]},{\"@type\":\"ImageObject\",\"inLanguage\":\"de-CH\",\"@id\":\"https:\\\/\\\/hub.hslu.ch\\\/soziale-arbeit\\\/nahid-haidari-gibt-fluechtlingen-eine-stimme\\\/#primaryimage\",\"url\":\"https:\\\/\\\/hub.hslu.ch\\\/soziale-arbeit\\\/wp-content\\\/uploads\\\/sites\\\/23\\\/2022\\\/09\\\/Studentaward2.jpg\",\"contentUrl\":\"https:\\\/\\\/hub.hslu.ch\\\/soziale-arbeit\\\/wp-content\\\/uploads\\\/sites\\\/23\\\/2022\\\/09\\\/Studentaward2.jpg\",\"width\":1614,\"height\":907,\"caption\":\"Studentaward Nahid Haidari\"},{\"@type\":\"BreadcrumbList\",\"@id\":\"https:\\\/\\\/hub.hslu.ch\\\/soziale-arbeit\\\/nahid-haidari-gibt-fluechtlingen-eine-stimme\\\/#breadcrumb\",\"itemListElement\":[{\"@type\":\"ListItem\",\"position\":1,\"name\":\"Home\",\"item\":\"https:\\\/\\\/hub.hslu.ch\\\/soziale-arbeit\\\/\"},{\"@type\":\"ListItem\",\"position\":2,\"name\":\"Nahid Haidari gibt Fl\u00fcchtlingen eine Stimme\"}]},{\"@type\":\"WebSite\",\"@id\":\"https:\\\/\\\/hub.hslu.ch\\\/soziale-arbeit\\\/#website\",\"url\":\"https:\\\/\\\/hub.hslu.ch\\\/soziale-arbeit\\\/\",\"name\":\"Soziale Arbeit an der Hochschule Luzern\",\"description\":\"Der Blog der Hochschule Luzern \u2013 Soziale Arbeit\",\"potentialAction\":[{\"@type\":\"SearchAction\",\"target\":{\"@type\":\"EntryPoint\",\"urlTemplate\":\"https:\\\/\\\/hub.hslu.ch\\\/soziale-arbeit\\\/?s={search_term_string}\"},\"query-input\":{\"@type\":\"PropertyValueSpecification\",\"valueRequired\":true,\"valueName\":\"search_term_string\"}}],\"inLanguage\":\"de-CH\"},{\"@type\":\"Person\",\"@id\":\"https:\\\/\\\/hub.hslu.ch\\\/soziale-arbeit\\\/#\\\/schema\\\/person\\\/0d13e861725ae87916921d6d018489e4\",\"name\":\"Roger Ettlin\"}]}<\/script>\n<!-- \/ Yoast SEO plugin. -->","yoast_head_json":{"title":"Nahid Haidari gibt Fl\u00fcchtlingen eine Stimme &#8211; Soziale Arbeit an der Hochschule Luzern","description":"Im Rahmen der Abschlussfeier vom 15. September 2022 wurde Nahid Haidari mit dem Student Award ausgezeichnet. Geehrt wurde sie f\u00fcr ihren Einsatz f\u00fcr das Fl\u00fcchtlingsparlament, das Gefl\u00fcchteten eine politische Stimme gibt.","robots":{"index":"index","follow":"follow","max-snippet":"max-snippet:-1","max-image-preview":"max-image-preview:large","max-video-preview":"max-video-preview:-1"},"canonical":"https:\/\/hub.hslu.ch\/soziale-arbeit\/nahid-haidari-gibt-fluechtlingen-eine-stimme\/","og_locale":"de_DE","og_type":"article","og_title":"Nahid Haidari gibt Fl\u00fcchtlingen eine Stimme &#8211; Soziale Arbeit an der Hochschule Luzern","og_description":"Im Rahmen der Abschlussfeier vom 15. September 2022 wurde Nahid Haidari mit dem Student Award ausgezeichnet. Geehrt wurde sie f\u00fcr ihren Einsatz f\u00fcr das Fl\u00fcchtlingsparlament, das Gefl\u00fcchteten eine politische Stimme gibt.","og_url":"https:\/\/hub.hslu.ch\/soziale-arbeit\/nahid-haidari-gibt-fluechtlingen-eine-stimme\/","og_site_name":"Soziale Arbeit an der Hochschule Luzern","article_published_time":"2022-09-27T07:09:01+00:00","article_modified_time":"2026-02-11T13:54:03+00:00","og_image":[{"width":1614,"height":907,"url":"https:\/\/hub.hslu.ch\/soziale-arbeit\/wp-content\/uploads\/sites\/23\/2022\/09\/Studentaward2.jpg","type":"image\/jpeg"}],"author":"Roger Ettlin","twitter_card":"summary_large_image","twitter_misc":{"Geschrieben von":"Roger Ettlin","Gesch\u00e4tzte Lesezeit":"4\u00a0Minuten"},"schema":{"@context":"https:\/\/schema.org","@graph":[{"@type":"Article","@id":"https:\/\/hub.hslu.ch\/soziale-arbeit\/nahid-haidari-gibt-fluechtlingen-eine-stimme\/#article","isPartOf":{"@id":"https:\/\/hub.hslu.ch\/soziale-arbeit\/nahid-haidari-gibt-fluechtlingen-eine-stimme\/"},"author":{"name":"Roger Ettlin","@id":"https:\/\/hub.hslu.ch\/soziale-arbeit\/#\/schema\/person\/0d13e861725ae87916921d6d018489e4"},"headline":"Nahid Haidari gibt Fl\u00fcchtlingen eine Stimme","datePublished":"2022-09-27T07:09:01+00:00","dateModified":"2026-02-11T13:54:03+00:00","mainEntityOfPage":{"@id":"https:\/\/hub.hslu.ch\/soziale-arbeit\/nahid-haidari-gibt-fluechtlingen-eine-stimme\/"},"wordCount":653,"commentCount":0,"image":{"@id":"https:\/\/hub.hslu.ch\/soziale-arbeit\/nahid-haidari-gibt-fluechtlingen-eine-stimme\/#primaryimage"},"thumbnailUrl":"https:\/\/hub.hslu.ch\/soziale-arbeit\/wp-content\/uploads\/sites\/23\/2022\/09\/Studentaward2.jpg","keywords":["Asyl- und Fl\u00fcchtlingsarbeit","Bachelor in Sozialer Arbeit","Diplomfeier","Migration","Student Award","Studium"],"articleSection":["Studium"],"inLanguage":"de-CH","potentialAction":[{"@type":"CommentAction","name":"Comment","target":["https:\/\/hub.hslu.ch\/soziale-arbeit\/nahid-haidari-gibt-fluechtlingen-eine-stimme\/#respond"]}]},{"@type":"WebPage","@id":"https:\/\/hub.hslu.ch\/soziale-arbeit\/nahid-haidari-gibt-fluechtlingen-eine-stimme\/","url":"https:\/\/hub.hslu.ch\/soziale-arbeit\/nahid-haidari-gibt-fluechtlingen-eine-stimme\/","name":"Nahid Haidari gibt Fl\u00fcchtlingen eine Stimme &#8211; Soziale Arbeit an der Hochschule Luzern","isPartOf":{"@id":"https:\/\/hub.hslu.ch\/soziale-arbeit\/#website"},"primaryImageOfPage":{"@id":"https:\/\/hub.hslu.ch\/soziale-arbeit\/nahid-haidari-gibt-fluechtlingen-eine-stimme\/#primaryimage"},"image":{"@id":"https:\/\/hub.hslu.ch\/soziale-arbeit\/nahid-haidari-gibt-fluechtlingen-eine-stimme\/#primaryimage"},"thumbnailUrl":"https:\/\/hub.hslu.ch\/soziale-arbeit\/wp-content\/uploads\/sites\/23\/2022\/09\/Studentaward2.jpg","datePublished":"2022-09-27T07:09:01+00:00","dateModified":"2026-02-11T13:54:03+00:00","author":{"@id":"https:\/\/hub.hslu.ch\/soziale-arbeit\/#\/schema\/person\/0d13e861725ae87916921d6d018489e4"},"description":"Im Rahmen der Abschlussfeier vom 15. September 2022 wurde Nahid Haidari mit dem Student Award ausgezeichnet. Geehrt wurde sie f\u00fcr ihren Einsatz f\u00fcr das Fl\u00fcchtlingsparlament, das Gefl\u00fcchteten eine politische Stimme gibt.","breadcrumb":{"@id":"https:\/\/hub.hslu.ch\/soziale-arbeit\/nahid-haidari-gibt-fluechtlingen-eine-stimme\/#breadcrumb"},"inLanguage":"de-CH","potentialAction":[{"@type":"ReadAction","target":["https:\/\/hub.hslu.ch\/soziale-arbeit\/nahid-haidari-gibt-fluechtlingen-eine-stimme\/"]}]},{"@type":"ImageObject","inLanguage":"de-CH","@id":"https:\/\/hub.hslu.ch\/soziale-arbeit\/nahid-haidari-gibt-fluechtlingen-eine-stimme\/#primaryimage","url":"https:\/\/hub.hslu.ch\/soziale-arbeit\/wp-content\/uploads\/sites\/23\/2022\/09\/Studentaward2.jpg","contentUrl":"https:\/\/hub.hslu.ch\/soziale-arbeit\/wp-content\/uploads\/sites\/23\/2022\/09\/Studentaward2.jpg","width":1614,"height":907,"caption":"Studentaward Nahid Haidari"},{"@type":"BreadcrumbList","@id":"https:\/\/hub.hslu.ch\/soziale-arbeit\/nahid-haidari-gibt-fluechtlingen-eine-stimme\/#breadcrumb","itemListElement":[{"@type":"ListItem","position":1,"name":"Home","item":"https:\/\/hub.hslu.ch\/soziale-arbeit\/"},{"@type":"ListItem","position":2,"name":"Nahid Haidari gibt Fl\u00fcchtlingen eine Stimme"}]},{"@type":"WebSite","@id":"https:\/\/hub.hslu.ch\/soziale-arbeit\/#website","url":"https:\/\/hub.hslu.ch\/soziale-arbeit\/","name":"Soziale Arbeit an der Hochschule Luzern","description":"Der Blog der Hochschule Luzern \u2013 Soziale Arbeit","potentialAction":[{"@type":"SearchAction","target":{"@type":"EntryPoint","urlTemplate":"https:\/\/hub.hslu.ch\/soziale-arbeit\/?s={search_term_string}"},"query-input":{"@type":"PropertyValueSpecification","valueRequired":true,"valueName":"search_term_string"}}],"inLanguage":"de-CH"},{"@type":"Person","@id":"https:\/\/hub.hslu.ch\/soziale-arbeit\/#\/schema\/person\/0d13e861725ae87916921d6d018489e4","name":"Roger Ettlin"}]}},"featured_image_src":"https:\/\/hub.hslu.ch\/soziale-arbeit\/wp-content\/uploads\/sites\/23\/2022\/09\/Studentaward2.jpg","featured_image_src_square":"https:\/\/hub.hslu.ch\/soziale-arbeit\/wp-content\/uploads\/sites\/23\/2022\/09\/Studentaward2.jpg","author_info":{"display_name":"Roger Ettlin","author_link":"https:\/\/hub.hslu.ch\/soziale-arbeit\/author\/rogerettlin\/"},"_links":{"self":[{"href":"https:\/\/hub.hslu.ch\/soziale-arbeit\/wp-json\/wp\/v2\/posts\/4274","targetHints":{"allow":["GET"]}}],"collection":[{"href":"https:\/\/hub.hslu.ch\/soziale-arbeit\/wp-json\/wp\/v2\/posts"}],"about":[{"href":"https:\/\/hub.hslu.ch\/soziale-arbeit\/wp-json\/wp\/v2\/types\/post"}],"author":[{"embeddable":true,"href":"https:\/\/hub.hslu.ch\/soziale-arbeit\/wp-json\/wp\/v2\/users\/152"}],"replies":[{"embeddable":true,"href":"https:\/\/hub.hslu.ch\/soziale-arbeit\/wp-json\/wp\/v2\/comments?post=4274"}],"version-history":[{"count":32,"href":"https:\/\/hub.hslu.ch\/soziale-arbeit\/wp-json\/wp\/v2\/posts\/4274\/revisions"}],"predecessor-version":[{"id":12953,"href":"https:\/\/hub.hslu.ch\/soziale-arbeit\/wp-json\/wp\/v2\/posts\/4274\/revisions\/12953"}],"wp:featuredmedia":[{"embeddable":true,"href":"https:\/\/hub.hslu.ch\/soziale-arbeit\/wp-json\/wp\/v2\/media\/4281"}],"wp:attachment":[{"href":"https:\/\/hub.hslu.ch\/soziale-arbeit\/wp-json\/wp\/v2\/media?parent=4274"}],"wp:term":[{"taxonomy":"category","embeddable":true,"href":"https:\/\/hub.hslu.ch\/soziale-arbeit\/wp-json\/wp\/v2\/categories?post=4274"},{"taxonomy":"post_tag","embeddable":true,"href":"https:\/\/hub.hslu.ch\/soziale-arbeit\/wp-json\/wp\/v2\/tags?post=4274"}],"curies":[{"name":"wp","href":"https:\/\/api.w.org\/{rel}","templated":true}]}}