{"id":4517,"date":"2022-10-19T07:12:17","date_gmt":"2022-10-19T05:12:17","guid":{"rendered":"https:\/\/hub.hslu.ch\/soziale-arbeit\/?p=4517"},"modified":"2026-02-11T14:54:01","modified_gmt":"2026-02-11T13:54:01","slug":"sozialpaedagogische-familienbegleitung-kontraproduktive-rueckerstattungspflicht","status":"publish","type":"post","link":"https:\/\/hub.hslu.ch\/soziale-arbeit\/sozialpaedagogische-familienbegleitung-kontraproduktive-rueckerstattungspflicht\/","title":{"rendered":"Sozialp\u00e4dagogische Familienbegleitung: kontraproduktive R\u00fcckerstattungspflicht"},"content":{"rendered":"\n\n\n<p>Die Anforderungen an Familien sind heute komplex. Schnell k\u00f6nnen sie in Probleme schlittern, die sie nicht mehr alleine bew\u00e4ltigen k\u00f6nnen. Eine Massnahme, die sich in solchen Situationen sehr bew\u00e4hrt, ist die Sozialp\u00e4dagogische Familienbegleitung (SPF). Die aufsuchende Erziehungshilfe unterst\u00fctzt Familien in herausfordernden Lebenslagen und st\u00e4rkt, am Kindeswohl orientiert, die elterlichen Erziehungskompetenzen. Das Ziel ist es, dass sich die Kinder gut entwickeln k\u00f6nnen und alle wieder problemlos im Alltag zurechtkommen. Gerade ihr grosses Potenzial, auf niederschwellige Weise f\u00fcr langfristige Entlastung zu sorgen, macht die SPF zu einer der wichtigsten ambulanten Grundleistungen der Kinder- und Jugendhilfe in der Schweiz.<\/p>\n\n\n\n<p><strong>Mehrere negative Folgen der gesetzlichen R\u00fcckerstattungspflicht<\/strong><br>Alles gut somit? Nein, nicht ganz. Die wertvolle Massnahme hat einen wesentlichen Nachteil: die R\u00fcckerstattungspflicht. Die Kosten m\u00fcssen grunds\u00e4tzlich von den Familien selbst getragen werden, sofern die Kantone das nicht anders regeln. Insgesamt zw\u00f6lf Kantone kennen eine solche R\u00fcckerstattungspflicht.<\/p>\n\n\n\n<p>Das ist problematisch, wie eine Untersuchung von <a href=\"https:\/\/www.hslu.ch\/de-ch\/hochschule-luzern\/ueber-uns\/personensuche\/profile\/?pid=86\">Marius Metzger<\/a> und Anoushiravan Masoud Tehrani zeigt: <strong>Denn die Wahrscheinlichkeit ist gross, dass viele Betroffene aus Angst vor einer Verschuldung auf die Inanspruchnahme verzichten und damit auf hilfreiche Unterst\u00fctzung.<\/strong> Warum das so ist und zu welchen Folgen dies f\u00fchrt, haben die Wissenschaftler im Gespr\u00e4ch mit Sozialarbeitenden aus den entsprechenden Kantonen herausgefunden.<\/p>\n\n\n\n<p><strong>Konzept der Verlustaversion<\/strong><br>Dies f\u00f6rderte viele interessante Erkenntnisse zutage: Zum einen, dass es in den Kantonen eine grosse Spannweite unterschiedlicher Regelungen gibt: Von keinerlei Kostenfolgen bis hin zur \u00dcbernahme s\u00e4mtlicher Kosten ist alles m\u00f6glich. Das heisst im Umkehrschluss auch, dass die betroffenen Familien je nach Kanton ungleich behandelt werden.<\/p>\n\n\n\n<blockquote class=\"wp-block-quote is-layout-flow wp-block-quote-is-layout-flow\">\n<p>Es gibt in den Kantonen bei der Sozialp\u00e4dagogischen Familienbegleitung eine grosse f\u00f6derale Spannweite unterschiedlicher Regelungen: Von keinerlei Kostenfolgen bis hin zur \u00dcbernahme s\u00e4mtlicher Kosten ist alles m\u00f6glich.<\/p>\n<cite>Marius Metzger und Anoushiravan Masoud Tehrani<\/cite><\/blockquote>\n\n\n\n<p>Bei Familien, die sich mit Kosten konfrontiert sahen, liess sich dann auch ein ganz besonderes Ph\u00e4nomen beobachten: Viele verzichteten freiwillig auf die Unterst\u00fctzung, und zwar nicht, weil sie die Massnahme nicht als sinnvoll betrachteten, sondern weil sie bef\u00fcrchteten, dadurch in eine finanzielle Schieflage zu geraten oder Sozialhilfe beziehen zu m\u00fcssen. Offenbar ist diese Angst vor einem Verlust finanzieller Autonomie so gravierend, dass dies mehr ins Gewicht f\u00e4llt als der m\u00f6gliche Zugewinn. Dieses Ph\u00e4nomen ist als Konzept der Verlustaversion bekannt.<\/p>\n\n\n\n<div class=\"wp-block-genesis-blocks-gb-accordion gb-block-accordion\"><details><summary class=\"gb-accordion-title\">Was ist das Konzept der Verlustaversion?<\/summary><div class=\"gb-accordion-text\">\n<p>Als Konzept Verlustaversion nach Kahneman und Tversky (1979) wird die Tendenz bezeichnet, in Entscheidungssituationen Verluste h\u00f6her als Gewinne zu gewichten. Dieser Effekt gilt als empirisch robust, da er sich in zahlreichen Studien in ganz unterschiedlichen Entscheidungssituationen nachweisen liess. So kommen etwa Walasek und Stewart (2015) in ihrer Metaanalyse zur Verlustaversion zu folgendem Schluss: \u00abOne of the most prolific concepts in behavioral science is loss aversion. Numerous demonstrations in laboratory experiments and field studies established that people are considerably more concerned with losses than with gains [\u2026].\u00bb <br>Im Falle der Inanspruchnahme der Sozialp\u00e4dagogischen Familienbegleitung w\u00fcrde dies also bedeuten, dass die Eltern das Problem dahingehend vereinfachen, dass sie den Verlust der finanziellen Autonomie dem Gewinn an Verbesserungen im Funktionsniveau der Familie gegen\u00fcberstellen. Aufgrund einer asymmetrisch h\u00f6heren Bewertung des so identifizierten Verlustes d\u00fcrften sich die Eltern gegen die Inanspruchnahme von Sozialp\u00e4dagogischer Familienbegleitung entscheiden.<\/p>\n<\/div><\/details><\/div>\n\n\n\n<blockquote class=\"wp-block-quote is-layout-flow wp-block-quote-is-layout-flow\">\n<p>Man h\u00e4lt an der R\u00fcckerstattungspflicht fest. In der Realit\u00e4t gibt es sie jedoch kaum.<\/p>\n<cite>Aus der Befragung<\/cite><\/blockquote>\n\n\n\n<p><strong>Vollzug der R\u00fcckzahlungspflicht selten<\/strong><br>Interessanterweise liess sich die Verlustaversion vor allem bei Familien feststellen, die bisher ohne Sozialhilfe ausgekommen waren, diese f\u00fcr die Inanspruchnahme einer SPF aber h\u00e4tten beziehen m\u00fcssen. Dabei spielt es offenbar fast keine Rolle, ob sie die Kosten daf\u00fcr am Schluss wirklich tragen m\u00fcssen. Denn Sch\u00e4tzungen zufolge k\u00f6nnen im Mittel lediglich f\u00fcnf Prozent der erbrachten Sozialhilfeleistungen zur\u00fcckerstattet werden. Eine der Befragten dazu: \u00abMan h\u00e4lt daran (R\u00fcckerstattungspflicht) fest. In der Realit\u00e4t gibt es sie jedoch kaum. Nach zehn Jahren erlischt sie. In den wenigsten F\u00e4llen gelangen Menschen in eine so g\u00fcnstige Lage, dass die R\u00fcckerstattungspflicht \u00fcberhaupt zur Geltung kommt.\u00bb<\/p>\n\n\n\n<p><strong>Zudem Angst vor Stigmatisierung<\/strong><br>Erschwerend kommt die Angst vor einer Stigmatisierung hinzu, die sich durch die Pr\u00fcfung der famili\u00e4ren Bed\u00fcrftigkeit ergibt. Marius Metzger \u00fcber diese bekannte Strukturproblematik der Kinder- und Jugendhilfe: \u00abEltern mit geringen \u00f6konomischen Ressourcen m\u00fcssen sich n\u00e4mlich nicht nur als zur Erziehung ihrer Kinder ausserstande pr\u00e4sentieren, sondern sich dar\u00fcber hinaus auch noch amtlich best\u00e4tigen lassen, dass sie nicht dazu in der Lage sind, diese Leistung selbstst\u00e4ndig zu finanzieren.\u00bb<\/p>\n\n\n\n<p><strong>Entwicklungsbezogene und finanzielle Folgen<\/strong><br>Neben den Gr\u00fcnden f\u00fcr den Verzicht sprach die Studie auch die Folgen an. Ein Verzicht w\u00e4re in doppelter Hinsicht schwerwiegend: Einerseits besteht die Gefahr, dass gerade den Kindern nicht geholfen wird, die der Unterst\u00fctzung am meisten bed\u00fcrfen. Daneben ist er auch aus wirtschaftlicher Sicht relevant. Denn sollte die Lage in den betroffenen Familien verschlimmern, m\u00fcssen unter Umst\u00e4nden deeskalierende Massnahmen ergriffen werden, die den Gemeinden viel teurer zu stehen kommen. Wie Metzger und Masoud Tehrani schreiben: \u00abSo gesehen erh\u00e4lt die Gesellschaft damit die finanzielle Verantwortung f\u00fcr die famili\u00e4ren Probleme unfreiwillig r\u00fcck\u00fcberantwortet, l\u00e4uft aber dann Gefahr, dass sie infolge der versp\u00e4teten Antwort auf die famili\u00e4ren Probleme wesentlich schlechtere Erfolgsaussichten zur Problembearbeitung hat.\u00bb<\/p>\n\n\n\n<blockquote class=\"wp-block-quote is-layout-flow wp-block-quote-is-layout-flow\">\n<p>So gesehen erh\u00e4lt die Gesellschaft damit die finanzielle Verantwortung f\u00fcr die famili\u00e4ren Probleme unfreiwillig r\u00fcck\u00fcberantwortet, l\u00e4uft aber dann Gefahr, dass sie infolge der versp\u00e4teten Antwort wesentlich schlechtere Erfolgsaussichten zur Problembearbeitung hat.<\/p>\n<cite>Marius Metzger und Anoushiravan Masoud Tehrani<\/cite><\/blockquote>\n\n\n\n<p>Wenn sich also Hilfsbed\u00fcrftige durch eine Auflage abhalten lassen, die vielleicht nur theoretisch besteht, scheint es legitim, diese Zusammenh\u00e4nge zu hinterfragen. Gerade weil sich die SPF durch ein g\u00fcnstiges Kosten-Nutzen-Verh\u00e4ltnis auszeichnet, spr\u00e4che aus Sicht der Forschenden viel daf\u00fcr, ihre Finanzierung anders zu regeln.<\/p>\n\n\n\n<div style=\"background-color:#f2f2f2;color:#32373c\" class=\"wp-block-genesis-blocks-gb-profile-box square gb-has-avatar gb-font-size-18 gb-block-profile gb-profile-columns\"><div class=\"gb-profile-column gb-profile-avatar-wrap\"><div class=\"gb-profile-image-wrap\"><figure class=\"gb-profile-image-square\"><img loading=\"lazy\" decoding=\"async\" width=\"174\" height=\"183\" class=\"gb-profile-avatar wp-image-4522\" src=\"https:\/\/hub.hslu.ch\/soziale-arbeit\/wp-content\/uploads\/sites\/23\/2022\/10\/Marius-Metzger.jpg\" alt=\"Marius Metzger\" \/><\/figure><\/div><\/div><div class=\"gb-profile-column gb-profile-content-wrap\"><h2 class=\"gb-profile-name\" style=\"color:#32373c\">Prof. Dr. Marius Metzger<\/h2><p class=\"gb-profile-title\" style=\"color:#32373c\"><a href=\"https:\/\/www.hslu.ch\/de-ch\/hochschule-luzern\/ueber-uns\/personensuche\/profile\/?pid=86\">Marius Metzger<\/a> ist Dozent und Projektleiter sowie Verantwortlicher des Kompetenzzentrums <a href=\"https:\/\/www.hslu.ch\/de-ch\/soziale-arbeit\/ueber-uns\/institute\/sozialpaedagogik-und-bildung\/erziehung-bildung-und-betreuung\/\">Erziehung, Bildung und Betreuung \u00fcber die Lebensalter hinweg<\/a>.<br>Co-Autor <strong>Anoushiravan Masoud Tehrani<\/strong> ist promovierter Erziehungswissenschaftler und war wissenschaftlicher Mitarbeiter an der Hochschule Luzern.<\/p><div class=\"gb-profile-text\"><\/div><ul class=\"gb-social-links\"><\/ul><\/div><\/div>\n\n\n<div class=\"blue-box\">\n\t<div class=\"row\">\n\t\t<div class=\"col-md-12\">\n\t\t\t<p><strong>Informationen zur Studie <\/strong><br \/>\nAlles Wissenswerte zum Abschlussbericht <strong>Finanzierung der Sozialp\u00e4dagogischen Familienbegleitung in der Schweiz: Wirkungen der R\u00fcckerstattungs- und Beitragspflicht<\/strong> findet sich <a href=\"https:\/\/www.hslu.ch\/de-ch\/hochschule-luzern\/forschung\/projekte\/detail\/?pid=5649\">hier<\/a>. Die Studie kann kostenlos \u00fcber den <a href=\"https:\/\/interact-verlag.ch\/collections\/neuerscheinungen\">interact-Verlag<\/a> bezogen werden.<\/p>\n\t\t<\/div>\n\t<\/div>\n<\/div>\n\n\n<div class=\"blue-box\">\n\t<div class=\"row\">\n\t\t<div class=\"col-md-12\">\n\t\t\t<p><strong>Institut f\u00fcr Sozialp\u00e4dagogik und Bildung<\/strong><br \/>\nDas Institut unterst\u00fctzt die F\u00f6rderung von Lebensqualit\u00e4t und Gesundheit bei Kindern, Jugendlichen und Erwachsenen inner- und ausserhalb von Institutionen. Hier erfahren Sie alles zu unserem <a href=\"https:\/\/www.hslu.ch\/de-ch\/soziale-arbeit\/ueber-uns\/institute\/sozialpaedagogik-und-bildung\/\">Aus- und Weiterbildungsangebot<\/a>.<\/p>\n<p><strong>Newsletter Abo<\/strong><br \/>\nIn unserem Blog erfahren Sie mehr \u00fcber Menschen, Veranstaltungen und Kernthemen aus der Welt der Sozialen Arbeit: Abonnieren Sie jetzt <a href=\"https:\/\/www.hslu.ch\/de-ch\/soziale-arbeit\/ueber-uns\/newsletter-soziale-arbeit\">unseren Blog<\/a>! <\/p>\n\t\t<\/div>\n\t<\/div>\n<\/div>\n\n\n\n<p>Von: Anette Eldevik<br>Bild: Getty Images<br>Ver\u00f6ffentlicht am: 17. Oktober 2022<\/p>\n","protected":false},"excerpt":{"rendered":"<p>Mit der Sozialp\u00e4dagogischen Familienbegleitung k\u00f6nnen Familien niederschwellig in herausfordernden Lebenslagen unterst\u00fctzt werden. Wenn die Familien die Kosten daf\u00fcr jedoch selbst tragen m\u00fcssen, verzichten sie aber oft auf die Hilfe. Oft verschlimmert sich dann ihre Situation \u2013 wiederum auch mit Folgen f\u00fcr die \u00f6ffentliche Hand. Die Finanzierung sollte daher anders geregelt werden.<\/p>\n","protected":false},"author":139,"featured_media":4525,"comment_status":"open","ping_status":"closed","sticky":false,"template":"","format":"standard","meta":{"_acf_changed":false,"inline_featured_image":false,"_relevanssi_hide_post":"","_relevanssi_hide_content":"","_relevanssi_pin_for_all":"","_relevanssi_pin_keywords":"","_relevanssi_unpin_keywords":"","_relevanssi_related_keywords":"","_relevanssi_related_include_ids":"","_relevanssi_related_exclude_ids":"","_relevanssi_related_no_append":"","_relevanssi_related_not_related":"","_relevanssi_related_posts":"967,390,530,234,82,1939","_relevanssi_noindex_reason":"","footnotes":"","_links_to":"","_links_to_target":""},"categories":[13,15,9],"tags":[267,132,266],"class_list":["post-4517","post","type-post","status-publish","format-standard","has-post-thumbnail","hentry","category-erziehung-bildung-betreuung","category-kindes-erwachsenenschutz","category-forschung","tag-kinderschutz","tag-soziale-arbeit","tag-sozialpaedagogische-familienbegleitung"],"acf":[],"yoast_head":"<!-- This site is optimized with the Yoast SEO plugin v27.4 - https:\/\/yoast.com\/product\/yoast-seo-wordpress\/ -->\n<title>Sozialp\u00e4dagogische Familienbegleitung: kontraproduktive R\u00fcckerstattungspflicht &#8211; Soziale Arbeit an der Hochschule Luzern<\/title>\n<meta name=\"description\" content=\"Viele Familien verzichten auf eine Sozialp\u00e4dagogische Familienbegleitung, weil sie etwas kostet. Dadurch kann sich Situation des Kindes verschlimmern, was der Staat wiederum mit teureren Massnahmen kompensieren muss. Eine andere Regelung empfiehlt sich also.\" \/>\n<meta name=\"robots\" content=\"index, follow, max-snippet:-1, max-image-preview:large, max-video-preview:-1\" \/>\n<link rel=\"canonical\" href=\"https:\/\/hub.hslu.ch\/soziale-arbeit\/sozialpaedagogische-familienbegleitung-kontraproduktive-rueckerstattungspflicht\/\" \/>\n<meta property=\"og:locale\" content=\"de_DE\" \/>\n<meta property=\"og:type\" content=\"article\" \/>\n<meta property=\"og:title\" content=\"Sozialp\u00e4dagogische Familienbegleitung: kontraproduktive R\u00fcckerstattungspflicht &#8211; Soziale Arbeit an der Hochschule Luzern\" \/>\n<meta property=\"og:description\" content=\"Viele Familien verzichten auf eine Sozialp\u00e4dagogische Familienbegleitung, weil sie etwas kostet. Dadurch kann sich Situation des Kindes verschlimmern, was der Staat wiederum mit teureren Massnahmen kompensieren muss. Eine andere Regelung empfiehlt sich also.\" \/>\n<meta property=\"og:url\" content=\"https:\/\/hub.hslu.ch\/soziale-arbeit\/sozialpaedagogische-familienbegleitung-kontraproduktive-rueckerstattungspflicht\/\" \/>\n<meta property=\"og:site_name\" content=\"Soziale Arbeit an der Hochschule Luzern\" \/>\n<meta property=\"article:published_time\" content=\"2022-10-19T05:12:17+00:00\" \/>\n<meta property=\"article:modified_time\" content=\"2026-02-11T13:54:01+00:00\" \/>\n<meta property=\"og:image\" content=\"https:\/\/hub.hslu.ch\/soziale-arbeit\/wp-content\/uploads\/sites\/23\/2022\/10\/GettyImages-149367649blog.jpg\" \/>\n\t<meta property=\"og:image:width\" content=\"1614\" \/>\n\t<meta property=\"og:image:height\" content=\"907\" \/>\n\t<meta property=\"og:image:type\" content=\"image\/jpeg\" \/>\n<meta name=\"author\" content=\"anetteeldevik\" \/>\n<meta name=\"twitter:card\" content=\"summary_large_image\" \/>\n<meta name=\"twitter:creator\" content=\"@stefanmiesch\" \/>\n<meta name=\"twitter:label1\" content=\"Geschrieben von\" \/>\n\t<meta name=\"twitter:data1\" content=\"anetteeldevik\" \/>\n\t<meta name=\"twitter:label2\" content=\"Gesch\u00e4tzte Lesezeit\" \/>\n\t<meta name=\"twitter:data2\" content=\"6\u00a0Minuten\" \/>\n<script type=\"application\/ld+json\" class=\"yoast-schema-graph\">{\"@context\":\"https:\\\/\\\/schema.org\",\"@graph\":[{\"@type\":\"Article\",\"@id\":\"https:\\\/\\\/hub.hslu.ch\\\/soziale-arbeit\\\/sozialpaedagogische-familienbegleitung-kontraproduktive-rueckerstattungspflicht\\\/#article\",\"isPartOf\":{\"@id\":\"https:\\\/\\\/hub.hslu.ch\\\/soziale-arbeit\\\/sozialpaedagogische-familienbegleitung-kontraproduktive-rueckerstattungspflicht\\\/\"},\"author\":{\"name\":\"anetteeldevik\",\"@id\":\"https:\\\/\\\/hub.hslu.ch\\\/soziale-arbeit\\\/#\\\/schema\\\/person\\\/5f63e37c8c8b84af7b5325cb01f01d34\"},\"headline\":\"Sozialp\u00e4dagogische Familienbegleitung: kontraproduktive R\u00fcckerstattungspflicht\",\"datePublished\":\"2022-10-19T05:12:17+00:00\",\"dateModified\":\"2026-02-11T13:54:01+00:00\",\"mainEntityOfPage\":{\"@id\":\"https:\\\/\\\/hub.hslu.ch\\\/soziale-arbeit\\\/sozialpaedagogische-familienbegleitung-kontraproduktive-rueckerstattungspflicht\\\/\"},\"wordCount\":1031,\"commentCount\":0,\"image\":{\"@id\":\"https:\\\/\\\/hub.hslu.ch\\\/soziale-arbeit\\\/sozialpaedagogische-familienbegleitung-kontraproduktive-rueckerstattungspflicht\\\/#primaryimage\"},\"thumbnailUrl\":\"https:\\\/\\\/hub.hslu.ch\\\/soziale-arbeit\\\/wp-content\\\/uploads\\\/sites\\\/23\\\/2022\\\/10\\\/GettyImages-149367649blog.jpg\",\"keywords\":[\"Kinderschutz\",\"Soziale Arbeit\",\"Sozialp\u00e4dagogische Familienbegleitung\"],\"articleSection\":[\"Erziehung, Bildung und Betreuung\",\"Kindes- und Erwachsenenschutz\",\"Forschung\"],\"inLanguage\":\"de-CH\",\"potentialAction\":[{\"@type\":\"CommentAction\",\"name\":\"Comment\",\"target\":[\"https:\\\/\\\/hub.hslu.ch\\\/soziale-arbeit\\\/sozialpaedagogische-familienbegleitung-kontraproduktive-rueckerstattungspflicht\\\/#respond\"]}]},{\"@type\":\"WebPage\",\"@id\":\"https:\\\/\\\/hub.hslu.ch\\\/soziale-arbeit\\\/sozialpaedagogische-familienbegleitung-kontraproduktive-rueckerstattungspflicht\\\/\",\"url\":\"https:\\\/\\\/hub.hslu.ch\\\/soziale-arbeit\\\/sozialpaedagogische-familienbegleitung-kontraproduktive-rueckerstattungspflicht\\\/\",\"name\":\"Sozialp\u00e4dagogische Familienbegleitung: kontraproduktive R\u00fcckerstattungspflicht &#8211; Soziale Arbeit an der Hochschule Luzern\",\"isPartOf\":{\"@id\":\"https:\\\/\\\/hub.hslu.ch\\\/soziale-arbeit\\\/#website\"},\"primaryImageOfPage\":{\"@id\":\"https:\\\/\\\/hub.hslu.ch\\\/soziale-arbeit\\\/sozialpaedagogische-familienbegleitung-kontraproduktive-rueckerstattungspflicht\\\/#primaryimage\"},\"image\":{\"@id\":\"https:\\\/\\\/hub.hslu.ch\\\/soziale-arbeit\\\/sozialpaedagogische-familienbegleitung-kontraproduktive-rueckerstattungspflicht\\\/#primaryimage\"},\"thumbnailUrl\":\"https:\\\/\\\/hub.hslu.ch\\\/soziale-arbeit\\\/wp-content\\\/uploads\\\/sites\\\/23\\\/2022\\\/10\\\/GettyImages-149367649blog.jpg\",\"datePublished\":\"2022-10-19T05:12:17+00:00\",\"dateModified\":\"2026-02-11T13:54:01+00:00\",\"author\":{\"@id\":\"https:\\\/\\\/hub.hslu.ch\\\/soziale-arbeit\\\/#\\\/schema\\\/person\\\/5f63e37c8c8b84af7b5325cb01f01d34\"},\"description\":\"Viele Familien verzichten auf eine Sozialp\u00e4dagogische Familienbegleitung, weil sie etwas kostet. Dadurch kann sich Situation des Kindes verschlimmern, was der Staat wiederum mit teureren Massnahmen kompensieren muss. Eine andere Regelung empfiehlt sich also.\",\"breadcrumb\":{\"@id\":\"https:\\\/\\\/hub.hslu.ch\\\/soziale-arbeit\\\/sozialpaedagogische-familienbegleitung-kontraproduktive-rueckerstattungspflicht\\\/#breadcrumb\"},\"inLanguage\":\"de-CH\",\"potentialAction\":[{\"@type\":\"ReadAction\",\"target\":[\"https:\\\/\\\/hub.hslu.ch\\\/soziale-arbeit\\\/sozialpaedagogische-familienbegleitung-kontraproduktive-rueckerstattungspflicht\\\/\"]}]},{\"@type\":\"ImageObject\",\"inLanguage\":\"de-CH\",\"@id\":\"https:\\\/\\\/hub.hslu.ch\\\/soziale-arbeit\\\/sozialpaedagogische-familienbegleitung-kontraproduktive-rueckerstattungspflicht\\\/#primaryimage\",\"url\":\"https:\\\/\\\/hub.hslu.ch\\\/soziale-arbeit\\\/wp-content\\\/uploads\\\/sites\\\/23\\\/2022\\\/10\\\/GettyImages-149367649blog.jpg\",\"contentUrl\":\"https:\\\/\\\/hub.hslu.ch\\\/soziale-arbeit\\\/wp-content\\\/uploads\\\/sites\\\/23\\\/2022\\\/10\\\/GettyImages-149367649blog.jpg\",\"width\":1614,\"height\":907,\"caption\":\"Trauriges Kind mit streitenden Eltern im Hintergrund\"},{\"@type\":\"BreadcrumbList\",\"@id\":\"https:\\\/\\\/hub.hslu.ch\\\/soziale-arbeit\\\/sozialpaedagogische-familienbegleitung-kontraproduktive-rueckerstattungspflicht\\\/#breadcrumb\",\"itemListElement\":[{\"@type\":\"ListItem\",\"position\":1,\"name\":\"Home\",\"item\":\"https:\\\/\\\/hub.hslu.ch\\\/soziale-arbeit\\\/\"},{\"@type\":\"ListItem\",\"position\":2,\"name\":\"Sozialp\u00e4dagogische Familienbegleitung: kontraproduktive R\u00fcckerstattungspflicht\"}]},{\"@type\":\"WebSite\",\"@id\":\"https:\\\/\\\/hub.hslu.ch\\\/soziale-arbeit\\\/#website\",\"url\":\"https:\\\/\\\/hub.hslu.ch\\\/soziale-arbeit\\\/\",\"name\":\"Soziale Arbeit an der Hochschule Luzern\",\"description\":\"Der Blog der Hochschule Luzern \u2013 Soziale Arbeit\",\"potentialAction\":[{\"@type\":\"SearchAction\",\"target\":{\"@type\":\"EntryPoint\",\"urlTemplate\":\"https:\\\/\\\/hub.hslu.ch\\\/soziale-arbeit\\\/?s={search_term_string}\"},\"query-input\":{\"@type\":\"PropertyValueSpecification\",\"valueRequired\":true,\"valueName\":\"search_term_string\"}}],\"inLanguage\":\"de-CH\"},{\"@type\":\"Person\",\"@id\":\"https:\\\/\\\/hub.hslu.ch\\\/soziale-arbeit\\\/#\\\/schema\\\/person\\\/5f63e37c8c8b84af7b5325cb01f01d34\",\"name\":\"anetteeldevik\",\"sameAs\":[\"https:\\\/\\\/x.com\\\/stefanmiesch\"]}]}<\/script>\n<!-- \/ Yoast SEO plugin. -->","yoast_head_json":{"title":"Sozialp\u00e4dagogische Familienbegleitung: kontraproduktive R\u00fcckerstattungspflicht &#8211; Soziale Arbeit an der Hochschule Luzern","description":"Viele Familien verzichten auf eine Sozialp\u00e4dagogische Familienbegleitung, weil sie etwas kostet. Dadurch kann sich Situation des Kindes verschlimmern, was der Staat wiederum mit teureren Massnahmen kompensieren muss. Eine andere Regelung empfiehlt sich also.","robots":{"index":"index","follow":"follow","max-snippet":"max-snippet:-1","max-image-preview":"max-image-preview:large","max-video-preview":"max-video-preview:-1"},"canonical":"https:\/\/hub.hslu.ch\/soziale-arbeit\/sozialpaedagogische-familienbegleitung-kontraproduktive-rueckerstattungspflicht\/","og_locale":"de_DE","og_type":"article","og_title":"Sozialp\u00e4dagogische Familienbegleitung: kontraproduktive R\u00fcckerstattungspflicht &#8211; Soziale Arbeit an der Hochschule Luzern","og_description":"Viele Familien verzichten auf eine Sozialp\u00e4dagogische Familienbegleitung, weil sie etwas kostet. Dadurch kann sich Situation des Kindes verschlimmern, was der Staat wiederum mit teureren Massnahmen kompensieren muss. Eine andere Regelung empfiehlt sich also.","og_url":"https:\/\/hub.hslu.ch\/soziale-arbeit\/sozialpaedagogische-familienbegleitung-kontraproduktive-rueckerstattungspflicht\/","og_site_name":"Soziale Arbeit an der Hochschule Luzern","article_published_time":"2022-10-19T05:12:17+00:00","article_modified_time":"2026-02-11T13:54:01+00:00","og_image":[{"width":1614,"height":907,"url":"https:\/\/hub.hslu.ch\/soziale-arbeit\/wp-content\/uploads\/sites\/23\/2022\/10\/GettyImages-149367649blog.jpg","type":"image\/jpeg"}],"author":"anetteeldevik","twitter_card":"summary_large_image","twitter_creator":"@stefanmiesch","twitter_misc":{"Geschrieben von":"anetteeldevik","Gesch\u00e4tzte Lesezeit":"6\u00a0Minuten"},"schema":{"@context":"https:\/\/schema.org","@graph":[{"@type":"Article","@id":"https:\/\/hub.hslu.ch\/soziale-arbeit\/sozialpaedagogische-familienbegleitung-kontraproduktive-rueckerstattungspflicht\/#article","isPartOf":{"@id":"https:\/\/hub.hslu.ch\/soziale-arbeit\/sozialpaedagogische-familienbegleitung-kontraproduktive-rueckerstattungspflicht\/"},"author":{"name":"anetteeldevik","@id":"https:\/\/hub.hslu.ch\/soziale-arbeit\/#\/schema\/person\/5f63e37c8c8b84af7b5325cb01f01d34"},"headline":"Sozialp\u00e4dagogische Familienbegleitung: kontraproduktive R\u00fcckerstattungspflicht","datePublished":"2022-10-19T05:12:17+00:00","dateModified":"2026-02-11T13:54:01+00:00","mainEntityOfPage":{"@id":"https:\/\/hub.hslu.ch\/soziale-arbeit\/sozialpaedagogische-familienbegleitung-kontraproduktive-rueckerstattungspflicht\/"},"wordCount":1031,"commentCount":0,"image":{"@id":"https:\/\/hub.hslu.ch\/soziale-arbeit\/sozialpaedagogische-familienbegleitung-kontraproduktive-rueckerstattungspflicht\/#primaryimage"},"thumbnailUrl":"https:\/\/hub.hslu.ch\/soziale-arbeit\/wp-content\/uploads\/sites\/23\/2022\/10\/GettyImages-149367649blog.jpg","keywords":["Kinderschutz","Soziale Arbeit","Sozialp\u00e4dagogische Familienbegleitung"],"articleSection":["Erziehung, Bildung und Betreuung","Kindes- und Erwachsenenschutz","Forschung"],"inLanguage":"de-CH","potentialAction":[{"@type":"CommentAction","name":"Comment","target":["https:\/\/hub.hslu.ch\/soziale-arbeit\/sozialpaedagogische-familienbegleitung-kontraproduktive-rueckerstattungspflicht\/#respond"]}]},{"@type":"WebPage","@id":"https:\/\/hub.hslu.ch\/soziale-arbeit\/sozialpaedagogische-familienbegleitung-kontraproduktive-rueckerstattungspflicht\/","url":"https:\/\/hub.hslu.ch\/soziale-arbeit\/sozialpaedagogische-familienbegleitung-kontraproduktive-rueckerstattungspflicht\/","name":"Sozialp\u00e4dagogische Familienbegleitung: kontraproduktive R\u00fcckerstattungspflicht &#8211; Soziale Arbeit an der Hochschule Luzern","isPartOf":{"@id":"https:\/\/hub.hslu.ch\/soziale-arbeit\/#website"},"primaryImageOfPage":{"@id":"https:\/\/hub.hslu.ch\/soziale-arbeit\/sozialpaedagogische-familienbegleitung-kontraproduktive-rueckerstattungspflicht\/#primaryimage"},"image":{"@id":"https:\/\/hub.hslu.ch\/soziale-arbeit\/sozialpaedagogische-familienbegleitung-kontraproduktive-rueckerstattungspflicht\/#primaryimage"},"thumbnailUrl":"https:\/\/hub.hslu.ch\/soziale-arbeit\/wp-content\/uploads\/sites\/23\/2022\/10\/GettyImages-149367649blog.jpg","datePublished":"2022-10-19T05:12:17+00:00","dateModified":"2026-02-11T13:54:01+00:00","author":{"@id":"https:\/\/hub.hslu.ch\/soziale-arbeit\/#\/schema\/person\/5f63e37c8c8b84af7b5325cb01f01d34"},"description":"Viele Familien verzichten auf eine Sozialp\u00e4dagogische Familienbegleitung, weil sie etwas kostet. Dadurch kann sich Situation des Kindes verschlimmern, was der Staat wiederum mit teureren Massnahmen kompensieren muss. Eine andere Regelung empfiehlt sich also.","breadcrumb":{"@id":"https:\/\/hub.hslu.ch\/soziale-arbeit\/sozialpaedagogische-familienbegleitung-kontraproduktive-rueckerstattungspflicht\/#breadcrumb"},"inLanguage":"de-CH","potentialAction":[{"@type":"ReadAction","target":["https:\/\/hub.hslu.ch\/soziale-arbeit\/sozialpaedagogische-familienbegleitung-kontraproduktive-rueckerstattungspflicht\/"]}]},{"@type":"ImageObject","inLanguage":"de-CH","@id":"https:\/\/hub.hslu.ch\/soziale-arbeit\/sozialpaedagogische-familienbegleitung-kontraproduktive-rueckerstattungspflicht\/#primaryimage","url":"https:\/\/hub.hslu.ch\/soziale-arbeit\/wp-content\/uploads\/sites\/23\/2022\/10\/GettyImages-149367649blog.jpg","contentUrl":"https:\/\/hub.hslu.ch\/soziale-arbeit\/wp-content\/uploads\/sites\/23\/2022\/10\/GettyImages-149367649blog.jpg","width":1614,"height":907,"caption":"Trauriges Kind mit streitenden Eltern im Hintergrund"},{"@type":"BreadcrumbList","@id":"https:\/\/hub.hslu.ch\/soziale-arbeit\/sozialpaedagogische-familienbegleitung-kontraproduktive-rueckerstattungspflicht\/#breadcrumb","itemListElement":[{"@type":"ListItem","position":1,"name":"Home","item":"https:\/\/hub.hslu.ch\/soziale-arbeit\/"},{"@type":"ListItem","position":2,"name":"Sozialp\u00e4dagogische Familienbegleitung: kontraproduktive R\u00fcckerstattungspflicht"}]},{"@type":"WebSite","@id":"https:\/\/hub.hslu.ch\/soziale-arbeit\/#website","url":"https:\/\/hub.hslu.ch\/soziale-arbeit\/","name":"Soziale Arbeit an der Hochschule Luzern","description":"Der Blog der Hochschule Luzern \u2013 Soziale Arbeit","potentialAction":[{"@type":"SearchAction","target":{"@type":"EntryPoint","urlTemplate":"https:\/\/hub.hslu.ch\/soziale-arbeit\/?s={search_term_string}"},"query-input":{"@type":"PropertyValueSpecification","valueRequired":true,"valueName":"search_term_string"}}],"inLanguage":"de-CH"},{"@type":"Person","@id":"https:\/\/hub.hslu.ch\/soziale-arbeit\/#\/schema\/person\/5f63e37c8c8b84af7b5325cb01f01d34","name":"anetteeldevik","sameAs":["https:\/\/x.com\/stefanmiesch"]}]}},"featured_image_src":"https:\/\/hub.hslu.ch\/soziale-arbeit\/wp-content\/uploads\/sites\/23\/2022\/10\/GettyImages-149367649blog.jpg","featured_image_src_square":"https:\/\/hub.hslu.ch\/soziale-arbeit\/wp-content\/uploads\/sites\/23\/2022\/10\/GettyImages-149367649blog.jpg","author_info":{"display_name":"anetteeldevik","author_link":"https:\/\/hub.hslu.ch\/soziale-arbeit\/author\/anetteeldevik\/"},"_links":{"self":[{"href":"https:\/\/hub.hslu.ch\/soziale-arbeit\/wp-json\/wp\/v2\/posts\/4517","targetHints":{"allow":["GET"]}}],"collection":[{"href":"https:\/\/hub.hslu.ch\/soziale-arbeit\/wp-json\/wp\/v2\/posts"}],"about":[{"href":"https:\/\/hub.hslu.ch\/soziale-arbeit\/wp-json\/wp\/v2\/types\/post"}],"author":[{"embeddable":true,"href":"https:\/\/hub.hslu.ch\/soziale-arbeit\/wp-json\/wp\/v2\/users\/139"}],"replies":[{"embeddable":true,"href":"https:\/\/hub.hslu.ch\/soziale-arbeit\/wp-json\/wp\/v2\/comments?post=4517"}],"version-history":[{"count":38,"href":"https:\/\/hub.hslu.ch\/soziale-arbeit\/wp-json\/wp\/v2\/posts\/4517\/revisions"}],"predecessor-version":[{"id":12923,"href":"https:\/\/hub.hslu.ch\/soziale-arbeit\/wp-json\/wp\/v2\/posts\/4517\/revisions\/12923"}],"wp:featuredmedia":[{"embeddable":true,"href":"https:\/\/hub.hslu.ch\/soziale-arbeit\/wp-json\/wp\/v2\/media\/4525"}],"wp:attachment":[{"href":"https:\/\/hub.hslu.ch\/soziale-arbeit\/wp-json\/wp\/v2\/media?parent=4517"}],"wp:term":[{"taxonomy":"category","embeddable":true,"href":"https:\/\/hub.hslu.ch\/soziale-arbeit\/wp-json\/wp\/v2\/categories?post=4517"},{"taxonomy":"post_tag","embeddable":true,"href":"https:\/\/hub.hslu.ch\/soziale-arbeit\/wp-json\/wp\/v2\/tags?post=4517"}],"curies":[{"name":"wp","href":"https:\/\/api.w.org\/{rel}","templated":true}]}}