{"id":4781,"date":"2022-11-21T08:41:35","date_gmt":"2022-11-21T07:41:35","guid":{"rendered":"https:\/\/hub.hslu.ch\/soziale-arbeit\/?p=4781"},"modified":"2026-02-11T14:54:04","modified_gmt":"2026-02-11T13:54:04","slug":"soziale-arbeit-anderswo-das-austauschprogramm-cif-verschafft-einblicke-und-erfahrungen","status":"publish","type":"post","link":"https:\/\/hub.hslu.ch\/soziale-arbeit\/soziale-arbeit-anderswo-das-austauschprogramm-cif-verschafft-einblicke-und-erfahrungen\/","title":{"rendered":"Soziale Arbeit anderswo \u2013 das Austauschprogramm CIF verschafft Einblicke und Erfahrungen"},"content":{"rendered":"\n\n\n<p>Initiator der internationalen Austauschprogramme ist der nach Amerika ausgewanderte deutsche j\u00fcdische Anwalt Dr. B. Henry Ollendorf (1907\u20131979). Als er unter dem nationalsozialistischen Regime seine Arbeitsberechtigung verlor, immigrierte er 1938 nach Amerika und studierte in Cleveland Soziale Arbeit. Nach seiner R\u00fcckkehr nach Deutschland 1956 gr\u00fcndete Ollendorf das <em>\u00ab<\/em>Council of International Programs for Youth Leaders and Social Workers\u00bb. Es sollte als Austauschprogramm f\u00fcr deutsche Sozial- und Jugendarbeitende dienen, die im Rahmen der <a href=\"https:\/\/de.wikipedia.org\/wiki\/Reeducation#:~:text=Reeducation%20(oder%20Re%2DEducation%2C,gesamten%20Nachkriegsdeutschland%20und%20in%20%C3%96sterreich.\">Reeducation Deutschlands<\/a> einen sechsmonatigen Arbeitsaufenthalt in den USA machen wollten.<\/p>\n\n\n\n<p>Als \u00dcberlebender des Holocaust war es dem Gr\u00fcnder Henry Ollendorf ein Anliegen und seine Grundmotivation, Friedensarbeit zu leisten und ein Forum f\u00fcr den internationalen Erfahrungsaustausch zu schaffen und damit den weltweiten Frieden zu f\u00f6rdern. Seit 1960 gibt es nun den weltweiten Verbund CIF International, dem 30 Landesvertretungen mit \u00fcber 1000 Mitgliedern angeh\u00f6ren. Sie alle setzen sich daf\u00fcr ein, dass die internationalen Programme im Sinne des Gr\u00fcnders umgesetzt werden.<\/p>\n\n\n\n<p><strong>Als Gast(-familie) in andere Welten eintauchen<\/strong><\/p>\n\n\n\n<p>Die Organisation in der Schweiz wurde 1980 gegr\u00fcndet und hat rund 30 Mitglieder, die das Landesprogramm der Schweiz f\u00fcr den internationalen Fachkr\u00e4fteaustausch organisieren und die Schweiz im Gremium von CIF International vertreten. Zielgruppe f\u00fcr das hiesige Programm sind Sozialarbeitende weltweit, die einen professionellen Austausch und Einblicke in das System der Sozialen Arbeit der Schweiz suchen.<\/p>\n\n\n\n<p>Ursula Keller, seit rund zehn Jahren bei CIF Switzerland engagiert, bietet internationalen G\u00e4sten tempor\u00e4r ein Zuhause. Sie hat als Gastmutter wertvolle Erfahrungen gesammelt und sch\u00e4tzt die positiven und bereichernden Begegnungen. \u00abEs ist so spannend, Gastmutter zu sein\u00bb, erz\u00e4hlt sie. Mit fast allen Besucher*innen \u2013 aus Neuseeland, Finnland, der T\u00fcrkei oder gefl\u00fcchteten Syrern aus Schweden \u2013 pflegt sie bis heute noch Kontakt.<\/p>\n\n\n\n<p>Marisa Tejo, aktuell Co-Pr\u00e4sidentin von CIF Switzerland, durfte umgekehrt 2022 als Teilnehmerin an einem Austauschprogramm nach Argentinien reisen. \u00abIch f\u00fchle mich immer noch befl\u00fcgelt von den vielf\u00e4ltigen Einblicken in das System der Sozialen Arbeit in Argentinien, in die Arbeit der Familienhilfe und des Kindesschutzes\u00bb, erz\u00e4hlt sie. So lernte sie den Berufsverband f\u00fcr Soziale Arbeit in Argentinien kennen, besuchte die Fakult\u00e4t f\u00fcr Soziale Arbeit in Buenos Aires, nahm Einblicke in ein Zentrum f\u00fcr Familienarbeit, Kindesschutz und Krisenintervention in Tigre, tauschte sich mit Kolleg*innen der Schulsozialarbeit einer Primar- und Sekundarschule aus und machte eine gemeinsame Fallintervision zu einer Krisensituation in einem Krankenhaus. \u00abBesonders beeindruckt haben mich der interdisziplin\u00e4re Austausch in Argentinien, die Zuversicht und der Humor, der in den Teams zu sp\u00fcren war, trotz der zum Teil sehr schwierigen Situationen und Krisen in den Familien. Eindr\u00fccklich war auch der Glaube aller, dass es gut kommen wird\u00bb, sagt Marisa Tejo.<\/p>\n\n\n\n<p><strong>CIF Switzerland \u00f6ffnet seine Tore<\/strong><\/p>\n\n\n\n<p>Im Fr\u00fchling 2023 bietet CIF Switzerland ein <a href=\"https:\/\/www.cif-switzerland.ch\/files\/images\/layout\/header_images\/old\/CIF_Program%202023.pdf\">vierzehnt\u00e4giges Austauschprogramm<\/a> f\u00fcr internationale Teilnehmer*innen mit Einblicken in die Soziale Arbeit der Schweiz an. Untergebracht in Gastfamilien, setzen sich die G\u00e4ste aus aller Welt mit dem System Soziale Arbeit und soziale Sicherung, Schwerpunkt Kind Jugend und Familie, auseinander und besuchen Praxisorganisationen. Einen Schwerpunkt des Programms 2023 bildet der Austausch \u00fcber Methoden und Ans\u00e4tze der Sozialen Arbeit sowie \u00fcber die eigenen Praxiserfahrungen. Ausserdem spielen die kulturellen, gesellschaftlichen Einblicke in das jeweilige Land und der Zusammenhalt in der gemeinsam reisenden Gruppe eine grosse Rolle.<\/p>\n\n\n\n<p><strong>Vision und Aussichten<\/strong><\/p>\n\n\n\n<p>Die beiden Vorstandsmitglieder Ursula Keller und Marisa Tejo w\u00fcnschen sich f\u00fcr die Zukunft von CIF Switzerland vor allem eine umfassende Bekanntheit der Organisation und eine entsprechende Nutzung. Sie formulieren ihre Vision davon so, \u00abdass noch viel mehr Fachkr\u00e4fte der Sozialen Arbeit von unserer Organisation wissen, dass sie die M\u00f6glichkeit eines internationalen Austauschs kennen und nutzen, dass unsere Bekanntheit w\u00e4chst und wir auf neue Mitglieder z\u00e4hlen k\u00f6nnen.\u00bb Eine verst\u00e4rkte Kooperation mit den Fachhochschulen und Ausbildungsst\u00e4tten der Sozialen Arbeit schweizweit k\u00f6nnte viel dazu beitragen in Zukunft.<\/p>\n\n\n\n<p>Von&nbsp;<a href=\"https:\/\/www.hslu.ch\/de-ch\/hochschule-luzern\/ueber-uns\/personensuche\/profile\/?pid=1984\">Annette Dietrich<\/a><br>Bild: Pixabay<br>Ver\u00f6ffentlicht: 21. November 2022<\/p>\n\n\n\n<div style=\"background-color:#f2f2f2;color:#32373c\" class=\"wp-block-genesis-blocks-gb-profile-box square gb-has-avatar gb-font-size-18 gb-block-profile gb-profile-columns\"><div class=\"gb-profile-column gb-profile-avatar-wrap\"><div class=\"gb-profile-image-wrap\"><figure class=\"gb-profile-image-square\"><img loading=\"lazy\" decoding=\"async\" width=\"174\" height=\"183\" class=\"gb-profile-avatar wp-image-4787\" src=\"https:\/\/hub.hslu.ch\/soziale-arbeit\/wp-content\/uploads\/sites\/23\/2022\/11\/Annette_Dietrich_HSLU.jpg\" alt=\"Annette_Dietrich_HSLU\" \/><\/figure><\/div><\/div><div class=\"gb-profile-column gb-profile-content-wrap\"><h2 class=\"gb-profile-name\" style=\"color:#32373c\">Annette Dietrich<\/h2><p class=\"gb-profile-title\" style=\"color:#32373c\">Annette Dietrich ist Dozentin und Projektleiterin im Bereich der Ausbildung. Sie ist verantwortlich f\u00fcr die Praxisausbildung und den internationalen Austausch f\u00fcr Studierende und Forschende. <\/p><div class=\"gb-profile-text\"><\/div><ul class=\"gb-social-links\"><\/ul><\/div><\/div>\n\n\n<div class=\"blue-box\">\n\t<div class=\"row\">\n\t\t<div class=\"col-md-12\">\n\t\t\t<p><strong>Wie funktioniert die Soziale Arbeit in anderen L\u00e4ndern?<\/strong> Falls du interessiert bist an einem internationalen Austausch, findest du in den <a href=\"https:\/\/www.cif-switzerland.ch\/austauschprogramme.html\">Programmen von CIF<\/a> spannende und vielseitige M\u00f6glichkeiten in \u00fcber 20 L\u00e4ndern. Teilnahmebedingung sind eine Ausbildung in Sozialer Arbeit und zwei Jahre Berufserfahrung.<\/p>\n<p>Die Hochschule Luzern \u2013 Soziale Arbeit unterst\u00fctzt neben dem Austauschprogramm auch Praktika im Ausland und unterh\u00e4lt Partnerschaften mit anderen Hochschulen. <a href=\"https:\/\/www.hslu.ch\/de-ch\/soziale-arbeit\/ueber-uns\/international\/#:~:text=Die%20Hochschule%20Luzern%20%E2%80%93%20Soziale%20Arbeit%20unterst%C3%BCtzt%20die%20Mobilit%C3%A4t%20der%20Studierenden,ein%20Semester%20in%20Luzern%20verbringen.\"><strong>Informiere dich \u00fcber deine M\u00f6glichkeiten f\u00fcr einen<\/strong> <strong>internationalen Austausch.<\/strong><\/a><\/p>\n\t\t<\/div>\n\t<\/div>\n<\/div>\n","protected":false},"excerpt":{"rendered":"<p>Seit den 1950er-Jahren engagiert sich die Organisation CIF weltweit f\u00fcr den Austausch von Fachkr\u00e4ften der Sozialen Arbeit. Ein Einblick in die Gr\u00fcndung der Organisation und in die Arbeit, Erfahrungen und das Programm von CIF Switzerland mit den Vorstandsmitgliedern Ursula Keller und Marisa Tejo.<\/p>\n","protected":false},"author":152,"featured_media":4782,"comment_status":"open","ping_status":"closed","sticky":false,"template":"","format":"standard","meta":{"_acf_changed":false,"inline_featured_image":false,"_relevanssi_hide_post":"","_relevanssi_hide_content":"","_relevanssi_pin_for_all":"","_relevanssi_pin_keywords":"","_relevanssi_unpin_keywords":"","_relevanssi_related_keywords":"","_relevanssi_related_include_ids":"","_relevanssi_related_exclude_ids":"","_relevanssi_related_no_append":"","_relevanssi_related_not_related":"","_relevanssi_related_posts":"1914,520,82,1888,3448,4468","_relevanssi_noindex_reason":"","footnotes":"","_links_to":"","_links_to_target":""},"categories":[7],"tags":[278,279,244],"class_list":["post-4781","post","type-post","status-publish","format-standard","has-post-thumbnail","hentry","category-ausbildung","tag-austausch","tag-internationales","tag-studium"],"acf":[],"yoast_head":"<!-- This site is optimized with the Yoast SEO plugin v27.5 - https:\/\/yoast.com\/product\/yoast-seo-wordpress\/ -->\n<title>Soziale Arbeit anderswo \u2013 das Austauschprogramm CIF verschafft Einblicke und Erfahrungen &#8211; Soziale Arbeit an der Hochschule Luzern<\/title>\n<meta name=\"description\" content=\"Seit den 1950er-Jahren engagiert sich die Organisation CIF f\u00fcr den Austausch von Fachkr\u00e4ften der Sozialen Arbeit. Ein Einblick in die Gr\u00fcndung der Organisation und in die Arbeit, Erfahrungen und das Programm von CIF Switzerland mit den Vorstandsmitgliedern Ursula Keller und Marisa Tejo.\" \/>\n<meta name=\"robots\" content=\"index, follow, max-snippet:-1, max-image-preview:large, max-video-preview:-1\" \/>\n<link rel=\"canonical\" href=\"https:\/\/hub.hslu.ch\/soziale-arbeit\/soziale-arbeit-anderswo-das-austauschprogramm-cif-verschafft-einblicke-und-erfahrungen\/\" \/>\n<meta property=\"og:locale\" content=\"de_DE\" \/>\n<meta property=\"og:type\" content=\"article\" \/>\n<meta property=\"og:title\" content=\"Soziale Arbeit anderswo \u2013 das Austauschprogramm CIF verschafft Einblicke und Erfahrungen &#8211; Soziale Arbeit an der Hochschule Luzern\" \/>\n<meta property=\"og:description\" content=\"Seit den 1950er-Jahren engagiert sich die Organisation CIF f\u00fcr den Austausch von Fachkr\u00e4ften der Sozialen Arbeit. Ein Einblick in die Gr\u00fcndung der Organisation und in die Arbeit, Erfahrungen und das Programm von CIF Switzerland mit den Vorstandsmitgliedern Ursula Keller und Marisa Tejo.\" \/>\n<meta property=\"og:url\" content=\"https:\/\/hub.hslu.ch\/soziale-arbeit\/soziale-arbeit-anderswo-das-austauschprogramm-cif-verschafft-einblicke-und-erfahrungen\/\" \/>\n<meta property=\"og:site_name\" content=\"Soziale Arbeit an der Hochschule Luzern\" \/>\n<meta property=\"article:published_time\" content=\"2022-11-21T07:41:35+00:00\" \/>\n<meta property=\"article:modified_time\" content=\"2026-02-11T13:54:04+00:00\" \/>\n<meta property=\"og:image\" content=\"https:\/\/hub.hslu.ch\/soziale-arbeit\/wp-content\/uploads\/sites\/23\/2022\/11\/Titel_Austauschprogramm_HSLU_CIF.jpg\" \/>\n\t<meta property=\"og:image:width\" content=\"1614\" \/>\n\t<meta property=\"og:image:height\" content=\"907\" \/>\n\t<meta property=\"og:image:type\" content=\"image\/jpeg\" \/>\n<meta name=\"author\" content=\"Roger Ettlin\" \/>\n<meta name=\"twitter:card\" content=\"summary_large_image\" \/>\n<meta name=\"twitter:label1\" content=\"Geschrieben von\" \/>\n\t<meta name=\"twitter:data1\" content=\"Roger Ettlin\" \/>\n\t<meta name=\"twitter:label2\" content=\"Gesch\u00e4tzte Lesezeit\" \/>\n\t<meta name=\"twitter:data2\" content=\"5\u00a0Minuten\" \/>\n<script type=\"application\/ld+json\" class=\"yoast-schema-graph\">{\"@context\":\"https:\\\/\\\/schema.org\",\"@graph\":[{\"@type\":\"Article\",\"@id\":\"https:\\\/\\\/hub.hslu.ch\\\/soziale-arbeit\\\/soziale-arbeit-anderswo-das-austauschprogramm-cif-verschafft-einblicke-und-erfahrungen\\\/#article\",\"isPartOf\":{\"@id\":\"https:\\\/\\\/hub.hslu.ch\\\/soziale-arbeit\\\/soziale-arbeit-anderswo-das-austauschprogramm-cif-verschafft-einblicke-und-erfahrungen\\\/\"},\"author\":{\"name\":\"Roger Ettlin\",\"@id\":\"https:\\\/\\\/hub.hslu.ch\\\/soziale-arbeit\\\/#\\\/schema\\\/person\\\/0d13e861725ae87916921d6d018489e4\"},\"headline\":\"Soziale Arbeit anderswo \u2013 das Austauschprogramm CIF verschafft Einblicke und Erfahrungen\",\"datePublished\":\"2022-11-21T07:41:35+00:00\",\"dateModified\":\"2026-02-11T13:54:04+00:00\",\"mainEntityOfPage\":{\"@id\":\"https:\\\/\\\/hub.hslu.ch\\\/soziale-arbeit\\\/soziale-arbeit-anderswo-das-austauschprogramm-cif-verschafft-einblicke-und-erfahrungen\\\/\"},\"wordCount\":682,\"commentCount\":0,\"image\":{\"@id\":\"https:\\\/\\\/hub.hslu.ch\\\/soziale-arbeit\\\/soziale-arbeit-anderswo-das-austauschprogramm-cif-verschafft-einblicke-und-erfahrungen\\\/#primaryimage\"},\"thumbnailUrl\":\"https:\\\/\\\/hub.hslu.ch\\\/soziale-arbeit\\\/wp-content\\\/uploads\\\/sites\\\/23\\\/2022\\\/11\\\/Titel_Austauschprogramm_HSLU_CIF.jpg\",\"keywords\":[\"Austausch\",\"Internationales\",\"Studium\"],\"articleSection\":[\"Studium\"],\"inLanguage\":\"de-CH\",\"potentialAction\":[{\"@type\":\"CommentAction\",\"name\":\"Comment\",\"target\":[\"https:\\\/\\\/hub.hslu.ch\\\/soziale-arbeit\\\/soziale-arbeit-anderswo-das-austauschprogramm-cif-verschafft-einblicke-und-erfahrungen\\\/#respond\"]}]},{\"@type\":\"WebPage\",\"@id\":\"https:\\\/\\\/hub.hslu.ch\\\/soziale-arbeit\\\/soziale-arbeit-anderswo-das-austauschprogramm-cif-verschafft-einblicke-und-erfahrungen\\\/\",\"url\":\"https:\\\/\\\/hub.hslu.ch\\\/soziale-arbeit\\\/soziale-arbeit-anderswo-das-austauschprogramm-cif-verschafft-einblicke-und-erfahrungen\\\/\",\"name\":\"Soziale Arbeit anderswo \u2013 das Austauschprogramm CIF verschafft Einblicke und Erfahrungen &#8211; Soziale Arbeit an der Hochschule Luzern\",\"isPartOf\":{\"@id\":\"https:\\\/\\\/hub.hslu.ch\\\/soziale-arbeit\\\/#website\"},\"primaryImageOfPage\":{\"@id\":\"https:\\\/\\\/hub.hslu.ch\\\/soziale-arbeit\\\/soziale-arbeit-anderswo-das-austauschprogramm-cif-verschafft-einblicke-und-erfahrungen\\\/#primaryimage\"},\"image\":{\"@id\":\"https:\\\/\\\/hub.hslu.ch\\\/soziale-arbeit\\\/soziale-arbeit-anderswo-das-austauschprogramm-cif-verschafft-einblicke-und-erfahrungen\\\/#primaryimage\"},\"thumbnailUrl\":\"https:\\\/\\\/hub.hslu.ch\\\/soziale-arbeit\\\/wp-content\\\/uploads\\\/sites\\\/23\\\/2022\\\/11\\\/Titel_Austauschprogramm_HSLU_CIF.jpg\",\"datePublished\":\"2022-11-21T07:41:35+00:00\",\"dateModified\":\"2026-02-11T13:54:04+00:00\",\"author\":{\"@id\":\"https:\\\/\\\/hub.hslu.ch\\\/soziale-arbeit\\\/#\\\/schema\\\/person\\\/0d13e861725ae87916921d6d018489e4\"},\"description\":\"Seit den 1950er-Jahren engagiert sich die Organisation CIF f\u00fcr den Austausch von Fachkr\u00e4ften der Sozialen Arbeit. Ein Einblick in die Gr\u00fcndung der Organisation und in die Arbeit, Erfahrungen und das Programm von CIF Switzerland mit den Vorstandsmitgliedern Ursula Keller und Marisa Tejo.\",\"breadcrumb\":{\"@id\":\"https:\\\/\\\/hub.hslu.ch\\\/soziale-arbeit\\\/soziale-arbeit-anderswo-das-austauschprogramm-cif-verschafft-einblicke-und-erfahrungen\\\/#breadcrumb\"},\"inLanguage\":\"de-CH\",\"potentialAction\":[{\"@type\":\"ReadAction\",\"target\":[\"https:\\\/\\\/hub.hslu.ch\\\/soziale-arbeit\\\/soziale-arbeit-anderswo-das-austauschprogramm-cif-verschafft-einblicke-und-erfahrungen\\\/\"]}]},{\"@type\":\"ImageObject\",\"inLanguage\":\"de-CH\",\"@id\":\"https:\\\/\\\/hub.hslu.ch\\\/soziale-arbeit\\\/soziale-arbeit-anderswo-das-austauschprogramm-cif-verschafft-einblicke-und-erfahrungen\\\/#primaryimage\",\"url\":\"https:\\\/\\\/hub.hslu.ch\\\/soziale-arbeit\\\/wp-content\\\/uploads\\\/sites\\\/23\\\/2022\\\/11\\\/Titel_Austauschprogramm_HSLU_CIF.jpg\",\"contentUrl\":\"https:\\\/\\\/hub.hslu.ch\\\/soziale-arbeit\\\/wp-content\\\/uploads\\\/sites\\\/23\\\/2022\\\/11\\\/Titel_Austauschprogramm_HSLU_CIF.jpg\",\"width\":1614,\"height\":907,\"caption\":\"Titel_Austauschprogramm_HSLU_CIF\"},{\"@type\":\"BreadcrumbList\",\"@id\":\"https:\\\/\\\/hub.hslu.ch\\\/soziale-arbeit\\\/soziale-arbeit-anderswo-das-austauschprogramm-cif-verschafft-einblicke-und-erfahrungen\\\/#breadcrumb\",\"itemListElement\":[{\"@type\":\"ListItem\",\"position\":1,\"name\":\"Home\",\"item\":\"https:\\\/\\\/hub.hslu.ch\\\/soziale-arbeit\\\/\"},{\"@type\":\"ListItem\",\"position\":2,\"name\":\"Soziale Arbeit anderswo \u2013 das Austauschprogramm CIF verschafft Einblicke und Erfahrungen\"}]},{\"@type\":\"WebSite\",\"@id\":\"https:\\\/\\\/hub.hslu.ch\\\/soziale-arbeit\\\/#website\",\"url\":\"https:\\\/\\\/hub.hslu.ch\\\/soziale-arbeit\\\/\",\"name\":\"Soziale Arbeit an der Hochschule Luzern\",\"description\":\"Der Blog der Hochschule Luzern \u2013 Soziale Arbeit\",\"potentialAction\":[{\"@type\":\"SearchAction\",\"target\":{\"@type\":\"EntryPoint\",\"urlTemplate\":\"https:\\\/\\\/hub.hslu.ch\\\/soziale-arbeit\\\/?s={search_term_string}\"},\"query-input\":{\"@type\":\"PropertyValueSpecification\",\"valueRequired\":true,\"valueName\":\"search_term_string\"}}],\"inLanguage\":\"de-CH\"},{\"@type\":\"Person\",\"@id\":\"https:\\\/\\\/hub.hslu.ch\\\/soziale-arbeit\\\/#\\\/schema\\\/person\\\/0d13e861725ae87916921d6d018489e4\",\"name\":\"Roger Ettlin\"}]}<\/script>\n<!-- \/ Yoast SEO plugin. -->","yoast_head_json":{"title":"Soziale Arbeit anderswo \u2013 das Austauschprogramm CIF verschafft Einblicke und Erfahrungen &#8211; Soziale Arbeit an der Hochschule Luzern","description":"Seit den 1950er-Jahren engagiert sich die Organisation CIF f\u00fcr den Austausch von Fachkr\u00e4ften der Sozialen Arbeit. Ein Einblick in die Gr\u00fcndung der Organisation und in die Arbeit, Erfahrungen und das Programm von CIF Switzerland mit den Vorstandsmitgliedern Ursula Keller und Marisa Tejo.","robots":{"index":"index","follow":"follow","max-snippet":"max-snippet:-1","max-image-preview":"max-image-preview:large","max-video-preview":"max-video-preview:-1"},"canonical":"https:\/\/hub.hslu.ch\/soziale-arbeit\/soziale-arbeit-anderswo-das-austauschprogramm-cif-verschafft-einblicke-und-erfahrungen\/","og_locale":"de_DE","og_type":"article","og_title":"Soziale Arbeit anderswo \u2013 das Austauschprogramm CIF verschafft Einblicke und Erfahrungen &#8211; Soziale Arbeit an der Hochschule Luzern","og_description":"Seit den 1950er-Jahren engagiert sich die Organisation CIF f\u00fcr den Austausch von Fachkr\u00e4ften der Sozialen Arbeit. Ein Einblick in die Gr\u00fcndung der Organisation und in die Arbeit, Erfahrungen und das Programm von CIF Switzerland mit den Vorstandsmitgliedern Ursula Keller und Marisa Tejo.","og_url":"https:\/\/hub.hslu.ch\/soziale-arbeit\/soziale-arbeit-anderswo-das-austauschprogramm-cif-verschafft-einblicke-und-erfahrungen\/","og_site_name":"Soziale Arbeit an der Hochschule Luzern","article_published_time":"2022-11-21T07:41:35+00:00","article_modified_time":"2026-02-11T13:54:04+00:00","og_image":[{"width":1614,"height":907,"url":"https:\/\/hub.hslu.ch\/soziale-arbeit\/wp-content\/uploads\/sites\/23\/2022\/11\/Titel_Austauschprogramm_HSLU_CIF.jpg","type":"image\/jpeg"}],"author":"Roger Ettlin","twitter_card":"summary_large_image","twitter_misc":{"Geschrieben von":"Roger Ettlin","Gesch\u00e4tzte Lesezeit":"5\u00a0Minuten"},"schema":{"@context":"https:\/\/schema.org","@graph":[{"@type":"Article","@id":"https:\/\/hub.hslu.ch\/soziale-arbeit\/soziale-arbeit-anderswo-das-austauschprogramm-cif-verschafft-einblicke-und-erfahrungen\/#article","isPartOf":{"@id":"https:\/\/hub.hslu.ch\/soziale-arbeit\/soziale-arbeit-anderswo-das-austauschprogramm-cif-verschafft-einblicke-und-erfahrungen\/"},"author":{"name":"Roger Ettlin","@id":"https:\/\/hub.hslu.ch\/soziale-arbeit\/#\/schema\/person\/0d13e861725ae87916921d6d018489e4"},"headline":"Soziale Arbeit anderswo \u2013 das Austauschprogramm CIF verschafft Einblicke und Erfahrungen","datePublished":"2022-11-21T07:41:35+00:00","dateModified":"2026-02-11T13:54:04+00:00","mainEntityOfPage":{"@id":"https:\/\/hub.hslu.ch\/soziale-arbeit\/soziale-arbeit-anderswo-das-austauschprogramm-cif-verschafft-einblicke-und-erfahrungen\/"},"wordCount":682,"commentCount":0,"image":{"@id":"https:\/\/hub.hslu.ch\/soziale-arbeit\/soziale-arbeit-anderswo-das-austauschprogramm-cif-verschafft-einblicke-und-erfahrungen\/#primaryimage"},"thumbnailUrl":"https:\/\/hub.hslu.ch\/soziale-arbeit\/wp-content\/uploads\/sites\/23\/2022\/11\/Titel_Austauschprogramm_HSLU_CIF.jpg","keywords":["Austausch","Internationales","Studium"],"articleSection":["Studium"],"inLanguage":"de-CH","potentialAction":[{"@type":"CommentAction","name":"Comment","target":["https:\/\/hub.hslu.ch\/soziale-arbeit\/soziale-arbeit-anderswo-das-austauschprogramm-cif-verschafft-einblicke-und-erfahrungen\/#respond"]}]},{"@type":"WebPage","@id":"https:\/\/hub.hslu.ch\/soziale-arbeit\/soziale-arbeit-anderswo-das-austauschprogramm-cif-verschafft-einblicke-und-erfahrungen\/","url":"https:\/\/hub.hslu.ch\/soziale-arbeit\/soziale-arbeit-anderswo-das-austauschprogramm-cif-verschafft-einblicke-und-erfahrungen\/","name":"Soziale Arbeit anderswo \u2013 das Austauschprogramm CIF verschafft Einblicke und Erfahrungen &#8211; Soziale Arbeit an der Hochschule Luzern","isPartOf":{"@id":"https:\/\/hub.hslu.ch\/soziale-arbeit\/#website"},"primaryImageOfPage":{"@id":"https:\/\/hub.hslu.ch\/soziale-arbeit\/soziale-arbeit-anderswo-das-austauschprogramm-cif-verschafft-einblicke-und-erfahrungen\/#primaryimage"},"image":{"@id":"https:\/\/hub.hslu.ch\/soziale-arbeit\/soziale-arbeit-anderswo-das-austauschprogramm-cif-verschafft-einblicke-und-erfahrungen\/#primaryimage"},"thumbnailUrl":"https:\/\/hub.hslu.ch\/soziale-arbeit\/wp-content\/uploads\/sites\/23\/2022\/11\/Titel_Austauschprogramm_HSLU_CIF.jpg","datePublished":"2022-11-21T07:41:35+00:00","dateModified":"2026-02-11T13:54:04+00:00","author":{"@id":"https:\/\/hub.hslu.ch\/soziale-arbeit\/#\/schema\/person\/0d13e861725ae87916921d6d018489e4"},"description":"Seit den 1950er-Jahren engagiert sich die Organisation CIF f\u00fcr den Austausch von Fachkr\u00e4ften der Sozialen Arbeit. Ein Einblick in die Gr\u00fcndung der Organisation und in die Arbeit, Erfahrungen und das Programm von CIF Switzerland mit den Vorstandsmitgliedern Ursula Keller und Marisa Tejo.","breadcrumb":{"@id":"https:\/\/hub.hslu.ch\/soziale-arbeit\/soziale-arbeit-anderswo-das-austauschprogramm-cif-verschafft-einblicke-und-erfahrungen\/#breadcrumb"},"inLanguage":"de-CH","potentialAction":[{"@type":"ReadAction","target":["https:\/\/hub.hslu.ch\/soziale-arbeit\/soziale-arbeit-anderswo-das-austauschprogramm-cif-verschafft-einblicke-und-erfahrungen\/"]}]},{"@type":"ImageObject","inLanguage":"de-CH","@id":"https:\/\/hub.hslu.ch\/soziale-arbeit\/soziale-arbeit-anderswo-das-austauschprogramm-cif-verschafft-einblicke-und-erfahrungen\/#primaryimage","url":"https:\/\/hub.hslu.ch\/soziale-arbeit\/wp-content\/uploads\/sites\/23\/2022\/11\/Titel_Austauschprogramm_HSLU_CIF.jpg","contentUrl":"https:\/\/hub.hslu.ch\/soziale-arbeit\/wp-content\/uploads\/sites\/23\/2022\/11\/Titel_Austauschprogramm_HSLU_CIF.jpg","width":1614,"height":907,"caption":"Titel_Austauschprogramm_HSLU_CIF"},{"@type":"BreadcrumbList","@id":"https:\/\/hub.hslu.ch\/soziale-arbeit\/soziale-arbeit-anderswo-das-austauschprogramm-cif-verschafft-einblicke-und-erfahrungen\/#breadcrumb","itemListElement":[{"@type":"ListItem","position":1,"name":"Home","item":"https:\/\/hub.hslu.ch\/soziale-arbeit\/"},{"@type":"ListItem","position":2,"name":"Soziale Arbeit anderswo \u2013 das Austauschprogramm CIF verschafft Einblicke und Erfahrungen"}]},{"@type":"WebSite","@id":"https:\/\/hub.hslu.ch\/soziale-arbeit\/#website","url":"https:\/\/hub.hslu.ch\/soziale-arbeit\/","name":"Soziale Arbeit an der Hochschule Luzern","description":"Der Blog der Hochschule Luzern \u2013 Soziale Arbeit","potentialAction":[{"@type":"SearchAction","target":{"@type":"EntryPoint","urlTemplate":"https:\/\/hub.hslu.ch\/soziale-arbeit\/?s={search_term_string}"},"query-input":{"@type":"PropertyValueSpecification","valueRequired":true,"valueName":"search_term_string"}}],"inLanguage":"de-CH"},{"@type":"Person","@id":"https:\/\/hub.hslu.ch\/soziale-arbeit\/#\/schema\/person\/0d13e861725ae87916921d6d018489e4","name":"Roger Ettlin"}]}},"featured_image_src":"https:\/\/hub.hslu.ch\/soziale-arbeit\/wp-content\/uploads\/sites\/23\/2022\/11\/Titel_Austauschprogramm_HSLU_CIF.jpg","featured_image_src_square":"https:\/\/hub.hslu.ch\/soziale-arbeit\/wp-content\/uploads\/sites\/23\/2022\/11\/Titel_Austauschprogramm_HSLU_CIF.jpg","author_info":{"display_name":"Roger Ettlin","author_link":"https:\/\/hub.hslu.ch\/soziale-arbeit\/author\/rogerettlin\/"},"_links":{"self":[{"href":"https:\/\/hub.hslu.ch\/soziale-arbeit\/wp-json\/wp\/v2\/posts\/4781","targetHints":{"allow":["GET"]}}],"collection":[{"href":"https:\/\/hub.hslu.ch\/soziale-arbeit\/wp-json\/wp\/v2\/posts"}],"about":[{"href":"https:\/\/hub.hslu.ch\/soziale-arbeit\/wp-json\/wp\/v2\/types\/post"}],"author":[{"embeddable":true,"href":"https:\/\/hub.hslu.ch\/soziale-arbeit\/wp-json\/wp\/v2\/users\/152"}],"replies":[{"embeddable":true,"href":"https:\/\/hub.hslu.ch\/soziale-arbeit\/wp-json\/wp\/v2\/comments?post=4781"}],"version-history":[{"count":15,"href":"https:\/\/hub.hslu.ch\/soziale-arbeit\/wp-json\/wp\/v2\/posts\/4781\/revisions"}],"predecessor-version":[{"id":12959,"href":"https:\/\/hub.hslu.ch\/soziale-arbeit\/wp-json\/wp\/v2\/posts\/4781\/revisions\/12959"}],"wp:featuredmedia":[{"embeddable":true,"href":"https:\/\/hub.hslu.ch\/soziale-arbeit\/wp-json\/wp\/v2\/media\/4782"}],"wp:attachment":[{"href":"https:\/\/hub.hslu.ch\/soziale-arbeit\/wp-json\/wp\/v2\/media?parent=4781"}],"wp:term":[{"taxonomy":"category","embeddable":true,"href":"https:\/\/hub.hslu.ch\/soziale-arbeit\/wp-json\/wp\/v2\/categories?post=4781"},{"taxonomy":"post_tag","embeddable":true,"href":"https:\/\/hub.hslu.ch\/soziale-arbeit\/wp-json\/wp\/v2\/tags?post=4781"}],"curies":[{"name":"wp","href":"https:\/\/api.w.org\/{rel}","templated":true}]}}