{"id":5500,"date":"2023-02-20T11:30:07","date_gmt":"2023-02-20T10:30:07","guid":{"rendered":"https:\/\/hub.hslu.ch\/soziale-arbeit\/?p=5500"},"modified":"2026-02-11T14:54:05","modified_gmt":"2026-02-11T13:54:05","slug":"selbstorganisiertes-lernen-im-neuen-bachelor-in-sozialer-arbeit","status":"publish","type":"post","link":"https:\/\/hub.hslu.ch\/soziale-arbeit\/selbstorganisiertes-lernen-im-neuen-bachelor-in-sozialer-arbeit\/","title":{"rendered":"Selbstorganisiertes Lernen im neuen Bachelor in Sozialer Arbeit"},"content":{"rendered":"\n\n\n<p><strong>Sandra Niederberger, Sie sind Abteilungsleiterin bei der <a href=\"https:\/\/www.braendi.ch\/\">Stiftung Br\u00e4ndi<\/a> in Horw. Was sind dort Ihre Aufgaben?<\/strong><\/p>\n\n\n\n<p>Meine Aufgaben sind sehr vielseitig. Der Schwerpunkt liegt in der Personalf\u00fchrung, ich leite zwei Teams von insgesamt zehn Personen. Ein kleiner Teil meines Pensums umfasst die direkte Alltagsbegleitung der Menschen mit Behinderungen in den Wohngruppen.<\/p>\n\n\n\n<p>Weiter habe ich Aufgaben im Leitungsteam, wobei ich \u00fcberwiegend sozialp\u00e4dagogische, respektive agogische Fragen rund um die Begleitung von Menschen mit Behinderung im Wohnhaus thematisiere, Weiterbildungen organisiere oder auch Wohnhausziele mit dem Leitungsteam festlege. Stiftungs\u00fcbergreifend bin ich zudem in einer Fachgruppe, die sich mit der agogischen Prozessgestaltung und agogischen Grundhaltung besch\u00e4ftigt und dies laufend reflektiert.<\/p>\n\n\n\n<p><strong>Sie arbeiten zurzeit an der Implementierung des neuen Bachelorstudiengangs \u00abNeue Konzepte und Innovation\u00bb mit.<\/strong> <strong>Was ist Ihre Motivation dabei?<\/strong><\/p>\n\n\n\n<p>Ich finde es spannend, sich Gedanken dar\u00fcber zu machen, wie Wissen praxisorientiert vermittelt wird und wie Wissen in einem begleiteten Lernprozess so vermittelt werden kann, dass es sich Menschen je nach Interesse und Bedarf selbst aneignen k\u00f6nnen.<\/p>\n\n\n\n<div class=\"wp-block-genesis-blocks-gb-accordion gb-block-accordion\"><details><summary class=\"gb-accordion-title\"><strong>Ein Studium selber mitgestalten?<\/strong><\/summary><div class=\"gb-accordion-text\">\n<p class=\"has-background\" style=\"background:linear-gradient(135deg,rgba(242,242,242,0.95) 0%,rgba(242,242,242,0.95) 100%)\">Die Zukunft der Sozialen Arbeit braucht Fachpersonen, die selbstorganisiert neue Konzepte entwickeln und Wissen erschliessen. Studierende, Dozierende und Fachpersonen entwickeln den <strong><a href=\"https:\/\/www.hslu.ch\/de-ch\/soziale-arbeit\/studium\/bachelor\/soziale-arbeit-neue-konzepte-und-innovation\/\">Bachelor in Sozialer Arbeit neue Konzepte und Innovation<\/a><\/strong> gemeinsam laufend weiter \u2013 auf Augenh\u00f6he und in engem Austausch untereinander.<\/p>\n\n\n\n<p class=\"has-background\" style=\"background:linear-gradient(135deg,rgba(242,242,242,0.95) 2%,rgba(242,242,242,0.95) 100%)\">An Infoveranstaltung teilnehmen: <a href=\"https:\/\/www.hslu.ch\/de-ch\/soziale-arbeit\/studium\/info-veranstaltungen\/#?filters=102,1050&amp;q=bachelor\">Hier anmelden!<\/a><\/p>\n<\/div><\/details><\/div>\n\n\n\n<p><strong>Worin besteht aus Ihrer Sicht der gr\u00f6sste Unterschied zum bestehenden Bachelorstudiengang?<\/strong><\/p>\n\n\n\n<p>Den Hauptunterschied sehe ich im soziokratischen Grundaufbau und dem damit verbundenen Aufbau des Lernprozesses im Studium durch selbstorganisiertes Lernen. Aufgrund der laufenden Entwicklung des neuen Studiengangs wird es sich noch zeigen, wie sehr sich dieser vom bestehenden Bachelorstudiengang unterscheidet. Ich k\u00f6nnte mir vorstellen, dass im neuen Studiengang auch Theorien Gewicht erhalten, die den individuellen Schwerpunkten entgegenkommen, je nach Interesse und Bedarf f\u00fcr ein Projekt bzw. einen Fall aus der Praxis.<\/p>\n\n\n\n<div class=\"wp-block-genesis-blocks-gb-accordion gb-block-accordion\"><details><summary class=\"gb-accordion-title\"><strong>Was ist Soziokratie?<\/strong><\/summary><div class=\"gb-accordion-text\">\n<p class=\"has-background\" style=\"background:linear-gradient(135deg,rgba(242,242,242,0.95) 0%,rgba(242,242,242,0.95) 100%)\">Selbstorganisation ist ein zentraler Faktor von innovativen Zusammenarbeitsformen. Auf der Ebene von Organisationen etablieren sich soziokratische Managementformen, in denen Personengruppen selbstorganisiert entscheiden und handeln (<a href=\"https:\/\/www.sozialinfo.ch\/dossiers\/soziale-arbeit-selbstorganisiert-studieren-an-der-hslu\">Heiniger, 2022<\/a>).<\/p>\n<\/div><\/details><\/div>\n\n\n\n<p><strong>Welche Chancen sehen Sie im neuen Bachelorstudiengang hinsichtlich der beruflichen Perspektiven?<\/strong><\/p>\n\n\n\n<p>Die Studierenden werden fr\u00fcher und auf andere Weise in die Praxis einbezogen. Ausserdem sehe ich es als ein gro\u00dfer Vorteil an, dass Studierende sich sp\u00e4ter f\u00fcr eine bestimmte Vertiefungsrichtung entscheiden k\u00f6nnen und so Einblicke in verschiedene Bereiche erhalten. Dadurch erhalten sie eine generalistische Ausbildung, die es ihnen erm\u00f6glicht, fallbezogen zu arbeiten. Die Hauptkompetenz sehe ich dabei, sich aus einem Fall aus der Praxis Wissen anzueignen, die Prozesse gemeinsam zu gestalten und dann auf den Fall anzuwenden. Dieser Fokus auf Transferprozesse von der Praxis in die Theorie sowie auch von der Theorie in die Praxis sehe ich als grossen Mehrwert f\u00fcr k\u00fcnftige Sozialarbeitende, woran sich ein Master in Sozialer Arbeit auch sehr gut anschliessen l\u00e4sst.<\/p>\n\n\n\n<p><strong>Wer sollte den neuen Studiengang w\u00e4hlen und weshalb?<\/strong><\/p>\n\n\n\n<p>Das k\u00f6nnen Menschen sein, die gerne eigenen Interessen und Fragestellungen aus der Praxis vertieft nachgehen, die Freiheiten in der Gestaltung der Lernprozesse sch\u00e4tzen, fr\u00fch praxisnah und anwendungsorientiert arbeiten und lernen. Hilfreich sind hierbei Lerntypen, die sich gut selbst strukturieren k\u00f6nnen bzw. dies im Rahmen dieses Studiums lernen m\u00f6chten.<\/p>\n\n\n\n<p><strong>W\u00fcrden Sie den gleichen Studiengang nochmals w\u00e4hlen oder sich f\u00fcr den neuen Bachelor entscheiden?<\/strong><\/p>\n\n\n\n<p>Gerade weil ich berufsbegleitend und damit praxisnah studiert habe, w\u00fcrde ich mich heute f\u00fcr den neuen Bachelorstudiengang entscheiden. Der Einblick in verschiedene Handlungsfelder, wobei man sich nicht bereits f\u00fcr eine Vertiefungsrichtung entscheiden muss, aber noch mehr fall- bzw. praxisbezogen und interessengeleitet studieren kann, hat mich zudem \u00fcberzeugt. In diesem Studiengang lernt man sich dar\u00fcber hinaus selbst gut zu strukturieren, was ich als weitere Chance f\u00fcr k\u00fcnftige Professionelle Sozialer Arbeit sehe.<\/p>\n\n\n\n<p><strong>Welche Erfahrungen aus der Praxis und aus Ihrem <a href=\"https:\/\/www.masterinsozialerarbeit.ch\/\">Masterstudium<\/a> k\u00f6nnen Sie bei der Entwicklung des neuen Bachelors einbringen?<\/strong><\/p>\n\n\n\n<p>Ich lerne im Masterstudium, wie etwas konzipiert wird und wie dazu notwendige Ressourcen erschlossen und eingesetzt werden. So haben wir im Masterstudium ein Projekt realisiert, bei dem wir ein Konzept zur Milieutherapie in der forensischen Psychiatrie erarbeitet haben. Hierbei lernte ich von Grund auf etwas zu entwickeln, was dann in der Praxis zur Anwendung kommt.<\/p>\n\n\n\n<p><strong>Weshalb braucht es solche neuen Studienformen?<\/strong><\/p>\n\n\n\n<p>Ich denke, dass es sich als Hochschule lohnt, verschiedene Studieng\u00e4nge anzubieten, die unterschiedliche Bed\u00fcrfnisse abholen. Zum einen Studieng\u00e4nge, die eine fixe Struktur mit einem fixen Ablauf vorsehen, zum anderen solche, die eher offenes, exploratives Lernen erm\u00f6glichen. Letzteres hat in den letzten Jahren als selbstorganisiertes Lernen in der Bildungslandschaft an Bedeutung gewonnen, so bereits auf der Volksschulstufe.<\/p>\n\n\n\n<p>Ich sehe auch Chancen darin, Lernprozesse ergebnisoffen, kooperativ und koproduktiv zu gestalten. Dort wo Studierende gemeinsam mit Dozierenden, Praxisvertreter*innen und Adressat*innen zusammenarbeiten und voneinander lernen, k\u00f6nnen die unterschiedlichen Expertisen und Wissensformen optimal genutzt werden.<\/p>\n\n\n\n<p>Von Aaron Rhyner<br>Ver\u00f6ffentlicht: 20. Februar 2023<\/p>\n\n\n<div class=\"blue-box\">\n\t<div class=\"row\">\n\t\t<div class=\"col-md-12\">\n\t\t\t<p>Der <a href=\"https:\/\/www.hslu.ch\/de-ch\/soziale-arbeit\/studium\/bachelor\/soziale-arbeit-neue-konzepte-und-innovation\/\"><strong>Bachelor in Sozialer Arbeit mit Schwerpunkt neue Konzepte und Innovation<\/strong><\/a> startet im Herbstsemester 2023. Weitere Informationen zum neuen Studiengang und die Details zur Anmeldung gibt es <a href=\"https:\/\/www.hslu.ch\/de-ch\/soziale-arbeit\/studium\/bachelor\/soziale-arbeit-neue-konzepte-und-innovation\/\">HIER<\/a>.<\/p>\n<p><a href=\"https:\/\/www.hslu.ch\/de-ch\/soziale-arbeit\/studium\/bachelor\/soziale-arbeit-neue-konzepte-und-innovation\/\"><img loading=\"lazy\" decoding=\"async\" class=\"alignright wp-image-3993\" src=\"https:\/\/hub.hslu.ch\/soziale-arbeit\/wp-content\/uploads\/sites\/23\/2022\/08\/Bachelor-Soziale-Arbeit-Fisch-300x225.jpg\" alt=\"Bachelor Soziale Arbeit Fisch\" width=\"284\" height=\"213\" srcset=\"https:\/\/hub.hslu.ch\/soziale-arbeit\/wp-content\/uploads\/sites\/23\/2022\/08\/Bachelor-Soziale-Arbeit-Fisch-300x225.jpg 300w, https:\/\/hub.hslu.ch\/soziale-arbeit\/wp-content\/uploads\/sites\/23\/2022\/08\/Bachelor-Soziale-Arbeit-Fisch-768x576.jpg 768w, https:\/\/hub.hslu.ch\/soziale-arbeit\/wp-content\/uploads\/sites\/23\/2022\/08\/Bachelor-Soziale-Arbeit-Fisch.jpg 800w\" sizes=\"auto, (max-width: 284px) 100vw, 284px\" \/><\/a><\/p>\n<p>Besuche unsere <strong>Infoveranstaltung<\/strong> online oder vor Ort in Luzern:<\/p>\n<ul>\n<li><a href=\"https:\/\/www.hslu.ch\/de-ch\/soziale-arbeit\/studium\/info-veranstaltungen\/#?filters=102,1050&amp;q=bachelor\">Jetzt anmelden zur Infoveranstaltung<\/a><\/li>\n<li><a href=\"https:\/\/www.hslu.ch\/de-ch\/soziale-arbeit\/studium\/bachelor\/soziale-arbeit-neue-konzepte-und-innovation\/\">Hier geht es zur Webseite des neuen Bachelors<\/a><\/li>\n<\/ul>\n\t\t<\/div>\n\t<\/div>\n<\/div>\n","protected":false},"excerpt":{"rendered":"<p>An der Hochschule Luzern startet im Herbstsemester 2023 der Bachelor in Sozialer Arbeit neue Konzepte und Innovation. Bei der Entwicklung des neuen Studiengangs ist Sandra Niederberger dabei. Die Sozialp\u00e4dagogin ist Abteilungsleiterin bei der Stiftung Br\u00e4ndi. Gleichzeitig studiert sie im Kooperationsmaster in Sozialer Arbeit. Hier spricht sie \u00fcber die Chancen des neuen Studiengangs, die Verkn\u00fcpfungen mit der Praxis und Anschlussf\u00e4higkeit f\u00fcr einen konsekutiven Master.<\/p>\n","protected":false},"author":152,"featured_media":5501,"comment_status":"open","ping_status":"closed","sticky":false,"template":"","format":"standard","meta":{"_acf_changed":false,"inline_featured_image":false,"_relevanssi_hide_post":"","_relevanssi_hide_content":"","_relevanssi_pin_for_all":"","_relevanssi_pin_keywords":"","_relevanssi_unpin_keywords":"","_relevanssi_related_keywords":"","_relevanssi_related_include_ids":"","_relevanssi_related_exclude_ids":"","_relevanssi_related_no_append":"","_relevanssi_related_not_related":"","_relevanssi_related_posts":"1927,1622,542,1934,1299,1865","_relevanssi_noindex_reason":"","footnotes":"","_links_to":"","_links_to_target":""},"categories":[7],"tags":[392,268,260,303],"class_list":["post-5500","post","type-post","status-publish","format-standard","has-post-thumbnail","hentry","category-ausbildung","tag-bachelor-in-sozialer-arbeit-neue-konzepte-und-innovation","tag-master-in-sozialer-arbeit","tag-neuer-bachelor-in-sozialer-arbeit","tag-selbstorganisiertes-lernen"],"acf":[],"yoast_head":"<!-- This site is optimized with the Yoast SEO plugin v27.4 - https:\/\/yoast.com\/product\/yoast-seo-wordpress\/ -->\n<title>Selbstorganisiertes Lernen im neuen Bachelor in Sozialer Arbeit &#8211; Soziale Arbeit an der Hochschule Luzern<\/title>\n<meta name=\"robots\" content=\"index, follow, max-snippet:-1, max-image-preview:large, max-video-preview:-1\" \/>\n<link rel=\"canonical\" href=\"https:\/\/hub.hslu.ch\/soziale-arbeit\/selbstorganisiertes-lernen-im-neuen-bachelor-in-sozialer-arbeit\/\" \/>\n<meta property=\"og:locale\" content=\"de_DE\" \/>\n<meta property=\"og:type\" content=\"article\" \/>\n<meta property=\"og:title\" content=\"Selbstorganisiertes Lernen im neuen Bachelor in Sozialer Arbeit &#8211; Soziale Arbeit an der Hochschule Luzern\" \/>\n<meta property=\"og:description\" content=\"An der Hochschule Luzern startet im Herbstsemester 2023 der Bachelor in Sozialer Arbeit neue Konzepte und Innovation. Bei der Entwicklung des neuen Studiengangs ist Sandra Niederberger dabei. Die Sozialp\u00e4dagogin ist Abteilungsleiterin bei der Stiftung Br\u00e4ndi. Gleichzeitig studiert sie im Kooperationsmaster in Sozialer Arbeit. Hier spricht sie \u00fcber die Chancen des neuen Studiengangs, die Verkn\u00fcpfungen mit der Praxis und Anschlussf\u00e4higkeit f\u00fcr einen konsekutiven Master.\" \/>\n<meta property=\"og:url\" content=\"https:\/\/hub.hslu.ch\/soziale-arbeit\/selbstorganisiertes-lernen-im-neuen-bachelor-in-sozialer-arbeit\/\" \/>\n<meta property=\"og:site_name\" content=\"Soziale Arbeit an der Hochschule Luzern\" \/>\n<meta property=\"article:published_time\" content=\"2023-02-20T10:30:07+00:00\" \/>\n<meta property=\"article:modified_time\" content=\"2026-02-11T13:54:05+00:00\" \/>\n<meta property=\"og:image\" content=\"https:\/\/hub.hslu.ch\/soziale-arbeit\/wp-content\/uploads\/sites\/23\/2023\/02\/Sandra-Niederberger-neuer-Bachelor.jpg\" \/>\n\t<meta property=\"og:image:width\" content=\"1614\" \/>\n\t<meta property=\"og:image:height\" content=\"1050\" \/>\n\t<meta property=\"og:image:type\" content=\"image\/jpeg\" \/>\n<meta name=\"author\" content=\"Roger Ettlin\" \/>\n<meta name=\"twitter:card\" content=\"summary_large_image\" \/>\n<meta name=\"twitter:label1\" content=\"Geschrieben von\" \/>\n\t<meta name=\"twitter:data1\" content=\"Roger Ettlin\" \/>\n\t<meta name=\"twitter:label2\" content=\"Gesch\u00e4tzte Lesezeit\" \/>\n\t<meta name=\"twitter:data2\" content=\"5\u00a0Minuten\" \/>\n<script type=\"application\/ld+json\" class=\"yoast-schema-graph\">{\"@context\":\"https:\\\/\\\/schema.org\",\"@graph\":[{\"@type\":\"Article\",\"@id\":\"https:\\\/\\\/hub.hslu.ch\\\/soziale-arbeit\\\/selbstorganisiertes-lernen-im-neuen-bachelor-in-sozialer-arbeit\\\/#article\",\"isPartOf\":{\"@id\":\"https:\\\/\\\/hub.hslu.ch\\\/soziale-arbeit\\\/selbstorganisiertes-lernen-im-neuen-bachelor-in-sozialer-arbeit\\\/\"},\"author\":{\"name\":\"Roger Ettlin\",\"@id\":\"https:\\\/\\\/hub.hslu.ch\\\/soziale-arbeit\\\/#\\\/schema\\\/person\\\/0d13e861725ae87916921d6d018489e4\"},\"headline\":\"Selbstorganisiertes Lernen im neuen Bachelor in Sozialer Arbeit\",\"datePublished\":\"2023-02-20T10:30:07+00:00\",\"dateModified\":\"2026-02-11T13:54:05+00:00\",\"mainEntityOfPage\":{\"@id\":\"https:\\\/\\\/hub.hslu.ch\\\/soziale-arbeit\\\/selbstorganisiertes-lernen-im-neuen-bachelor-in-sozialer-arbeit\\\/\"},\"wordCount\":808,\"commentCount\":0,\"image\":{\"@id\":\"https:\\\/\\\/hub.hslu.ch\\\/soziale-arbeit\\\/selbstorganisiertes-lernen-im-neuen-bachelor-in-sozialer-arbeit\\\/#primaryimage\"},\"thumbnailUrl\":\"https:\\\/\\\/hub.hslu.ch\\\/soziale-arbeit\\\/wp-content\\\/uploads\\\/sites\\\/23\\\/2023\\\/02\\\/Sandra-Niederberger-neuer-Bachelor.jpg\",\"keywords\":[\"Bachelor in Sozialer Arbeit neue Konzepte und Innovation\",\"Master in Sozialer Arbeit\",\"Neuer Bachelor in Sozialer Arbeit\",\"selbstorganisiertes Lernen\"],\"articleSection\":[\"Studium\"],\"inLanguage\":\"de-CH\",\"potentialAction\":[{\"@type\":\"CommentAction\",\"name\":\"Comment\",\"target\":[\"https:\\\/\\\/hub.hslu.ch\\\/soziale-arbeit\\\/selbstorganisiertes-lernen-im-neuen-bachelor-in-sozialer-arbeit\\\/#respond\"]}]},{\"@type\":\"WebPage\",\"@id\":\"https:\\\/\\\/hub.hslu.ch\\\/soziale-arbeit\\\/selbstorganisiertes-lernen-im-neuen-bachelor-in-sozialer-arbeit\\\/\",\"url\":\"https:\\\/\\\/hub.hslu.ch\\\/soziale-arbeit\\\/selbstorganisiertes-lernen-im-neuen-bachelor-in-sozialer-arbeit\\\/\",\"name\":\"Selbstorganisiertes Lernen im neuen Bachelor in Sozialer Arbeit &#8211; Soziale Arbeit an der Hochschule Luzern\",\"isPartOf\":{\"@id\":\"https:\\\/\\\/hub.hslu.ch\\\/soziale-arbeit\\\/#website\"},\"primaryImageOfPage\":{\"@id\":\"https:\\\/\\\/hub.hslu.ch\\\/soziale-arbeit\\\/selbstorganisiertes-lernen-im-neuen-bachelor-in-sozialer-arbeit\\\/#primaryimage\"},\"image\":{\"@id\":\"https:\\\/\\\/hub.hslu.ch\\\/soziale-arbeit\\\/selbstorganisiertes-lernen-im-neuen-bachelor-in-sozialer-arbeit\\\/#primaryimage\"},\"thumbnailUrl\":\"https:\\\/\\\/hub.hslu.ch\\\/soziale-arbeit\\\/wp-content\\\/uploads\\\/sites\\\/23\\\/2023\\\/02\\\/Sandra-Niederberger-neuer-Bachelor.jpg\",\"datePublished\":\"2023-02-20T10:30:07+00:00\",\"dateModified\":\"2026-02-11T13:54:05+00:00\",\"author\":{\"@id\":\"https:\\\/\\\/hub.hslu.ch\\\/soziale-arbeit\\\/#\\\/schema\\\/person\\\/0d13e861725ae87916921d6d018489e4\"},\"breadcrumb\":{\"@id\":\"https:\\\/\\\/hub.hslu.ch\\\/soziale-arbeit\\\/selbstorganisiertes-lernen-im-neuen-bachelor-in-sozialer-arbeit\\\/#breadcrumb\"},\"inLanguage\":\"de-CH\",\"potentialAction\":[{\"@type\":\"ReadAction\",\"target\":[\"https:\\\/\\\/hub.hslu.ch\\\/soziale-arbeit\\\/selbstorganisiertes-lernen-im-neuen-bachelor-in-sozialer-arbeit\\\/\"]}]},{\"@type\":\"ImageObject\",\"inLanguage\":\"de-CH\",\"@id\":\"https:\\\/\\\/hub.hslu.ch\\\/soziale-arbeit\\\/selbstorganisiertes-lernen-im-neuen-bachelor-in-sozialer-arbeit\\\/#primaryimage\",\"url\":\"https:\\\/\\\/hub.hslu.ch\\\/soziale-arbeit\\\/wp-content\\\/uploads\\\/sites\\\/23\\\/2023\\\/02\\\/Sandra-Niederberger-neuer-Bachelor.jpg\",\"contentUrl\":\"https:\\\/\\\/hub.hslu.ch\\\/soziale-arbeit\\\/wp-content\\\/uploads\\\/sites\\\/23\\\/2023\\\/02\\\/Sandra-Niederberger-neuer-Bachelor.jpg\",\"width\":1614,\"height\":1050,\"caption\":\"Sandra Niederberger neuer Bachelor\"},{\"@type\":\"BreadcrumbList\",\"@id\":\"https:\\\/\\\/hub.hslu.ch\\\/soziale-arbeit\\\/selbstorganisiertes-lernen-im-neuen-bachelor-in-sozialer-arbeit\\\/#breadcrumb\",\"itemListElement\":[{\"@type\":\"ListItem\",\"position\":1,\"name\":\"Home\",\"item\":\"https:\\\/\\\/hub.hslu.ch\\\/soziale-arbeit\\\/\"},{\"@type\":\"ListItem\",\"position\":2,\"name\":\"Selbstorganisiertes Lernen im neuen Bachelor in Sozialer Arbeit\"}]},{\"@type\":\"WebSite\",\"@id\":\"https:\\\/\\\/hub.hslu.ch\\\/soziale-arbeit\\\/#website\",\"url\":\"https:\\\/\\\/hub.hslu.ch\\\/soziale-arbeit\\\/\",\"name\":\"Soziale Arbeit an der Hochschule Luzern\",\"description\":\"Der Blog der Hochschule Luzern \u2013 Soziale Arbeit\",\"potentialAction\":[{\"@type\":\"SearchAction\",\"target\":{\"@type\":\"EntryPoint\",\"urlTemplate\":\"https:\\\/\\\/hub.hslu.ch\\\/soziale-arbeit\\\/?s={search_term_string}\"},\"query-input\":{\"@type\":\"PropertyValueSpecification\",\"valueRequired\":true,\"valueName\":\"search_term_string\"}}],\"inLanguage\":\"de-CH\"},{\"@type\":\"Person\",\"@id\":\"https:\\\/\\\/hub.hslu.ch\\\/soziale-arbeit\\\/#\\\/schema\\\/person\\\/0d13e861725ae87916921d6d018489e4\",\"name\":\"Roger Ettlin\"}]}<\/script>\n<!-- \/ Yoast SEO plugin. -->","yoast_head_json":{"title":"Selbstorganisiertes Lernen im neuen Bachelor in Sozialer Arbeit &#8211; Soziale Arbeit an der Hochschule Luzern","robots":{"index":"index","follow":"follow","max-snippet":"max-snippet:-1","max-image-preview":"max-image-preview:large","max-video-preview":"max-video-preview:-1"},"canonical":"https:\/\/hub.hslu.ch\/soziale-arbeit\/selbstorganisiertes-lernen-im-neuen-bachelor-in-sozialer-arbeit\/","og_locale":"de_DE","og_type":"article","og_title":"Selbstorganisiertes Lernen im neuen Bachelor in Sozialer Arbeit &#8211; Soziale Arbeit an der Hochschule Luzern","og_description":"An der Hochschule Luzern startet im Herbstsemester 2023 der Bachelor in Sozialer Arbeit neue Konzepte und Innovation. Bei der Entwicklung des neuen Studiengangs ist Sandra Niederberger dabei. Die Sozialp\u00e4dagogin ist Abteilungsleiterin bei der Stiftung Br\u00e4ndi. Gleichzeitig studiert sie im Kooperationsmaster in Sozialer Arbeit. Hier spricht sie \u00fcber die Chancen des neuen Studiengangs, die Verkn\u00fcpfungen mit der Praxis und Anschlussf\u00e4higkeit f\u00fcr einen konsekutiven Master.","og_url":"https:\/\/hub.hslu.ch\/soziale-arbeit\/selbstorganisiertes-lernen-im-neuen-bachelor-in-sozialer-arbeit\/","og_site_name":"Soziale Arbeit an der Hochschule Luzern","article_published_time":"2023-02-20T10:30:07+00:00","article_modified_time":"2026-02-11T13:54:05+00:00","og_image":[{"width":1614,"height":1050,"url":"https:\/\/hub.hslu.ch\/soziale-arbeit\/wp-content\/uploads\/sites\/23\/2023\/02\/Sandra-Niederberger-neuer-Bachelor.jpg","type":"image\/jpeg"}],"author":"Roger Ettlin","twitter_card":"summary_large_image","twitter_misc":{"Geschrieben von":"Roger Ettlin","Gesch\u00e4tzte Lesezeit":"5\u00a0Minuten"},"schema":{"@context":"https:\/\/schema.org","@graph":[{"@type":"Article","@id":"https:\/\/hub.hslu.ch\/soziale-arbeit\/selbstorganisiertes-lernen-im-neuen-bachelor-in-sozialer-arbeit\/#article","isPartOf":{"@id":"https:\/\/hub.hslu.ch\/soziale-arbeit\/selbstorganisiertes-lernen-im-neuen-bachelor-in-sozialer-arbeit\/"},"author":{"name":"Roger Ettlin","@id":"https:\/\/hub.hslu.ch\/soziale-arbeit\/#\/schema\/person\/0d13e861725ae87916921d6d018489e4"},"headline":"Selbstorganisiertes Lernen im neuen Bachelor in Sozialer Arbeit","datePublished":"2023-02-20T10:30:07+00:00","dateModified":"2026-02-11T13:54:05+00:00","mainEntityOfPage":{"@id":"https:\/\/hub.hslu.ch\/soziale-arbeit\/selbstorganisiertes-lernen-im-neuen-bachelor-in-sozialer-arbeit\/"},"wordCount":808,"commentCount":0,"image":{"@id":"https:\/\/hub.hslu.ch\/soziale-arbeit\/selbstorganisiertes-lernen-im-neuen-bachelor-in-sozialer-arbeit\/#primaryimage"},"thumbnailUrl":"https:\/\/hub.hslu.ch\/soziale-arbeit\/wp-content\/uploads\/sites\/23\/2023\/02\/Sandra-Niederberger-neuer-Bachelor.jpg","keywords":["Bachelor in Sozialer Arbeit neue Konzepte und Innovation","Master in Sozialer Arbeit","Neuer Bachelor in Sozialer Arbeit","selbstorganisiertes Lernen"],"articleSection":["Studium"],"inLanguage":"de-CH","potentialAction":[{"@type":"CommentAction","name":"Comment","target":["https:\/\/hub.hslu.ch\/soziale-arbeit\/selbstorganisiertes-lernen-im-neuen-bachelor-in-sozialer-arbeit\/#respond"]}]},{"@type":"WebPage","@id":"https:\/\/hub.hslu.ch\/soziale-arbeit\/selbstorganisiertes-lernen-im-neuen-bachelor-in-sozialer-arbeit\/","url":"https:\/\/hub.hslu.ch\/soziale-arbeit\/selbstorganisiertes-lernen-im-neuen-bachelor-in-sozialer-arbeit\/","name":"Selbstorganisiertes Lernen im neuen Bachelor in Sozialer Arbeit &#8211; Soziale Arbeit an der Hochschule Luzern","isPartOf":{"@id":"https:\/\/hub.hslu.ch\/soziale-arbeit\/#website"},"primaryImageOfPage":{"@id":"https:\/\/hub.hslu.ch\/soziale-arbeit\/selbstorganisiertes-lernen-im-neuen-bachelor-in-sozialer-arbeit\/#primaryimage"},"image":{"@id":"https:\/\/hub.hslu.ch\/soziale-arbeit\/selbstorganisiertes-lernen-im-neuen-bachelor-in-sozialer-arbeit\/#primaryimage"},"thumbnailUrl":"https:\/\/hub.hslu.ch\/soziale-arbeit\/wp-content\/uploads\/sites\/23\/2023\/02\/Sandra-Niederberger-neuer-Bachelor.jpg","datePublished":"2023-02-20T10:30:07+00:00","dateModified":"2026-02-11T13:54:05+00:00","author":{"@id":"https:\/\/hub.hslu.ch\/soziale-arbeit\/#\/schema\/person\/0d13e861725ae87916921d6d018489e4"},"breadcrumb":{"@id":"https:\/\/hub.hslu.ch\/soziale-arbeit\/selbstorganisiertes-lernen-im-neuen-bachelor-in-sozialer-arbeit\/#breadcrumb"},"inLanguage":"de-CH","potentialAction":[{"@type":"ReadAction","target":["https:\/\/hub.hslu.ch\/soziale-arbeit\/selbstorganisiertes-lernen-im-neuen-bachelor-in-sozialer-arbeit\/"]}]},{"@type":"ImageObject","inLanguage":"de-CH","@id":"https:\/\/hub.hslu.ch\/soziale-arbeit\/selbstorganisiertes-lernen-im-neuen-bachelor-in-sozialer-arbeit\/#primaryimage","url":"https:\/\/hub.hslu.ch\/soziale-arbeit\/wp-content\/uploads\/sites\/23\/2023\/02\/Sandra-Niederberger-neuer-Bachelor.jpg","contentUrl":"https:\/\/hub.hslu.ch\/soziale-arbeit\/wp-content\/uploads\/sites\/23\/2023\/02\/Sandra-Niederberger-neuer-Bachelor.jpg","width":1614,"height":1050,"caption":"Sandra Niederberger neuer Bachelor"},{"@type":"BreadcrumbList","@id":"https:\/\/hub.hslu.ch\/soziale-arbeit\/selbstorganisiertes-lernen-im-neuen-bachelor-in-sozialer-arbeit\/#breadcrumb","itemListElement":[{"@type":"ListItem","position":1,"name":"Home","item":"https:\/\/hub.hslu.ch\/soziale-arbeit\/"},{"@type":"ListItem","position":2,"name":"Selbstorganisiertes Lernen im neuen Bachelor in Sozialer Arbeit"}]},{"@type":"WebSite","@id":"https:\/\/hub.hslu.ch\/soziale-arbeit\/#website","url":"https:\/\/hub.hslu.ch\/soziale-arbeit\/","name":"Soziale Arbeit an der Hochschule Luzern","description":"Der Blog der Hochschule Luzern \u2013 Soziale Arbeit","potentialAction":[{"@type":"SearchAction","target":{"@type":"EntryPoint","urlTemplate":"https:\/\/hub.hslu.ch\/soziale-arbeit\/?s={search_term_string}"},"query-input":{"@type":"PropertyValueSpecification","valueRequired":true,"valueName":"search_term_string"}}],"inLanguage":"de-CH"},{"@type":"Person","@id":"https:\/\/hub.hslu.ch\/soziale-arbeit\/#\/schema\/person\/0d13e861725ae87916921d6d018489e4","name":"Roger Ettlin"}]}},"featured_image_src":"https:\/\/hub.hslu.ch\/soziale-arbeit\/wp-content\/uploads\/sites\/23\/2023\/02\/Sandra-Niederberger-neuer-Bachelor.jpg","featured_image_src_square":"https:\/\/hub.hslu.ch\/soziale-arbeit\/wp-content\/uploads\/sites\/23\/2023\/02\/Sandra-Niederberger-neuer-Bachelor.jpg","author_info":{"display_name":"Roger Ettlin","author_link":"https:\/\/hub.hslu.ch\/soziale-arbeit\/author\/rogerettlin\/"},"_links":{"self":[{"href":"https:\/\/hub.hslu.ch\/soziale-arbeit\/wp-json\/wp\/v2\/posts\/5500","targetHints":{"allow":["GET"]}}],"collection":[{"href":"https:\/\/hub.hslu.ch\/soziale-arbeit\/wp-json\/wp\/v2\/posts"}],"about":[{"href":"https:\/\/hub.hslu.ch\/soziale-arbeit\/wp-json\/wp\/v2\/types\/post"}],"author":[{"embeddable":true,"href":"https:\/\/hub.hslu.ch\/soziale-arbeit\/wp-json\/wp\/v2\/users\/152"}],"replies":[{"embeddable":true,"href":"https:\/\/hub.hslu.ch\/soziale-arbeit\/wp-json\/wp\/v2\/comments?post=5500"}],"version-history":[{"count":34,"href":"https:\/\/hub.hslu.ch\/soziale-arbeit\/wp-json\/wp\/v2\/posts\/5500\/revisions"}],"predecessor-version":[{"id":12972,"href":"https:\/\/hub.hslu.ch\/soziale-arbeit\/wp-json\/wp\/v2\/posts\/5500\/revisions\/12972"}],"wp:featuredmedia":[{"embeddable":true,"href":"https:\/\/hub.hslu.ch\/soziale-arbeit\/wp-json\/wp\/v2\/media\/5501"}],"wp:attachment":[{"href":"https:\/\/hub.hslu.ch\/soziale-arbeit\/wp-json\/wp\/v2\/media?parent=5500"}],"wp:term":[{"taxonomy":"category","embeddable":true,"href":"https:\/\/hub.hslu.ch\/soziale-arbeit\/wp-json\/wp\/v2\/categories?post=5500"},{"taxonomy":"post_tag","embeddable":true,"href":"https:\/\/hub.hslu.ch\/soziale-arbeit\/wp-json\/wp\/v2\/tags?post=5500"}],"curies":[{"name":"wp","href":"https:\/\/api.w.org\/{rel}","templated":true}]}}