{"id":6153,"date":"2023-04-18T10:41:33","date_gmt":"2023-04-18T08:41:33","guid":{"rendered":"https:\/\/hub.hslu.ch\/soziale-arbeit\/?p=6153"},"modified":"2026-03-23T16:01:21","modified_gmt":"2026-03-23T15:01:21","slug":"elternkurse-fuer-eine-bessere-vereinbarkeit-von-familie-und-beruf","status":"publish","type":"post","link":"https:\/\/hub.hslu.ch\/soziale-arbeit\/elternkurse-fuer-eine-bessere-vereinbarkeit-von-familie-und-beruf\/","title":{"rendered":"Elternkurse f\u00fcr eine bessere Vereinbarkeit von Familie und Beruf"},"content":{"rendered":"\n<p>In der Mehrheit der Familien in der Schweiz sind beide Elternteile erwerbst\u00e4tig. Fast Dreiviertel der M\u00fctter von kleinen Kindern sind erwerbst\u00e4tig und immer mehr V\u00e4ter reduzieren ihr Pensum zugunsten der Kinderbetreuung. Trotzdem ist die Vereinbarkeit von Beruf und Familie weiterhin schwierig. Die Gr\u00fcnde daf\u00fcr sind vielf\u00e4ltig: Erstens sind traditionelle Geschlechterrollen weiterhin stark pr\u00e4sent. Zweitens herrscht in der Schweiz ein Staatsverst\u00e4ndnis, welches die Wirtschaft vor staatlicher Regulierung sch\u00fctzt und die Kinderbetreuung als Privatsache ansieht. Entsprechend wird Kinderbetreuung als Privatsache betrachtet und es fehlen Unterst\u00fctzungsmassnahmen wie eine Elternzeit oder bezahlbare Kitas. Drittens reduzieren Frauen bei der Familiengr\u00fcndung ihr Pensum st\u00e4rker als M\u00e4nner, bedingt durch die Lohnungleichheit und den geschlechtersegregierten Arbeitsmarkt.<\/p>\n\n\n\n<p>Mit unserem Verein \u00abeinfachvereinbar\u00bb unterst\u00fctzen wir Eltern dabei, Familie und Beruf miteinander in Einklang zu bringen. Wir, Anja Britschgi und Eva Granwehr, bieten Kurse an, in denen wir praktisches Wissen und Tipps vermitteln, zum Beispiel zu den Vor- und Nachteilen verschiedener Arten von Kinderbetreuung (Kita, Nanny, usw.). Gleichzeitig bieten wir den Teilnehmenden Raum, damit diese sich zu ihren je eigenen \u00abbest practices\u00bb der Vereinbarkeit austauschen k\u00f6nnen. Und schliesslich leiten wir die Teilnehmenden dabei an, ihre eigene Situation zu reflektieren und die f\u00fcr sie passendste L\u00f6sung zu finden.<\/p>\n\n\n\n<p><strong>Wie es dazu kam<\/strong><\/p>\n\n\n\n<p>Beide interessieren wir uns schon lange f\u00fcr Vereinbarkeitsthemen \u2013 nicht nur privat mit unseren eigenen Kindern \u2013 sondern auch beruflich. Als Kindheitsp\u00e4dagogin, ehemalige Kitaleiterin und nun selbstst\u00e4ndige <a href=\"https:\/\/www.kinderleicht-luzern.ch\/\">Elterncoach<\/a> kennt Anja Britschgi die Schwierigkeiten von Eltern auf individueller Ebene und bringt das p\u00e4dagogische Fachwissen mit.<\/p>\n\n\n\n<p>Als Geschlechterwissenschaftlerin, Politologin und Gleichstellungsfachfrau kenne ich die strukturellen Gr\u00fcnde f\u00fcr Herausforderungen bei der Vereinbarkeit und forsche auch aktuell als wissenschaftliche Mitarbeiterin am Institut Sozialmanagement, Sozialpolitik und Pr\u00e4vention zu Gleichstellung und Vereinbarkeit.<\/p>\n\n\n\n<p>Zuerst haben wir an anderen Ideen get\u00fcftelt, welche die Vereinbarkeit von Familie und Beruf vereinfachen. Nach einigem Ausprobieren und viel Austausch in unseren Netzwerken entschieden wir uns schliesslich daf\u00fcr, Elternkurse anzubieten. Das Format schien uns umsetzbar, bisher einzigartig und einem grossen Bedarf entsprechend.<\/p>\n\n\n\n<p>Daraufhin haben wir zwei Kurse entworfen und \u2013 im Sinne eines Prototypings \u2013 getestet. Die Teilnehmenden der Pilotkurse haben aufgezeigt, was funktioniert, wovon es mehr oder weniger braucht und welche weiteren Themen relevant sind. Diese erste Durchf\u00fchrung hat uns wichtiges Feedback eingebracht und den Bedarf klar aufgezeigt. Wir gingen daraus kl\u00fcger und best\u00e4rkt hervor.<\/p>\n\n\n\n<p><strong>Unterst\u00fctzung durch Smart-up<\/strong><\/p>\n\n\n\n<p>Gerade in der Findungsphase war die Unterst\u00fctzung durch Smart-up sehr hilfreich. Mit Fragen zur Rechtsform, zur Finanzierung und zum Markenkern haben wir Expert:innen der HSLU gel\u00f6chert und sind damit viele Schritte weiter gekommen. Zudem hat der <a href=\"https:\/\/www.hslu.ch\/de-ch\/soziale-arbeit\/campus\/smart-up\/canvas\/\">Canvas Soziale Arbeit<\/a> uns dabei angeleitet, die richtigen Fragen zu beantworten, um ein tragbares Konzept zu erstellen.<\/p>\n\n\n\n<p>An mehreren Fronten geht es nun weiter. Erstens inhaltlich: Wir \u00fcberarbeiten unsere Kurse mit dem Wissen, das wir durch die Pilotdurchf\u00fchrung erhalten haben. Zweitens formell: Wir entwerfen unser Logo, machen Fotos f\u00fcr die Website, gestalten Flyer. Drittens finanziell und \u00f6ffentlichkeitswirksam: Wir suchen Kooperationen, um unsere Kurse einem breiten Publikum anzubieten, bauen unsere Netzwerke aus und bewirtschaften unsere Kommunikationskan\u00e4le.<\/p>\n\n\n\n<p>Anders als im Studium oder als Angestellte, m\u00fcssen wir uns als Selbstst\u00e4ndige um alles k\u00fcmmern, nicht nur um die inhaltlichen Fragen. Das ist zwar manchmal anspruchsvoll, aber auch sch\u00f6n \u2013 wir k\u00f6nnen unser Angebot genau so gestalten, wie wir es f\u00fcr sinnvoll empfinden. Dar\u00fcber hinaus haben wir den Raum und die Flexibilit\u00e4t, einfachvereinbar neben Haupterwerbsarbeit und Familienarbeit aufzubauen. Wir befinden uns sozusagen im st\u00e4ndigen Selbstversuch.<\/p>\n\n\n<div class=\"blue-box\">\n\t<div class=\"row\">\n\t\t<div class=\"col-md-12\">\n\t\t\t<p><strong><a href=\"https:\/\/www.einfachvereinbar.ch\/\">einfachvereinbar \u2013 Beruf und Familie im Gleichgewicht<\/a><\/strong><\/p>\n<p>einfachvereinbar begleitet werdende, frischgebackene und erfahrene Eltern mit Wissen und praktischen Tipps rund um die Vereinbarkeit von Beruf und Familie.<\/p>\n<p><a href=\"http:\/\/www.einfachvereinbar.ch\/\">Website<\/a> | <a href=\"http:\/\/linkedin.com\/company\/einfachvereinbar\">LinkedIn<\/a> | <a href=\"https:\/\/www.instagram.com\/einfachvereinbar\/\">Instagram<\/a><\/p>\n\t\t<\/div>\n\t<\/div>\n<\/div>\n\n\n<div class=\"blue-box\">\n\t<div class=\"row\">\n\t\t<div class=\"col-md-12\">\n\t\t\t<p><a href=\"https:\/\/www.hslu.ch\/de-ch\/soziale-arbeit\/weiterbildung\/studienprogramm\/fachkurse\/innovation-und-gruendung-in-der-sozialen-arbeit\/\"><strong>NEU: Smart-up-Fachkurse Innovation und Gr\u00fcndung in der Sozialen Arbeit<\/strong><\/a><\/p>\n<p>Vereinsgr\u00fcndung oder Selbstst\u00e4ndigkeit: Gr\u00fcnder:innen im Bereich der Sozialen Arbeit sind nicht nur mit fachlichen Fragen konfrontiert, sondern auch mit solchen zu Finanzierung, Marketing oder Recht. Welche Rechtsform ist f\u00fcr das geplante Vorhaben geeignet und wie kann es finanziert und vermarktet werden? Smart-up unterst\u00fctzt Interessierte mit Fachkursen speziell zu diesen drei Themen.<\/p>\n<p>Die Kurse starten am 15. Juni 2023.<\/p>\n<p><a href=\"https:\/\/www.hslu.ch\/de-ch\/soziale-arbeit\/weiterbildung\/studienprogramm\/fachkurse\/innovation-und-gruendung-in-der-sozialen-arbeit\/\">JETZT ANMELDEN<\/a> f\u00fcr die erste Durchf\u00fchrung!<\/p>\n\t\t<\/div>\n\t<\/div>\n<\/div>\n\n\n<div class=\"blue-box\">\n\t<div class=\"row\">\n\t\t<div class=\"col-md-12\">\n\t\t\t<p><a href=\"https:\/\/www.hslu.ch\/de-ch\/soziale-arbeit\/campus\/smart-up\/\"><strong>Hast du eine Idee oder m\u00f6chtest du ein Startup gr\u00fcnden?<\/strong><\/a><\/p>\n<p><a href=\"https:\/\/www.hslu.ch\/de-ch\/hochschule-luzern\/ueber-uns\/smart-up\/\">Smart-up<\/a>\u00a0\u2013 hilft dir deine Ideen erfolgreich umzusetzen. Das gemeinsame Projekt aller Departemente der Hochschule Luzern hat zum Ziel, Studierende und Mitarbeitende zu motivieren und zu bef\u00e4higen, ihre Ideen umzusetzen und sie auf dem Weg zur Gr\u00fcndung eines Startups zu unterst\u00fctzen.<\/p>\n\t\t<\/div>\n\t<\/div>\n<\/div>\n\n\n\n<p>Von Eva Granwehr<br>Bild: Anna Steiner<br>Ver\u00f6ffentlicht: 18. April 2023<\/p>\n","protected":false},"excerpt":{"rendered":"<p>Familie und Beruf zu vereinbaren ist eine Herausforderung, die viele Eltern kennen. Deshalb bietet der Verein \u00abeinfachvereinbar\u00bb Elternkurse an. Mit Smart-up unterst\u00fctzt die Hochschule Luzern den Aufbau dieses Angebots.<\/p>\n","protected":false},"author":152,"featured_media":6162,"comment_status":"open","ping_status":"closed","sticky":false,"template":"","format":"standard","meta":{"_acf_changed":false,"inline_featured_image":false,"_relevanssi_hide_post":"","_relevanssi_hide_content":"","_relevanssi_pin_for_all":"","_relevanssi_pin_keywords":"","_relevanssi_unpin_keywords":"","_relevanssi_related_keywords":"","_relevanssi_related_include_ids":"","_relevanssi_related_exclude_ids":"","_relevanssi_related_no_append":"","_relevanssi_related_not_related":"","_relevanssi_related_posts":"1622,1897,1938,1887,461,832","_relevanssi_noindex_reason":"","footnotes":"","_links_to":"","_links_to_target":""},"categories":[17,7],"tags":[312,249,271,272,244],"class_list":["post-6153","post","type-post","status-publish","format-standard","has-post-thumbnail","hentry","category-praevention-gesundheit","category-ausbildung","tag-familie","tag-praevention-und-gesundheit","tag-smart-up","tag-startup","tag-studium"],"acf":[],"yoast_head":"<!-- This site is optimized with the Yoast SEO plugin v27.5 - https:\/\/yoast.com\/product\/yoast-seo-wordpress\/ -->\n<title>Elternkurse f\u00fcr eine bessere Vereinbarkeit von Familie und Beruf &#8211; Soziale Arbeit an der Hochschule Luzern<\/title>\n<meta name=\"description\" content=\"Familie und Beruf zu vereinbaren ist eine Herausforderung, die viele Eltern kennen. Deshalb bietet der Verein \u00abeinfachvereinbar\u00bb Elternkurse an. Mit Smart-up unterst\u00fctzt die Hochschule Luzern den Aufbau dieses Angebots.\" \/>\n<meta name=\"robots\" content=\"index, follow, max-snippet:-1, max-image-preview:large, max-video-preview:-1\" \/>\n<link rel=\"canonical\" href=\"https:\/\/hub.hslu.ch\/soziale-arbeit\/elternkurse-fuer-eine-bessere-vereinbarkeit-von-familie-und-beruf\/\" \/>\n<meta property=\"og:locale\" content=\"de_DE\" \/>\n<meta property=\"og:type\" content=\"article\" \/>\n<meta property=\"og:title\" content=\"Elternkurse f\u00fcr eine bessere Vereinbarkeit von Familie und Beruf &#8211; Soziale Arbeit an der Hochschule Luzern\" \/>\n<meta property=\"og:description\" content=\"Familie und Beruf zu vereinbaren ist eine Herausforderung, die viele Eltern kennen. Deshalb bietet der Verein \u00abeinfachvereinbar\u00bb Elternkurse an. Mit Smart-up unterst\u00fctzt die Hochschule Luzern den Aufbau dieses Angebots.\" \/>\n<meta property=\"og:url\" content=\"https:\/\/hub.hslu.ch\/soziale-arbeit\/elternkurse-fuer-eine-bessere-vereinbarkeit-von-familie-und-beruf\/\" \/>\n<meta property=\"og:site_name\" content=\"Soziale Arbeit an der Hochschule Luzern\" \/>\n<meta property=\"article:published_time\" content=\"2023-04-18T08:41:33+00:00\" \/>\n<meta property=\"article:modified_time\" content=\"2026-03-23T15:01:21+00:00\" \/>\n<meta property=\"og:image\" content=\"https:\/\/hub.hslu.ch\/soziale-arbeit\/wp-content\/uploads\/sites\/23\/2023\/04\/Familie-und-Beruf-mit-einfachvereinbar-Eva-Granwehr-Anja-Britschgi.jpg\" \/>\n\t<meta property=\"og:image:width\" content=\"1614\" \/>\n\t<meta property=\"og:image:height\" content=\"907\" \/>\n\t<meta property=\"og:image:type\" content=\"image\/jpeg\" \/>\n<meta name=\"author\" content=\"Roger Ettlin\" \/>\n<meta name=\"twitter:card\" content=\"summary_large_image\" \/>\n<meta name=\"twitter:label1\" content=\"Geschrieben von\" \/>\n\t<meta name=\"twitter:data1\" content=\"Roger Ettlin\" \/>\n\t<meta name=\"twitter:label2\" content=\"Gesch\u00e4tzte Lesezeit\" \/>\n\t<meta name=\"twitter:data2\" content=\"4\u00a0Minuten\" \/>\n<script type=\"application\/ld+json\" class=\"yoast-schema-graph\">{\"@context\":\"https:\\\/\\\/schema.org\",\"@graph\":[{\"@type\":\"Article\",\"@id\":\"https:\\\/\\\/hub.hslu.ch\\\/soziale-arbeit\\\/elternkurse-fuer-eine-bessere-vereinbarkeit-von-familie-und-beruf\\\/#article\",\"isPartOf\":{\"@id\":\"https:\\\/\\\/hub.hslu.ch\\\/soziale-arbeit\\\/elternkurse-fuer-eine-bessere-vereinbarkeit-von-familie-und-beruf\\\/\"},\"author\":{\"name\":\"Roger Ettlin\",\"@id\":\"https:\\\/\\\/hub.hslu.ch\\\/soziale-arbeit\\\/#\\\/schema\\\/person\\\/0d13e861725ae87916921d6d018489e4\"},\"headline\":\"Elternkurse f\u00fcr eine bessere Vereinbarkeit von Familie und Beruf\",\"datePublished\":\"2023-04-18T08:41:33+00:00\",\"dateModified\":\"2026-03-23T15:01:21+00:00\",\"mainEntityOfPage\":{\"@id\":\"https:\\\/\\\/hub.hslu.ch\\\/soziale-arbeit\\\/elternkurse-fuer-eine-bessere-vereinbarkeit-von-familie-und-beruf\\\/\"},\"wordCount\":609,\"commentCount\":0,\"image\":{\"@id\":\"https:\\\/\\\/hub.hslu.ch\\\/soziale-arbeit\\\/elternkurse-fuer-eine-bessere-vereinbarkeit-von-familie-und-beruf\\\/#primaryimage\"},\"thumbnailUrl\":\"https:\\\/\\\/hub.hslu.ch\\\/soziale-arbeit\\\/wp-content\\\/uploads\\\/sites\\\/23\\\/2023\\\/04\\\/Familie-und-Beruf-mit-einfachvereinbar-Eva-Granwehr-Anja-Britschgi.jpg\",\"keywords\":[\"Familie\",\"Pr\u00e4vention und Gesundheit\",\"Smart-up\",\"Startup\",\"Studium\"],\"articleSection\":[\"Pr\u00e4vention und Gesundheit\",\"Studium\"],\"inLanguage\":\"de-CH\",\"potentialAction\":[{\"@type\":\"CommentAction\",\"name\":\"Comment\",\"target\":[\"https:\\\/\\\/hub.hslu.ch\\\/soziale-arbeit\\\/elternkurse-fuer-eine-bessere-vereinbarkeit-von-familie-und-beruf\\\/#respond\"]}]},{\"@type\":\"WebPage\",\"@id\":\"https:\\\/\\\/hub.hslu.ch\\\/soziale-arbeit\\\/elternkurse-fuer-eine-bessere-vereinbarkeit-von-familie-und-beruf\\\/\",\"url\":\"https:\\\/\\\/hub.hslu.ch\\\/soziale-arbeit\\\/elternkurse-fuer-eine-bessere-vereinbarkeit-von-familie-und-beruf\\\/\",\"name\":\"Elternkurse f\u00fcr eine bessere Vereinbarkeit von Familie und Beruf &#8211; Soziale Arbeit an der Hochschule Luzern\",\"isPartOf\":{\"@id\":\"https:\\\/\\\/hub.hslu.ch\\\/soziale-arbeit\\\/#website\"},\"primaryImageOfPage\":{\"@id\":\"https:\\\/\\\/hub.hslu.ch\\\/soziale-arbeit\\\/elternkurse-fuer-eine-bessere-vereinbarkeit-von-familie-und-beruf\\\/#primaryimage\"},\"image\":{\"@id\":\"https:\\\/\\\/hub.hslu.ch\\\/soziale-arbeit\\\/elternkurse-fuer-eine-bessere-vereinbarkeit-von-familie-und-beruf\\\/#primaryimage\"},\"thumbnailUrl\":\"https:\\\/\\\/hub.hslu.ch\\\/soziale-arbeit\\\/wp-content\\\/uploads\\\/sites\\\/23\\\/2023\\\/04\\\/Familie-und-Beruf-mit-einfachvereinbar-Eva-Granwehr-Anja-Britschgi.jpg\",\"datePublished\":\"2023-04-18T08:41:33+00:00\",\"dateModified\":\"2026-03-23T15:01:21+00:00\",\"author\":{\"@id\":\"https:\\\/\\\/hub.hslu.ch\\\/soziale-arbeit\\\/#\\\/schema\\\/person\\\/0d13e861725ae87916921d6d018489e4\"},\"description\":\"Familie und Beruf zu vereinbaren ist eine Herausforderung, die viele Eltern kennen. Deshalb bietet der Verein \u00abeinfachvereinbar\u00bb Elternkurse an. Mit Smart-up unterst\u00fctzt die Hochschule Luzern den Aufbau dieses Angebots.\",\"breadcrumb\":{\"@id\":\"https:\\\/\\\/hub.hslu.ch\\\/soziale-arbeit\\\/elternkurse-fuer-eine-bessere-vereinbarkeit-von-familie-und-beruf\\\/#breadcrumb\"},\"inLanguage\":\"de-CH\",\"potentialAction\":[{\"@type\":\"ReadAction\",\"target\":[\"https:\\\/\\\/hub.hslu.ch\\\/soziale-arbeit\\\/elternkurse-fuer-eine-bessere-vereinbarkeit-von-familie-und-beruf\\\/\"]}]},{\"@type\":\"ImageObject\",\"inLanguage\":\"de-CH\",\"@id\":\"https:\\\/\\\/hub.hslu.ch\\\/soziale-arbeit\\\/elternkurse-fuer-eine-bessere-vereinbarkeit-von-familie-und-beruf\\\/#primaryimage\",\"url\":\"https:\\\/\\\/hub.hslu.ch\\\/soziale-arbeit\\\/wp-content\\\/uploads\\\/sites\\\/23\\\/2023\\\/04\\\/Familie-und-Beruf-mit-einfachvereinbar-Eva-Granwehr-Anja-Britschgi.jpg\",\"contentUrl\":\"https:\\\/\\\/hub.hslu.ch\\\/soziale-arbeit\\\/wp-content\\\/uploads\\\/sites\\\/23\\\/2023\\\/04\\\/Familie-und-Beruf-mit-einfachvereinbar-Eva-Granwehr-Anja-Britschgi.jpg\",\"width\":1614,\"height\":907,\"caption\":\"Familie und Beruf mit einfachvereinbar Eva Granwehr Anja Britschgi\"},{\"@type\":\"BreadcrumbList\",\"@id\":\"https:\\\/\\\/hub.hslu.ch\\\/soziale-arbeit\\\/elternkurse-fuer-eine-bessere-vereinbarkeit-von-familie-und-beruf\\\/#breadcrumb\",\"itemListElement\":[{\"@type\":\"ListItem\",\"position\":1,\"name\":\"Home\",\"item\":\"https:\\\/\\\/hub.hslu.ch\\\/soziale-arbeit\\\/\"},{\"@type\":\"ListItem\",\"position\":2,\"name\":\"Elternkurse f\u00fcr eine bessere Vereinbarkeit von Familie und Beruf\"}]},{\"@type\":\"WebSite\",\"@id\":\"https:\\\/\\\/hub.hslu.ch\\\/soziale-arbeit\\\/#website\",\"url\":\"https:\\\/\\\/hub.hslu.ch\\\/soziale-arbeit\\\/\",\"name\":\"Soziale Arbeit an der Hochschule Luzern\",\"description\":\"Der Blog der Hochschule Luzern \u2013 Soziale Arbeit\",\"potentialAction\":[{\"@type\":\"SearchAction\",\"target\":{\"@type\":\"EntryPoint\",\"urlTemplate\":\"https:\\\/\\\/hub.hslu.ch\\\/soziale-arbeit\\\/?s={search_term_string}\"},\"query-input\":{\"@type\":\"PropertyValueSpecification\",\"valueRequired\":true,\"valueName\":\"search_term_string\"}}],\"inLanguage\":\"de-CH\"},{\"@type\":\"Person\",\"@id\":\"https:\\\/\\\/hub.hslu.ch\\\/soziale-arbeit\\\/#\\\/schema\\\/person\\\/0d13e861725ae87916921d6d018489e4\",\"name\":\"Roger Ettlin\"}]}<\/script>\n<!-- \/ Yoast SEO plugin. -->","yoast_head_json":{"title":"Elternkurse f\u00fcr eine bessere Vereinbarkeit von Familie und Beruf &#8211; Soziale Arbeit an der Hochschule Luzern","description":"Familie und Beruf zu vereinbaren ist eine Herausforderung, die viele Eltern kennen. Deshalb bietet der Verein \u00abeinfachvereinbar\u00bb Elternkurse an. Mit Smart-up unterst\u00fctzt die Hochschule Luzern den Aufbau dieses Angebots.","robots":{"index":"index","follow":"follow","max-snippet":"max-snippet:-1","max-image-preview":"max-image-preview:large","max-video-preview":"max-video-preview:-1"},"canonical":"https:\/\/hub.hslu.ch\/soziale-arbeit\/elternkurse-fuer-eine-bessere-vereinbarkeit-von-familie-und-beruf\/","og_locale":"de_DE","og_type":"article","og_title":"Elternkurse f\u00fcr eine bessere Vereinbarkeit von Familie und Beruf &#8211; Soziale Arbeit an der Hochschule Luzern","og_description":"Familie und Beruf zu vereinbaren ist eine Herausforderung, die viele Eltern kennen. Deshalb bietet der Verein \u00abeinfachvereinbar\u00bb Elternkurse an. Mit Smart-up unterst\u00fctzt die Hochschule Luzern den Aufbau dieses Angebots.","og_url":"https:\/\/hub.hslu.ch\/soziale-arbeit\/elternkurse-fuer-eine-bessere-vereinbarkeit-von-familie-und-beruf\/","og_site_name":"Soziale Arbeit an der Hochschule Luzern","article_published_time":"2023-04-18T08:41:33+00:00","article_modified_time":"2026-03-23T15:01:21+00:00","og_image":[{"width":1614,"height":907,"url":"https:\/\/hub.hslu.ch\/soziale-arbeit\/wp-content\/uploads\/sites\/23\/2023\/04\/Familie-und-Beruf-mit-einfachvereinbar-Eva-Granwehr-Anja-Britschgi.jpg","type":"image\/jpeg"}],"author":"Roger Ettlin","twitter_card":"summary_large_image","twitter_misc":{"Geschrieben von":"Roger Ettlin","Gesch\u00e4tzte Lesezeit":"4\u00a0Minuten"},"schema":{"@context":"https:\/\/schema.org","@graph":[{"@type":"Article","@id":"https:\/\/hub.hslu.ch\/soziale-arbeit\/elternkurse-fuer-eine-bessere-vereinbarkeit-von-familie-und-beruf\/#article","isPartOf":{"@id":"https:\/\/hub.hslu.ch\/soziale-arbeit\/elternkurse-fuer-eine-bessere-vereinbarkeit-von-familie-und-beruf\/"},"author":{"name":"Roger Ettlin","@id":"https:\/\/hub.hslu.ch\/soziale-arbeit\/#\/schema\/person\/0d13e861725ae87916921d6d018489e4"},"headline":"Elternkurse f\u00fcr eine bessere Vereinbarkeit von Familie und Beruf","datePublished":"2023-04-18T08:41:33+00:00","dateModified":"2026-03-23T15:01:21+00:00","mainEntityOfPage":{"@id":"https:\/\/hub.hslu.ch\/soziale-arbeit\/elternkurse-fuer-eine-bessere-vereinbarkeit-von-familie-und-beruf\/"},"wordCount":609,"commentCount":0,"image":{"@id":"https:\/\/hub.hslu.ch\/soziale-arbeit\/elternkurse-fuer-eine-bessere-vereinbarkeit-von-familie-und-beruf\/#primaryimage"},"thumbnailUrl":"https:\/\/hub.hslu.ch\/soziale-arbeit\/wp-content\/uploads\/sites\/23\/2023\/04\/Familie-und-Beruf-mit-einfachvereinbar-Eva-Granwehr-Anja-Britschgi.jpg","keywords":["Familie","Pr\u00e4vention und Gesundheit","Smart-up","Startup","Studium"],"articleSection":["Pr\u00e4vention und Gesundheit","Studium"],"inLanguage":"de-CH","potentialAction":[{"@type":"CommentAction","name":"Comment","target":["https:\/\/hub.hslu.ch\/soziale-arbeit\/elternkurse-fuer-eine-bessere-vereinbarkeit-von-familie-und-beruf\/#respond"]}]},{"@type":"WebPage","@id":"https:\/\/hub.hslu.ch\/soziale-arbeit\/elternkurse-fuer-eine-bessere-vereinbarkeit-von-familie-und-beruf\/","url":"https:\/\/hub.hslu.ch\/soziale-arbeit\/elternkurse-fuer-eine-bessere-vereinbarkeit-von-familie-und-beruf\/","name":"Elternkurse f\u00fcr eine bessere Vereinbarkeit von Familie und Beruf &#8211; Soziale Arbeit an der Hochschule Luzern","isPartOf":{"@id":"https:\/\/hub.hslu.ch\/soziale-arbeit\/#website"},"primaryImageOfPage":{"@id":"https:\/\/hub.hslu.ch\/soziale-arbeit\/elternkurse-fuer-eine-bessere-vereinbarkeit-von-familie-und-beruf\/#primaryimage"},"image":{"@id":"https:\/\/hub.hslu.ch\/soziale-arbeit\/elternkurse-fuer-eine-bessere-vereinbarkeit-von-familie-und-beruf\/#primaryimage"},"thumbnailUrl":"https:\/\/hub.hslu.ch\/soziale-arbeit\/wp-content\/uploads\/sites\/23\/2023\/04\/Familie-und-Beruf-mit-einfachvereinbar-Eva-Granwehr-Anja-Britschgi.jpg","datePublished":"2023-04-18T08:41:33+00:00","dateModified":"2026-03-23T15:01:21+00:00","author":{"@id":"https:\/\/hub.hslu.ch\/soziale-arbeit\/#\/schema\/person\/0d13e861725ae87916921d6d018489e4"},"description":"Familie und Beruf zu vereinbaren ist eine Herausforderung, die viele Eltern kennen. Deshalb bietet der Verein \u00abeinfachvereinbar\u00bb Elternkurse an. Mit Smart-up unterst\u00fctzt die Hochschule Luzern den Aufbau dieses Angebots.","breadcrumb":{"@id":"https:\/\/hub.hslu.ch\/soziale-arbeit\/elternkurse-fuer-eine-bessere-vereinbarkeit-von-familie-und-beruf\/#breadcrumb"},"inLanguage":"de-CH","potentialAction":[{"@type":"ReadAction","target":["https:\/\/hub.hslu.ch\/soziale-arbeit\/elternkurse-fuer-eine-bessere-vereinbarkeit-von-familie-und-beruf\/"]}]},{"@type":"ImageObject","inLanguage":"de-CH","@id":"https:\/\/hub.hslu.ch\/soziale-arbeit\/elternkurse-fuer-eine-bessere-vereinbarkeit-von-familie-und-beruf\/#primaryimage","url":"https:\/\/hub.hslu.ch\/soziale-arbeit\/wp-content\/uploads\/sites\/23\/2023\/04\/Familie-und-Beruf-mit-einfachvereinbar-Eva-Granwehr-Anja-Britschgi.jpg","contentUrl":"https:\/\/hub.hslu.ch\/soziale-arbeit\/wp-content\/uploads\/sites\/23\/2023\/04\/Familie-und-Beruf-mit-einfachvereinbar-Eva-Granwehr-Anja-Britschgi.jpg","width":1614,"height":907,"caption":"Familie und Beruf mit einfachvereinbar Eva Granwehr Anja Britschgi"},{"@type":"BreadcrumbList","@id":"https:\/\/hub.hslu.ch\/soziale-arbeit\/elternkurse-fuer-eine-bessere-vereinbarkeit-von-familie-und-beruf\/#breadcrumb","itemListElement":[{"@type":"ListItem","position":1,"name":"Home","item":"https:\/\/hub.hslu.ch\/soziale-arbeit\/"},{"@type":"ListItem","position":2,"name":"Elternkurse f\u00fcr eine bessere Vereinbarkeit von Familie und Beruf"}]},{"@type":"WebSite","@id":"https:\/\/hub.hslu.ch\/soziale-arbeit\/#website","url":"https:\/\/hub.hslu.ch\/soziale-arbeit\/","name":"Soziale Arbeit an der Hochschule Luzern","description":"Der Blog der Hochschule Luzern \u2013 Soziale Arbeit","potentialAction":[{"@type":"SearchAction","target":{"@type":"EntryPoint","urlTemplate":"https:\/\/hub.hslu.ch\/soziale-arbeit\/?s={search_term_string}"},"query-input":{"@type":"PropertyValueSpecification","valueRequired":true,"valueName":"search_term_string"}}],"inLanguage":"de-CH"},{"@type":"Person","@id":"https:\/\/hub.hslu.ch\/soziale-arbeit\/#\/schema\/person\/0d13e861725ae87916921d6d018489e4","name":"Roger Ettlin"}]}},"featured_image_src":"https:\/\/hub.hslu.ch\/soziale-arbeit\/wp-content\/uploads\/sites\/23\/2023\/04\/Familie-und-Beruf-mit-einfachvereinbar-Eva-Granwehr-Anja-Britschgi.jpg","featured_image_src_square":"https:\/\/hub.hslu.ch\/soziale-arbeit\/wp-content\/uploads\/sites\/23\/2023\/04\/Familie-und-Beruf-mit-einfachvereinbar-Eva-Granwehr-Anja-Britschgi.jpg","author_info":{"display_name":"Roger Ettlin","author_link":"https:\/\/hub.hslu.ch\/soziale-arbeit\/author\/rogerettlin\/"},"_links":{"self":[{"href":"https:\/\/hub.hslu.ch\/soziale-arbeit\/wp-json\/wp\/v2\/posts\/6153","targetHints":{"allow":["GET"]}}],"collection":[{"href":"https:\/\/hub.hslu.ch\/soziale-arbeit\/wp-json\/wp\/v2\/posts"}],"about":[{"href":"https:\/\/hub.hslu.ch\/soziale-arbeit\/wp-json\/wp\/v2\/types\/post"}],"author":[{"embeddable":true,"href":"https:\/\/hub.hslu.ch\/soziale-arbeit\/wp-json\/wp\/v2\/users\/152"}],"replies":[{"embeddable":true,"href":"https:\/\/hub.hslu.ch\/soziale-arbeit\/wp-json\/wp\/v2\/comments?post=6153"}],"version-history":[{"count":42,"href":"https:\/\/hub.hslu.ch\/soziale-arbeit\/wp-json\/wp\/v2\/posts\/6153\/revisions"}],"predecessor-version":[{"id":13361,"href":"https:\/\/hub.hslu.ch\/soziale-arbeit\/wp-json\/wp\/v2\/posts\/6153\/revisions\/13361"}],"wp:featuredmedia":[{"embeddable":true,"href":"https:\/\/hub.hslu.ch\/soziale-arbeit\/wp-json\/wp\/v2\/media\/6162"}],"wp:attachment":[{"href":"https:\/\/hub.hslu.ch\/soziale-arbeit\/wp-json\/wp\/v2\/media?parent=6153"}],"wp:term":[{"taxonomy":"category","embeddable":true,"href":"https:\/\/hub.hslu.ch\/soziale-arbeit\/wp-json\/wp\/v2\/categories?post=6153"},{"taxonomy":"post_tag","embeddable":true,"href":"https:\/\/hub.hslu.ch\/soziale-arbeit\/wp-json\/wp\/v2\/tags?post=6153"}],"curies":[{"name":"wp","href":"https:\/\/api.w.org\/{rel}","templated":true}]}}