{"id":6266,"date":"2023-04-26T14:44:31","date_gmt":"2023-04-26T12:44:31","guid":{"rendered":"https:\/\/hub.hslu.ch\/soziale-arbeit\/?p=6266"},"modified":"2026-01-22T08:57:46","modified_gmt":"2026-01-22T07:57:46","slug":"fakten-zur-gesundheit-von-lgbt-personen","status":"publish","type":"post","link":"https:\/\/hub.hslu.ch\/soziale-arbeit\/fakten-zur-gesundheit-von-lgbt-personen\/","title":{"rendered":"Aufr\u00fcttelnde Fakten zur Gesundheit von LGBT-Personen"},"content":{"rendered":"\n<p>\u00abSelbst wenn man das Thema kennt, sich der Ausmasse bewusst ist, ist man jedesmal aufs Neue erschrocken, die Zahlen zu sehen\u00bb, sagt <a href=\"https:\/\/www.hslu.ch\/de-ch\/hochschule-luzern\/ueber-uns\/personensuche\/profile\/?pid=749\">Paula Kr\u00fcger<\/a>. Die Dozentin und Projektleiterin an der Hochschule Luzern \u2013 Soziale Arbeit ist Co-Autorin des <a href=\"https:\/\/www.hslu.ch\/de-ch\/hochschule-luzern\/forschung\/projekte\/detail\/?pid=5670\">Forschungsberichts zur Gesundheit von LGBT-Personen<\/a>, der im Auftrag des Bundesamtes f\u00fcr Gesundheit (BAG) erstellt wurde. Ein Bericht, der zu wichtigen Beschl\u00fcssen im Bundesrat f\u00fchrte.<\/p>\n\n\n\n<blockquote class=\"wp-block-quote is-layout-flow wp-block-quote-is-layout-flow\">\n<p>Die Wahrscheinlichkeit f\u00fcr Suizidversuche ist bei LGBT-Personen viermal h\u00f6her als bei der \u00fcbrigen Schweizer Bev\u00f6lkerung.<\/p>\n<\/blockquote>\n\n\n\n<p>Ausl\u00f6ser f\u00fcr den Auftrag des Bundesrats an die Hochschule war ein Postulat von Nationalr\u00e4tin Samira Marti vom 7. M\u00e4rz 2019. Darin wurde der Bundesrat beauftragt, \u00abeinen Bericht \u00fcber die Gesundheit von lesbischen, schwulen und bisexuellen Personen zu erstellen\u00bb. Das BAG ging in seinem Auftrag dar\u00fcber hinaus und beauftragte die Hochschule, in die Studie auch trans Personen einzubeziehen.<\/p>\n\n\n\n<p>Der daraufhin erstellte Bericht zeigt deutlich, dass lesbische, schwule, bisexuelle oder trans Personen in der Schweiz gesundheitlich in verschiedenen Bereichen benachteiligt sind. Vor allem die psychische und sexuelle Gesundheit leidet st\u00e4rker, es kommt vermehrt zu Depressionen und Substanzkonsum. LGBT-Personen berichten zudem h\u00e4ufiger von Suizidgedanken oder davon, sogar einen Suizidversuch unternommen zu haben. \u00abEs besteht ein grosser und dringender Handlungsbedarf\u00bb, sagt Kr\u00fcger.<\/p>\n\n\n\n<blockquote class=\"wp-block-quote is-layout-flow wp-block-quote-is-layout-flow\">\n<p>68 Prozent von rund 2000 Befragten haben Diskriminierung oder Gewalt erfahren.<\/p>\n<\/blockquote>\n\n\n\n<p>So zeigt sich in den Befunden, dass die Wahrscheinlichkeit f\u00fcr Suizidversuche gegen\u00fcber der \u00fcbrigen Schweizer Bev\u00f6lkerung ganze viermal h\u00f6her ist. Dabei sind trans und non-bin\u00e4re Personen besonders betroffen. Das gilt auch f\u00fcr Depressionen. Eine wesentliche Rolle spielen dabei Diskriminierungs- oder Gewalterfahrungen, die 68 Prozent der 2&#8217;064 befragten LGBT-Personen mindestens einmal in ihrem Leben gemacht haben. Auch in der Gesundheitsversorgung werden solche Erfahrungen gemacht und k\u00f6nnen dann zum Verzicht auf Gesundheitsleistungen f\u00fchren.<\/p>\n\n\n\n<blockquote class=\"wp-block-quote is-layout-flow wp-block-quote-is-layout-flow\">\n<p>Die Zahlen sind erschreckend. Es besteht dringender Handlungsbedarf.<\/p>\n<cite>Paula Kr\u00fcger, Dozentin und Projektleiterin<\/cite><\/blockquote>\n\n\n\n<h2 class=\"wp-block-heading\"><strong>Gewalt ist gesundheitsrelevant<\/strong><\/h2>\n\n\n\n<p>\u00abMan weiss aus Studien aus anderen L\u00e4ndern, dass LGBT-Personen deutlich st\u00e4rker von Depressionen und Suizidversuchen betroffen sind. Von daher waren die Befunde zu erwarten\u00bb, sagt Kr\u00fcger. \u00abDoch wenn man die hohen Zahlen dann schwarz auf weiss hat \u2013 gerade bei den Suizidversuchen \u2013 sind sie doch erschreckend.\u00bb Gemeinsam mit Co-Projektleiter Andreas Pfister und einem Team arbeitete Kr\u00fcger etwas mehr als ein Jahr an der Studie.<\/p>\n\n\n\n<p>In dem darauf erschienen Bericht erkennt der Bund das Problem an und sieht verschiedene Massnahmen vor. So sollen LGBT-Personen in bestehenden nationalen Strategien und Programmen, wie beispielsweise zur Suizidpr\u00e4vention, st\u00e4rker ber\u00fccksichtigt werden. Hierbei sollen auch Diskriminierung und Gewalt als gesundheitsrelevante Themen mitgedacht werden. Der Bund will zudem pr\u00fcfen, wie die Datenlage zur Gesundheit von LGBT-Personen verbessert werden kann. Bisher sind beispielsweise trans und non-bin\u00e4re Personen \u2013 eine der am st\u00e4rksten belasteten Gruppen \u2013 darin \u00fcberhaupt nicht erfasst.<\/p>\n\n\n\n<h2 class=\"wp-block-heading\"><strong>Wo ein Wille ist<\/strong> <\/h2>\n\n\n\n<p>Es ist nicht selbstverst\u00e4ndlich, dass derartige Forschungsberichte zu konkreten Massnahmen auf Ebene des Bundes f\u00fchren, weiss Paula Kr\u00fcger: \u00abEs ist immer eine Frage der Zust\u00e4ndigkeit und der Kompetenzen: Liegen die beim Bund oder doch bei den Kantonen?\u00bb Die Anerkennung der Befunde durch den Bund und der Wille, LGBT-Personen bei nationalen Strategien und Programmen explizit mitzuber\u00fccksichtigen, sei daher mehr als erfreulich, sagt die Forscherin.<\/p>\n\n\n\n<p>Wichtig ist, dass eine Zusammenarbeit und eine Unterst\u00fctzung von LGBT-Organisationen und von deren Angeboten mitgedacht werden. Angebote, die oft von engagierten Privatpersonen \u00fcber die letzten Jahrzehnte aufgebaut wurden. \u00abDas St\u00e4rken dieser Organisationen ist ausserordentlich wichtig, da diese sehr viel Expertise und Netzwerke mitbringen, aber oft mit viel ehrenamtlichem Engagement und unterdotiert funktionieren\u00bb, betont Paula Kr\u00fcger. <\/p>\n\n\n\n<p>Zuletzt weist sie darauf hin, dass der breiten Bev\u00f6lkerung die starken gesundheitlichen Ungleichheiten vermutlich kaum bewusst sind. Vielleicht sogar nicht, wie sehr die immer noch kursierenden Stereotype und Klischees \u00fcber LGBT-Personen zu Diskriminierung und Gewalt f\u00fchren. Umso wichtiger, dass \u00fcber die fatalen Folgen der Stereotype aufgekl\u00e4rt wird. Denn, dass Stereotype grunds\u00e4tzlich ver\u00e4nderbar sind, auch wenn es viel Zeit braucht, hat sich etwa bei der Abstimmung zur \u00abEhe f\u00fcr alle\u00bb gezeigt.<\/p>\n\n\n\n<p>Von: Jana Avanzini<br>Ver\u00f6ffentlicht: am 26. April 2023<br>Bild: Getty Images<\/p>\n\n\n<div class=\"blue-box\">\n\t<div class=\"row\">\n\t\t<div class=\"col-md-12\">\n\t\t\t<p><strong>Informationen zur Studie<\/strong><br \/>\nAlles Wissenswerte zur Studie\u00a0 \u00abVergleichender Bericht zur Gesundheit von lesbischen, schwulen, bisexuellen und trans Personen\u00bb im Detail findet sich <a href=\"https:\/\/www.hslu.ch\/de-ch\/hochschule-luzern\/forschung\/projekte\/detail\/?pid=5670\">hier<\/a>.<\/p>\n\t\t<\/div>\n\t<\/div>\n<\/div>\n\n\n\n<div style=\"background-color:#f2f2f2;color:#32373c\" class=\"wp-block-genesis-blocks-gb-profile-box square gb-has-avatar gb-font-size-18 gb-block-profile gb-profile-columns\"><div class=\"gb-profile-column gb-profile-avatar-wrap\"><div class=\"gb-profile-image-wrap\"><figure class=\"gb-profile-image-square\"><img loading=\"lazy\" decoding=\"async\" width=\"174\" height=\"183\" class=\"gb-profile-avatar wp-image-6269\" src=\"https:\/\/hub.hslu.ch\/soziale-arbeit\/wp-content\/uploads\/sites\/23\/2023\/04\/Paula-Krueger.jpg\" alt=\"Paula Kr\u00fcger\" \/><\/figure><\/div><\/div><div class=\"gb-profile-column gb-profile-content-wrap\"><h2 class=\"gb-profile-name\" style=\"color:#32373c\">Prof. Dr. Paula Kr\u00fcger<\/h2><p class=\"gb-profile-title\" style=\"color:#32373c\"><a href=\"https:\/\/www.hslu.ch\/de-ch\/hochschule-luzern\/ueber-uns\/personensuche\/profile\/?pid=749\" target=\"_blank\" rel=\"noreferrer noopener\">Paula Kr\u00fcger<\/a> ist Dozentin und Projektleiterin an Institut f\u00fcr Sozialarbeit und Recht. Zu ihren Forschungsschwerpunkten z\u00e4hlt u. a. das Thema \u00abGewalt und Diskriminierung \u00fcber die Lebensspanne\u00bb.<br><br><a href=\"https:\/\/www.zhaw.ch\/de\/ueber-uns\/person\/pand\/\" target=\"_blank\" rel=\"noreferrer noopener\">Prof. Dr. Andreas Pfister<\/a> war von 2014 bis 2022 Dozent und Projektleiter an der Hochschule Luzern \u2013 Soziale Arbeit. Heute ist der Co-Autor der Studie an der Z\u00fcrcher Hochschule f\u00fcr Angewandte Wissenschaften t\u00e4tig.<\/p><div class=\"gb-profile-text\"><\/div><ul class=\"gb-social-links\"><\/ul><\/div><\/div>\n\n\n\n<hr class=\"wp-block-separator has-alpha-channel-opacity\" \/>\n\n\n\n<p><a id=\"_msocom_1\"><\/a><\/p>\n\n\n\n<p>&nbsp;<\/p>\n","protected":false},"excerpt":{"rendered":"<p>Zahlen und Fakten k\u00f6nnen aufkl\u00e4ren, sie k\u00f6nnen erschrecken, und sie k\u00f6nnen uns dazu auffordern, etwas zu ver\u00e4ndern. Ein Forschungsbericht der Hochschule Luzern \u2013 Soziale Arbeit zur Gesundheit von LBGT-Personen bewirkt genau das. Der Bundesrat will nun mehr f\u00fcr die Betroffenen tun. Wichtig \u2013 denn vielen geht es oft \u00fcberhaupt nicht gut. <\/p>\n","protected":false},"author":139,"featured_media":6268,"comment_status":"open","ping_status":"closed","sticky":false,"template":"","format":"standard","meta":{"_acf_changed":false,"inline_featured_image":false,"_relevanssi_hide_post":"","_relevanssi_hide_content":"","_relevanssi_pin_for_all":"","_relevanssi_pin_keywords":"","_relevanssi_unpin_keywords":"","_relevanssi_related_keywords":"","_relevanssi_related_include_ids":"","_relevanssi_related_exclude_ids":"","_relevanssi_related_no_append":"","_relevanssi_related_not_related":"","_relevanssi_related_posts":"266,1912,1421,1889,4795,5465","_relevanssi_noindex_reason":"","footnotes":"","_links_to":"","_links_to_target":""},"categories":[12,17,19,9],"tags":[],"class_list":["post-6266","post","type-post","status-publish","format-standard","has-post-thumbnail","hentry","category-devianz-gewalt-opferschutz","category-praevention-gesundheit","category-sozialmanagement-sozialpolitik","category-forschung"],"acf":[],"yoast_head":"<!-- This site is optimized with the Yoast SEO plugin v27.5 - https:\/\/yoast.com\/product\/yoast-seo-wordpress\/ -->\n<title>Aufr\u00fcttelnde Fakten zur Gesundheit von LGBT-Personen &#8211; Soziale Arbeit an der Hochschule Luzern<\/title>\n<meta name=\"description\" content=\"Ein Bericht der Hochschule Luzern \u2013 Soziale Arbeit zeigt, wie schlecht es LGBT-Personen gesundheitlich oft geht: Der Bundesrat will nun mehr f\u00fcr die Betroffenen tun.\" \/>\n<meta name=\"robots\" content=\"index, follow, max-snippet:-1, max-image-preview:large, max-video-preview:-1\" \/>\n<link rel=\"canonical\" href=\"https:\/\/hub.hslu.ch\/soziale-arbeit\/fakten-zur-gesundheit-von-lgbt-personen\/\" \/>\n<meta property=\"og:locale\" content=\"de_DE\" \/>\n<meta property=\"og:type\" content=\"article\" \/>\n<meta property=\"og:title\" content=\"Aufr\u00fcttelnde Fakten zur Gesundheit von LGBT-Personen &#8211; Soziale Arbeit an der Hochschule Luzern\" \/>\n<meta property=\"og:description\" content=\"Ein Bericht der Hochschule Luzern \u2013 Soziale Arbeit zeigt, wie schlecht es LGBT-Personen gesundheitlich oft geht: Der Bundesrat will nun mehr f\u00fcr die Betroffenen tun.\" \/>\n<meta property=\"og:url\" content=\"https:\/\/hub.hslu.ch\/soziale-arbeit\/fakten-zur-gesundheit-von-lgbt-personen\/\" \/>\n<meta property=\"og:site_name\" content=\"Soziale Arbeit an der Hochschule Luzern\" \/>\n<meta property=\"article:published_time\" content=\"2023-04-26T12:44:31+00:00\" \/>\n<meta property=\"article:modified_time\" content=\"2026-01-22T07:57:46+00:00\" \/>\n<meta property=\"og:image\" content=\"https:\/\/hub.hslu.ch\/soziale-arbeit\/wp-content\/uploads\/sites\/23\/2023\/04\/LGBT-GesundheitGettyImages-1214880155_rgb.jpg\" \/>\n\t<meta property=\"og:image:width\" content=\"1614\" \/>\n\t<meta property=\"og:image:height\" content=\"772\" \/>\n\t<meta property=\"og:image:type\" content=\"image\/jpeg\" \/>\n<meta name=\"author\" content=\"anetteeldevik\" \/>\n<meta name=\"twitter:card\" content=\"summary_large_image\" \/>\n<meta name=\"twitter:creator\" content=\"@stefanmiesch\" \/>\n<meta name=\"twitter:label1\" content=\"Geschrieben von\" \/>\n\t<meta name=\"twitter:data1\" content=\"anetteeldevik\" \/>\n\t<meta name=\"twitter:label2\" content=\"Gesch\u00e4tzte Lesezeit\" \/>\n\t<meta name=\"twitter:data2\" content=\"5\u00a0Minuten\" \/>\n<script type=\"application\/ld+json\" class=\"yoast-schema-graph\">{\"@context\":\"https:\\\/\\\/schema.org\",\"@graph\":[{\"@type\":\"Article\",\"@id\":\"https:\\\/\\\/hub.hslu.ch\\\/soziale-arbeit\\\/fakten-zur-gesundheit-von-lgbt-personen\\\/#article\",\"isPartOf\":{\"@id\":\"https:\\\/\\\/hub.hslu.ch\\\/soziale-arbeit\\\/fakten-zur-gesundheit-von-lgbt-personen\\\/\"},\"author\":{\"name\":\"anetteeldevik\",\"@id\":\"https:\\\/\\\/hub.hslu.ch\\\/soziale-arbeit\\\/#\\\/schema\\\/person\\\/5f63e37c8c8b84af7b5325cb01f01d34\"},\"headline\":\"Aufr\u00fcttelnde Fakten zur Gesundheit von LGBT-Personen\",\"datePublished\":\"2023-04-26T12:44:31+00:00\",\"dateModified\":\"2026-01-22T07:57:46+00:00\",\"mainEntityOfPage\":{\"@id\":\"https:\\\/\\\/hub.hslu.ch\\\/soziale-arbeit\\\/fakten-zur-gesundheit-von-lgbt-personen\\\/\"},\"wordCount\":748,\"commentCount\":0,\"image\":{\"@id\":\"https:\\\/\\\/hub.hslu.ch\\\/soziale-arbeit\\\/fakten-zur-gesundheit-von-lgbt-personen\\\/#primaryimage\"},\"thumbnailUrl\":\"https:\\\/\\\/hub.hslu.ch\\\/soziale-arbeit\\\/wp-content\\\/uploads\\\/sites\\\/23\\\/2023\\\/04\\\/LGBT-GesundheitGettyImages-1214880155_rgb.jpg\",\"articleSection\":[\"Devianz, Gewalt und Opferschutz\",\"Pr\u00e4vention und Gesundheit\",\"Sozialmanagement und Sozialpolitik\",\"Forschung\"],\"inLanguage\":\"de-CH\",\"potentialAction\":[{\"@type\":\"CommentAction\",\"name\":\"Comment\",\"target\":[\"https:\\\/\\\/hub.hslu.ch\\\/soziale-arbeit\\\/fakten-zur-gesundheit-von-lgbt-personen\\\/#respond\"]}]},{\"@type\":\"WebPage\",\"@id\":\"https:\\\/\\\/hub.hslu.ch\\\/soziale-arbeit\\\/fakten-zur-gesundheit-von-lgbt-personen\\\/\",\"url\":\"https:\\\/\\\/hub.hslu.ch\\\/soziale-arbeit\\\/fakten-zur-gesundheit-von-lgbt-personen\\\/\",\"name\":\"Aufr\u00fcttelnde Fakten zur Gesundheit von LGBT-Personen &#8211; Soziale Arbeit an der Hochschule Luzern\",\"isPartOf\":{\"@id\":\"https:\\\/\\\/hub.hslu.ch\\\/soziale-arbeit\\\/#website\"},\"primaryImageOfPage\":{\"@id\":\"https:\\\/\\\/hub.hslu.ch\\\/soziale-arbeit\\\/fakten-zur-gesundheit-von-lgbt-personen\\\/#primaryimage\"},\"image\":{\"@id\":\"https:\\\/\\\/hub.hslu.ch\\\/soziale-arbeit\\\/fakten-zur-gesundheit-von-lgbt-personen\\\/#primaryimage\"},\"thumbnailUrl\":\"https:\\\/\\\/hub.hslu.ch\\\/soziale-arbeit\\\/wp-content\\\/uploads\\\/sites\\\/23\\\/2023\\\/04\\\/LGBT-GesundheitGettyImages-1214880155_rgb.jpg\",\"datePublished\":\"2023-04-26T12:44:31+00:00\",\"dateModified\":\"2026-01-22T07:57:46+00:00\",\"author\":{\"@id\":\"https:\\\/\\\/hub.hslu.ch\\\/soziale-arbeit\\\/#\\\/schema\\\/person\\\/5f63e37c8c8b84af7b5325cb01f01d34\"},\"description\":\"Ein Bericht der Hochschule Luzern \u2013 Soziale Arbeit zeigt, wie schlecht es LGBT-Personen gesundheitlich oft geht: Der Bundesrat will nun mehr f\u00fcr die Betroffenen tun.\",\"breadcrumb\":{\"@id\":\"https:\\\/\\\/hub.hslu.ch\\\/soziale-arbeit\\\/fakten-zur-gesundheit-von-lgbt-personen\\\/#breadcrumb\"},\"inLanguage\":\"de-CH\",\"potentialAction\":[{\"@type\":\"ReadAction\",\"target\":[\"https:\\\/\\\/hub.hslu.ch\\\/soziale-arbeit\\\/fakten-zur-gesundheit-von-lgbt-personen\\\/\"]}]},{\"@type\":\"ImageObject\",\"inLanguage\":\"de-CH\",\"@id\":\"https:\\\/\\\/hub.hslu.ch\\\/soziale-arbeit\\\/fakten-zur-gesundheit-von-lgbt-personen\\\/#primaryimage\",\"url\":\"https:\\\/\\\/hub.hslu.ch\\\/soziale-arbeit\\\/wp-content\\\/uploads\\\/sites\\\/23\\\/2023\\\/04\\\/LGBT-GesundheitGettyImages-1214880155_rgb.jpg\",\"contentUrl\":\"https:\\\/\\\/hub.hslu.ch\\\/soziale-arbeit\\\/wp-content\\\/uploads\\\/sites\\\/23\\\/2023\\\/04\\\/LGBT-GesundheitGettyImages-1214880155_rgb.jpg\",\"width\":1614,\"height\":772,\"caption\":\"LGBT Fahne und Stethoskop\"},{\"@type\":\"BreadcrumbList\",\"@id\":\"https:\\\/\\\/hub.hslu.ch\\\/soziale-arbeit\\\/fakten-zur-gesundheit-von-lgbt-personen\\\/#breadcrumb\",\"itemListElement\":[{\"@type\":\"ListItem\",\"position\":1,\"name\":\"Home\",\"item\":\"https:\\\/\\\/hub.hslu.ch\\\/soziale-arbeit\\\/\"},{\"@type\":\"ListItem\",\"position\":2,\"name\":\"Aufr\u00fcttelnde Fakten zur Gesundheit von LGBT-Personen\"}]},{\"@type\":\"WebSite\",\"@id\":\"https:\\\/\\\/hub.hslu.ch\\\/soziale-arbeit\\\/#website\",\"url\":\"https:\\\/\\\/hub.hslu.ch\\\/soziale-arbeit\\\/\",\"name\":\"Soziale Arbeit an der Hochschule Luzern\",\"description\":\"Der Blog der Hochschule Luzern \u2013 Soziale Arbeit\",\"potentialAction\":[{\"@type\":\"SearchAction\",\"target\":{\"@type\":\"EntryPoint\",\"urlTemplate\":\"https:\\\/\\\/hub.hslu.ch\\\/soziale-arbeit\\\/?s={search_term_string}\"},\"query-input\":{\"@type\":\"PropertyValueSpecification\",\"valueRequired\":true,\"valueName\":\"search_term_string\"}}],\"inLanguage\":\"de-CH\"},{\"@type\":\"Person\",\"@id\":\"https:\\\/\\\/hub.hslu.ch\\\/soziale-arbeit\\\/#\\\/schema\\\/person\\\/5f63e37c8c8b84af7b5325cb01f01d34\",\"name\":\"anetteeldevik\",\"sameAs\":[\"https:\\\/\\\/x.com\\\/stefanmiesch\"]}]}<\/script>\n<!-- \/ Yoast SEO plugin. -->","yoast_head_json":{"title":"Aufr\u00fcttelnde Fakten zur Gesundheit von LGBT-Personen &#8211; Soziale Arbeit an der Hochschule Luzern","description":"Ein Bericht der Hochschule Luzern \u2013 Soziale Arbeit zeigt, wie schlecht es LGBT-Personen gesundheitlich oft geht: Der Bundesrat will nun mehr f\u00fcr die Betroffenen tun.","robots":{"index":"index","follow":"follow","max-snippet":"max-snippet:-1","max-image-preview":"max-image-preview:large","max-video-preview":"max-video-preview:-1"},"canonical":"https:\/\/hub.hslu.ch\/soziale-arbeit\/fakten-zur-gesundheit-von-lgbt-personen\/","og_locale":"de_DE","og_type":"article","og_title":"Aufr\u00fcttelnde Fakten zur Gesundheit von LGBT-Personen &#8211; Soziale Arbeit an der Hochschule Luzern","og_description":"Ein Bericht der Hochschule Luzern \u2013 Soziale Arbeit zeigt, wie schlecht es LGBT-Personen gesundheitlich oft geht: Der Bundesrat will nun mehr f\u00fcr die Betroffenen tun.","og_url":"https:\/\/hub.hslu.ch\/soziale-arbeit\/fakten-zur-gesundheit-von-lgbt-personen\/","og_site_name":"Soziale Arbeit an der Hochschule Luzern","article_published_time":"2023-04-26T12:44:31+00:00","article_modified_time":"2026-01-22T07:57:46+00:00","og_image":[{"width":1614,"height":772,"url":"https:\/\/hub.hslu.ch\/soziale-arbeit\/wp-content\/uploads\/sites\/23\/2023\/04\/LGBT-GesundheitGettyImages-1214880155_rgb.jpg","type":"image\/jpeg"}],"author":"anetteeldevik","twitter_card":"summary_large_image","twitter_creator":"@stefanmiesch","twitter_misc":{"Geschrieben von":"anetteeldevik","Gesch\u00e4tzte Lesezeit":"5\u00a0Minuten"},"schema":{"@context":"https:\/\/schema.org","@graph":[{"@type":"Article","@id":"https:\/\/hub.hslu.ch\/soziale-arbeit\/fakten-zur-gesundheit-von-lgbt-personen\/#article","isPartOf":{"@id":"https:\/\/hub.hslu.ch\/soziale-arbeit\/fakten-zur-gesundheit-von-lgbt-personen\/"},"author":{"name":"anetteeldevik","@id":"https:\/\/hub.hslu.ch\/soziale-arbeit\/#\/schema\/person\/5f63e37c8c8b84af7b5325cb01f01d34"},"headline":"Aufr\u00fcttelnde Fakten zur Gesundheit von LGBT-Personen","datePublished":"2023-04-26T12:44:31+00:00","dateModified":"2026-01-22T07:57:46+00:00","mainEntityOfPage":{"@id":"https:\/\/hub.hslu.ch\/soziale-arbeit\/fakten-zur-gesundheit-von-lgbt-personen\/"},"wordCount":748,"commentCount":0,"image":{"@id":"https:\/\/hub.hslu.ch\/soziale-arbeit\/fakten-zur-gesundheit-von-lgbt-personen\/#primaryimage"},"thumbnailUrl":"https:\/\/hub.hslu.ch\/soziale-arbeit\/wp-content\/uploads\/sites\/23\/2023\/04\/LGBT-GesundheitGettyImages-1214880155_rgb.jpg","articleSection":["Devianz, Gewalt und Opferschutz","Pr\u00e4vention und Gesundheit","Sozialmanagement und Sozialpolitik","Forschung"],"inLanguage":"de-CH","potentialAction":[{"@type":"CommentAction","name":"Comment","target":["https:\/\/hub.hslu.ch\/soziale-arbeit\/fakten-zur-gesundheit-von-lgbt-personen\/#respond"]}]},{"@type":"WebPage","@id":"https:\/\/hub.hslu.ch\/soziale-arbeit\/fakten-zur-gesundheit-von-lgbt-personen\/","url":"https:\/\/hub.hslu.ch\/soziale-arbeit\/fakten-zur-gesundheit-von-lgbt-personen\/","name":"Aufr\u00fcttelnde Fakten zur Gesundheit von LGBT-Personen &#8211; Soziale Arbeit an der Hochschule Luzern","isPartOf":{"@id":"https:\/\/hub.hslu.ch\/soziale-arbeit\/#website"},"primaryImageOfPage":{"@id":"https:\/\/hub.hslu.ch\/soziale-arbeit\/fakten-zur-gesundheit-von-lgbt-personen\/#primaryimage"},"image":{"@id":"https:\/\/hub.hslu.ch\/soziale-arbeit\/fakten-zur-gesundheit-von-lgbt-personen\/#primaryimage"},"thumbnailUrl":"https:\/\/hub.hslu.ch\/soziale-arbeit\/wp-content\/uploads\/sites\/23\/2023\/04\/LGBT-GesundheitGettyImages-1214880155_rgb.jpg","datePublished":"2023-04-26T12:44:31+00:00","dateModified":"2026-01-22T07:57:46+00:00","author":{"@id":"https:\/\/hub.hslu.ch\/soziale-arbeit\/#\/schema\/person\/5f63e37c8c8b84af7b5325cb01f01d34"},"description":"Ein Bericht der Hochschule Luzern \u2013 Soziale Arbeit zeigt, wie schlecht es LGBT-Personen gesundheitlich oft geht: Der Bundesrat will nun mehr f\u00fcr die Betroffenen tun.","breadcrumb":{"@id":"https:\/\/hub.hslu.ch\/soziale-arbeit\/fakten-zur-gesundheit-von-lgbt-personen\/#breadcrumb"},"inLanguage":"de-CH","potentialAction":[{"@type":"ReadAction","target":["https:\/\/hub.hslu.ch\/soziale-arbeit\/fakten-zur-gesundheit-von-lgbt-personen\/"]}]},{"@type":"ImageObject","inLanguage":"de-CH","@id":"https:\/\/hub.hslu.ch\/soziale-arbeit\/fakten-zur-gesundheit-von-lgbt-personen\/#primaryimage","url":"https:\/\/hub.hslu.ch\/soziale-arbeit\/wp-content\/uploads\/sites\/23\/2023\/04\/LGBT-GesundheitGettyImages-1214880155_rgb.jpg","contentUrl":"https:\/\/hub.hslu.ch\/soziale-arbeit\/wp-content\/uploads\/sites\/23\/2023\/04\/LGBT-GesundheitGettyImages-1214880155_rgb.jpg","width":1614,"height":772,"caption":"LGBT Fahne und Stethoskop"},{"@type":"BreadcrumbList","@id":"https:\/\/hub.hslu.ch\/soziale-arbeit\/fakten-zur-gesundheit-von-lgbt-personen\/#breadcrumb","itemListElement":[{"@type":"ListItem","position":1,"name":"Home","item":"https:\/\/hub.hslu.ch\/soziale-arbeit\/"},{"@type":"ListItem","position":2,"name":"Aufr\u00fcttelnde Fakten zur Gesundheit von LGBT-Personen"}]},{"@type":"WebSite","@id":"https:\/\/hub.hslu.ch\/soziale-arbeit\/#website","url":"https:\/\/hub.hslu.ch\/soziale-arbeit\/","name":"Soziale Arbeit an der Hochschule Luzern","description":"Der Blog der Hochschule Luzern \u2013 Soziale Arbeit","potentialAction":[{"@type":"SearchAction","target":{"@type":"EntryPoint","urlTemplate":"https:\/\/hub.hslu.ch\/soziale-arbeit\/?s={search_term_string}"},"query-input":{"@type":"PropertyValueSpecification","valueRequired":true,"valueName":"search_term_string"}}],"inLanguage":"de-CH"},{"@type":"Person","@id":"https:\/\/hub.hslu.ch\/soziale-arbeit\/#\/schema\/person\/5f63e37c8c8b84af7b5325cb01f01d34","name":"anetteeldevik","sameAs":["https:\/\/x.com\/stefanmiesch"]}]}},"featured_image_src":"https:\/\/hub.hslu.ch\/soziale-arbeit\/wp-content\/uploads\/sites\/23\/2023\/04\/LGBT-GesundheitGettyImages-1214880155_rgb.jpg","featured_image_src_square":"https:\/\/hub.hslu.ch\/soziale-arbeit\/wp-content\/uploads\/sites\/23\/2023\/04\/LGBT-GesundheitGettyImages-1214880155_rgb.jpg","author_info":{"display_name":"anetteeldevik","author_link":"https:\/\/hub.hslu.ch\/soziale-arbeit\/author\/anetteeldevik\/"},"_links":{"self":[{"href":"https:\/\/hub.hslu.ch\/soziale-arbeit\/wp-json\/wp\/v2\/posts\/6266","targetHints":{"allow":["GET"]}}],"collection":[{"href":"https:\/\/hub.hslu.ch\/soziale-arbeit\/wp-json\/wp\/v2\/posts"}],"about":[{"href":"https:\/\/hub.hslu.ch\/soziale-arbeit\/wp-json\/wp\/v2\/types\/post"}],"author":[{"embeddable":true,"href":"https:\/\/hub.hslu.ch\/soziale-arbeit\/wp-json\/wp\/v2\/users\/139"}],"replies":[{"embeddable":true,"href":"https:\/\/hub.hslu.ch\/soziale-arbeit\/wp-json\/wp\/v2\/comments?post=6266"}],"version-history":[{"count":40,"href":"https:\/\/hub.hslu.ch\/soziale-arbeit\/wp-json\/wp\/v2\/posts\/6266\/revisions"}],"predecessor-version":[{"id":12528,"href":"https:\/\/hub.hslu.ch\/soziale-arbeit\/wp-json\/wp\/v2\/posts\/6266\/revisions\/12528"}],"wp:featuredmedia":[{"embeddable":true,"href":"https:\/\/hub.hslu.ch\/soziale-arbeit\/wp-json\/wp\/v2\/media\/6268"}],"wp:attachment":[{"href":"https:\/\/hub.hslu.ch\/soziale-arbeit\/wp-json\/wp\/v2\/media?parent=6266"}],"wp:term":[{"taxonomy":"category","embeddable":true,"href":"https:\/\/hub.hslu.ch\/soziale-arbeit\/wp-json\/wp\/v2\/categories?post=6266"},{"taxonomy":"post_tag","embeddable":true,"href":"https:\/\/hub.hslu.ch\/soziale-arbeit\/wp-json\/wp\/v2\/tags?post=6266"}],"curies":[{"name":"wp","href":"https:\/\/api.w.org\/{rel}","templated":true}]}}