{"id":7266,"date":"2023-08-28T08:31:20","date_gmt":"2023-08-28T06:31:20","guid":{"rendered":"https:\/\/hub.hslu.ch\/soziale-arbeit\/?p=7266"},"modified":"2026-02-11T14:54:06","modified_gmt":"2026-02-11T13:54:06","slug":"die-wichtigsten-informationen-zu-den-aenderungen-in-ahv-und-el-2024","status":"publish","type":"post","link":"https:\/\/hub.hslu.ch\/soziale-arbeit\/die-wichtigsten-informationen-zu-den-aenderungen-in-ahv-und-el-2024\/","title":{"rendered":"Die wichtigsten Informationen zu den \u00c4nderungen in AHV und EL 2024"},"content":{"rendered":"\n\n\n<p>Ab 2024 wird in der Alters- und Hinterlassenenversicherung (AHVG) nicht mehr vom \u00abRentenalter\u00bb gesprochen, sondern vom \u00abReferenzalter\u00bb. Das zeigt, dass die Reform eine Flexibilisierung des Renteneintrittsalters anstrebt.<\/p>\n\n\n\n<p>Ein Hauptpunkt der Reform ist die Erh\u00f6hung des Referenzalters f\u00fcr Frauen auf 65 Jahre. Das aktuelle Rentenalter von 64 Jahren wird schrittweise ab 2025 um drei Monate pro Jahr erh\u00f6ht. Ab 2028 betr\u00e4gt das einheitliche Rentenalter f\u00fcr Frauen und M\u00e4nner dann 65 Jahre.<\/p>\n\n\n\n<p>Um die Erh\u00f6hung des Rentenalters auszugleichen, erhalten Frauen der \u00dcbergangsgeneration einen Rentenzuschlag. Das betrifft Frauen mit Geburtsjahren von 1961 bis 1969, die ihre Rente nicht vorzeitig beziehen. Der Rentenzuschlag ist ein zus\u00e4tzlicher Geldbetrag, der monatlich zusammen mit der AHV-Rente ausgezahlt wird.<\/p>\n\n\n\n<p><strong>F\u00fcr die Berechnung des Rentenzuschlags gelten folgende Besonderheiten:<\/strong><\/p>\n\n\n\n<ul class=\"wp-block-list\">\n<li>Der Zuschlag wird gek\u00fcrzt, wenn eine Frau nicht genug Beitragsjahre hat, zum Beispiel wenn sie in bestimmten Jahren nicht versichert war oder die AHV-Beitr\u00e4ge nicht bezahlt wurden.<\/li>\n\n\n\n<li>Der Zuschlag wird \u00fcber die Maximalrente von derzeit CHF 2450 hinaus gezahlt und unterliegt NICHT der Begrenzung der Altersrente f\u00fcr verheiratete Frauen.<\/li>\n\n\n\n<li>Anders als die AHV-Rente wird der Rentenzuschlag NICHT an die Preis- und Lohnentwicklung angepasst. Er bleibt also festgelegt.<\/li>\n\n\n\n<li>Der Rentenzuschlag wird bei der Berechnung der Erg\u00e4nzungsleistungen nicht als Einnahme ber\u00fccksichtigt. Die EL wird also nicht wegen des Rentenzuschlags gek\u00fcrzt.<\/li>\n<\/ul>\n\n\n\n<div class=\"wp-block-genesis-blocks-gb-accordion gb-block-accordion\"><details><summary class=\"gb-accordion-title\"><strong>Berechnung Zuschlag f\u00fcr Frauen der Jahrg\u00e4nge 1961 bis 1969.<\/strong><\/summary><div class=\"gb-accordion-text\">\n<p>Der&nbsp;<strong>Grundzuschlag<\/strong>&nbsp;wird f\u00fcr die \u00dcbergangsgeneration in zwei Schritten berechnet:<\/p>\n\n\n\n<p><strong>Erster Schritt<\/strong>: Abstufung nach Einkommen:<\/p>\n\n\n\n<ul class=\"wp-block-list\">\n<li>CHF 160.- pro Monat f\u00fcr tiefe durchschnittliche Jahreseinkommen<sup>1<\/sup>&nbsp;(weniger als CHF 58&#8217;801)<\/li>\n\n\n\n<li>CHF 100.- pro Monat f\u00fcr mittlere durchschnittliche Jahreseinkommen&nbsp;(CHF 58&#8217;801 \u2013 CHF 73&#8217;500)<\/li>\n\n\n\n<li>CHF&nbsp;&nbsp; 50.- pro Monat f\u00fcr hohe durchschnittliche Jahreseinkommen (gr\u00f6sser als CHF 73&#8217;500)<\/li>\n<\/ul>\n\n\n\n<p><strong>Zweiter Schritt<\/strong>: Der anwendbare Grundzuschlag nach dem ersten Schritt wird abgestuft nach dem Jahrgang:<\/p>\n\n\n\n<figure class=\"wp-block-table\"><table><tbody><tr><td><strong>Geburtsjahr<\/strong><\/td><td><strong>Referenzalter<\/strong><\/td><td><strong>AHV-Rentenzuschlag<\/strong><br>(in % des Grundzuschlags)<\/td><\/tr><tr><td>1961<\/td><td>64 + 3 Monate<\/td><td>25%<\/td><\/tr><tr><td>1962<\/td><td>64 + 6 Monate<\/td><td>50%<\/td><\/tr><tr><td>1963<\/td><td>64 + 9 Monate<\/td><td>75%<\/td><\/tr><tr><td>1964<\/td><td>65 Jahre<\/td><td>100%<\/td><\/tr><tr><td>1965<\/td><td>65 Jahre<\/td><td>100%<\/td><\/tr><tr><td>1966<\/td><td>65 Jahre<\/td><td>81%<\/td><\/tr><tr><td>1967<\/td><td>65 Jahre<\/td><td>63%<\/td><\/tr><tr><td>1968<\/td><td>65 Jahre<\/td><td>44%<\/td><\/tr><tr><td>1969<\/td><td>65 Jahre<\/td><td>25%<\/td><\/tr><\/tbody><\/table><\/figure>\n<\/div><\/details><\/div>\n\n\n\n<p>Um die Erh\u00f6hung des Rentenalters auszugleichen, wird der Rentenvorbezug f\u00fcr Frauen der Jahrg\u00e4nge 1961 bis 1969 erleichtert. Sie k\u00f6nnen ihre Rente ab 62 Jahren beziehen, wobei die K\u00fcrzung der AHV-Rente weniger stark ausf\u00e4llt als bei anderen Jahrg\u00e4ngen. Die genaue K\u00fcrzung h\u00e4ngt von Einkommen und Geburtsjahr ab.<\/p>\n\n\n\n<div class=\"wp-block-genesis-blocks-gb-accordion gb-block-accordion\"><details><summary class=\"gb-accordion-title\"><strong>Erleichterter Rentenvorbezug f\u00fcr Frauen der \u00dcbergangsjahrg\u00e4nge 1961 bis 1969.<\/strong><\/summary><div class=\"gb-accordion-text\">\n<figure class=\"wp-block-table\"><table><tbody><tr><td><strong>Vorbezug im Alter von<\/strong><\/td><td><strong>\u00d8 Jahreseinkommen<br>bis CHF&nbsp;58&#8217;800<\/strong><\/td><td><strong>\u00d8 Jahreseinkommen<br>CHF 58&#8217;801 &#8211; 73&#8217;500<\/strong><\/td><td><strong>\u00d8 Jahreseinkommen<br>bis CHF&nbsp;58&#8217;800<\/strong><\/td><\/tr><tr><td>64 Jahren<\/td><td>0%<\/td><td>2,5%<\/td><td>3.5%<\/td><\/tr><tr><td>63 Jahren<\/td><td>2%<\/td><td>4.5%<\/td><td>6.5%<\/td><\/tr><tr><td>62 Jahren<\/td><td>3%<\/td><td>6.5%<\/td><td>10.5%<\/td><\/tr><\/tbody><\/table><\/figure>\n<\/div><\/details><\/div>\n\n\n\n<h2 class=\"wp-block-heading\"><strong>Das Pensionierungsalter wird flexibler<\/strong> <strong>gestaltet<\/strong><\/h2>\n\n\n\n<p>Unabh\u00e4ngig von der Rentenalterserh\u00f6hung erm\u00f6glicht die Revision einen flexiblen Rentenbeginn zwischen 63 und 70 Jahren f\u00fcr alle (Art. 39 ff. nAHVG). Es wird m\u00f6glich sein, 20 bis 80% der Rente als Teilrente zu beziehen und gleichzeitig erwerbst\u00e4tig zu bleiben.<\/p>\n\n\n\n<p>Die K\u00fcrzungen und Zuschl\u00e4ge f\u00fcr Vorbezug und Aufschub werden ab 2024 an die durchschnittliche Lebenserwartung angepasst. Das bedeutet, dass die K\u00fcrzungen und Zuschl\u00e4ge im Vergleich zu heute verringert werden. Ab 2027 sollen bei niedrigem Einkommen bis CHF 58&#8217;800 die K\u00fcrzungen f\u00fcr den Vorbezug reduziert werden.<\/p>\n\n\n\n<p>Es ist noch nicht klar, ob und wie der Aufschub f\u00fcr Personen m\u00f6glich ist, bei denen eine IV-Rente durch eine AHV-Rente ersetzt wird (Art. 33bis Abs.1 AHVG). Im Verordnungsentwurf schl\u00e4gt der Bundesrat vor, dass bei einer Abl\u00f6sung der gesamten IV-Rente kein Aufschub der Altersrente m\u00f6glich sein soll.<\/p>\n\n\n\n<div class=\"wp-block-genesis-blocks-gb-accordion gb-block-accordion\"><details><summary class=\"gb-accordion-title\"><strong>Brauchen Sie Unterst\u00fctzung in der Beratung?<\/strong><\/summary><div class=\"gb-accordion-text\">\n<p class=\"has-background\" style=\"background:linear-gradient(135deg,rgba(242,242,242,0.95) 0%,rgba(242,242,242,0.95) 99%)\">Bei den <a href=\"https:\/\/www.hslu.ch\/de-ch\/soziale-arbeit\/weiterbildung\/themen\/soziale-sicherheit\/\">Weiterbildungen in Sozialer Sicherheit<\/a> stehen praxistypischen Fragen im Zentrum, die sich in der Sozialberatung, in der Sozialhilfe, in der KESB oder in Eingliederungs- und Integrationsangeboten stellen.<\/p>\n\n\n\n<p class=\"has-background\" style=\"background:linear-gradient(135deg,rgba(242,242,242,0.95) 0%,rgba(242,242,242,0.95) 100%)\"><strong><a href=\"https:\/\/www.hslu.ch\/de-ch\/soziale-arbeit\/weiterbildung\/studienprogramm\/cas\/soziale-sicherheit\/\">CAS Soziale Sicherheit<\/a>&nbsp;\u2013&nbsp;<\/strong>optimale L\u00f6sungen f\u00fcr konkrete F\u00e4lle finden <br>(N\u00e4chster Start: Februar 2024)<\/p>\n\n\n\n<p class=\"has-background\" style=\"background:linear-gradient(135deg,rgba(242,242,242,0.95) 0%,rgba(242,242,242,0.95) 100%)\"><strong><a href=\"https:\/\/www.hslu.ch\/de-ch\/soziale-arbeit\/weiterbildung\/studienprogramm\/cas\/sozialhilferecht\/\">CAS Sozialhilferecht<\/a><\/strong>&nbsp;\u2013 praxisbezogenes sozialarbeiterisches Wissen mit den notwendigen juristischen Kenntnissen verbinden (N\u00e4chster Start: Fr\u00fchling 2024)<\/p>\n\n\n\n<p class=\"has-background\" style=\"background:linear-gradient(135deg,rgba(242,242,242,0.95) 0%,rgba(242,242,242,0.95) 100%)\"><strong><a href=\"https:\/\/www.hslu.ch\/de-ch\/soziale-arbeit\/weiterbildung\/studienprogramm\/fachseminare\/ahv-und-altersvorsorge\/\">Fachseminar AHV und Altersvorsorge<\/a><\/strong>&nbsp;aktuelle Gerichtspraxis und Tipps f\u00fcr die Sozialberatung (4. Dezember 2023 in Bern \/ 5. Februar 2024 in Luzern)<\/p>\n\n\n\n<p class=\"has-background\" style=\"background:linear-gradient(135deg,rgba(242,242,242,0.95) 0%,rgba(242,242,242,0.95) 100%)\"><strong><a href=\"https:\/\/www.hslu.ch\/de-ch\/soziale-arbeit\/weiterbildung\/studienprogramm\/fachseminare\/ansprueche-auf-ergaenzungsleistungen\/\">Fachseminar Anspr\u00fcche auf Erg\u00e4nzungsleistungen<\/a>&nbsp;<\/strong>(31. Januar 2024 in Bern \/ 17. September 2024 in Luzern)<\/p>\n<\/div><\/details><\/div>\n\n\n\n<p>F\u00fcr Personen, die nach dem Referenzalter weiterarbeiten, gibt es wie bisher einen Freibetrag von CHF 1400 im Monat bzw. CHF 16800 im Jahr. Ab 2024 wird es m\u00f6glich sein, auf diesen Freibetrag zu verzichten und Beitr\u00e4ge in die AHV einzuzahlen, um eventuelle Beitragsl\u00fccken zu schliessen.<\/p>\n\n\n\n<p>Die AHV zahlt eine Hilflosenentsch\u00e4digung f\u00fcr \u00e4ltere Menschen, die f\u00fcr allt\u00e4gliche Aufgaben auf die Hilfe anderer angewiesen sind. Die bisherige Wartezeit von einem Jahr wird auf sechs Monate verk\u00fcrzt.<\/p>\n\n\n\n<p>Es bleibt wichtig, dass Hilflosigkeit, die vor dem Referenzalter 65 auftritt, bei der IV gemeldet wird, bevor eine Anmeldung zur Altersrente erfolgt. Diese Leistungen bleiben so im AHV-Alter in gleicher H\u00f6he erhalten.<\/p>\n\n\n\n<div class=\"wp-block-buttons is-content-justification-center is-layout-flex wp-container-core-buttons-is-layout-16018d1d wp-block-buttons-is-layout-flex\">\n<div class=\"wp-block-button\"><a class=\"wp-block-button__link has-background wp-element-button\" href=\"https:\/\/www.hslu.ch\/de-ch\/soziale-arbeit\/weiterbildung\/studienprogramm\/cas\/soziale-sicherheit\/\" style=\"background:linear-gradient(135deg,rgb(235,90,121) 0%,rgb(235,90,121) 100%)\"><strong>CAS Soziale Sicherheit<\/strong><\/a><\/div>\n<\/div>\n\n\n\n\n\n<h2 class=\"wp-block-heading\"><strong>\u00c4nderungen bei der EL<\/strong><\/h2>\n\n\n\n<p>Per 2021 wurden die Regelungen zu den Erg\u00e4nzungsleistungen, welche die Existenz von Anspruchsberechtigten auf Renten und weitere Leistungen der AHV und der IV sichern sollen, angepasst.<\/p>\n\n\n\n<p>Zu diesen \u00c4nderungen wurden gesetzlichen&nbsp;\u00dcbergangsbestimmungen&nbsp;festgelegt Diese besagen, dass f\u00fcr Personen, die durch EL-Reform schlechter gestellt wurden, die alten schon vor 2021 geltenden Regeln bis 31.12.2023 weiter gelten.<\/p>\n\n\n\n<p>Das betrifft haupts\u00e4chlich Menschen, bei denen Verm\u00f6gen, oder Verzichtsverm\u00f6gen angerechnet wird. Das hat schon im EL-Recht vor 2021 dazu gef\u00fchrt, dass ein gewisser Verzehr dieses Verm\u00f6gen als Einkommen angerechnet wurde, was den Anspruch minderte.<\/p>\n\n\n\n<p>Mit dem neuen EL-Recht von 2021 wurde eine Schwelle f\u00fcr das Verm\u00f6gen eingef\u00fchrt: CHF 100 000 f\u00fcr Einzelpersonen, CHF 200 000 f\u00fcr Ehepaare und CHF 50 000 f\u00fcr Kinder (siehe Art. 9a ELG). Liegt das Verm\u00f6gen \u00fcber dieser Schwelle, besteht von vornherein kein Anspruch auf Erg\u00e4nzungsleistungen.<\/p>\n\n\n\n<p>Wohnungen, die selbst genutzt werden, werden nicht ber\u00fccksichtigt, daf\u00fcr Verm\u00f6gen, auf das verzichtet wurde, wie zum Beispiel Schenkungen. Das gilt unabh\u00e4ngig davon, wie hoch die anerkannten Ausgaben sind, zum Beispiel f\u00fcr Menschen, die in Pflegeheimen leben.<\/p>\n\n\n\n<p>Besonders diese neue Verm\u00f6gensschwelle betrifft ab dem 1.1.2024 auch Menschen, die schon vor 2021 EL bezogen haben. Das kann dazu f\u00fchren, dass sie ab n\u00e4chstem Jahr keinen Anspruch mehr auf diese Leistungen haben. In F\u00e4llen von Verzichtsverm\u00f6gen kann das sogar der Fall sein, wenn faktisch kein Verm\u00f6gen vorhanden ist.<\/p>\n\n\n<div class=\"blue-box\">\n\t<div class=\"row\">\n\t\t<div class=\"col-md-12\">\n\t\t\t<p><strong>Die Wichtigsten Informationen zu den \u00c4nderungen in AHV und EL 2024<\/strong><\/p>\n<p>F\u00fcr Frauen wird das Renteneintrittsalter ab 2025 schrittweise erh\u00f6ht. Es ist wichtig, die Auswirkungen der Ausgleichsmassnahmen fr\u00fchzeitig zu pr\u00fcfen, zum Beispiel mit Hilfe einer Rentenvorausberechnung durch die Ausgleichskasse.<\/p>\n<p>Die Bedingungen f\u00fcr den fr\u00fcheren oder sp\u00e4teren Rentenbeginn \u00e4ndern sich, ebenso wie f\u00fcr das Arbeiten nach Erreichen des Referenzalters. In bestimmten F\u00e4llen k\u00f6nnen diese Optionen attraktiver werden, zum Beispiel durch Teilrenten oder die M\u00f6glichkeit, die Rente monatlich abzurufen und nach Erreichen des Referenzalters weiterhin zu arbeiten.<\/p>\n<p>Weil f\u00fcr die Betroffenen Pensionskassenbez\u00fcge oft ein wichtiger Teil der Altersvorsorge sind, ist es in der Beratung besonders wichtig zu \u00fcberpr\u00fcfen, ob die Regeln der Pensionskasse \u00e4hnliche M\u00f6glichkeiten bieten, und welche Bedingungen gelten.<\/p>\n<p>Die Absprache mit dem Arbeitgeber \u00fcber den Rentenbeginn und eine eventuelle Weiterbesch\u00e4ftigung ist ratsam. Es wird Zeit brauchen, bis Arbeitgeber sich an die neuen M\u00f6glichkeiten anpassen.<\/p>\n<p>F\u00fcr alle, die noch nicht im Rentenalter sind, wird private Vorsorge neben AHV und BVG noch wichtiger. Sparen in der 3. S\u00e4ule ist sinnvoll, vor allem f\u00fcr diejenigen mit h\u00f6heren Steuern, wegen der Steuervorteile. Die Nutzung des angesparten Kapitals der 3. S\u00e4ule und Freiz\u00fcgigkeitsguthaben sollte gut geplant werden, vor allem bei einer fr\u00fcheren Pensionierung.<\/p>\n<p>Mit dem Ende der \u00dcbergangsbestimmungen in der EL verlieren m\u00f6glicherweise auch langj\u00e4hrige EL-Beziehende ihren Anspruch ab 2024. Das kann etwa Heimbewohner betreffen. Es ist wichtig, Betroffene zu identifizieren und zu beraten. Bei Heimbewohnern sind rechtzeitige Anpassungen und m\u00f6glicherweise eine Anmeldung bei der Sozialhilfe n\u00f6tig.<\/p>\n\t\t<\/div>\n\t<\/div>\n<\/div>\n\n\n\n<p>Von <a href=\"https:\/\/www.sozialinfo.ch\/fachwissen\/sozialrecht\/aenderungen-bei-der-altersvorsorge-was-man-fuer-die-sozialberatung-wissen-muss\">Peter M\u00f6sch<\/a><br>Bild: Adobe Stock<br>Ver\u00f6ffentlicht: 23. August 2023<\/p>\n\n\n\n<div style=\"background-color:#f2f2f2;color:#32373c\" class=\"wp-block-genesis-blocks-gb-profile-box square gb-has-avatar gb-font-size-18 gb-block-profile gb-profile-columns\"><div class=\"gb-profile-column gb-profile-avatar-wrap\"><div class=\"gb-profile-image-wrap\"><figure class=\"gb-profile-image-square\"><img loading=\"lazy\" decoding=\"async\" width=\"174\" height=\"183\" class=\"gb-profile-avatar wp-image-5238\" src=\"https:\/\/hub.hslu.ch\/soziale-arbeit\/wp-content\/uploads\/sites\/23\/2023\/01\/Peter-Moesch-HSLU.jpg\" alt=\"Peter M\u00f6sch HSLU\" \/><\/figure><\/div><\/div><div class=\"gb-profile-column gb-profile-content-wrap\"><h2 class=\"gb-profile-name\" style=\"color:#32373c\">Prof. Peter M\u00f6sch<\/h2><p class=\"gb-profile-title\" style=\"color:#32373c\"><a href=\"https:\/\/www.hslu.ch\/de-ch\/hochschule-luzern\/ueber-uns\/personensuche\/profile\/?pid=89\">Peter M\u00f6sch Payot&nbsp;<\/a>ist seit 2009 Professor an der Hochschule Luzern \u2013 Soziale Arbeit im Sozialrecht t\u00e4tig. Er hat als Jurist und Leiter das Kompetenzzentrum Soziale Sicherung mit aufgebaut. Seine thematischen Schwerpunkte liegen im Sozialversicherungs-, Sozialhilfe- und Arbeitsrecht sowie in Rechtsfragen in Beratung, Betreuung und Pflege. Zu diesen Themen publiziert er regelm\u00e4ssig und wirkt an Forschungsprojekten mit. Er verantwortet an der HSLU Weiterbildungen und Dienstleistungen zu Sozialrechts- und Organisationsfragen und unterrichtet in der Lehre und in diversen Weiterbildungen. Er ist unter anderem Mitglied der Sozialbeh\u00f6rde der Stadt Bern, fungiert als Referent an Hochschulen und Universit\u00e4ten und im Vorstand von <a href=\"https:\/\/www.sozialinfo.ch\/\">sozialinfo.ch<\/a> t\u00e4tig.<\/p><div class=\"gb-profile-text\"><\/div><ul class=\"gb-social-links\"><\/ul><\/div><\/div>\n\n\n<div class=\"blue-box\">\n\t<div class=\"row\">\n\t\t<div class=\"col-md-12\">\n\t\t\t<p><strong><a href=\"https:\/\/www.hslu.ch\/de-ch\/soziale-arbeit\/weiterbildung\/themen\/soziale-sicherheit\/\">Weiterbildungen f\u00fcr die Sozialberatung<\/a><\/strong><\/p>\n<p>Im Zentrum der <a href=\"https:\/\/www.hslu.ch\/de-ch\/soziale-arbeit\/weiterbildung\/themen\/soziale-sicherheit\/\">Weiterbildungen<\/a> in Sozialer Sicherheit stehen immer die praxistypischen Fragen, die sich in der Sozialberatung, in der Sozialhilfe, f\u00fcr Mandatstr\u00e4gerinnen und Mandatstr\u00e4ger im Kindes- und Erwachsenenschutz oder in Eingliederungs- und Integrationsangeboten stellen.<\/p>\n<p><strong><a href=\"https:\/\/www.hslu.ch\/de-ch\/soziale-arbeit\/weiterbildung\/studienprogramm\/cas\/soziale-sicherheit\/\">CAS Soziale Sicherheit<\/a> &#8211; <\/strong>optimale L\u00f6sungen f\u00fcr konkrete F\u00e4lle finden<\/p>\n<p><strong><a href=\"https:\/\/www.hslu.ch\/de-ch\/soziale-arbeit\/weiterbildung\/studienprogramm\/cas\/sozialhilferecht\/\">CAS Sozialhilferecht<\/a><\/strong> &#8211; praxisbezogenes sozialarbeiterisches Wissen mit den notwendigen juristischen Kenntnissen verbinden<\/p>\n<p><strong><a href=\"https:\/\/www.hslu.ch\/de-ch\/soziale-arbeit\/weiterbildung\/studienprogramm\/fachseminare\/ahv-und-altersvorsorge\/\">Fachseminar AHV und Altersvorsorge<\/a><\/strong> aktuelle Gerichtspraxis und Tipps f\u00fcr die Sozialberatung<\/p>\n<p><strong><a href=\"https:\/\/www.hslu.ch\/de-ch\/soziale-arbeit\/weiterbildung\/studienprogramm\/fachseminare\/ansprueche-auf-ergaenzungsleistungen\/\">Fachseminar Anspr\u00fcche auf Erg\u00e4nzungsleistungen<\/a>\u00a0<\/strong><\/p>\n\t\t<\/div>\n\t<\/div>\n<\/div>\n","protected":false},"excerpt":{"rendered":"<p>Ab dem 1. Januar 2024 tritt die AHV-Reform in Kraft und und als Teil dieser Reform wird ab 2025 das Rentenalter f\u00fcr Frauen angehoben. F\u00fcr die \u00dcbergangsgenerationen gibt es Ausgleichsmassnahmen. Zudem wird das Pensionierungsalter flexibler gestaltet. Und bei den Erg\u00e4nzungsleistungen laufen Ende 2023 \u00dcbergangsregelungen aus. <\/p>\n","protected":false},"author":152,"featured_media":7273,"comment_status":"open","ping_status":"closed","sticky":false,"template":"","format":"standard","meta":{"_acf_changed":false,"inline_featured_image":false,"_relevanssi_hide_post":"","_relevanssi_hide_content":"","_relevanssi_pin_for_all":"","_relevanssi_pin_keywords":"","_relevanssi_unpin_keywords":"","_relevanssi_related_keywords":"","_relevanssi_related_include_ids":"","_relevanssi_related_exclude_ids":"","_relevanssi_related_no_append":"","_relevanssi_related_not_related":"","_relevanssi_related_posts":"5401,4468,4940,1887,1462,532","_relevanssi_noindex_reason":"","footnotes":"","_links_to":"","_links_to_target":""},"categories":[18,8],"tags":[325,326,327,292],"class_list":["post-7266","post","type-post","status-publish","format-standard","has-post-thumbnail","hentry","category-soziale-sicherheit","category-weiterbildung","tag-ahv","tag-el","tag-sozialberatung","tag-soziale-sicherheit"],"acf":[],"yoast_head":"<!-- This site is optimized with the Yoast SEO plugin v27.5 - https:\/\/yoast.com\/product\/yoast-seo-wordpress\/ -->\n<title>Die wichtigsten Informationen zu den \u00c4nderungen in AHV und EL 2024 &#8211; Soziale Arbeit an der Hochschule Luzern<\/title>\n<meta name=\"description\" content=\"Ab dem 1. Januar 2024 wird das Rentenalter f\u00fcr Frauen schrittweise erh\u00f6ht. F\u00fcr die \u00dcbergangsgenerationen gibt es Ausgleichsmassnahmen. Zudem wird das Pensionierungsalter flexibler gestaltet. Und bei den Erg\u00e4nzungsleistungen laufen Ende 2023 \u00dcbergangsregelungen aus.\" \/>\n<meta name=\"robots\" content=\"index, follow, max-snippet:-1, max-image-preview:large, max-video-preview:-1\" \/>\n<link rel=\"canonical\" href=\"https:\/\/hub.hslu.ch\/soziale-arbeit\/die-wichtigsten-informationen-zu-den-aenderungen-in-ahv-und-el-2024\/\" \/>\n<meta property=\"og:locale\" content=\"de_DE\" \/>\n<meta property=\"og:type\" content=\"article\" \/>\n<meta property=\"og:title\" content=\"Die wichtigsten Informationen zu den \u00c4nderungen in AHV und EL 2024 &#8211; Soziale Arbeit an der Hochschule Luzern\" \/>\n<meta property=\"og:description\" content=\"Ab dem 1. Januar 2024 wird das Rentenalter f\u00fcr Frauen schrittweise erh\u00f6ht. F\u00fcr die \u00dcbergangsgenerationen gibt es Ausgleichsmassnahmen. Zudem wird das Pensionierungsalter flexibler gestaltet. Und bei den Erg\u00e4nzungsleistungen laufen Ende 2023 \u00dcbergangsregelungen aus.\" \/>\n<meta property=\"og:url\" content=\"https:\/\/hub.hslu.ch\/soziale-arbeit\/die-wichtigsten-informationen-zu-den-aenderungen-in-ahv-und-el-2024\/\" \/>\n<meta property=\"og:site_name\" content=\"Soziale Arbeit an der Hochschule Luzern\" \/>\n<meta property=\"article:published_time\" content=\"2023-08-28T06:31:20+00:00\" \/>\n<meta property=\"article:modified_time\" content=\"2026-02-11T13:54:06+00:00\" \/>\n<meta property=\"og:image\" content=\"https:\/\/hub.hslu.ch\/soziale-arbeit\/wp-content\/uploads\/sites\/23\/2023\/08\/Haende-einer-alten-Frau-Altersvorsorge-berechnen-AHV-EL.jpg\" \/>\n\t<meta property=\"og:image:width\" content=\"1614\" \/>\n\t<meta property=\"og:image:height\" content=\"907\" \/>\n\t<meta property=\"og:image:type\" content=\"image\/jpeg\" \/>\n<meta name=\"author\" content=\"Roger Ettlin\" \/>\n<meta name=\"twitter:card\" content=\"summary_large_image\" \/>\n<meta name=\"twitter:label1\" content=\"Geschrieben von\" \/>\n\t<meta name=\"twitter:data1\" content=\"Roger Ettlin\" \/>\n\t<meta name=\"twitter:label2\" content=\"Gesch\u00e4tzte Lesezeit\" \/>\n\t<meta name=\"twitter:data2\" content=\"7\u00a0Minuten\" \/>\n<script type=\"application\/ld+json\" class=\"yoast-schema-graph\">{\"@context\":\"https:\\\/\\\/schema.org\",\"@graph\":[{\"@type\":\"Article\",\"@id\":\"https:\\\/\\\/hub.hslu.ch\\\/soziale-arbeit\\\/die-wichtigsten-informationen-zu-den-aenderungen-in-ahv-und-el-2024\\\/#article\",\"isPartOf\":{\"@id\":\"https:\\\/\\\/hub.hslu.ch\\\/soziale-arbeit\\\/die-wichtigsten-informationen-zu-den-aenderungen-in-ahv-und-el-2024\\\/\"},\"author\":{\"name\":\"Roger Ettlin\",\"@id\":\"https:\\\/\\\/hub.hslu.ch\\\/soziale-arbeit\\\/#\\\/schema\\\/person\\\/0d13e861725ae87916921d6d018489e4\"},\"headline\":\"Die wichtigsten Informationen zu den \u00c4nderungen in AHV und EL 2024\",\"datePublished\":\"2023-08-28T06:31:20+00:00\",\"dateModified\":\"2026-02-11T13:54:06+00:00\",\"mainEntityOfPage\":{\"@id\":\"https:\\\/\\\/hub.hslu.ch\\\/soziale-arbeit\\\/die-wichtigsten-informationen-zu-den-aenderungen-in-ahv-und-el-2024\\\/\"},\"wordCount\":1117,\"commentCount\":1,\"image\":{\"@id\":\"https:\\\/\\\/hub.hslu.ch\\\/soziale-arbeit\\\/die-wichtigsten-informationen-zu-den-aenderungen-in-ahv-und-el-2024\\\/#primaryimage\"},\"thumbnailUrl\":\"https:\\\/\\\/hub.hslu.ch\\\/soziale-arbeit\\\/wp-content\\\/uploads\\\/sites\\\/23\\\/2023\\\/08\\\/Haende-einer-alten-Frau-Altersvorsorge-berechnen-AHV-EL.jpg\",\"keywords\":[\"AHV\",\"EL\",\"Sozialberatung\",\"Soziale Sicherheit\"],\"articleSection\":[\"Soziale Sicherheit\",\"Weiterbildung\"],\"inLanguage\":\"de-CH\",\"potentialAction\":[{\"@type\":\"CommentAction\",\"name\":\"Comment\",\"target\":[\"https:\\\/\\\/hub.hslu.ch\\\/soziale-arbeit\\\/die-wichtigsten-informationen-zu-den-aenderungen-in-ahv-und-el-2024\\\/#respond\"]}]},{\"@type\":\"WebPage\",\"@id\":\"https:\\\/\\\/hub.hslu.ch\\\/soziale-arbeit\\\/die-wichtigsten-informationen-zu-den-aenderungen-in-ahv-und-el-2024\\\/\",\"url\":\"https:\\\/\\\/hub.hslu.ch\\\/soziale-arbeit\\\/die-wichtigsten-informationen-zu-den-aenderungen-in-ahv-und-el-2024\\\/\",\"name\":\"Die wichtigsten Informationen zu den \u00c4nderungen in AHV und EL 2024 &#8211; Soziale Arbeit an der Hochschule Luzern\",\"isPartOf\":{\"@id\":\"https:\\\/\\\/hub.hslu.ch\\\/soziale-arbeit\\\/#website\"},\"primaryImageOfPage\":{\"@id\":\"https:\\\/\\\/hub.hslu.ch\\\/soziale-arbeit\\\/die-wichtigsten-informationen-zu-den-aenderungen-in-ahv-und-el-2024\\\/#primaryimage\"},\"image\":{\"@id\":\"https:\\\/\\\/hub.hslu.ch\\\/soziale-arbeit\\\/die-wichtigsten-informationen-zu-den-aenderungen-in-ahv-und-el-2024\\\/#primaryimage\"},\"thumbnailUrl\":\"https:\\\/\\\/hub.hslu.ch\\\/soziale-arbeit\\\/wp-content\\\/uploads\\\/sites\\\/23\\\/2023\\\/08\\\/Haende-einer-alten-Frau-Altersvorsorge-berechnen-AHV-EL.jpg\",\"datePublished\":\"2023-08-28T06:31:20+00:00\",\"dateModified\":\"2026-02-11T13:54:06+00:00\",\"author\":{\"@id\":\"https:\\\/\\\/hub.hslu.ch\\\/soziale-arbeit\\\/#\\\/schema\\\/person\\\/0d13e861725ae87916921d6d018489e4\"},\"description\":\"Ab dem 1. Januar 2024 wird das Rentenalter f\u00fcr Frauen schrittweise erh\u00f6ht. F\u00fcr die \u00dcbergangsgenerationen gibt es Ausgleichsmassnahmen. Zudem wird das Pensionierungsalter flexibler gestaltet. Und bei den Erg\u00e4nzungsleistungen laufen Ende 2023 \u00dcbergangsregelungen aus.\",\"breadcrumb\":{\"@id\":\"https:\\\/\\\/hub.hslu.ch\\\/soziale-arbeit\\\/die-wichtigsten-informationen-zu-den-aenderungen-in-ahv-und-el-2024\\\/#breadcrumb\"},\"inLanguage\":\"de-CH\",\"potentialAction\":[{\"@type\":\"ReadAction\",\"target\":[\"https:\\\/\\\/hub.hslu.ch\\\/soziale-arbeit\\\/die-wichtigsten-informationen-zu-den-aenderungen-in-ahv-und-el-2024\\\/\"]}]},{\"@type\":\"ImageObject\",\"inLanguage\":\"de-CH\",\"@id\":\"https:\\\/\\\/hub.hslu.ch\\\/soziale-arbeit\\\/die-wichtigsten-informationen-zu-den-aenderungen-in-ahv-und-el-2024\\\/#primaryimage\",\"url\":\"https:\\\/\\\/hub.hslu.ch\\\/soziale-arbeit\\\/wp-content\\\/uploads\\\/sites\\\/23\\\/2023\\\/08\\\/Haende-einer-alten-Frau-Altersvorsorge-berechnen-AHV-EL.jpg\",\"contentUrl\":\"https:\\\/\\\/hub.hslu.ch\\\/soziale-arbeit\\\/wp-content\\\/uploads\\\/sites\\\/23\\\/2023\\\/08\\\/Haende-einer-alten-Frau-Altersvorsorge-berechnen-AHV-EL.jpg\",\"width\":1614,\"height\":907,\"caption\":\"H\u00e4nde einer alten Frau - Altersvorsorge berechnen AHV EL\"},{\"@type\":\"BreadcrumbList\",\"@id\":\"https:\\\/\\\/hub.hslu.ch\\\/soziale-arbeit\\\/die-wichtigsten-informationen-zu-den-aenderungen-in-ahv-und-el-2024\\\/#breadcrumb\",\"itemListElement\":[{\"@type\":\"ListItem\",\"position\":1,\"name\":\"Home\",\"item\":\"https:\\\/\\\/hub.hslu.ch\\\/soziale-arbeit\\\/\"},{\"@type\":\"ListItem\",\"position\":2,\"name\":\"Die wichtigsten Informationen zu den \u00c4nderungen in AHV und EL 2024\"}]},{\"@type\":\"WebSite\",\"@id\":\"https:\\\/\\\/hub.hslu.ch\\\/soziale-arbeit\\\/#website\",\"url\":\"https:\\\/\\\/hub.hslu.ch\\\/soziale-arbeit\\\/\",\"name\":\"Soziale Arbeit an der Hochschule Luzern\",\"description\":\"Der Blog der Hochschule Luzern \u2013 Soziale Arbeit\",\"potentialAction\":[{\"@type\":\"SearchAction\",\"target\":{\"@type\":\"EntryPoint\",\"urlTemplate\":\"https:\\\/\\\/hub.hslu.ch\\\/soziale-arbeit\\\/?s={search_term_string}\"},\"query-input\":{\"@type\":\"PropertyValueSpecification\",\"valueRequired\":true,\"valueName\":\"search_term_string\"}}],\"inLanguage\":\"de-CH\"},{\"@type\":\"Person\",\"@id\":\"https:\\\/\\\/hub.hslu.ch\\\/soziale-arbeit\\\/#\\\/schema\\\/person\\\/0d13e861725ae87916921d6d018489e4\",\"name\":\"Roger Ettlin\"}]}<\/script>\n<!-- \/ Yoast SEO plugin. -->","yoast_head_json":{"title":"Die wichtigsten Informationen zu den \u00c4nderungen in AHV und EL 2024 &#8211; Soziale Arbeit an der Hochschule Luzern","description":"Ab dem 1. Januar 2024 wird das Rentenalter f\u00fcr Frauen schrittweise erh\u00f6ht. F\u00fcr die \u00dcbergangsgenerationen gibt es Ausgleichsmassnahmen. Zudem wird das Pensionierungsalter flexibler gestaltet. Und bei den Erg\u00e4nzungsleistungen laufen Ende 2023 \u00dcbergangsregelungen aus.","robots":{"index":"index","follow":"follow","max-snippet":"max-snippet:-1","max-image-preview":"max-image-preview:large","max-video-preview":"max-video-preview:-1"},"canonical":"https:\/\/hub.hslu.ch\/soziale-arbeit\/die-wichtigsten-informationen-zu-den-aenderungen-in-ahv-und-el-2024\/","og_locale":"de_DE","og_type":"article","og_title":"Die wichtigsten Informationen zu den \u00c4nderungen in AHV und EL 2024 &#8211; Soziale Arbeit an der Hochschule Luzern","og_description":"Ab dem 1. Januar 2024 wird das Rentenalter f\u00fcr Frauen schrittweise erh\u00f6ht. F\u00fcr die \u00dcbergangsgenerationen gibt es Ausgleichsmassnahmen. Zudem wird das Pensionierungsalter flexibler gestaltet. Und bei den Erg\u00e4nzungsleistungen laufen Ende 2023 \u00dcbergangsregelungen aus.","og_url":"https:\/\/hub.hslu.ch\/soziale-arbeit\/die-wichtigsten-informationen-zu-den-aenderungen-in-ahv-und-el-2024\/","og_site_name":"Soziale Arbeit an der Hochschule Luzern","article_published_time":"2023-08-28T06:31:20+00:00","article_modified_time":"2026-02-11T13:54:06+00:00","og_image":[{"width":1614,"height":907,"url":"https:\/\/hub.hslu.ch\/soziale-arbeit\/wp-content\/uploads\/sites\/23\/2023\/08\/Haende-einer-alten-Frau-Altersvorsorge-berechnen-AHV-EL.jpg","type":"image\/jpeg"}],"author":"Roger Ettlin","twitter_card":"summary_large_image","twitter_misc":{"Geschrieben von":"Roger Ettlin","Gesch\u00e4tzte Lesezeit":"7\u00a0Minuten"},"schema":{"@context":"https:\/\/schema.org","@graph":[{"@type":"Article","@id":"https:\/\/hub.hslu.ch\/soziale-arbeit\/die-wichtigsten-informationen-zu-den-aenderungen-in-ahv-und-el-2024\/#article","isPartOf":{"@id":"https:\/\/hub.hslu.ch\/soziale-arbeit\/die-wichtigsten-informationen-zu-den-aenderungen-in-ahv-und-el-2024\/"},"author":{"name":"Roger Ettlin","@id":"https:\/\/hub.hslu.ch\/soziale-arbeit\/#\/schema\/person\/0d13e861725ae87916921d6d018489e4"},"headline":"Die wichtigsten Informationen zu den \u00c4nderungen in AHV und EL 2024","datePublished":"2023-08-28T06:31:20+00:00","dateModified":"2026-02-11T13:54:06+00:00","mainEntityOfPage":{"@id":"https:\/\/hub.hslu.ch\/soziale-arbeit\/die-wichtigsten-informationen-zu-den-aenderungen-in-ahv-und-el-2024\/"},"wordCount":1117,"commentCount":1,"image":{"@id":"https:\/\/hub.hslu.ch\/soziale-arbeit\/die-wichtigsten-informationen-zu-den-aenderungen-in-ahv-und-el-2024\/#primaryimage"},"thumbnailUrl":"https:\/\/hub.hslu.ch\/soziale-arbeit\/wp-content\/uploads\/sites\/23\/2023\/08\/Haende-einer-alten-Frau-Altersvorsorge-berechnen-AHV-EL.jpg","keywords":["AHV","EL","Sozialberatung","Soziale Sicherheit"],"articleSection":["Soziale Sicherheit","Weiterbildung"],"inLanguage":"de-CH","potentialAction":[{"@type":"CommentAction","name":"Comment","target":["https:\/\/hub.hslu.ch\/soziale-arbeit\/die-wichtigsten-informationen-zu-den-aenderungen-in-ahv-und-el-2024\/#respond"]}]},{"@type":"WebPage","@id":"https:\/\/hub.hslu.ch\/soziale-arbeit\/die-wichtigsten-informationen-zu-den-aenderungen-in-ahv-und-el-2024\/","url":"https:\/\/hub.hslu.ch\/soziale-arbeit\/die-wichtigsten-informationen-zu-den-aenderungen-in-ahv-und-el-2024\/","name":"Die wichtigsten Informationen zu den \u00c4nderungen in AHV und EL 2024 &#8211; Soziale Arbeit an der Hochschule Luzern","isPartOf":{"@id":"https:\/\/hub.hslu.ch\/soziale-arbeit\/#website"},"primaryImageOfPage":{"@id":"https:\/\/hub.hslu.ch\/soziale-arbeit\/die-wichtigsten-informationen-zu-den-aenderungen-in-ahv-und-el-2024\/#primaryimage"},"image":{"@id":"https:\/\/hub.hslu.ch\/soziale-arbeit\/die-wichtigsten-informationen-zu-den-aenderungen-in-ahv-und-el-2024\/#primaryimage"},"thumbnailUrl":"https:\/\/hub.hslu.ch\/soziale-arbeit\/wp-content\/uploads\/sites\/23\/2023\/08\/Haende-einer-alten-Frau-Altersvorsorge-berechnen-AHV-EL.jpg","datePublished":"2023-08-28T06:31:20+00:00","dateModified":"2026-02-11T13:54:06+00:00","author":{"@id":"https:\/\/hub.hslu.ch\/soziale-arbeit\/#\/schema\/person\/0d13e861725ae87916921d6d018489e4"},"description":"Ab dem 1. Januar 2024 wird das Rentenalter f\u00fcr Frauen schrittweise erh\u00f6ht. F\u00fcr die \u00dcbergangsgenerationen gibt es Ausgleichsmassnahmen. Zudem wird das Pensionierungsalter flexibler gestaltet. Und bei den Erg\u00e4nzungsleistungen laufen Ende 2023 \u00dcbergangsregelungen aus.","breadcrumb":{"@id":"https:\/\/hub.hslu.ch\/soziale-arbeit\/die-wichtigsten-informationen-zu-den-aenderungen-in-ahv-und-el-2024\/#breadcrumb"},"inLanguage":"de-CH","potentialAction":[{"@type":"ReadAction","target":["https:\/\/hub.hslu.ch\/soziale-arbeit\/die-wichtigsten-informationen-zu-den-aenderungen-in-ahv-und-el-2024\/"]}]},{"@type":"ImageObject","inLanguage":"de-CH","@id":"https:\/\/hub.hslu.ch\/soziale-arbeit\/die-wichtigsten-informationen-zu-den-aenderungen-in-ahv-und-el-2024\/#primaryimage","url":"https:\/\/hub.hslu.ch\/soziale-arbeit\/wp-content\/uploads\/sites\/23\/2023\/08\/Haende-einer-alten-Frau-Altersvorsorge-berechnen-AHV-EL.jpg","contentUrl":"https:\/\/hub.hslu.ch\/soziale-arbeit\/wp-content\/uploads\/sites\/23\/2023\/08\/Haende-einer-alten-Frau-Altersvorsorge-berechnen-AHV-EL.jpg","width":1614,"height":907,"caption":"H\u00e4nde einer alten Frau - Altersvorsorge berechnen AHV EL"},{"@type":"BreadcrumbList","@id":"https:\/\/hub.hslu.ch\/soziale-arbeit\/die-wichtigsten-informationen-zu-den-aenderungen-in-ahv-und-el-2024\/#breadcrumb","itemListElement":[{"@type":"ListItem","position":1,"name":"Home","item":"https:\/\/hub.hslu.ch\/soziale-arbeit\/"},{"@type":"ListItem","position":2,"name":"Die wichtigsten Informationen zu den \u00c4nderungen in AHV und EL 2024"}]},{"@type":"WebSite","@id":"https:\/\/hub.hslu.ch\/soziale-arbeit\/#website","url":"https:\/\/hub.hslu.ch\/soziale-arbeit\/","name":"Soziale Arbeit an der Hochschule Luzern","description":"Der Blog der Hochschule Luzern \u2013 Soziale Arbeit","potentialAction":[{"@type":"SearchAction","target":{"@type":"EntryPoint","urlTemplate":"https:\/\/hub.hslu.ch\/soziale-arbeit\/?s={search_term_string}"},"query-input":{"@type":"PropertyValueSpecification","valueRequired":true,"valueName":"search_term_string"}}],"inLanguage":"de-CH"},{"@type":"Person","@id":"https:\/\/hub.hslu.ch\/soziale-arbeit\/#\/schema\/person\/0d13e861725ae87916921d6d018489e4","name":"Roger Ettlin"}]}},"featured_image_src":"https:\/\/hub.hslu.ch\/soziale-arbeit\/wp-content\/uploads\/sites\/23\/2023\/08\/Haende-einer-alten-Frau-Altersvorsorge-berechnen-AHV-EL.jpg","featured_image_src_square":"https:\/\/hub.hslu.ch\/soziale-arbeit\/wp-content\/uploads\/sites\/23\/2023\/08\/Haende-einer-alten-Frau-Altersvorsorge-berechnen-AHV-EL.jpg","author_info":{"display_name":"Roger Ettlin","author_link":"https:\/\/hub.hslu.ch\/soziale-arbeit\/author\/rogerettlin\/"},"_links":{"self":[{"href":"https:\/\/hub.hslu.ch\/soziale-arbeit\/wp-json\/wp\/v2\/posts\/7266","targetHints":{"allow":["GET"]}}],"collection":[{"href":"https:\/\/hub.hslu.ch\/soziale-arbeit\/wp-json\/wp\/v2\/posts"}],"about":[{"href":"https:\/\/hub.hslu.ch\/soziale-arbeit\/wp-json\/wp\/v2\/types\/post"}],"author":[{"embeddable":true,"href":"https:\/\/hub.hslu.ch\/soziale-arbeit\/wp-json\/wp\/v2\/users\/152"}],"replies":[{"embeddable":true,"href":"https:\/\/hub.hslu.ch\/soziale-arbeit\/wp-json\/wp\/v2\/comments?post=7266"}],"version-history":[{"count":50,"href":"https:\/\/hub.hslu.ch\/soziale-arbeit\/wp-json\/wp\/v2\/posts\/7266\/revisions"}],"predecessor-version":[{"id":13004,"href":"https:\/\/hub.hslu.ch\/soziale-arbeit\/wp-json\/wp\/v2\/posts\/7266\/revisions\/13004"}],"wp:featuredmedia":[{"embeddable":true,"href":"https:\/\/hub.hslu.ch\/soziale-arbeit\/wp-json\/wp\/v2\/media\/7273"}],"wp:attachment":[{"href":"https:\/\/hub.hslu.ch\/soziale-arbeit\/wp-json\/wp\/v2\/media?parent=7266"}],"wp:term":[{"taxonomy":"category","embeddable":true,"href":"https:\/\/hub.hslu.ch\/soziale-arbeit\/wp-json\/wp\/v2\/categories?post=7266"},{"taxonomy":"post_tag","embeddable":true,"href":"https:\/\/hub.hslu.ch\/soziale-arbeit\/wp-json\/wp\/v2\/tags?post=7266"}],"curies":[{"name":"wp","href":"https:\/\/api.w.org\/{rel}","templated":true}]}}