{"id":8052,"date":"2023-12-05T08:52:49","date_gmt":"2023-12-05T07:52:49","guid":{"rendered":"https:\/\/hub.hslu.ch\/soziale-arbeit\/?p=8052"},"modified":"2026-02-11T14:54:07","modified_gmt":"2026-02-11T13:54:07","slug":"das-unsichtbare-sichtbar-machen-ein-rassismus-workshop-mit-tzegha-kibrom","status":"publish","type":"post","link":"https:\/\/hub.hslu.ch\/soziale-arbeit\/das-unsichtbare-sichtbar-machen-ein-rassismus-workshop-mit-tzegha-kibrom\/","title":{"rendered":"Das Unsichtbare sichtbar machen: ein Rassismus-Workshop mit Tzegha Kibrom"},"content":{"rendered":"\n\n\n<p>Die Hochschule Luzern \u2013 Soziale Arbeit setzt sich aktiv mit den Themen Rassismus und Diskriminierung auseinander und f\u00f6rdert den Dialog und die Weiterbildung von Dozierenden. Gem\u00e4ss der <a href=\"https:\/\/www.hslu.ch\/de-ch\/hochschule-luzern\/ueber-uns\/portraet\/diversity\/diversity-policy\/\">Diversity-Policy<\/a> der Hochschule Luzern verpflichten wir uns dazu, die Chancengleichheit von Mitarbeitenden und Studierenden zu unterst\u00fctzen und strukturelle Diskriminierungen abzubauen.<\/p>\n\n\n\n<p>In diesem Zusammenhang organisierte das Departement Soziale Arbeit diesen Herbst zwei Workshops f\u00fcr Mitarbeitende zu rassismuskritischer Lehre unter der Leitung von <a href=\"https:\/\/www.tzeghakibrom.com\/\" target=\"_blank\" rel=\"noreferrer noopener\">Tzegha Kibrom<\/a>, Coach und Prozessbegleiterin. Dabei erkl\u00e4rte Kibrom auch, warum es uns so schwerf\u00e4llt, \u00fcber Rassismus zu reden: \u00abEs ist ein Tabuthema in unserer Gesellschaft. Es geht um Entmenschlichung, und das erschwert es, dar\u00fcber zu sprechen.\u00bb<\/p>\n\n\n\n<h2 class=\"wp-block-heading\"><strong>\u00abWir leben in einer rassistischen Gesellschaft\u00bb<\/strong><\/h2>\n\n\n\n<p>\u00abRassismus existiert auf verschiedenen Ebenen\u00bb, erkl\u00e4rt Kibrom, \u00abund es ist entscheidend, die rassistischen Strukturen anzuerkennen, die in Bildungssystemen oder am Arbeitsplatz vorhanden sind, bevor man sich pers\u00f6nlich damit auseinandersetzt.\u00bb<\/p>\n\n\n\n<p>Die Ver\u00e4nderung beginnt laut Kibrom mit einem Bewusstseinswandel: \u00abSchnell kommt der Gedanke: Wir sind nicht rassistisch als Individuum oder als Nation. Doch, wir leben in einer rassistischen Gesellschaft\u00bb, sagt sie. Es sei wichtig zu verstehen, dass rassistisches Denken in uns allen existiert.<\/p>\n\n\n\n<p>Warum anerkennen wir, dass es Rassismus gibt, denken aber, wir selbst seien nicht rassistisch? Kibrom zeigt auf, dass wir Rassismus oft mit einem schlechten Menschen gleichsetzen: \u00abRassistisch zu sein bedeutet jedoch nicht zwangsl\u00e4ufig, ein schlechter Mensch zu sein. Wenn ich das verbinde, werde ich mich weigern, mein rassistisches Verhalten anzuerkennen. Wenn ich es getrennt betrachte, kann ich es zulassen, auch wenn es unangenehme Gef\u00fchle hervorruft.\u00bb<\/p>\n\n\n\n<p>Auf die Frage, ob ein Workshop gegen Rassismus hilfreich ist, betont Kibrom, dass Rassismus eine komplexe Problematik ist, die sich \u00fcber Jahrhunderte entwickelt hat und nicht in einem Tag abgehandelt werden kann. Sie erkl\u00e4rt: \u00abEin Workshop kann einen wichtigen Impuls geben. Um jedoch Strukturen und Denkweisen zu ver\u00e4ndern, braucht es eine l\u00e4ngerfristige Auseinandersetzung. Rassismus ist eine schwerwiegende Thematik, und wenn dieser nicht genug Raum gegeben wird, kann sich die Besch\u00e4ftigung damit kosmetisch anf\u00fchlen.\u00bb<\/p>\n\n\n\n<h2 class=\"wp-block-heading\"><strong>Workshop: reflektieren und integrieren<\/strong><\/h2>\n\n\n\n<p>Der Workshop erm\u00f6glichte es den Teilnehmenden, sich zum Thema Rassismus auszutauschen und anhand von Tzegha Kibroms Erfahrungen auch subtile Formen von Verletzungen und Diskriminierungen zu reflektieren. Eine Teilnehmerin betonte die Bedeutung von \u00abEmpathie und Zuh\u00f6ren \u2013 sich nicht gleich verteidigen, sondern sich die Zeit nehmen, um zu verstehen und einen gewissen Schmerz zuzulassen.\u00bb<\/p>\n\n\n\n<p>Die Evaluation der Workshops zeigte, dass der gr\u00f6sste Erkenntnisgewinn im Verst\u00e4ndnis der \u00abWirkung von Rassismus auf Betroffene und Nichtbetroffene\u00bb liegt. Kommentare von Teilnehmenden verdeutlichen den Impuls zur Sensibilisierung im Umgang mit Diskriminierung. Eine R\u00fcckmeldung lautete: \u00abF\u00fcr mich ist erstaunlich, dass wir Menschen niemals vollumf\u00e4nglich frei von Diskriminierungstendenzen handeln und denken k\u00f6nnen.\u00bb<\/p>\n\n\n\n<p>Die Definition von Begriffen im Kontext von Rassismus bleibt eine Herausforderung und konnte im Rahmen des Workshops nicht abschliessend behandelt werden. Die Teilnehmer:innen des Workshops diskutierten die \u00ab4 I&#8217;s der Diskriminierung\u00bb (Ideologie, institutionell, interpersonell, Internalisierung) und dekonstruierten den Begriff \u00abRasse\u00bb. Tzegha Kibroms Literaturhinweise (siehe am Schluss) laden zum Weiterlesen ein. Cinzia Gabellini und Valeria Iaconis vom Zentrum f\u00fcr Lernen, Lehren und Forschen (ZLLF) geben in ihrem <a href=\"https:\/\/blog.hslu.ch\/blog\/2023\/10\/19\/eindruecke-aus-dem-workshop-rassismuskritische-lehre\/\" target=\"_blank\" rel=\"noreferrer noopener\">Beitrag<\/a> einen zus\u00e4tzlichen Einblick in diesen Workshop.<\/p>\n\n\n\n<div class=\"swiper__responsive-container \">\n\t<div class=\"swiper__responsive-wrapper\">\n\t\t<div class=\"swiper mainSwiper\">\n\t\t\t<div class=\"swiper-wrapper\">\n\t\t\t\t\t\t\t\t\t\t\t\t\t\t<div class=\"swiper-slide\">\n\t\t\t\t\t\t<figure class=\"slide-figure\">\n\t\t\t\t\t\t\t<img decoding=\"async\" class=\"slide-image\" src=\"https:\/\/hub.hslu.ch\/soziale-arbeit\/wp-content\/uploads\/sites\/23\/2023\/11\/IMG_20230912_120223_edit_184326614844789-1.jpg\" alt=\"4 I der Diskriminierung\">\n\t\t\t\t\t\t\t<figcaption class=\"slide-caption\"><span>4 I der Diskriminierung: Ideologie, institutionell, interpersonell, Internalisierung<\/span><\/figcaption>\n\t\t\t\t\t\t<\/figure>\n\t\t\t\t\t\t<div class=\"slide-action-container\">\n\t\t\t\t\t\t\t<div class=\"slide-action slide-action-zoom\" data-id=\"69f295e4b383e\">\uf188<\/div>\n\t\t\t\t\t\t\t\t\t\t\t\t\t<\/div>\n\t\t\t\t\t<\/div>\n\t\t\t\t\t\t\t\t\t\t\t\t\t\t<div class=\"swiper-slide\">\n\t\t\t\t\t\t<figure class=\"slide-figure\">\n\t\t\t\t\t\t\t<img decoding=\"async\" class=\"slide-image\" src=\"https:\/\/hub.hslu.ch\/soziale-arbeit\/wp-content\/uploads\/sites\/23\/2023\/11\/Int_FB_Impulse_diskriminierungssensible_Hochschule_12092023.jpg\" alt=\"Impulse diskriminierungssensible Hochschule\">\n\t\t\t\t\t\t\t<figcaption class=\"slide-caption\"><span>Impulse diskriminierungssensible Hochschule<\/span><\/figcaption>\n\t\t\t\t\t\t<\/figure>\n\t\t\t\t\t\t<div class=\"slide-action-container\">\n\t\t\t\t\t\t\t<div class=\"slide-action slide-action-zoom\" data-id=\"69f295e4b383e\">\uf188<\/div>\n\t\t\t\t\t\t\t\t\t\t\t\t\t<\/div>\n\t\t\t\t\t<\/div>\n\t\t\t\t\t\t\t\t\t\t\t\t\t\t<div class=\"swiper-slide\">\n\t\t\t\t\t\t<figure class=\"slide-figure\">\n\t\t\t\t\t\t\t<img decoding=\"async\" class=\"slide-image\" src=\"https:\/\/hub.hslu.ch\/soziale-arbeit\/wp-content\/uploads\/sites\/23\/2023\/11\/Int_FB_Impulse_diskrimininierungssensible_Hochschule_11092023.jpg\" alt=\"Impulse Lehre, Hochschul-Struktur, Verschiedenes\">\n\t\t\t\t\t\t\t<figcaption class=\"slide-caption\"><span>Impulse Lehre, Hochschul-Struktur, Verschiedenes<\/span><\/figcaption>\n\t\t\t\t\t\t<\/figure>\n\t\t\t\t\t\t<div class=\"slide-action-container\">\n\t\t\t\t\t\t\t<div class=\"slide-action slide-action-zoom\" data-id=\"69f295e4b383e\">\uf188<\/div>\n\t\t\t\t\t\t\t\t\t\t\t\t\t<\/div>\n\t\t\t\t\t<\/div>\n\t\t\t\t\t\t\t\t\t\t\t\t\t\t<div class=\"swiper-slide\">\n\t\t\t\t\t\t<figure class=\"slide-figure\">\n\t\t\t\t\t\t\t<img decoding=\"async\" class=\"slide-image\" src=\"https:\/\/hub.hslu.ch\/soziale-arbeit\/wp-content\/uploads\/sites\/23\/2023\/11\/Workshop-Rassismus-Tzegha-Kibrom-Daniel-Kunz-Pia-Gabriel.jpg\" alt=\"Workshop Rassismus Tzegha Kibrom, Daniel Kunz, Pia Gabriel\">\n\t\t\t\t\t\t\t<figcaption class=\"slide-caption\"><span>Workshop zu rassismuskritischer Lehre &#8211; auf dem Bild Tzegha Kibrom, Daniel Kunz und Pia Gabriel<\/span><\/figcaption>\n\t\t\t\t\t\t<\/figure>\n\t\t\t\t\t\t<div class=\"slide-action-container\">\n\t\t\t\t\t\t\t<div class=\"slide-action slide-action-zoom\" data-id=\"69f295e4b383e\">\uf188<\/div>\n\t\t\t\t\t\t\t\t\t\t\t\t\t<\/div>\n\t\t\t\t\t<\/div>\n\t\t\t\t\t\t\t<\/div>\n\t\t\t<div class=\"swiper-button-prev\"><\/div>\n\t\t\t<div class=\"swiper-button-next\"><\/div>\n\t\t<\/div>\n\t\t<div class=\"swiper-pagination\"><\/div>\n\t<\/div>\n<\/div>\n\n<div class=\"zoom-container\" data-id=\"69f295e4b383e\">\n\t<div class=\"zoom-container-inner\">\n\t\t<div class=\"zoom-responsive-container\">\n\t\t\t<div class=\"zoom-wrapper\">\n\t\t\t\t<div class=\"swiper zoomSwiper\">\n\t\t\t\t\t<div class=\"swiper-wrapper\">\n\t\t\t\t\t\t\t\t\t\t\t\t\t\t\t\t\t\t\t\t<div class=\"swiper-slide\">\n\t\t\t\t\t\t\t\t<figure class=\"slide-figure\">\n\t\t\t\t\t\t\t\t\t<img decoding=\"async\" class=\"slide-image\" src=\"https:\/\/hub.hslu.ch\/soziale-arbeit\/wp-content\/uploads\/sites\/23\/2023\/11\/IMG_20230912_120223_edit_184326614844789-1.jpg\" alt=\"4 I der Diskriminierung\">\n\t\t\t\t\t\t\t\t\t<figcaption class=\"slide-caption\"><span>4 I der Diskriminierung: Ideologie, institutionell, interpersonell, Internalisierung<\/span><\/figcaption>\n\t\t\t\t\t\t\t\t<\/figure>\n\t\t\t\t\t\t\t\t<div class=\"slide-action-container\">\n\t\t\t\t\t\t\t\t\t<div class=\"slide-action zoom-action-close\">\uf189<\/div>\n\t\t\t\t\t\t\t\t\t\t\t\t\t\t\t\t\t<\/div>\n\t\t\t\t\t\t\t<\/div>\n\t\t\t\t\t\t\t\t\t\t\t\t\t\t\t\t\t\t\t\t<div class=\"swiper-slide\">\n\t\t\t\t\t\t\t\t<figure class=\"slide-figure\">\n\t\t\t\t\t\t\t\t\t<img decoding=\"async\" class=\"slide-image\" src=\"https:\/\/hub.hslu.ch\/soziale-arbeit\/wp-content\/uploads\/sites\/23\/2023\/11\/Int_FB_Impulse_diskriminierungssensible_Hochschule_12092023.jpg\" alt=\"Impulse diskriminierungssensible Hochschule\">\n\t\t\t\t\t\t\t\t\t<figcaption class=\"slide-caption\"><span>Impulse diskriminierungssensible Hochschule<\/span><\/figcaption>\n\t\t\t\t\t\t\t\t<\/figure>\n\t\t\t\t\t\t\t\t<div class=\"slide-action-container\">\n\t\t\t\t\t\t\t\t\t<div class=\"slide-action zoom-action-close\">\uf189<\/div>\n\t\t\t\t\t\t\t\t\t\t\t\t\t\t\t\t\t<\/div>\n\t\t\t\t\t\t\t<\/div>\n\t\t\t\t\t\t\t\t\t\t\t\t\t\t\t\t\t\t\t\t<div class=\"swiper-slide\">\n\t\t\t\t\t\t\t\t<figure class=\"slide-figure\">\n\t\t\t\t\t\t\t\t\t<img decoding=\"async\" class=\"slide-image\" src=\"https:\/\/hub.hslu.ch\/soziale-arbeit\/wp-content\/uploads\/sites\/23\/2023\/11\/Int_FB_Impulse_diskrimininierungssensible_Hochschule_11092023.jpg\" alt=\"Impulse Lehre, Hochschul-Struktur, Verschiedenes\">\n\t\t\t\t\t\t\t\t\t<figcaption class=\"slide-caption\"><span>Impulse Lehre, Hochschul-Struktur, Verschiedenes<\/span><\/figcaption>\n\t\t\t\t\t\t\t\t<\/figure>\n\t\t\t\t\t\t\t\t<div class=\"slide-action-container\">\n\t\t\t\t\t\t\t\t\t<div class=\"slide-action zoom-action-close\">\uf189<\/div>\n\t\t\t\t\t\t\t\t\t\t\t\t\t\t\t\t\t<\/div>\n\t\t\t\t\t\t\t<\/div>\n\t\t\t\t\t\t\t\t\t\t\t\t\t\t\t\t\t\t\t\t<div class=\"swiper-slide\">\n\t\t\t\t\t\t\t\t<figure class=\"slide-figure\">\n\t\t\t\t\t\t\t\t\t<img decoding=\"async\" class=\"slide-image\" src=\"https:\/\/hub.hslu.ch\/soziale-arbeit\/wp-content\/uploads\/sites\/23\/2023\/11\/Workshop-Rassismus-Tzegha-Kibrom-Daniel-Kunz-Pia-Gabriel.jpg\" alt=\"Workshop Rassismus Tzegha Kibrom, Daniel Kunz, Pia Gabriel\">\n\t\t\t\t\t\t\t\t\t<figcaption class=\"slide-caption\"><span>Workshop zu rassismuskritischer Lehre &#8211; auf dem Bild Tzegha Kibrom, Daniel Kunz und Pia Gabriel<\/span><\/figcaption>\n\t\t\t\t\t\t\t\t<\/figure>\n\t\t\t\t\t\t\t\t<div class=\"slide-action-container\">\n\t\t\t\t\t\t\t\t\t<div class=\"slide-action zoom-action-close\">\uf189<\/div>\n\t\t\t\t\t\t\t\t\t\t\t\t\t\t\t\t\t<\/div>\n\t\t\t\t\t\t\t<\/div>\n\t\t\t\t\t\t\t\t\t\t\t<\/div>\n\t\t\t\t\t<div class=\"swiper-button-prev\"><\/div>\n\t\t\t\t\t<div class=\"swiper-button-next\"><\/div>\n\t\t\t\t<\/div>\n\t\t\t\t<div class=\"swiper-pagination\"><\/div>\n\t\t\t<\/div>\n\t\t<\/div>\n\t<\/div>\n<\/div>\n\n\n\n<h2 class=\"wp-block-heading\"><strong>Ein erster Schritt: Wie geht es weiter?<\/strong><\/h2>\n\n\n\n<p>Der Diversity-Beauftragte Daniel Kunz betont, dass der Sensibilisierungsworkshop erfolgreich die vielf\u00e4ltigen Emotionen aufgefangen habe, die das Thema Rassismus hervorgerufen hat. \u00abTzegha Kibrom hat es geschafft, einen Diskussionsraum zu schaffen, der von Wertsch\u00e4tzung gepr\u00e4gt ist. Um rassismuskritische Lehre effektiv umzusetzen, ist es notwendig, nicht nur Selbst- und Sozialkompetenzen zu st\u00e4rken, sondern auch entsprechende Fach- und Methodenkompetenzen aufzubauen. Dies ist Teil unserer n\u00e4chsten Planungsschritte.\u00bb<\/p>\n\n\n\n<p>Positive Erfahrungen wurden am Institut f\u00fcr Soziokulturelle Entwicklung gemacht, welches bereits 2022 einen Sensibilisierungsworkshop durchf\u00fchrte und 2023 an konkreten Fallbeispielen f\u00fcr den und aus dem Unterricht weiterarbeitete. Zudem startete  f\u00fcr Mitarbeitende das Projekt <a href=\"https:\/\/www.hslu.ch\/de-ch\/hochschule-luzern\/forschung\/projekte\/detail\/?pid=6485\">\u00abRassismuskritische Lehre im Grundstudium Bachelor\u00bb<\/a> mit dem Ziel, Studierende im beruflichen Umgang mit Rassismus bzw. Antirassismus zu st\u00e4rken. Die Modulverantwortlichen erhalten ein Coaching zu Literatur und methodisch-didaktischer Umsetzung f\u00fcr eine entsprechende Unterrichtssequenz.<\/p>\n\n\n\n<p>Pia Gabriel-Sch\u00e4rer, Vizedirektorin und Leiterin des Didaktik-Teams, sagt: \u00abDer Sensibilisierungsworkshop mit Tzegha Kibrom konnte erste Impulse setzen. Das Thema Rassismus und Diskriminierung ist damit nicht vom Tisch. Gerade in der Sozialen Arbeit und in der Ausbildung ist die Reflexion \u00fcber strukturelle Rahmenbedingungen f\u00fcr Chancengleichheit immer wieder notwendig. Das nehmen wir auch in Zukunft ernst und bieten Raum f\u00fcr faktenbasierte Diskurse. Das Didaktik-Team der Sozialen Arbeit ist mit dem ZLLF im Austausch, um sinnvolle Angebote zu entwickeln, welche Dozierende bei der Entwicklung von rassismussensibler Didaktik unterst\u00fctzen.\u00bb<\/p>\n\n\n\n<p>Von:&nbsp;<a href=\"https:\/\/rogerettlin.ch\/\">Roger Ettlin<\/a><br>Bild:&nbsp;Unsplash<br>Ver\u00f6ffentlicht: 5. Dezember 2023<\/p>\n\n\n<div class=\"blue-box\">\n\t<div class=\"row\">\n\t\t<div class=\"col-md-12\">\n\t\t\t<p><a href=\"https:\/\/www.hslu.ch\/de-ch\/soziale-arbeit\/studium\/bachelor\/\"><strong>Interessierst du dich f\u00fcr ein Studium in Sozialer Arbeit?<\/strong><\/a><\/p>\n<p>Wir unterst\u00fctzen dich, Menschen in allen Lebenslagen zu begleiten und f\u00f6rdern deine Urteilsbildung sowie deine F\u00e4higkeit, verschiedene Perspektiven einzunehmen. Werde Teil eines werteorientierten Studiums, das auf gesellschaftlichen Wandel abzielt und die Teilhabe aller erm\u00f6glicht.<\/p>\n<p>Jetzt eine\u00a0<a href=\"https:\/\/www.hslu.ch\/de-ch\/soziale-arbeit\/studium\/info-veranstaltungen\/#?filters=102,1050&amp;q=bachelor\">Infoveranstaltung<\/a>\u00a0zum Bachelor besuchen.<\/p>\n<p>Neuer\u00a0<a href=\"https:\/\/www.hslu.ch\/de-ch\/soziale-arbeit\/studium\/bachelor\/soziale-arbeit-neue-konzepte-und-innovation\/\">Bachelor in Sozialer Arbeit<\/a>\u00a0neue Konzepte und Innovation<\/p>\n\t\t<\/div>\n\t<\/div>\n<\/div>\n\n\n<div class=\"blue-box\">\n\t<div class=\"row\">\n\t\t<div class=\"col-md-12\">\n\t\t\t<p><strong><a href=\"https:\/\/www.hslu.ch\/de-ch\/soziale-arbeit\/weiterbildung\/studienprogramm\/fachseminare\/grund-und-menschenrechte-in-der-asyl-und-fluechtlingsarbeit\/\">Fachseminar Grund- und Menschenrechte in der Asyl- und Fl\u00fcchtlingsarbeit<\/a><\/strong><\/p>\n<p>Das Fachseminar zeigt auf, wie in konkreten Situationen grundrechtskonforme Entscheidungen getroffen werden k\u00f6nnen. Anhand von konkreten Praxisbeispielen werden die Spannungsfelder aus der grundrechtlichen und der ethischen Perspektive herausgearbeitet und konkrete L\u00f6sungen aufgezeigt.<\/p>\n<p><strong>Kosten:<\/strong> CHF 470.-<\/p>\n<p><strong>Mehr Infos:<\/strong> <a href=\"https:\/\/www.hslu.ch\/de-ch\/soziale-arbeit\/weiterbildung\/studienprogramm\/fachseminare\/grund-und-menschenrechte-in-der-asyl-und-fluechtlingsarbeit\/\">Webseite zum Fachseminar<\/a><\/p>\n\t\t<\/div>\n\t<\/div>\n<\/div>\n\n\n<div class=\"blue-box\">\n\t<div class=\"row\">\n\t\t<div class=\"col-md-12\">\n\t\t\t<p><strong>Weiterf\u00fchrende Literatur<\/strong><\/p>\n<p><a href=\"https:\/\/www.bpb.de\/themen\/rassismus-diskriminierung\/rassismus\/542802\/rassismus-zur-geschichte-eines-begriffs\/?pk_campaign=nl2023-11-29&amp;pk_kwd=542802\">Manuela Bojad\u017eijev (online Artikel 20.11.2023) Rassismus. Zur Geschichte eines Begriffs<\/a><\/p>\n<p>Tupoka Ogette (2022) Exit Racism &#8211; rassismuskritisch denken lernen<\/p>\n<p>G\u00fcm\u00fcsay K\u00fcbra (2020) Sprache und Sein<\/p>\n<p>Laila F. Said (2020) Me and White Supremacy &#8211; How to Recognise Your Privilege, Combat Racism and Change the World<\/p>\n<p>Robert Jensen (2005) The Heart of Whiteness: Confronting Race, Racism and White Privilege<\/p>\n\t\t<\/div>\n\t<\/div>\n<\/div>\n","protected":false},"excerpt":{"rendered":"<p>Rassismus in unserer Gesellschaft: Warum f\u00e4llt es uns so schwer, dar\u00fcber zu sprechen? Was kann jede:r Einzelne tun und was machen wir als Hochschule Luzern \u2013 Soziale Arbeit? Tzegha Kibroms Workshop zu rassismuskritischer Lehre \u00f6ffnet R\u00e4ume f\u00fcr Diskussion und Reflexion.<\/p>\n","protected":false},"author":152,"featured_media":8058,"comment_status":"open","ping_status":"closed","sticky":false,"template":"","format":"standard","meta":{"_acf_changed":false,"inline_featured_image":false,"_relevanssi_hide_post":"","_relevanssi_hide_content":"","_relevanssi_pin_for_all":"","_relevanssi_pin_keywords":"","_relevanssi_unpin_keywords":"","_relevanssi_related_keywords":"","_relevanssi_related_include_ids":"","_relevanssi_related_exclude_ids":"","_relevanssi_related_no_append":"","_relevanssi_related_not_related":"","_relevanssi_related_posts":"1903,7307,7003,3756,5984,5047","_relevanssi_noindex_reason":"","footnotes":"","_links_to":"","_links_to_target":""},"categories":[20,7,8],"tags":[49,257,336],"class_list":["post-8052","post","type-post","status-publish","format-standard","has-post-thumbnail","hentry","category-soziokultur","category-ausbildung","category-weiterbildung","tag-integration","tag-rassismus","tag-rassismuskritische-lehre"],"acf":[],"yoast_head":"<!-- This site is optimized with the Yoast SEO plugin v27.5 - https:\/\/yoast.com\/product\/yoast-seo-wordpress\/ -->\n<title>Das Unsichtbare sichtbar machen: ein Rassismus-Workshop mit Tzegha Kibrom &#8211; Soziale Arbeit an der Hochschule Luzern<\/title>\n<meta name=\"robots\" content=\"index, follow, max-snippet:-1, max-image-preview:large, max-video-preview:-1\" \/>\n<link rel=\"canonical\" href=\"https:\/\/hub.hslu.ch\/soziale-arbeit\/das-unsichtbare-sichtbar-machen-ein-rassismus-workshop-mit-tzegha-kibrom\/\" \/>\n<meta property=\"og:locale\" content=\"de_DE\" \/>\n<meta property=\"og:type\" content=\"article\" \/>\n<meta property=\"og:title\" content=\"Das Unsichtbare sichtbar machen: ein Rassismus-Workshop mit Tzegha Kibrom &#8211; Soziale Arbeit an der Hochschule Luzern\" \/>\n<meta property=\"og:description\" content=\"Rassismus in unserer Gesellschaft: Warum f\u00e4llt es uns so schwer, dar\u00fcber zu sprechen? Was kann jede:r Einzelne tun und was machen wir als Hochschule Luzern \u2013 Soziale Arbeit? Tzegha Kibroms Workshop zu rassismuskritischer Lehre \u00f6ffnet R\u00e4ume f\u00fcr Diskussion und Reflexion.\" \/>\n<meta property=\"og:url\" content=\"https:\/\/hub.hslu.ch\/soziale-arbeit\/das-unsichtbare-sichtbar-machen-ein-rassismus-workshop-mit-tzegha-kibrom\/\" \/>\n<meta property=\"og:site_name\" content=\"Soziale Arbeit an der Hochschule Luzern\" \/>\n<meta property=\"article:published_time\" content=\"2023-12-05T07:52:49+00:00\" \/>\n<meta property=\"article:modified_time\" content=\"2026-02-11T13:54:07+00:00\" \/>\n<meta property=\"og:image\" content=\"https:\/\/hub.hslu.ch\/soziale-arbeit\/wp-content\/uploads\/sites\/23\/2023\/11\/Workshop-Rassimus-HSLU-Soziale-Arbeit.jpg\" \/>\n\t<meta property=\"og:image:width\" content=\"1614\" \/>\n\t<meta property=\"og:image:height\" content=\"907\" \/>\n\t<meta property=\"og:image:type\" content=\"image\/jpeg\" \/>\n<meta name=\"author\" content=\"Roger Ettlin\" \/>\n<meta name=\"twitter:card\" content=\"summary_large_image\" \/>\n<meta name=\"twitter:label1\" content=\"Geschrieben von\" \/>\n\t<meta name=\"twitter:data1\" content=\"Roger Ettlin\" \/>\n\t<meta name=\"twitter:label2\" content=\"Gesch\u00e4tzte Lesezeit\" \/>\n\t<meta name=\"twitter:data2\" content=\"5\u00a0Minuten\" \/>\n<script type=\"application\/ld+json\" class=\"yoast-schema-graph\">{\"@context\":\"https:\\\/\\\/schema.org\",\"@graph\":[{\"@type\":\"Article\",\"@id\":\"https:\\\/\\\/hub.hslu.ch\\\/soziale-arbeit\\\/das-unsichtbare-sichtbar-machen-ein-rassismus-workshop-mit-tzegha-kibrom\\\/#article\",\"isPartOf\":{\"@id\":\"https:\\\/\\\/hub.hslu.ch\\\/soziale-arbeit\\\/das-unsichtbare-sichtbar-machen-ein-rassismus-workshop-mit-tzegha-kibrom\\\/\"},\"author\":{\"name\":\"Roger Ettlin\",\"@id\":\"https:\\\/\\\/hub.hslu.ch\\\/soziale-arbeit\\\/#\\\/schema\\\/person\\\/0d13e861725ae87916921d6d018489e4\"},\"headline\":\"Das Unsichtbare sichtbar machen: ein Rassismus-Workshop mit Tzegha Kibrom\",\"datePublished\":\"2023-12-05T07:52:49+00:00\",\"dateModified\":\"2026-02-11T13:54:07+00:00\",\"mainEntityOfPage\":{\"@id\":\"https:\\\/\\\/hub.hslu.ch\\\/soziale-arbeit\\\/das-unsichtbare-sichtbar-machen-ein-rassismus-workshop-mit-tzegha-kibrom\\\/\"},\"wordCount\":776,\"commentCount\":0,\"image\":{\"@id\":\"https:\\\/\\\/hub.hslu.ch\\\/soziale-arbeit\\\/das-unsichtbare-sichtbar-machen-ein-rassismus-workshop-mit-tzegha-kibrom\\\/#primaryimage\"},\"thumbnailUrl\":\"https:\\\/\\\/hub.hslu.ch\\\/soziale-arbeit\\\/wp-content\\\/uploads\\\/sites\\\/23\\\/2023\\\/11\\\/Workshop-Rassimus-HSLU-Soziale-Arbeit.jpg\",\"keywords\":[\"Integration\",\"Rassismus\",\"Rassismuskritische Lehre\"],\"articleSection\":[\"Soziokultur\",\"Studium\",\"Weiterbildung\"],\"inLanguage\":\"de-CH\",\"potentialAction\":[{\"@type\":\"CommentAction\",\"name\":\"Comment\",\"target\":[\"https:\\\/\\\/hub.hslu.ch\\\/soziale-arbeit\\\/das-unsichtbare-sichtbar-machen-ein-rassismus-workshop-mit-tzegha-kibrom\\\/#respond\"]}]},{\"@type\":\"WebPage\",\"@id\":\"https:\\\/\\\/hub.hslu.ch\\\/soziale-arbeit\\\/das-unsichtbare-sichtbar-machen-ein-rassismus-workshop-mit-tzegha-kibrom\\\/\",\"url\":\"https:\\\/\\\/hub.hslu.ch\\\/soziale-arbeit\\\/das-unsichtbare-sichtbar-machen-ein-rassismus-workshop-mit-tzegha-kibrom\\\/\",\"name\":\"Das Unsichtbare sichtbar machen: ein Rassismus-Workshop mit Tzegha Kibrom &#8211; Soziale Arbeit an der Hochschule Luzern\",\"isPartOf\":{\"@id\":\"https:\\\/\\\/hub.hslu.ch\\\/soziale-arbeit\\\/#website\"},\"primaryImageOfPage\":{\"@id\":\"https:\\\/\\\/hub.hslu.ch\\\/soziale-arbeit\\\/das-unsichtbare-sichtbar-machen-ein-rassismus-workshop-mit-tzegha-kibrom\\\/#primaryimage\"},\"image\":{\"@id\":\"https:\\\/\\\/hub.hslu.ch\\\/soziale-arbeit\\\/das-unsichtbare-sichtbar-machen-ein-rassismus-workshop-mit-tzegha-kibrom\\\/#primaryimage\"},\"thumbnailUrl\":\"https:\\\/\\\/hub.hslu.ch\\\/soziale-arbeit\\\/wp-content\\\/uploads\\\/sites\\\/23\\\/2023\\\/11\\\/Workshop-Rassimus-HSLU-Soziale-Arbeit.jpg\",\"datePublished\":\"2023-12-05T07:52:49+00:00\",\"dateModified\":\"2026-02-11T13:54:07+00:00\",\"author\":{\"@id\":\"https:\\\/\\\/hub.hslu.ch\\\/soziale-arbeit\\\/#\\\/schema\\\/person\\\/0d13e861725ae87916921d6d018489e4\"},\"breadcrumb\":{\"@id\":\"https:\\\/\\\/hub.hslu.ch\\\/soziale-arbeit\\\/das-unsichtbare-sichtbar-machen-ein-rassismus-workshop-mit-tzegha-kibrom\\\/#breadcrumb\"},\"inLanguage\":\"de-CH\",\"potentialAction\":[{\"@type\":\"ReadAction\",\"target\":[\"https:\\\/\\\/hub.hslu.ch\\\/soziale-arbeit\\\/das-unsichtbare-sichtbar-machen-ein-rassismus-workshop-mit-tzegha-kibrom\\\/\"]}]},{\"@type\":\"ImageObject\",\"inLanguage\":\"de-CH\",\"@id\":\"https:\\\/\\\/hub.hslu.ch\\\/soziale-arbeit\\\/das-unsichtbare-sichtbar-machen-ein-rassismus-workshop-mit-tzegha-kibrom\\\/#primaryimage\",\"url\":\"https:\\\/\\\/hub.hslu.ch\\\/soziale-arbeit\\\/wp-content\\\/uploads\\\/sites\\\/23\\\/2023\\\/11\\\/Workshop-Rassimus-HSLU-Soziale-Arbeit.jpg\",\"contentUrl\":\"https:\\\/\\\/hub.hslu.ch\\\/soziale-arbeit\\\/wp-content\\\/uploads\\\/sites\\\/23\\\/2023\\\/11\\\/Workshop-Rassimus-HSLU-Soziale-Arbeit.jpg\",\"width\":1614,\"height\":907,\"caption\":\"Workshop Rassismus HSLU Soziale Arbeit\"},{\"@type\":\"BreadcrumbList\",\"@id\":\"https:\\\/\\\/hub.hslu.ch\\\/soziale-arbeit\\\/das-unsichtbare-sichtbar-machen-ein-rassismus-workshop-mit-tzegha-kibrom\\\/#breadcrumb\",\"itemListElement\":[{\"@type\":\"ListItem\",\"position\":1,\"name\":\"Home\",\"item\":\"https:\\\/\\\/hub.hslu.ch\\\/soziale-arbeit\\\/\"},{\"@type\":\"ListItem\",\"position\":2,\"name\":\"Das Unsichtbare sichtbar machen: ein Rassismus-Workshop mit Tzegha Kibrom\"}]},{\"@type\":\"WebSite\",\"@id\":\"https:\\\/\\\/hub.hslu.ch\\\/soziale-arbeit\\\/#website\",\"url\":\"https:\\\/\\\/hub.hslu.ch\\\/soziale-arbeit\\\/\",\"name\":\"Soziale Arbeit an der Hochschule Luzern\",\"description\":\"Der Blog der Hochschule Luzern \u2013 Soziale Arbeit\",\"potentialAction\":[{\"@type\":\"SearchAction\",\"target\":{\"@type\":\"EntryPoint\",\"urlTemplate\":\"https:\\\/\\\/hub.hslu.ch\\\/soziale-arbeit\\\/?s={search_term_string}\"},\"query-input\":{\"@type\":\"PropertyValueSpecification\",\"valueRequired\":true,\"valueName\":\"search_term_string\"}}],\"inLanguage\":\"de-CH\"},{\"@type\":\"Person\",\"@id\":\"https:\\\/\\\/hub.hslu.ch\\\/soziale-arbeit\\\/#\\\/schema\\\/person\\\/0d13e861725ae87916921d6d018489e4\",\"name\":\"Roger Ettlin\"}]}<\/script>\n<!-- \/ Yoast SEO plugin. -->","yoast_head_json":{"title":"Das Unsichtbare sichtbar machen: ein Rassismus-Workshop mit Tzegha Kibrom &#8211; Soziale Arbeit an der Hochschule Luzern","robots":{"index":"index","follow":"follow","max-snippet":"max-snippet:-1","max-image-preview":"max-image-preview:large","max-video-preview":"max-video-preview:-1"},"canonical":"https:\/\/hub.hslu.ch\/soziale-arbeit\/das-unsichtbare-sichtbar-machen-ein-rassismus-workshop-mit-tzegha-kibrom\/","og_locale":"de_DE","og_type":"article","og_title":"Das Unsichtbare sichtbar machen: ein Rassismus-Workshop mit Tzegha Kibrom &#8211; Soziale Arbeit an der Hochschule Luzern","og_description":"Rassismus in unserer Gesellschaft: Warum f\u00e4llt es uns so schwer, dar\u00fcber zu sprechen? Was kann jede:r Einzelne tun und was machen wir als Hochschule Luzern \u2013 Soziale Arbeit? Tzegha Kibroms Workshop zu rassismuskritischer Lehre \u00f6ffnet R\u00e4ume f\u00fcr Diskussion und Reflexion.","og_url":"https:\/\/hub.hslu.ch\/soziale-arbeit\/das-unsichtbare-sichtbar-machen-ein-rassismus-workshop-mit-tzegha-kibrom\/","og_site_name":"Soziale Arbeit an der Hochschule Luzern","article_published_time":"2023-12-05T07:52:49+00:00","article_modified_time":"2026-02-11T13:54:07+00:00","og_image":[{"width":1614,"height":907,"url":"https:\/\/hub.hslu.ch\/soziale-arbeit\/wp-content\/uploads\/sites\/23\/2023\/11\/Workshop-Rassimus-HSLU-Soziale-Arbeit.jpg","type":"image\/jpeg"}],"author":"Roger Ettlin","twitter_card":"summary_large_image","twitter_misc":{"Geschrieben von":"Roger Ettlin","Gesch\u00e4tzte Lesezeit":"5\u00a0Minuten"},"schema":{"@context":"https:\/\/schema.org","@graph":[{"@type":"Article","@id":"https:\/\/hub.hslu.ch\/soziale-arbeit\/das-unsichtbare-sichtbar-machen-ein-rassismus-workshop-mit-tzegha-kibrom\/#article","isPartOf":{"@id":"https:\/\/hub.hslu.ch\/soziale-arbeit\/das-unsichtbare-sichtbar-machen-ein-rassismus-workshop-mit-tzegha-kibrom\/"},"author":{"name":"Roger Ettlin","@id":"https:\/\/hub.hslu.ch\/soziale-arbeit\/#\/schema\/person\/0d13e861725ae87916921d6d018489e4"},"headline":"Das Unsichtbare sichtbar machen: ein Rassismus-Workshop mit Tzegha Kibrom","datePublished":"2023-12-05T07:52:49+00:00","dateModified":"2026-02-11T13:54:07+00:00","mainEntityOfPage":{"@id":"https:\/\/hub.hslu.ch\/soziale-arbeit\/das-unsichtbare-sichtbar-machen-ein-rassismus-workshop-mit-tzegha-kibrom\/"},"wordCount":776,"commentCount":0,"image":{"@id":"https:\/\/hub.hslu.ch\/soziale-arbeit\/das-unsichtbare-sichtbar-machen-ein-rassismus-workshop-mit-tzegha-kibrom\/#primaryimage"},"thumbnailUrl":"https:\/\/hub.hslu.ch\/soziale-arbeit\/wp-content\/uploads\/sites\/23\/2023\/11\/Workshop-Rassimus-HSLU-Soziale-Arbeit.jpg","keywords":["Integration","Rassismus","Rassismuskritische Lehre"],"articleSection":["Soziokultur","Studium","Weiterbildung"],"inLanguage":"de-CH","potentialAction":[{"@type":"CommentAction","name":"Comment","target":["https:\/\/hub.hslu.ch\/soziale-arbeit\/das-unsichtbare-sichtbar-machen-ein-rassismus-workshop-mit-tzegha-kibrom\/#respond"]}]},{"@type":"WebPage","@id":"https:\/\/hub.hslu.ch\/soziale-arbeit\/das-unsichtbare-sichtbar-machen-ein-rassismus-workshop-mit-tzegha-kibrom\/","url":"https:\/\/hub.hslu.ch\/soziale-arbeit\/das-unsichtbare-sichtbar-machen-ein-rassismus-workshop-mit-tzegha-kibrom\/","name":"Das Unsichtbare sichtbar machen: ein Rassismus-Workshop mit Tzegha Kibrom &#8211; Soziale Arbeit an der Hochschule Luzern","isPartOf":{"@id":"https:\/\/hub.hslu.ch\/soziale-arbeit\/#website"},"primaryImageOfPage":{"@id":"https:\/\/hub.hslu.ch\/soziale-arbeit\/das-unsichtbare-sichtbar-machen-ein-rassismus-workshop-mit-tzegha-kibrom\/#primaryimage"},"image":{"@id":"https:\/\/hub.hslu.ch\/soziale-arbeit\/das-unsichtbare-sichtbar-machen-ein-rassismus-workshop-mit-tzegha-kibrom\/#primaryimage"},"thumbnailUrl":"https:\/\/hub.hslu.ch\/soziale-arbeit\/wp-content\/uploads\/sites\/23\/2023\/11\/Workshop-Rassimus-HSLU-Soziale-Arbeit.jpg","datePublished":"2023-12-05T07:52:49+00:00","dateModified":"2026-02-11T13:54:07+00:00","author":{"@id":"https:\/\/hub.hslu.ch\/soziale-arbeit\/#\/schema\/person\/0d13e861725ae87916921d6d018489e4"},"breadcrumb":{"@id":"https:\/\/hub.hslu.ch\/soziale-arbeit\/das-unsichtbare-sichtbar-machen-ein-rassismus-workshop-mit-tzegha-kibrom\/#breadcrumb"},"inLanguage":"de-CH","potentialAction":[{"@type":"ReadAction","target":["https:\/\/hub.hslu.ch\/soziale-arbeit\/das-unsichtbare-sichtbar-machen-ein-rassismus-workshop-mit-tzegha-kibrom\/"]}]},{"@type":"ImageObject","inLanguage":"de-CH","@id":"https:\/\/hub.hslu.ch\/soziale-arbeit\/das-unsichtbare-sichtbar-machen-ein-rassismus-workshop-mit-tzegha-kibrom\/#primaryimage","url":"https:\/\/hub.hslu.ch\/soziale-arbeit\/wp-content\/uploads\/sites\/23\/2023\/11\/Workshop-Rassimus-HSLU-Soziale-Arbeit.jpg","contentUrl":"https:\/\/hub.hslu.ch\/soziale-arbeit\/wp-content\/uploads\/sites\/23\/2023\/11\/Workshop-Rassimus-HSLU-Soziale-Arbeit.jpg","width":1614,"height":907,"caption":"Workshop Rassismus HSLU Soziale Arbeit"},{"@type":"BreadcrumbList","@id":"https:\/\/hub.hslu.ch\/soziale-arbeit\/das-unsichtbare-sichtbar-machen-ein-rassismus-workshop-mit-tzegha-kibrom\/#breadcrumb","itemListElement":[{"@type":"ListItem","position":1,"name":"Home","item":"https:\/\/hub.hslu.ch\/soziale-arbeit\/"},{"@type":"ListItem","position":2,"name":"Das Unsichtbare sichtbar machen: ein Rassismus-Workshop mit Tzegha Kibrom"}]},{"@type":"WebSite","@id":"https:\/\/hub.hslu.ch\/soziale-arbeit\/#website","url":"https:\/\/hub.hslu.ch\/soziale-arbeit\/","name":"Soziale Arbeit an der Hochschule Luzern","description":"Der Blog der Hochschule Luzern \u2013 Soziale Arbeit","potentialAction":[{"@type":"SearchAction","target":{"@type":"EntryPoint","urlTemplate":"https:\/\/hub.hslu.ch\/soziale-arbeit\/?s={search_term_string}"},"query-input":{"@type":"PropertyValueSpecification","valueRequired":true,"valueName":"search_term_string"}}],"inLanguage":"de-CH"},{"@type":"Person","@id":"https:\/\/hub.hslu.ch\/soziale-arbeit\/#\/schema\/person\/0d13e861725ae87916921d6d018489e4","name":"Roger Ettlin"}]}},"featured_image_src":"https:\/\/hub.hslu.ch\/soziale-arbeit\/wp-content\/uploads\/sites\/23\/2023\/11\/Workshop-Rassimus-HSLU-Soziale-Arbeit.jpg","featured_image_src_square":"https:\/\/hub.hslu.ch\/soziale-arbeit\/wp-content\/uploads\/sites\/23\/2023\/11\/Workshop-Rassimus-HSLU-Soziale-Arbeit.jpg","author_info":{"display_name":"Roger Ettlin","author_link":"https:\/\/hub.hslu.ch\/soziale-arbeit\/author\/rogerettlin\/"},"_links":{"self":[{"href":"https:\/\/hub.hslu.ch\/soziale-arbeit\/wp-json\/wp\/v2\/posts\/8052","targetHints":{"allow":["GET"]}}],"collection":[{"href":"https:\/\/hub.hslu.ch\/soziale-arbeit\/wp-json\/wp\/v2\/posts"}],"about":[{"href":"https:\/\/hub.hslu.ch\/soziale-arbeit\/wp-json\/wp\/v2\/types\/post"}],"author":[{"embeddable":true,"href":"https:\/\/hub.hslu.ch\/soziale-arbeit\/wp-json\/wp\/v2\/users\/152"}],"replies":[{"embeddable":true,"href":"https:\/\/hub.hslu.ch\/soziale-arbeit\/wp-json\/wp\/v2\/comments?post=8052"}],"version-history":[{"count":54,"href":"https:\/\/hub.hslu.ch\/soziale-arbeit\/wp-json\/wp\/v2\/posts\/8052\/revisions"}],"predecessor-version":[{"id":13014,"href":"https:\/\/hub.hslu.ch\/soziale-arbeit\/wp-json\/wp\/v2\/posts\/8052\/revisions\/13014"}],"wp:featuredmedia":[{"embeddable":true,"href":"https:\/\/hub.hslu.ch\/soziale-arbeit\/wp-json\/wp\/v2\/media\/8058"}],"wp:attachment":[{"href":"https:\/\/hub.hslu.ch\/soziale-arbeit\/wp-json\/wp\/v2\/media?parent=8052"}],"wp:term":[{"taxonomy":"category","embeddable":true,"href":"https:\/\/hub.hslu.ch\/soziale-arbeit\/wp-json\/wp\/v2\/categories?post=8052"},{"taxonomy":"post_tag","embeddable":true,"href":"https:\/\/hub.hslu.ch\/soziale-arbeit\/wp-json\/wp\/v2\/tags?post=8052"}],"curies":[{"name":"wp","href":"https:\/\/api.w.org\/{rel}","templated":true}]}}