{"id":8328,"date":"2023-12-21T12:03:41","date_gmt":"2023-12-21T11:03:41","guid":{"rendered":"https:\/\/hub.hslu.ch\/soziale-arbeit\/?p=8328"},"modified":"2026-02-11T14:54:01","modified_gmt":"2026-02-11T13:54:01","slug":"sexualaufklaerung-eltern-und-schule-muessen-ein-starkes-duo-bilden","status":"publish","type":"post","link":"https:\/\/hub.hslu.ch\/soziale-arbeit\/sexualaufklaerung-eltern-und-schule-muessen-ein-starkes-duo-bilden\/","title":{"rendered":"Sexualaufkl\u00e4rung: \u00abEltern und Schule m\u00fcssen ein starkes Duo bilden\u00bb"},"content":{"rendered":"\n\n\n<p>In ihrem Buch <a href=\"https:\/\/www.hslu.ch\/de-ch\/soziale-arbeit\/themen\/praevention-und-gesundheit\/sexuelle-gesundheit\/publikationen\/sexualaufklaerung-in-schule-und-familie\/\" target=\"_blank\" rel=\"noreferrer noopener\">\u00abSexualaufkl\u00e4rung in Familie und Schule \u2013 Relevanz der Menschenrechte\u00bb<\/a> stellen <a href=\"https:\/\/www.hslu.ch\/de-ch\/hochschule-luzern\/ueber-uns\/personensuche\/profile\/?pid=3784\" target=\"_blank\" rel=\"noreferrer noopener\">Nikola Koschmieder<\/a>, <a href=\"https:\/\/www.hslu.ch\/de-ch\/hochschule-luzern\/ueber-uns\/personensuche\/profile\/?pid=81\" target=\"_blank\" rel=\"noreferrer noopener\">Daniel Kunz <\/a>(beide Hochschule Luzern \u2013 Soziale Arbeit) und <a href=\"https:\/\/www.sexuelle-gesundheit.ch\/ueber-uns\/kontakt\" target=\"_blank\" rel=\"noreferrer noopener\">Caroline Jacot-Descombes<\/a> (Sexuelle Gesundheit Schweiz) die Ergebnisse eines schweizweiten Forschungsprojekts vor. Dieses liefert erstmalig Daten zum Umgang mit dem Thema Sexualaufkl\u00e4rung im Kontext der sexuellen Rechte in Familie und Schule.&nbsp;<\/p>\n\n\n\n<p><a href=\"https:\/\/www.sexuelle-gesundheit.ch\/themen\/sexuelle-rechte\" target=\"_blank\" rel=\"noreferrer noopener\">Sexuelle Rechte<\/a> sind im Prinzip nichts anderes als sexualit\u00e4tsbezogene Menschenrechte. Sie schliessen Kinder und Jugendliche mit ein, weil sie deren Entwicklungsf\u00e4higkeit ber\u00fccksichtigen. Nach dem Grundsatz der sich entwickelnden F\u00e4higkeiten sollen sie die freie und ausnahmslose Selbstbestimmung \u00fcber sich, ihren K\u00f6rper und ihr Leben erlangen. Das Ziel besteht darin, dass Geschlecht und Sexualit\u00e4t nicht l\u00e4nger Ursache von Ungleichheit, Stigmatisierung und Diskriminierung sind; allesamt Hinderungsgr\u00fcnde f\u00fcr die Realisierung sexueller Gesundheit.<\/p>\n\n\n\n<h2 class=\"wp-block-heading\"><strong>Jugendliche kommen selbst zu Wort<\/strong><\/h2>\n\n\n\n<p>Wie aber steht es nun um die sexuellen Rechte von Kindern und Jugendlichen in der Schweiz? Grunds\u00e4tzlich ziehen die Autor:innen ein positives Fazit: \u00abEs ist deutlich zu erkennen, dass Familien und Schule Anstrengungen unternehmen, Kinder und Jugendliche altersgerecht aufzukl\u00e4ren. Sie nehmen ihre jeweiligen Rollen ad\u00e4quat wahr und erg\u00e4nzen sich\u00bb, sagt Nikola Koschmieder. Daniel Kunz erg\u00e4nzt: \u00abEs ist ein hoffnungsvolles Bild, das sich uns hier er\u00f6ffnet hat. Eines, das in dieser Weise in der \u00d6ffentlichkeit nur selten widerspiegelt wird.\u00bb<\/p>\n\n\n\n<p>Das Buch lebt nicht zuletzt von zahlreichen Zitaten von Jugendlichen, M\u00fcttern, V\u00e4tern, Lehr- und Fachpersonen. Insbesondere die Stimmen der Jugendlichen seien zentral, erkl\u00e4rt Caroline Jacot-Descombes: \u00abWenn wir dar\u00fcber diskutieren wollen, was f\u00fcr eine Aufkl\u00e4rung Kinder und Jugendliche brauchen, m\u00fcssen wir ihnen auch zuh\u00f6ren.\u00bb<\/p>\n\n\n\n<p>Positiv fiel den Autor:innen unter anderem die Tatsache auf, dass die Eltern Themen aufgreifen, welche die sexuellen Rechte betreffen \u2013 auch wenn sie dies zumeist nicht bewusst tun. \u00abInnerhalb der Familien finden Lernen und die Vermittlung von Wissen situativ und stark mit dem Alltag verwoben statt\u00bb, erkl\u00e4rt Daniel Kunz. Genau an diesem Punkt kann die Schule erg\u00e4nzend wirken und vertieft auf das Thema eingehen, f\u00fcgt Nikola Koschmieder hinzu. \u00abEs braucht dieses starke Duo aus Familie und Schule, um eine <a href=\"https:\/\/www.sexualaufklaerung-schule.ch\/web.php\/1\/de\/home\/willkommen\" target=\"_blank\" rel=\"noreferrer noopener\">ganzheitliche Sexualaufkl\u00e4rung<\/a> zu erm\u00f6glichen.\u00bb F\u00fcr die Autor:innen ist klar: Je mehr Kinder und Jugendliche \u00fcber ihre sexuellen Rechte wissen, umso besser sind sie vor Zwang, Gewalt oder Diskriminierung gesch\u00fctzt.<\/p>\n\n\n\n<figure class=\"wp-block-image size-large\"><img loading=\"lazy\" decoding=\"async\" width=\"1024\" height=\"575\" src=\"https:\/\/hub.hslu.ch\/soziale-arbeit\/wp-content\/uploads\/sites\/23\/2023\/12\/Daniel-Kunz-Nikola-Koschmieder-C-Descombes31121_182455-1024x575.jpg\" alt=\"Caroline Descombes, Daniel Kunz und Nikola Koschmieder\" class=\"wp-image-8330\" srcset=\"https:\/\/hub.hslu.ch\/soziale-arbeit\/wp-content\/uploads\/sites\/23\/2023\/12\/Daniel-Kunz-Nikola-Koschmieder-C-Descombes31121_182455-1024x575.jpg 1024w, https:\/\/hub.hslu.ch\/soziale-arbeit\/wp-content\/uploads\/sites\/23\/2023\/12\/Daniel-Kunz-Nikola-Koschmieder-C-Descombes31121_182455-300x169.jpg 300w, https:\/\/hub.hslu.ch\/soziale-arbeit\/wp-content\/uploads\/sites\/23\/2023\/12\/Daniel-Kunz-Nikola-Koschmieder-C-Descombes31121_182455-768x431.jpg 768w, https:\/\/hub.hslu.ch\/soziale-arbeit\/wp-content\/uploads\/sites\/23\/2023\/12\/Daniel-Kunz-Nikola-Koschmieder-C-Descombes31121_182455-1536x863.jpg 1536w, https:\/\/hub.hslu.ch\/soziale-arbeit\/wp-content\/uploads\/sites\/23\/2023\/12\/Daniel-Kunz-Nikola-Koschmieder-C-Descombes31121_182455-2048x1151.jpg 2048w, https:\/\/hub.hslu.ch\/soziale-arbeit\/wp-content\/uploads\/sites\/23\/2023\/12\/Daniel-Kunz-Nikola-Koschmieder-C-Descombes31121_182455-928x521.jpg 928w, https:\/\/hub.hslu.ch\/soziale-arbeit\/wp-content\/uploads\/sites\/23\/2023\/12\/Daniel-Kunz-Nikola-Koschmieder-C-Descombes31121_182455-600x337.jpg 600w\" sizes=\"auto, (max-width: 1024px) 100vw, 1024px\" \/><figcaption class=\"wp-element-caption\">Caroline Jacot-Descombes, Daniel Kunz und Nikola Koschmieder<\/figcaption><\/figure>\n\n\n\n<h2 class=\"wp-block-heading\"><strong>Mehr Zeit im Stundenplan<\/strong><\/h2>\n\n\n\n<p>Das Buch thematisiert denn auch die nach wie vor bestehenden L\u00fccken und Schw\u00e4chen in der institutionalisierten Sexualaufkl\u00e4rung, wie Caroline Jacot-Descombes klarstellt: \u00abHandlungsbedarf besteht beispielsweise beim Wissen rund um das Recht auf Entsch\u00e4digung.\u00bb Das Recht auf Wiedergutmachung bei Verletzung der sexuellen Integrit\u00e4t mag selbstverst\u00e4ndlich erscheinen. Die Studie zeigt aber auf, dass in der Bev\u00f6lkerung nur wenig Wissen diesbez\u00fcglich besteht \u2013 beziehungsweise, dass dieses Wissen f\u00fcr Betroffene nur schwer zug\u00e4nglich ist. &nbsp;<\/p>\n\n\n\n<p>Zudem besteht Nachholbedarf bei der Sexualaufkl\u00e4rung in der Schule. In der Fachwelt besteht l\u00e4ngst Konsens dar\u00fcber, dass dem Sexualkundeunterricht in der Schule bzw. in der Ausbildung von Lehrpersonen mehr Zeit im Stundenplan einger\u00e4umt werden sollte. \u00abDas w\u00fcrde auch dem mehrheitlichen Wunsch der Jugendlichen entsprechen, wie unsere Ergebnisse zeigen\u00bb, sagt Nikola Koschmieder. Da die Kantone f\u00fcr Bildung zust\u00e4ndig sind, sieht Daniel Kunz diese in der Verantwortung. Er merkt an: \u00abWir sehen hier aktuell jedoch wenig Motivation, mehr f\u00fcr eine bessere Sexualaufkl\u00e4rung zu unternehmen.\u00bb Um hier einen Anstoss zu geben, listet das Buch eine Reihe von Empfehlungen auf, zu denen unter anderem geh\u00f6rt, das Duo Familie und Schule durch die Beiziehung von Fachstellen sexueller Gesundheit zu einem Trio zu erweitern. <\/p>\n\n\n\n<p>Zudem ist bisher kaum ersichtlich, wie die Schulen in den Kantonen Sexualaufkl\u00e4rung in der Praxis vermitteln. \u00abWir befinden uns diesbez\u00fcglich in einem Blindflug\u00bb konstatiert Jacot-Descombes. \u00abEs ist deshalb wichtig, dass die Resultate der Studie sichtbar werden.\u00bb Und Daniel Kunz erg\u00e4nzt: \u00abUnser Buch ist ein Puzzleteil, das das Gesamtbild sch\u00e4rft.\u00bb<\/p>\n\n\n\n<p>Beitrag: Ismail Osman<br>Foto: HSLU<br>Ver\u00f6ffentlicht am: 21. Dezember 2023<\/p>\n\n\n\n<div style=\"background-color:#f2f2f2;color:#32373c\" class=\"wp-block-genesis-blocks-gb-profile-box square gb-font-size-18 gb-block-profile gb-profile-columns\"><div class=\"gb-profile-column gb-profile-content-wrap\"><h2 class=\"gb-profile-name\" style=\"color:#32373c\">\u00dcber die Co-Autor:innen<\/h2><p class=\"gb-profile-title\" style=\"color:#32373c\"><a href=\"https:\/\/www.hslu.ch\/de-ch\/hochschule-luzern\/ueber-uns\/personensuche\/profile\/?pid=81\" target=\"_blank\" rel=\"noreferrer noopener\">Prof. Daniel Kunz <\/a>ist Sozialarbeiter MSW und Kinder- und Jugendpsychotherapeut. Der Experte f\u00fcr sexuelle Gesundheit lehrt und forscht am <a href=\"https:\/\/www.hslu.ch\/de-ch\/soziale-arbeit\/ueber-uns\/institute\/sozialpaedagogik-und-bildung\/\">Institut f\u00fcr Sozialp\u00e4dagogik und Bildung<\/a> der Hochschule Luzern.<br \/><a href=\"https:\/\/www.hslu.ch\/de-ch\/hochschule-luzern\/ueber-uns\/personensuche\/profile\/?pid=3784\" target=\"_blank\" rel=\"noreferrer noopener\">Nikola Koschmieder <\/a>ist Soziologin und als Senior Wissenschaftliche Mitarbeiterin am <a href=\"https:\/\/www.hslu.ch\/de-ch\/soziale-arbeit\/ueber-uns\/institute\/sozialmanagement-sozialpolitik-und-praevention\/\" target=\"_blank\" rel=\"noreferrer noopener\">Institut f\u00fcr Sozialmanagement, Sozialpolitik und Pr\u00e4vention<\/a> der HSLU t\u00e4tig.<br \/><a href=\"https:\/\/www.sexuelle-gesundheit.ch\/ueber-uns\/kontakt\" target=\"_blank\" rel=\"noreferrer noopener\">Caroline Jacot-Descombes<\/a> ist stv. Gesch\u00e4ftsleiterin und Projektleiterin f\u00fcr Sexualaufkl\u00e4rung bei <a href=\"https:\/\/www.sexuelle-gesundheit.ch\/\" target=\"_blank\" rel=\"noreferrer noopener\">Sexuelle Gesundheit Schweiz<\/a>.<\/p><div class=\"gb-profile-text\"><\/div><ul class=\"gb-social-links\"><\/ul><\/div><\/div>\n\n\n<div class=\"blue-box\">\n\t<div class=\"row\">\n\t\t<div class=\"col-md-12\">\n\t\t\t<p><strong>Mehr zum neuen Buch<\/strong><br \/>\nJe mehr Kinder und Jugendliche \u00fcber ihre sexuellen Rechte wissen, umso besser sind sie vor Zwang, Gewalt oder Diskriminierung gesch\u00fctzt. Sexuelle Rechte sind daher ein Schl\u00fcsselthema in der neuen Publikation <strong><a href=\"https:\/\/www.hslu.ch\/de-ch\/soziale-arbeit\/themen\/praevention-und-gesundheit\/sexuelle-gesundheit\/publikationen\/sexualaufklaerung-in-schule-und-familie\/\" rel=\"noopener\" target=\"_blank\">\u00abSexualaufkl\u00e4rung in Familie und Schule \u2013 Relevanz der Menschenrechte\u00bb<\/a><\/strong>. Zudem liefert sie erstmalig Daten zur famili\u00e4ren und schulischen Sexualaufkl\u00e4rung in der Schweiz und bietet somit eine wissensbasierte Grundlage f\u00fcr die Reflexion und Weiterentwicklung der Praxis. Das Buch ist Teil der Schriftenreihe \u00abSexualit\u00e4t umfassend verstehen und professionell handeln\u00bb und kann \u00fcber den <a href=\"https:\/\/interact-verlag.ch\/\" rel=\"noopener\" target=\"_blank\">interact-Verlag<\/a> bezogen werden. <\/p>\n\t\t<\/div>\n\t<\/div>\n<\/div>\n\n\n<div class=\"blue-box\">\n\t<div class=\"row\">\n\t\t<div class=\"col-md-12\">\n\t\t\t<p><strong>Mehr zum Fachbereich Sexuelle Gesundheit an der HSLU<\/strong><br \/>\nDer Fachbereich besch\u00e4ftigt sich mit sexueller Gesundheit im Bildungs-, Sozial- und Gesundheitsbereich. Dabei wird davon ausgegangen, dass Sexualit\u00e4t nicht nur nach inneren biologischen Gesetzm\u00e4ssigkeiten abl\u00e4uft, sondern ein Spiegel der soziokulturellen Formung des sexuellen Verhaltens und Erlebens darstellt.<\/p>\n<p>\u270f\ufe0f <a href=\"https:\/\/www.hslu.ch\/de-ch\/soziale-arbeit\/themen\/praevention-und-gesundheit\/sexuelle-gesundheit\/\" rel=\"noopener\" target=\"_blank\">Hier<\/a> erfahren Sie mehr \u00fcber das Thema und unsere Angebote.<\/p>\n\t\t<\/div>\n\t<\/div>\n<\/div>\n","protected":false},"excerpt":{"rendered":"<p>Die Menschenrechte sind uns allen ein Begriff \u2013 doch was sind sexuelle Rechte? Und welche Bedeutung haben sie f\u00fcr eine ganzheitliche Sexualaufkl\u00e4rung von Kindern und Jugendlichen in Familie und Schule? Diese Fragen beantwortet ein neues Buch der Hochschule Luzern.<\/p>\n","protected":false},"author":139,"featured_media":8396,"comment_status":"open","ping_status":"closed","sticky":false,"template":"","format":"standard","meta":{"_acf_changed":false,"inline_featured_image":false,"_relevanssi_hide_post":"","_relevanssi_hide_content":"","_relevanssi_pin_for_all":"","_relevanssi_pin_keywords":"","_relevanssi_unpin_keywords":"","_relevanssi_related_keywords":"","_relevanssi_related_include_ids":"","_relevanssi_related_exclude_ids":"","_relevanssi_related_no_append":"","_relevanssi_related_not_related":"","_relevanssi_related_posts":"1413,4563,1928,1925,1906,7591","_relevanssi_noindex_reason":"","footnotes":"","_links_to":"","_links_to_target":""},"categories":[17,9],"tags":[337,163,284,338],"class_list":["post-8328","post","type-post","status-publish","format-standard","has-post-thumbnail","hentry","category-praevention-gesundheit","category-forschung","tag-aufklaerung","tag-menschenrechte","tag-sexualitaet","tag-sexuelle-rechte"],"acf":[],"yoast_head":"<!-- This site is optimized with the Yoast SEO plugin v27.5 - https:\/\/yoast.com\/product\/yoast-seo-wordpress\/ -->\n<title>Sexualaufkl\u00e4rung: \u00abEltern und Schule m\u00fcssen ein starkes Duo bilden\u00bb &#8211; Soziale Arbeit an der Hochschule Luzern<\/title>\n<meta name=\"description\" content=\"Die Menschenrechte sind uns allen ein Begriff \u2013 doch was sind sexuelle Rechte? Und welche Bedeutung haben sie f\u00fcr eine ganzheitliche Sexualaufkl\u00e4rung von Kindern und Jugendlichen in Familie und Schule? Diese Fragen beantwortet ein neues Buch der Hochschule Luzern.\" \/>\n<meta name=\"robots\" content=\"index, follow, max-snippet:-1, max-image-preview:large, max-video-preview:-1\" \/>\n<link rel=\"canonical\" href=\"https:\/\/hub.hslu.ch\/soziale-arbeit\/sexualaufklaerung-eltern-und-schule-muessen-ein-starkes-duo-bilden\/\" \/>\n<meta property=\"og:locale\" content=\"de_DE\" \/>\n<meta property=\"og:type\" content=\"article\" \/>\n<meta property=\"og:title\" content=\"Sexualaufkl\u00e4rung: \u00abEltern und Schule m\u00fcssen ein starkes Duo bilden\u00bb &#8211; Soziale Arbeit an der Hochschule Luzern\" \/>\n<meta property=\"og:description\" content=\"Die Menschenrechte sind uns allen ein Begriff \u2013 doch was sind sexuelle Rechte? Und welche Bedeutung haben sie f\u00fcr eine ganzheitliche Sexualaufkl\u00e4rung von Kindern und Jugendlichen in Familie und Schule? Diese Fragen beantwortet ein neues Buch der Hochschule Luzern.\" \/>\n<meta property=\"og:url\" content=\"https:\/\/hub.hslu.ch\/soziale-arbeit\/sexualaufklaerung-eltern-und-schule-muessen-ein-starkes-duo-bilden\/\" \/>\n<meta property=\"og:site_name\" content=\"Soziale Arbeit an der Hochschule Luzern\" \/>\n<meta property=\"article:published_time\" content=\"2023-12-21T11:03:41+00:00\" \/>\n<meta property=\"article:modified_time\" content=\"2026-02-11T13:54:01+00:00\" \/>\n<meta property=\"og:image\" content=\"https:\/\/hub.hslu.ch\/soziale-arbeit\/wp-content\/uploads\/sites\/23\/2023\/12\/Blog_Sexualaufklaerung4grau.jpg\" \/>\n\t<meta property=\"og:image:width\" content=\"1614\" \/>\n\t<meta property=\"og:image:height\" content=\"907\" \/>\n\t<meta property=\"og:image:type\" content=\"image\/jpeg\" \/>\n<meta name=\"author\" content=\"anetteeldevik\" \/>\n<meta name=\"twitter:card\" content=\"summary_large_image\" \/>\n<meta name=\"twitter:creator\" content=\"@stefanmiesch\" \/>\n<meta name=\"twitter:label1\" content=\"Geschrieben von\" \/>\n\t<meta name=\"twitter:data1\" content=\"anetteeldevik\" \/>\n\t<meta name=\"twitter:label2\" content=\"Gesch\u00e4tzte Lesezeit\" \/>\n\t<meta name=\"twitter:data2\" content=\"5\u00a0Minuten\" \/>\n<script type=\"application\/ld+json\" class=\"yoast-schema-graph\">{\"@context\":\"https:\\\/\\\/schema.org\",\"@graph\":[{\"@type\":\"Article\",\"@id\":\"https:\\\/\\\/hub.hslu.ch\\\/soziale-arbeit\\\/sexualaufklaerung-eltern-und-schule-muessen-ein-starkes-duo-bilden\\\/#article\",\"isPartOf\":{\"@id\":\"https:\\\/\\\/hub.hslu.ch\\\/soziale-arbeit\\\/sexualaufklaerung-eltern-und-schule-muessen-ein-starkes-duo-bilden\\\/\"},\"author\":{\"name\":\"anetteeldevik\",\"@id\":\"https:\\\/\\\/hub.hslu.ch\\\/soziale-arbeit\\\/#\\\/schema\\\/person\\\/5f63e37c8c8b84af7b5325cb01f01d34\"},\"headline\":\"Sexualaufkl\u00e4rung: \u00abEltern und Schule m\u00fcssen ein starkes Duo bilden\u00bb\",\"datePublished\":\"2023-12-21T11:03:41+00:00\",\"dateModified\":\"2026-02-11T13:54:01+00:00\",\"mainEntityOfPage\":{\"@id\":\"https:\\\/\\\/hub.hslu.ch\\\/soziale-arbeit\\\/sexualaufklaerung-eltern-und-schule-muessen-ein-starkes-duo-bilden\\\/\"},\"wordCount\":750,\"commentCount\":0,\"image\":{\"@id\":\"https:\\\/\\\/hub.hslu.ch\\\/soziale-arbeit\\\/sexualaufklaerung-eltern-und-schule-muessen-ein-starkes-duo-bilden\\\/#primaryimage\"},\"thumbnailUrl\":\"https:\\\/\\\/hub.hslu.ch\\\/soziale-arbeit\\\/wp-content\\\/uploads\\\/sites\\\/23\\\/2023\\\/12\\\/Blog_Sexualaufklaerung4grau.jpg\",\"keywords\":[\"Aufkl\u00e4rung\",\"Menschenrechte\",\"Sexualit\u00e4t\",\"Sexuelle Rechte\"],\"articleSection\":[\"Pr\u00e4vention und Gesundheit\",\"Forschung\"],\"inLanguage\":\"de-CH\",\"potentialAction\":[{\"@type\":\"CommentAction\",\"name\":\"Comment\",\"target\":[\"https:\\\/\\\/hub.hslu.ch\\\/soziale-arbeit\\\/sexualaufklaerung-eltern-und-schule-muessen-ein-starkes-duo-bilden\\\/#respond\"]}]},{\"@type\":\"WebPage\",\"@id\":\"https:\\\/\\\/hub.hslu.ch\\\/soziale-arbeit\\\/sexualaufklaerung-eltern-und-schule-muessen-ein-starkes-duo-bilden\\\/\",\"url\":\"https:\\\/\\\/hub.hslu.ch\\\/soziale-arbeit\\\/sexualaufklaerung-eltern-und-schule-muessen-ein-starkes-duo-bilden\\\/\",\"name\":\"Sexualaufkl\u00e4rung: \u00abEltern und Schule m\u00fcssen ein starkes Duo bilden\u00bb &#8211; Soziale Arbeit an der Hochschule Luzern\",\"isPartOf\":{\"@id\":\"https:\\\/\\\/hub.hslu.ch\\\/soziale-arbeit\\\/#website\"},\"primaryImageOfPage\":{\"@id\":\"https:\\\/\\\/hub.hslu.ch\\\/soziale-arbeit\\\/sexualaufklaerung-eltern-und-schule-muessen-ein-starkes-duo-bilden\\\/#primaryimage\"},\"image\":{\"@id\":\"https:\\\/\\\/hub.hslu.ch\\\/soziale-arbeit\\\/sexualaufklaerung-eltern-und-schule-muessen-ein-starkes-duo-bilden\\\/#primaryimage\"},\"thumbnailUrl\":\"https:\\\/\\\/hub.hslu.ch\\\/soziale-arbeit\\\/wp-content\\\/uploads\\\/sites\\\/23\\\/2023\\\/12\\\/Blog_Sexualaufklaerung4grau.jpg\",\"datePublished\":\"2023-12-21T11:03:41+00:00\",\"dateModified\":\"2026-02-11T13:54:01+00:00\",\"author\":{\"@id\":\"https:\\\/\\\/hub.hslu.ch\\\/soziale-arbeit\\\/#\\\/schema\\\/person\\\/5f63e37c8c8b84af7b5325cb01f01d34\"},\"description\":\"Die Menschenrechte sind uns allen ein Begriff \u2013 doch was sind sexuelle Rechte? Und welche Bedeutung haben sie f\u00fcr eine ganzheitliche Sexualaufkl\u00e4rung von Kindern und Jugendlichen in Familie und Schule? Diese Fragen beantwortet ein neues Buch der Hochschule Luzern.\",\"breadcrumb\":{\"@id\":\"https:\\\/\\\/hub.hslu.ch\\\/soziale-arbeit\\\/sexualaufklaerung-eltern-und-schule-muessen-ein-starkes-duo-bilden\\\/#breadcrumb\"},\"inLanguage\":\"de-CH\",\"potentialAction\":[{\"@type\":\"ReadAction\",\"target\":[\"https:\\\/\\\/hub.hslu.ch\\\/soziale-arbeit\\\/sexualaufklaerung-eltern-und-schule-muessen-ein-starkes-duo-bilden\\\/\"]}]},{\"@type\":\"ImageObject\",\"inLanguage\":\"de-CH\",\"@id\":\"https:\\\/\\\/hub.hslu.ch\\\/soziale-arbeit\\\/sexualaufklaerung-eltern-und-schule-muessen-ein-starkes-duo-bilden\\\/#primaryimage\",\"url\":\"https:\\\/\\\/hub.hslu.ch\\\/soziale-arbeit\\\/wp-content\\\/uploads\\\/sites\\\/23\\\/2023\\\/12\\\/Blog_Sexualaufklaerung4grau.jpg\",\"contentUrl\":\"https:\\\/\\\/hub.hslu.ch\\\/soziale-arbeit\\\/wp-content\\\/uploads\\\/sites\\\/23\\\/2023\\\/12\\\/Blog_Sexualaufklaerung4grau.jpg\",\"width\":1614,\"height\":907,\"caption\":\"Cover Sexualaufkl\u00e4rung in Familie und Schule mit Kindern drauf\"},{\"@type\":\"BreadcrumbList\",\"@id\":\"https:\\\/\\\/hub.hslu.ch\\\/soziale-arbeit\\\/sexualaufklaerung-eltern-und-schule-muessen-ein-starkes-duo-bilden\\\/#breadcrumb\",\"itemListElement\":[{\"@type\":\"ListItem\",\"position\":1,\"name\":\"Home\",\"item\":\"https:\\\/\\\/hub.hslu.ch\\\/soziale-arbeit\\\/\"},{\"@type\":\"ListItem\",\"position\":2,\"name\":\"Sexualaufkl\u00e4rung: \u00abEltern und Schule m\u00fcssen ein starkes Duo bilden\u00bb\"}]},{\"@type\":\"WebSite\",\"@id\":\"https:\\\/\\\/hub.hslu.ch\\\/soziale-arbeit\\\/#website\",\"url\":\"https:\\\/\\\/hub.hslu.ch\\\/soziale-arbeit\\\/\",\"name\":\"Soziale Arbeit an der Hochschule Luzern\",\"description\":\"Der Blog der Hochschule Luzern \u2013 Soziale Arbeit\",\"potentialAction\":[{\"@type\":\"SearchAction\",\"target\":{\"@type\":\"EntryPoint\",\"urlTemplate\":\"https:\\\/\\\/hub.hslu.ch\\\/soziale-arbeit\\\/?s={search_term_string}\"},\"query-input\":{\"@type\":\"PropertyValueSpecification\",\"valueRequired\":true,\"valueName\":\"search_term_string\"}}],\"inLanguage\":\"de-CH\"},{\"@type\":\"Person\",\"@id\":\"https:\\\/\\\/hub.hslu.ch\\\/soziale-arbeit\\\/#\\\/schema\\\/person\\\/5f63e37c8c8b84af7b5325cb01f01d34\",\"name\":\"anetteeldevik\",\"sameAs\":[\"https:\\\/\\\/x.com\\\/stefanmiesch\"]}]}<\/script>\n<!-- \/ Yoast SEO plugin. -->","yoast_head_json":{"title":"Sexualaufkl\u00e4rung: \u00abEltern und Schule m\u00fcssen ein starkes Duo bilden\u00bb &#8211; Soziale Arbeit an der Hochschule Luzern","description":"Die Menschenrechte sind uns allen ein Begriff \u2013 doch was sind sexuelle Rechte? Und welche Bedeutung haben sie f\u00fcr eine ganzheitliche Sexualaufkl\u00e4rung von Kindern und Jugendlichen in Familie und Schule? Diese Fragen beantwortet ein neues Buch der Hochschule Luzern.","robots":{"index":"index","follow":"follow","max-snippet":"max-snippet:-1","max-image-preview":"max-image-preview:large","max-video-preview":"max-video-preview:-1"},"canonical":"https:\/\/hub.hslu.ch\/soziale-arbeit\/sexualaufklaerung-eltern-und-schule-muessen-ein-starkes-duo-bilden\/","og_locale":"de_DE","og_type":"article","og_title":"Sexualaufkl\u00e4rung: \u00abEltern und Schule m\u00fcssen ein starkes Duo bilden\u00bb &#8211; Soziale Arbeit an der Hochschule Luzern","og_description":"Die Menschenrechte sind uns allen ein Begriff \u2013 doch was sind sexuelle Rechte? Und welche Bedeutung haben sie f\u00fcr eine ganzheitliche Sexualaufkl\u00e4rung von Kindern und Jugendlichen in Familie und Schule? Diese Fragen beantwortet ein neues Buch der Hochschule Luzern.","og_url":"https:\/\/hub.hslu.ch\/soziale-arbeit\/sexualaufklaerung-eltern-und-schule-muessen-ein-starkes-duo-bilden\/","og_site_name":"Soziale Arbeit an der Hochschule Luzern","article_published_time":"2023-12-21T11:03:41+00:00","article_modified_time":"2026-02-11T13:54:01+00:00","og_image":[{"width":1614,"height":907,"url":"https:\/\/hub.hslu.ch\/soziale-arbeit\/wp-content\/uploads\/sites\/23\/2023\/12\/Blog_Sexualaufklaerung4grau.jpg","type":"image\/jpeg"}],"author":"anetteeldevik","twitter_card":"summary_large_image","twitter_creator":"@stefanmiesch","twitter_misc":{"Geschrieben von":"anetteeldevik","Gesch\u00e4tzte Lesezeit":"5\u00a0Minuten"},"schema":{"@context":"https:\/\/schema.org","@graph":[{"@type":"Article","@id":"https:\/\/hub.hslu.ch\/soziale-arbeit\/sexualaufklaerung-eltern-und-schule-muessen-ein-starkes-duo-bilden\/#article","isPartOf":{"@id":"https:\/\/hub.hslu.ch\/soziale-arbeit\/sexualaufklaerung-eltern-und-schule-muessen-ein-starkes-duo-bilden\/"},"author":{"name":"anetteeldevik","@id":"https:\/\/hub.hslu.ch\/soziale-arbeit\/#\/schema\/person\/5f63e37c8c8b84af7b5325cb01f01d34"},"headline":"Sexualaufkl\u00e4rung: \u00abEltern und Schule m\u00fcssen ein starkes Duo bilden\u00bb","datePublished":"2023-12-21T11:03:41+00:00","dateModified":"2026-02-11T13:54:01+00:00","mainEntityOfPage":{"@id":"https:\/\/hub.hslu.ch\/soziale-arbeit\/sexualaufklaerung-eltern-und-schule-muessen-ein-starkes-duo-bilden\/"},"wordCount":750,"commentCount":0,"image":{"@id":"https:\/\/hub.hslu.ch\/soziale-arbeit\/sexualaufklaerung-eltern-und-schule-muessen-ein-starkes-duo-bilden\/#primaryimage"},"thumbnailUrl":"https:\/\/hub.hslu.ch\/soziale-arbeit\/wp-content\/uploads\/sites\/23\/2023\/12\/Blog_Sexualaufklaerung4grau.jpg","keywords":["Aufkl\u00e4rung","Menschenrechte","Sexualit\u00e4t","Sexuelle Rechte"],"articleSection":["Pr\u00e4vention und Gesundheit","Forschung"],"inLanguage":"de-CH","potentialAction":[{"@type":"CommentAction","name":"Comment","target":["https:\/\/hub.hslu.ch\/soziale-arbeit\/sexualaufklaerung-eltern-und-schule-muessen-ein-starkes-duo-bilden\/#respond"]}]},{"@type":"WebPage","@id":"https:\/\/hub.hslu.ch\/soziale-arbeit\/sexualaufklaerung-eltern-und-schule-muessen-ein-starkes-duo-bilden\/","url":"https:\/\/hub.hslu.ch\/soziale-arbeit\/sexualaufklaerung-eltern-und-schule-muessen-ein-starkes-duo-bilden\/","name":"Sexualaufkl\u00e4rung: \u00abEltern und Schule m\u00fcssen ein starkes Duo bilden\u00bb &#8211; Soziale Arbeit an der Hochschule Luzern","isPartOf":{"@id":"https:\/\/hub.hslu.ch\/soziale-arbeit\/#website"},"primaryImageOfPage":{"@id":"https:\/\/hub.hslu.ch\/soziale-arbeit\/sexualaufklaerung-eltern-und-schule-muessen-ein-starkes-duo-bilden\/#primaryimage"},"image":{"@id":"https:\/\/hub.hslu.ch\/soziale-arbeit\/sexualaufklaerung-eltern-und-schule-muessen-ein-starkes-duo-bilden\/#primaryimage"},"thumbnailUrl":"https:\/\/hub.hslu.ch\/soziale-arbeit\/wp-content\/uploads\/sites\/23\/2023\/12\/Blog_Sexualaufklaerung4grau.jpg","datePublished":"2023-12-21T11:03:41+00:00","dateModified":"2026-02-11T13:54:01+00:00","author":{"@id":"https:\/\/hub.hslu.ch\/soziale-arbeit\/#\/schema\/person\/5f63e37c8c8b84af7b5325cb01f01d34"},"description":"Die Menschenrechte sind uns allen ein Begriff \u2013 doch was sind sexuelle Rechte? Und welche Bedeutung haben sie f\u00fcr eine ganzheitliche Sexualaufkl\u00e4rung von Kindern und Jugendlichen in Familie und Schule? Diese Fragen beantwortet ein neues Buch der Hochschule Luzern.","breadcrumb":{"@id":"https:\/\/hub.hslu.ch\/soziale-arbeit\/sexualaufklaerung-eltern-und-schule-muessen-ein-starkes-duo-bilden\/#breadcrumb"},"inLanguage":"de-CH","potentialAction":[{"@type":"ReadAction","target":["https:\/\/hub.hslu.ch\/soziale-arbeit\/sexualaufklaerung-eltern-und-schule-muessen-ein-starkes-duo-bilden\/"]}]},{"@type":"ImageObject","inLanguage":"de-CH","@id":"https:\/\/hub.hslu.ch\/soziale-arbeit\/sexualaufklaerung-eltern-und-schule-muessen-ein-starkes-duo-bilden\/#primaryimage","url":"https:\/\/hub.hslu.ch\/soziale-arbeit\/wp-content\/uploads\/sites\/23\/2023\/12\/Blog_Sexualaufklaerung4grau.jpg","contentUrl":"https:\/\/hub.hslu.ch\/soziale-arbeit\/wp-content\/uploads\/sites\/23\/2023\/12\/Blog_Sexualaufklaerung4grau.jpg","width":1614,"height":907,"caption":"Cover Sexualaufkl\u00e4rung in Familie und Schule mit Kindern drauf"},{"@type":"BreadcrumbList","@id":"https:\/\/hub.hslu.ch\/soziale-arbeit\/sexualaufklaerung-eltern-und-schule-muessen-ein-starkes-duo-bilden\/#breadcrumb","itemListElement":[{"@type":"ListItem","position":1,"name":"Home","item":"https:\/\/hub.hslu.ch\/soziale-arbeit\/"},{"@type":"ListItem","position":2,"name":"Sexualaufkl\u00e4rung: \u00abEltern und Schule m\u00fcssen ein starkes Duo bilden\u00bb"}]},{"@type":"WebSite","@id":"https:\/\/hub.hslu.ch\/soziale-arbeit\/#website","url":"https:\/\/hub.hslu.ch\/soziale-arbeit\/","name":"Soziale Arbeit an der Hochschule Luzern","description":"Der Blog der Hochschule Luzern \u2013 Soziale Arbeit","potentialAction":[{"@type":"SearchAction","target":{"@type":"EntryPoint","urlTemplate":"https:\/\/hub.hslu.ch\/soziale-arbeit\/?s={search_term_string}"},"query-input":{"@type":"PropertyValueSpecification","valueRequired":true,"valueName":"search_term_string"}}],"inLanguage":"de-CH"},{"@type":"Person","@id":"https:\/\/hub.hslu.ch\/soziale-arbeit\/#\/schema\/person\/5f63e37c8c8b84af7b5325cb01f01d34","name":"anetteeldevik","sameAs":["https:\/\/x.com\/stefanmiesch"]}]}},"featured_image_src":"https:\/\/hub.hslu.ch\/soziale-arbeit\/wp-content\/uploads\/sites\/23\/2023\/12\/Blog_Sexualaufklaerung4grau.jpg","featured_image_src_square":"https:\/\/hub.hslu.ch\/soziale-arbeit\/wp-content\/uploads\/sites\/23\/2023\/12\/Blog_Sexualaufklaerung4grau.jpg","author_info":{"display_name":"anetteeldevik","author_link":"https:\/\/hub.hslu.ch\/soziale-arbeit\/author\/anetteeldevik\/"},"_links":{"self":[{"href":"https:\/\/hub.hslu.ch\/soziale-arbeit\/wp-json\/wp\/v2\/posts\/8328","targetHints":{"allow":["GET"]}}],"collection":[{"href":"https:\/\/hub.hslu.ch\/soziale-arbeit\/wp-json\/wp\/v2\/posts"}],"about":[{"href":"https:\/\/hub.hslu.ch\/soziale-arbeit\/wp-json\/wp\/v2\/types\/post"}],"author":[{"embeddable":true,"href":"https:\/\/hub.hslu.ch\/soziale-arbeit\/wp-json\/wp\/v2\/users\/139"}],"replies":[{"embeddable":true,"href":"https:\/\/hub.hslu.ch\/soziale-arbeit\/wp-json\/wp\/v2\/comments?post=8328"}],"version-history":[{"count":58,"href":"https:\/\/hub.hslu.ch\/soziale-arbeit\/wp-json\/wp\/v2\/posts\/8328\/revisions"}],"predecessor-version":[{"id":12929,"href":"https:\/\/hub.hslu.ch\/soziale-arbeit\/wp-json\/wp\/v2\/posts\/8328\/revisions\/12929"}],"wp:featuredmedia":[{"embeddable":true,"href":"https:\/\/hub.hslu.ch\/soziale-arbeit\/wp-json\/wp\/v2\/media\/8396"}],"wp:attachment":[{"href":"https:\/\/hub.hslu.ch\/soziale-arbeit\/wp-json\/wp\/v2\/media?parent=8328"}],"wp:term":[{"taxonomy":"category","embeddable":true,"href":"https:\/\/hub.hslu.ch\/soziale-arbeit\/wp-json\/wp\/v2\/categories?post=8328"},{"taxonomy":"post_tag","embeddable":true,"href":"https:\/\/hub.hslu.ch\/soziale-arbeit\/wp-json\/wp\/v2\/tags?post=8328"}],"curies":[{"name":"wp","href":"https:\/\/api.w.org\/{rel}","templated":true}]}}