{"id":8667,"date":"2024-04-03T07:30:00","date_gmt":"2024-04-03T05:30:00","guid":{"rendered":"https:\/\/hub.hslu.ch\/soziale-arbeit\/?p=8667"},"modified":"2026-02-11T14:54:07","modified_gmt":"2026-02-11T13:54:07","slug":"dialoge-foerdern-loesungen-finden-die-soziale-arbeit-als-bruecke-zwischen-politik-und-gesellschaft","status":"publish","type":"post","link":"https:\/\/hub.hslu.ch\/soziale-arbeit\/dialoge-foerdern-loesungen-finden-die-soziale-arbeit-als-bruecke-zwischen-politik-und-gesellschaft\/","title":{"rendered":"Dialoge f\u00f6rdern, L\u00f6sungen finden: Die Soziale Arbeit als Br\u00fccke zwischen Politik und Gesellschaft"},"content":{"rendered":"\n<p><strong>Von gesellschaftli<\/strong><\/p>\n\n\n\n<p><strong>Edith Lang, Sie haben vor acht Jahren die Leitung der Dienststelle Soziales und Gesellschaft (DISG) \u00fcbernommen. Wie hat sich dieser Bereich respektive Ihre Arbeit in dieser Zeit ver\u00e4ndert?<\/strong><\/p>\n\n\n\n<p>Nat\u00fcrlich gab es in dieser Zeit gesellschaftliche Trends, die starken Einfluss auf unsere T\u00e4tigkeit hatten. Ich denke beispielsweise an die wiederkehrenden Migrationswellen \u2013&nbsp;aber auch daran, wie die Pandemie unsere Gesellschaft gepr\u00e4gt hat. Und auch die soziale Arbeit selbst hat sich in dieser Zeit ver\u00e4ndert.<\/p>\n\n\n\n<p><strong>K\u00f6nnen Sie ein Beispiel daf\u00fcr geben?<\/strong><\/p>\n\n\n\n<p>Der Fokus bei der Unterst\u00fctzung und Begleitung von Menschen liegt heute klar bei der F\u00f6rderung der Selbstkompetenzen. Das heisst, sie sollen m\u00f6glichst selbstbestimmt handeln und leben k\u00f6nnen. Fr\u00fcher konzentrierten wir uns in erster Linie auf die F\u00fcrsorge und den Schutz von vulnerablen Personen.<\/p>\n\n\n\n<p><strong>Was reizt Sie auch heute noch an Ihrer Arbeit?<\/strong><\/p>\n\n\n\n<p>Langweilig wird es sicher nicht, denn die Gesellschaft ver\u00e4ndert sich konstant \u2013 und diese Ver\u00e4nderungen haben immer auch Auswirkungen auf unsere Arbeit. Ich finde es spannend, in meiner Rolle eine gewisse \u00dcbersetzungsarbeit zwischen Gesellschaft, Politik und Wissenschaft leisten zu k\u00f6nnen.<\/p>\n\n\n\n<p><strong>Sie sprechen damit Ihr Engagement als Mitglied des Beirats der Hochschule Luzern \u2013&nbsp;Soziale Arbeit an. Was gef\u00e4llt Ihnen an dieser Aufgabe?<\/strong><\/p>\n\n\n\n<p>Das Mandat erlaubt einen fantastischen Einblick in die aktuellen Themen der Hochschule \u2013 sowohl im Bereich der Forschung als auch der Lehre. Zudem haben wir als Beirat auch die Chance, die Entwicklung der Hochschule zu unterst\u00fctzen und mitzugestalten.<\/p>\n\n\n\n<figure class=\"wp-block-image size-large\"><img loading=\"lazy\" decoding=\"async\" width=\"1024\" height=\"575\" src=\"https:\/\/hub.hslu.ch\/soziale-arbeit\/wp-content\/uploads\/sites\/23\/2024\/04\/Edith-Lang-Buero-Dienststelle-Soziales-und-Gesellschaft-1024x575.jpg\" alt=\"Edith-Lang-vor dem Buero-Dienststelle-Soziales-und-Gesellschaft\" class=\"wp-image-8875\" srcset=\"https:\/\/hub.hslu.ch\/soziale-arbeit\/wp-content\/uploads\/sites\/23\/2024\/04\/Edith-Lang-Buero-Dienststelle-Soziales-und-Gesellschaft-1024x575.jpg 1024w, https:\/\/hub.hslu.ch\/soziale-arbeit\/wp-content\/uploads\/sites\/23\/2024\/04\/Edith-Lang-Buero-Dienststelle-Soziales-und-Gesellschaft-300x169.jpg 300w, https:\/\/hub.hslu.ch\/soziale-arbeit\/wp-content\/uploads\/sites\/23\/2024\/04\/Edith-Lang-Buero-Dienststelle-Soziales-und-Gesellschaft-768x432.jpg 768w, https:\/\/hub.hslu.ch\/soziale-arbeit\/wp-content\/uploads\/sites\/23\/2024\/04\/Edith-Lang-Buero-Dienststelle-Soziales-und-Gesellschaft-1536x863.jpg 1536w, https:\/\/hub.hslu.ch\/soziale-arbeit\/wp-content\/uploads\/sites\/23\/2024\/04\/Edith-Lang-Buero-Dienststelle-Soziales-und-Gesellschaft-928x521.jpg 928w, https:\/\/hub.hslu.ch\/soziale-arbeit\/wp-content\/uploads\/sites\/23\/2024\/04\/Edith-Lang-Buero-Dienststelle-Soziales-und-Gesellschaft-600x337.jpg 600w, https:\/\/hub.hslu.ch\/soziale-arbeit\/wp-content\/uploads\/sites\/23\/2024\/04\/Edith-Lang-Buero-Dienststelle-Soziales-und-Gesellschaft.jpg 1614w\" sizes=\"auto, (max-width: 1024px) 100vw, 1024px\" \/><figcaption class=\"wp-element-caption\"><em>Edith Lang vor dem B\u00fcro der Dienststelle Soziales und Gesellschaft in Luzern<\/em><\/figcaption><\/figure>\n\n\n\n<p><strong>Inwiefern arbeitet die DISG mit dem Departement Soziale Arbeit zusammen?<\/strong><\/p>\n\n\n\n<p>F\u00fcr die verschiedenen Bereiche der Sozialen Arbeit m\u00fcssen Entscheidungsgrundlagen f\u00fcr Verwaltung und Politik erarbeitet werden. Mit anderen Worten: Unser Handeln in der Praxis muss auf rechtlichen und politischen Grundlagen beruhen. Bei der Erarbeitung dieser Grundlagen nimmt die HSLU eine zentrale Rolle ein. Die hohe Praxisorientierung der Hochschule kommt uns hierbei sicher zugute.<\/p>\n\n\n\n<p><strong>K\u00f6nnen Sie mir ein Beispiel f\u00fcr die Zusammenarbeit zwischen dem DISG und dem Departement Soziale Arbeit nennen?<\/strong><\/p>\n\n\n\n<p>Ein Beispiel ist das kantonale Altersleitbild, bei dem unsere Dienststelle eng mit der HSLU zusammengearbeitet hat. Eine weitere Kooperation besteht aktuell im Rahmen der bevorstehenden <a href=\"https:\/\/zukunft-inklusion.ch\/\">Aktionstage Behindertenrecht 2024<\/a>.<\/p>\n\n\n\n<p><strong>Welche Rolle spielt der technologische Fortschritt in der Entwicklung der Sozialen Arbeit?<\/strong><\/p>\n\n\n\n<blockquote class=\"wp-block-quote is-layout-flow wp-block-quote-is-layout-flow\">\n<p>Der technologische Fortschritt hat das Potenzial, Menschen von echten sozialen Interaktionen und sozialer Teilhabe zu entfernen, was die Soziale Arbeit besorgt verfolgt.<\/p>\n<\/blockquote>\n\n\n\n<p>Die F\u00e4higkeit, einen echten empathischen Dialog zu f\u00fchren, kann durch die neuen Technologien f\u00fcr vulnerable Menschen erschwert sein. Ich pers\u00f6nlich sehe sowohl die Chancen wie auch Risiken des technologischen Fortschritts.<\/p>\n\n\n\n<p><strong>An welche Chancen denken Sie zum Beispiel?<\/strong><\/p>\n\n\n\n<p>Neue Technologien sind letztlich immer auch ein Instrument. Es liegt an mir, wie ich dieses nutze. Mittels KI-Unterst\u00fctzung kann heute beispielsweise schnell und niederschwellig ein Bewerbungsdossier erstellen werden. Ich appelliere deshalb an den Mut, Neues auszuprobieren und Chancen zu erkennen.<\/p>\n\n\n\n<p><strong>Welche Kompetenzen sollten angehende Berufsleute mitbringen, um den zuk\u00fcnftigen Anforderungen des Berufsfeldes gerecht zu werden?<\/strong><\/p>\n\n\n\n<p>Bei der DISG suchen wir vor allem Fachpersonen, welche die F\u00e4higkeiten haben, in gr\u00f6sseren Zusammenh\u00e4ngen zu denken. Es geht in unserem Beruf darum, gesellschaftliche Themen zu analysieren und Dynamiken zu erkennen. Zentral ist auch die F\u00e4higkeit, interdisziplin\u00e4r mit verschiedenen Bereichen und Fachstellen der Sozialen Arbeit zusammenarbeiten zu k\u00f6nnen. Dies, weil gesellschaftliche Ph\u00e4nomene nie eindimensional sind.<\/p>\n\n\n\n<div class=\"wp-block-buttons is-content-justification-center is-layout-flex wp-container-core-buttons-is-layout-16018d1d wp-block-buttons-is-layout-flex\">\n<div class=\"wp-block-button is-style-fill\"><a class=\"wp-block-button__link has-background wp-element-button\" href=\"https:\/\/www.hslu.ch\/de-ch\/soziale-arbeit\/weiterbildung\/#?filters=102\" style=\"background:linear-gradient(135deg,rgb(119,197,216) 0%,rgb(119,197,216) 100%)\" target=\"_blank\" rel=\"noreferrer noopener\"><strong>Weiterbildungen in der Sozialen Arbeit<\/strong><\/a><\/div>\n<\/div>\n\n\n\n\n\n<p><strong>Welches sind die grossen Herausforderungen, die den Sozialbereich in den kommenden Jahren besch\u00e4ftigen werden?<\/strong><\/p>\n\n\n\n<p>Eine grosse Herausforderung f\u00fcr den gesellschaftlichen Zusammenhalt ist die Tatsache, dass nicht alle Menschen am Dialog partizipieren m\u00f6chten oder k\u00f6nnen.<\/p>\n\n\n\n<p><strong>Wie meinen Sie das?<\/strong><\/p>\n\n\n\n<p>Wir haben immer mehr Menschen, die nicht mehr am \u00f6ffentlichen Leben teilnehmen und dadurch nicht sichtbar sind. Das erschwert den gesellschaftlichen Zusammenhalt zunehmend.<\/p>\n\n\n\n<p><strong>Welche Rolle \u00fcbernimmt die Hochschule Luzern \u2013 Soziale Arbeit; heute und in Zukunft?<\/strong><\/p>\n\n\n\n<p>Ich verwende gerne den Begriff eines Fr\u00fchwarnsystems. Die Hochschule nimmt eine vorausschauende Rolle wahr. Die praxisorientierte Natur der HSLU erlaubt es ihr, Trends fr\u00fch zu erkennen und zu signalisieren, welche Themen auf uns zukommen. Zudem \u00fcbernimmt die HSLU auch eine wichtige Rolle als Sparringspartner.<\/p>\n\n\n\n<p><strong>F\u00fcr wen ist die Hochschule ein Sparringspartner?<\/strong><\/p>\n\n\n\n<p>Ich meine damit in erster Linie die Kooperation mit der Politik und den Zentralschweizer Kantonen. Im Austausch mit Politik und Beh\u00f6rden, kann die Hochschule Praxisfragen aufnehmen und direkt L\u00f6sungen aufzeigen. Die HSLU ist stark darin, Praxisbeispiele auszuweisen. Das wiederum ist genau das, was Gemeinden und Kantone suchen: direkt implementierbare L\u00f6sungen.<\/p>\n\n\n\n<p><strong>In welchem Bereich sehen Sie noch Potenzial?<\/strong><\/p>\n\n\n\n<p>Verbesserungspotenzial besteht immer. Eine Hochschule kann es sich nicht erlauben, still zu stehen. Insofern denke ich, dass die Bed\u00fcrfnisse der Studierenden noch besser analysiert werden k\u00f6nnen \u2013 sei es im Zusammenhang mit ihrem Mobilit\u00e4tsverhaltens, mit ihren Erwartungen an die Infrastruktur oder den Bed\u00fcrfnissen an die Lernveranstaltungen.<\/p>\n\n\n\n<p><strong>Was w\u00fcnschen Sie sich f\u00fcr die Zukunft der Sozialen Arbeit?<\/strong><\/p>\n\n\n\n<p>Noch mehr Selbstbewusstsein. Die Soziale Arbeit darf selbstbewusst auftreten. Ich finde die Methoden und das Wissen unserer Fachpersonen beeindruckend. Insbesondere ihre F\u00e4higkeit, interdisziplin\u00e4r zu denken und im Dialog mit anderen immer neue L\u00f6sungen zu finden.<\/p>\n\n\n\n<p><strong>Daf\u00fcr braucht es auch Ausdauer.<\/strong><\/p>\n\n\n\n<p>Das sage ich auch unseren neuen Studierenden immer: Es wartet viel auf euch \u2013 und die Fragestellungen sind h\u00e4ufig komplex. Bleibt dran!<\/p>\n\n\n\n<p>Von:&nbsp;<a href=\"https:\/\/www.schriber-kommunikation.ch\/agentur\/\">Ismail Osman<\/a><br>Bild: <a href=\"https:\/\/www.schriber-kommunikation.ch\/\">Daniel Schriber<\/a><br>Ver\u00f6ffentlicht: 2. April 2024<\/p>\n\n\n<div class=\"blue-box\">\n\t<div class=\"row\">\n\t\t<div class=\"col-md-12\">\n\t\t\t<p><strong><a href=\"https:\/\/www.hslu.ch\/de-ch\/soziale-arbeit\/weiterbildung\/#?filters=102\">Bereit f\u00fcr die Zukunft mit einer Weiterbildung an der Hochschule Luzern \u2013 Soziale Arbeit<\/a><\/strong><\/p>\n<p>Ein CAS an der Hochschule Luzern \u2013 Soziale Arbeit bietet Ihnen die M\u00f6glichkeit, Ihr Wissen und Ihre F\u00e4higkeiten in Ihrem Fachgebiet zu vertiefen und zu erweitern. Es hilft Ihnen, sich auf bestimmte Themen zu spezialisieren und neue Technologien und Trends zu erlernen.<\/p>\n<p><strong><a href=\"https:\/\/www.hslu.ch\/de-ch\/soziale-arbeit\/weiterbildung\/#?filters=102\">Weiterbildung in der Sozialen Arbeit<\/a><\/strong>\u00a0in 11 Themenbereichen<\/p>\n<p><strong><a href=\"https:\/\/www.hslu.ch\/de-ch\/soziale-arbeit\/weiterbildung\/studienprogramm\/cas\/arbeitsintegration\/\">CAS Arbeitsintegration \u2013 zukunftsorientierte Entwicklung:<\/a><\/strong> Theorie gewinnbringend in die Praxis \u00fcbertragen<\/p>\n<p><strong><a href=\"https:\/\/www.hslu.ch\/de-ch\/soziale-arbeit\/weiterbildung\/studienprogramm\/cas\/soziale-arbeit-in-der-schule\/\">CAS Soziale Arbeit in der Schule:<\/a> <\/strong>Pr\u00e4vention, Fr\u00fcherkennung und Behandlung<\/p>\n<p><strong><a href=\"https:\/\/www.hslu.ch\/de-ch\/soziale-arbeit\/weiterbildung\/studienprogramm\/cas\/praevention-und-gesundheitsfoerderung-grundlagen\/\">CAS Pr\u00e4vention und Gesundheitsf\u00f6rderung:\u00a0<\/a><\/strong>\u00dcberblick erhalten und Instrumente f\u00fcr die Praxis kennenlernen<\/p>\n\t\t<\/div>\n\t<\/div>\n<\/div>\n\n\n<div class=\"blue-box\">\n\t<div class=\"row\">\n\t\t<div class=\"col-md-12\">\n\t\t\t<p><a href=\"https:\/\/www.hslu.ch\/de-ch\/soziale-arbeit\/studium\/bachelor\/soziale-arbeit-neue-konzepte-und-innovation\/\"><strong>Bachelor in Sozialer Arbeit mit Schwerpunkt neue Konzepte und Innovation<\/strong><\/a><\/p>\n<p>Die Zukunft der Sozialen Arbeit braucht Fachpersonen, die selbstorganisiert neue Konzepte entwickeln und Wissen effizient und zielgerichtet erschliessen. Der neue Studiengang l\u00e4dt ausdr\u00fccklich zu individuellen Auspr\u00e4gungen und dem Setzen pers\u00f6nlicher Schwerpunkte ein.<\/p>\n<p>Weitere Informationen zum neuen Studiengang und die Details zur Anmeldung gibt es\u00a0<a href=\"https:\/\/www.hslu.ch\/de-ch\/soziale-arbeit\/studium\/bachelor\/soziale-arbeit-neue-konzepte-und-innovation\/\">HIER<\/a>.<\/p>\n<p><strong>Weitere Infoveranstaltungen:<\/strong>\u00a0<a href=\"https:\/\/www.hslu.ch\/de-ch\/soziale-arbeit\/studium\/info-veranstaltungen\/#?filters=102,1050&amp;q=bachelor\">\u00dcbersicht<\/a><\/p>\n\t\t<\/div>\n\t<\/div>\n<\/div>\n","protected":false},"excerpt":{"rendered":"<p>chen Trends bis zum technologischen Fortschritt: Die Soziale Arbeit befindet sich in einem komplexen Spannungsfeld. Was es braucht, um dieses zu meistern, erkl\u00e4rt Edith Lang, Leiterin der Dienststelle Soziales und Gesellschaft Luzern und Beir\u00e4tin der Hochschule Luzern.<\/p>\n","protected":false},"author":152,"featured_media":8874,"comment_status":"open","ping_status":"closed","sticky":false,"template":"","format":"standard","meta":{"_acf_changed":false,"inline_featured_image":false,"_relevanssi_hide_post":"","_relevanssi_hide_content":"","_relevanssi_pin_for_all":"","_relevanssi_pin_keywords":"","_relevanssi_unpin_keywords":"","_relevanssi_related_keywords":"","_relevanssi_related_include_ids":"","_relevanssi_related_exclude_ids":"","_relevanssi_related_no_append":"","_relevanssi_related_not_related":"","_relevanssi_related_posts":"1928,5132,1630,4153,6410,1504","_relevanssi_noindex_reason":"","footnotes":"","_links_to":"","_links_to_target":""},"categories":[19,7,9],"tags":[313,245,243],"class_list":["post-8667","post","type-post","status-publish","format-standard","has-post-thumbnail","hentry","category-sozialmanagement-sozialpolitik","category-ausbildung","category-forschung","tag-beirat","tag-blick-in-die-zukunft","tag-sozialmanagement-und-sozialpolitik"],"acf":[],"yoast_head":"<!-- This site is optimized with the Yoast SEO plugin v27.5 - https:\/\/yoast.com\/product\/yoast-seo-wordpress\/ -->\n<title>Dialoge f\u00f6rdern, L\u00f6sungen finden: Die Soziale Arbeit als Br\u00fccke zwischen Politik und Gesellschaft &#8211; Soziale Arbeit an der Hochschule Luzern<\/title>\n<meta name=\"robots\" content=\"index, follow, max-snippet:-1, max-image-preview:large, max-video-preview:-1\" \/>\n<link rel=\"canonical\" href=\"https:\/\/hub.hslu.ch\/soziale-arbeit\/dialoge-foerdern-loesungen-finden-die-soziale-arbeit-als-bruecke-zwischen-politik-und-gesellschaft\/\" \/>\n<meta property=\"og:locale\" content=\"de_DE\" \/>\n<meta property=\"og:type\" content=\"article\" \/>\n<meta property=\"og:title\" content=\"Dialoge f\u00f6rdern, L\u00f6sungen finden: Die Soziale Arbeit als Br\u00fccke zwischen Politik und Gesellschaft &#8211; Soziale Arbeit an der Hochschule Luzern\" \/>\n<meta property=\"og:description\" content=\"chen Trends bis zum technologischen Fortschritt: Die Soziale Arbeit befindet sich in einem komplexen Spannungsfeld. Was es braucht, um dieses zu meistern, erkl\u00e4rt Edith Lang, Leiterin der Dienststelle Soziales und Gesellschaft Luzern und Beir\u00e4tin der Hochschule Luzern.\" \/>\n<meta property=\"og:url\" content=\"https:\/\/hub.hslu.ch\/soziale-arbeit\/dialoge-foerdern-loesungen-finden-die-soziale-arbeit-als-bruecke-zwischen-politik-und-gesellschaft\/\" \/>\n<meta property=\"og:site_name\" content=\"Soziale Arbeit an der Hochschule Luzern\" \/>\n<meta property=\"article:published_time\" content=\"2024-04-03T05:30:00+00:00\" \/>\n<meta property=\"article:modified_time\" content=\"2026-02-11T13:54:07+00:00\" \/>\n<meta property=\"og:image\" content=\"https:\/\/hub.hslu.ch\/soziale-arbeit\/wp-content\/uploads\/sites\/23\/2024\/04\/Interview-Edith-Lang-Leiterin-Dienststelle-Soziales-und-Gesellschaft.jpg\" \/>\n\t<meta property=\"og:image:width\" content=\"1614\" \/>\n\t<meta property=\"og:image:height\" content=\"1007\" \/>\n\t<meta property=\"og:image:type\" content=\"image\/jpeg\" \/>\n<meta name=\"author\" content=\"Roger Ettlin\" \/>\n<meta name=\"twitter:card\" content=\"summary_large_image\" \/>\n<meta name=\"twitter:label1\" content=\"Geschrieben von\" \/>\n\t<meta name=\"twitter:data1\" content=\"Roger Ettlin\" \/>\n\t<meta name=\"twitter:label2\" content=\"Gesch\u00e4tzte Lesezeit\" \/>\n\t<meta name=\"twitter:data2\" content=\"6\u00a0Minuten\" \/>\n<script type=\"application\/ld+json\" class=\"yoast-schema-graph\">{\"@context\":\"https:\\\/\\\/schema.org\",\"@graph\":[{\"@type\":\"Article\",\"@id\":\"https:\\\/\\\/hub.hslu.ch\\\/soziale-arbeit\\\/dialoge-foerdern-loesungen-finden-die-soziale-arbeit-als-bruecke-zwischen-politik-und-gesellschaft\\\/#article\",\"isPartOf\":{\"@id\":\"https:\\\/\\\/hub.hslu.ch\\\/soziale-arbeit\\\/dialoge-foerdern-loesungen-finden-die-soziale-arbeit-als-bruecke-zwischen-politik-und-gesellschaft\\\/\"},\"author\":{\"name\":\"Roger Ettlin\",\"@id\":\"https:\\\/\\\/hub.hslu.ch\\\/soziale-arbeit\\\/#\\\/schema\\\/person\\\/0d13e861725ae87916921d6d018489e4\"},\"headline\":\"Dialoge f\u00f6rdern, L\u00f6sungen finden: Die Soziale Arbeit als Br\u00fccke zwischen Politik und Gesellschaft\",\"datePublished\":\"2024-04-03T05:30:00+00:00\",\"dateModified\":\"2026-02-11T13:54:07+00:00\",\"mainEntityOfPage\":{\"@id\":\"https:\\\/\\\/hub.hslu.ch\\\/soziale-arbeit\\\/dialoge-foerdern-loesungen-finden-die-soziale-arbeit-als-bruecke-zwischen-politik-und-gesellschaft\\\/\"},\"wordCount\":916,\"commentCount\":0,\"image\":{\"@id\":\"https:\\\/\\\/hub.hslu.ch\\\/soziale-arbeit\\\/dialoge-foerdern-loesungen-finden-die-soziale-arbeit-als-bruecke-zwischen-politik-und-gesellschaft\\\/#primaryimage\"},\"thumbnailUrl\":\"https:\\\/\\\/hub.hslu.ch\\\/soziale-arbeit\\\/wp-content\\\/uploads\\\/sites\\\/23\\\/2024\\\/04\\\/Interview-Edith-Lang-Leiterin-Dienststelle-Soziales-und-Gesellschaft.jpg\",\"keywords\":[\"Beirat\",\"Blick in die Zukunft\",\"Sozialmanagement und Sozialpolitik\"],\"articleSection\":[\"Sozialmanagement und Sozialpolitik\",\"Studium\",\"Forschung\"],\"inLanguage\":\"de-CH\",\"potentialAction\":[{\"@type\":\"CommentAction\",\"name\":\"Comment\",\"target\":[\"https:\\\/\\\/hub.hslu.ch\\\/soziale-arbeit\\\/dialoge-foerdern-loesungen-finden-die-soziale-arbeit-als-bruecke-zwischen-politik-und-gesellschaft\\\/#respond\"]}]},{\"@type\":\"WebPage\",\"@id\":\"https:\\\/\\\/hub.hslu.ch\\\/soziale-arbeit\\\/dialoge-foerdern-loesungen-finden-die-soziale-arbeit-als-bruecke-zwischen-politik-und-gesellschaft\\\/\",\"url\":\"https:\\\/\\\/hub.hslu.ch\\\/soziale-arbeit\\\/dialoge-foerdern-loesungen-finden-die-soziale-arbeit-als-bruecke-zwischen-politik-und-gesellschaft\\\/\",\"name\":\"Dialoge f\u00f6rdern, L\u00f6sungen finden: Die Soziale Arbeit als Br\u00fccke zwischen Politik und Gesellschaft &#8211; Soziale Arbeit an der Hochschule Luzern\",\"isPartOf\":{\"@id\":\"https:\\\/\\\/hub.hslu.ch\\\/soziale-arbeit\\\/#website\"},\"primaryImageOfPage\":{\"@id\":\"https:\\\/\\\/hub.hslu.ch\\\/soziale-arbeit\\\/dialoge-foerdern-loesungen-finden-die-soziale-arbeit-als-bruecke-zwischen-politik-und-gesellschaft\\\/#primaryimage\"},\"image\":{\"@id\":\"https:\\\/\\\/hub.hslu.ch\\\/soziale-arbeit\\\/dialoge-foerdern-loesungen-finden-die-soziale-arbeit-als-bruecke-zwischen-politik-und-gesellschaft\\\/#primaryimage\"},\"thumbnailUrl\":\"https:\\\/\\\/hub.hslu.ch\\\/soziale-arbeit\\\/wp-content\\\/uploads\\\/sites\\\/23\\\/2024\\\/04\\\/Interview-Edith-Lang-Leiterin-Dienststelle-Soziales-und-Gesellschaft.jpg\",\"datePublished\":\"2024-04-03T05:30:00+00:00\",\"dateModified\":\"2026-02-11T13:54:07+00:00\",\"author\":{\"@id\":\"https:\\\/\\\/hub.hslu.ch\\\/soziale-arbeit\\\/#\\\/schema\\\/person\\\/0d13e861725ae87916921d6d018489e4\"},\"breadcrumb\":{\"@id\":\"https:\\\/\\\/hub.hslu.ch\\\/soziale-arbeit\\\/dialoge-foerdern-loesungen-finden-die-soziale-arbeit-als-bruecke-zwischen-politik-und-gesellschaft\\\/#breadcrumb\"},\"inLanguage\":\"de-CH\",\"potentialAction\":[{\"@type\":\"ReadAction\",\"target\":[\"https:\\\/\\\/hub.hslu.ch\\\/soziale-arbeit\\\/dialoge-foerdern-loesungen-finden-die-soziale-arbeit-als-bruecke-zwischen-politik-und-gesellschaft\\\/\"]}]},{\"@type\":\"ImageObject\",\"inLanguage\":\"de-CH\",\"@id\":\"https:\\\/\\\/hub.hslu.ch\\\/soziale-arbeit\\\/dialoge-foerdern-loesungen-finden-die-soziale-arbeit-als-bruecke-zwischen-politik-und-gesellschaft\\\/#primaryimage\",\"url\":\"https:\\\/\\\/hub.hslu.ch\\\/soziale-arbeit\\\/wp-content\\\/uploads\\\/sites\\\/23\\\/2024\\\/04\\\/Interview-Edith-Lang-Leiterin-Dienststelle-Soziales-und-Gesellschaft.jpg\",\"contentUrl\":\"https:\\\/\\\/hub.hslu.ch\\\/soziale-arbeit\\\/wp-content\\\/uploads\\\/sites\\\/23\\\/2024\\\/04\\\/Interview-Edith-Lang-Leiterin-Dienststelle-Soziales-und-Gesellschaft.jpg\",\"width\":1614,\"height\":1007,\"caption\":\"Interview Edith Lang Leiterin Dienststelle Soziales und Gesellschaft\"},{\"@type\":\"BreadcrumbList\",\"@id\":\"https:\\\/\\\/hub.hslu.ch\\\/soziale-arbeit\\\/dialoge-foerdern-loesungen-finden-die-soziale-arbeit-als-bruecke-zwischen-politik-und-gesellschaft\\\/#breadcrumb\",\"itemListElement\":[{\"@type\":\"ListItem\",\"position\":1,\"name\":\"Home\",\"item\":\"https:\\\/\\\/hub.hslu.ch\\\/soziale-arbeit\\\/\"},{\"@type\":\"ListItem\",\"position\":2,\"name\":\"Dialoge f\u00f6rdern, L\u00f6sungen finden: Die Soziale Arbeit als Br\u00fccke zwischen Politik und Gesellschaft\"}]},{\"@type\":\"WebSite\",\"@id\":\"https:\\\/\\\/hub.hslu.ch\\\/soziale-arbeit\\\/#website\",\"url\":\"https:\\\/\\\/hub.hslu.ch\\\/soziale-arbeit\\\/\",\"name\":\"Soziale Arbeit an der Hochschule Luzern\",\"description\":\"Der Blog der Hochschule Luzern \u2013 Soziale Arbeit\",\"potentialAction\":[{\"@type\":\"SearchAction\",\"target\":{\"@type\":\"EntryPoint\",\"urlTemplate\":\"https:\\\/\\\/hub.hslu.ch\\\/soziale-arbeit\\\/?s={search_term_string}\"},\"query-input\":{\"@type\":\"PropertyValueSpecification\",\"valueRequired\":true,\"valueName\":\"search_term_string\"}}],\"inLanguage\":\"de-CH\"},{\"@type\":\"Person\",\"@id\":\"https:\\\/\\\/hub.hslu.ch\\\/soziale-arbeit\\\/#\\\/schema\\\/person\\\/0d13e861725ae87916921d6d018489e4\",\"name\":\"Roger Ettlin\"}]}<\/script>\n<!-- \/ Yoast SEO plugin. -->","yoast_head_json":{"title":"Dialoge f\u00f6rdern, L\u00f6sungen finden: Die Soziale Arbeit als Br\u00fccke zwischen Politik und Gesellschaft &#8211; Soziale Arbeit an der Hochschule Luzern","robots":{"index":"index","follow":"follow","max-snippet":"max-snippet:-1","max-image-preview":"max-image-preview:large","max-video-preview":"max-video-preview:-1"},"canonical":"https:\/\/hub.hslu.ch\/soziale-arbeit\/dialoge-foerdern-loesungen-finden-die-soziale-arbeit-als-bruecke-zwischen-politik-und-gesellschaft\/","og_locale":"de_DE","og_type":"article","og_title":"Dialoge f\u00f6rdern, L\u00f6sungen finden: Die Soziale Arbeit als Br\u00fccke zwischen Politik und Gesellschaft &#8211; Soziale Arbeit an der Hochschule Luzern","og_description":"chen Trends bis zum technologischen Fortschritt: Die Soziale Arbeit befindet sich in einem komplexen Spannungsfeld. Was es braucht, um dieses zu meistern, erkl\u00e4rt Edith Lang, Leiterin der Dienststelle Soziales und Gesellschaft Luzern und Beir\u00e4tin der Hochschule Luzern.","og_url":"https:\/\/hub.hslu.ch\/soziale-arbeit\/dialoge-foerdern-loesungen-finden-die-soziale-arbeit-als-bruecke-zwischen-politik-und-gesellschaft\/","og_site_name":"Soziale Arbeit an der Hochschule Luzern","article_published_time":"2024-04-03T05:30:00+00:00","article_modified_time":"2026-02-11T13:54:07+00:00","og_image":[{"width":1614,"height":1007,"url":"https:\/\/hub.hslu.ch\/soziale-arbeit\/wp-content\/uploads\/sites\/23\/2024\/04\/Interview-Edith-Lang-Leiterin-Dienststelle-Soziales-und-Gesellschaft.jpg","type":"image\/jpeg"}],"author":"Roger Ettlin","twitter_card":"summary_large_image","twitter_misc":{"Geschrieben von":"Roger Ettlin","Gesch\u00e4tzte Lesezeit":"6\u00a0Minuten"},"schema":{"@context":"https:\/\/schema.org","@graph":[{"@type":"Article","@id":"https:\/\/hub.hslu.ch\/soziale-arbeit\/dialoge-foerdern-loesungen-finden-die-soziale-arbeit-als-bruecke-zwischen-politik-und-gesellschaft\/#article","isPartOf":{"@id":"https:\/\/hub.hslu.ch\/soziale-arbeit\/dialoge-foerdern-loesungen-finden-die-soziale-arbeit-als-bruecke-zwischen-politik-und-gesellschaft\/"},"author":{"name":"Roger Ettlin","@id":"https:\/\/hub.hslu.ch\/soziale-arbeit\/#\/schema\/person\/0d13e861725ae87916921d6d018489e4"},"headline":"Dialoge f\u00f6rdern, L\u00f6sungen finden: Die Soziale Arbeit als Br\u00fccke zwischen Politik und Gesellschaft","datePublished":"2024-04-03T05:30:00+00:00","dateModified":"2026-02-11T13:54:07+00:00","mainEntityOfPage":{"@id":"https:\/\/hub.hslu.ch\/soziale-arbeit\/dialoge-foerdern-loesungen-finden-die-soziale-arbeit-als-bruecke-zwischen-politik-und-gesellschaft\/"},"wordCount":916,"commentCount":0,"image":{"@id":"https:\/\/hub.hslu.ch\/soziale-arbeit\/dialoge-foerdern-loesungen-finden-die-soziale-arbeit-als-bruecke-zwischen-politik-und-gesellschaft\/#primaryimage"},"thumbnailUrl":"https:\/\/hub.hslu.ch\/soziale-arbeit\/wp-content\/uploads\/sites\/23\/2024\/04\/Interview-Edith-Lang-Leiterin-Dienststelle-Soziales-und-Gesellschaft.jpg","keywords":["Beirat","Blick in die Zukunft","Sozialmanagement und Sozialpolitik"],"articleSection":["Sozialmanagement und Sozialpolitik","Studium","Forschung"],"inLanguage":"de-CH","potentialAction":[{"@type":"CommentAction","name":"Comment","target":["https:\/\/hub.hslu.ch\/soziale-arbeit\/dialoge-foerdern-loesungen-finden-die-soziale-arbeit-als-bruecke-zwischen-politik-und-gesellschaft\/#respond"]}]},{"@type":"WebPage","@id":"https:\/\/hub.hslu.ch\/soziale-arbeit\/dialoge-foerdern-loesungen-finden-die-soziale-arbeit-als-bruecke-zwischen-politik-und-gesellschaft\/","url":"https:\/\/hub.hslu.ch\/soziale-arbeit\/dialoge-foerdern-loesungen-finden-die-soziale-arbeit-als-bruecke-zwischen-politik-und-gesellschaft\/","name":"Dialoge f\u00f6rdern, L\u00f6sungen finden: Die Soziale Arbeit als Br\u00fccke zwischen Politik und Gesellschaft &#8211; Soziale Arbeit an der Hochschule Luzern","isPartOf":{"@id":"https:\/\/hub.hslu.ch\/soziale-arbeit\/#website"},"primaryImageOfPage":{"@id":"https:\/\/hub.hslu.ch\/soziale-arbeit\/dialoge-foerdern-loesungen-finden-die-soziale-arbeit-als-bruecke-zwischen-politik-und-gesellschaft\/#primaryimage"},"image":{"@id":"https:\/\/hub.hslu.ch\/soziale-arbeit\/dialoge-foerdern-loesungen-finden-die-soziale-arbeit-als-bruecke-zwischen-politik-und-gesellschaft\/#primaryimage"},"thumbnailUrl":"https:\/\/hub.hslu.ch\/soziale-arbeit\/wp-content\/uploads\/sites\/23\/2024\/04\/Interview-Edith-Lang-Leiterin-Dienststelle-Soziales-und-Gesellschaft.jpg","datePublished":"2024-04-03T05:30:00+00:00","dateModified":"2026-02-11T13:54:07+00:00","author":{"@id":"https:\/\/hub.hslu.ch\/soziale-arbeit\/#\/schema\/person\/0d13e861725ae87916921d6d018489e4"},"breadcrumb":{"@id":"https:\/\/hub.hslu.ch\/soziale-arbeit\/dialoge-foerdern-loesungen-finden-die-soziale-arbeit-als-bruecke-zwischen-politik-und-gesellschaft\/#breadcrumb"},"inLanguage":"de-CH","potentialAction":[{"@type":"ReadAction","target":["https:\/\/hub.hslu.ch\/soziale-arbeit\/dialoge-foerdern-loesungen-finden-die-soziale-arbeit-als-bruecke-zwischen-politik-und-gesellschaft\/"]}]},{"@type":"ImageObject","inLanguage":"de-CH","@id":"https:\/\/hub.hslu.ch\/soziale-arbeit\/dialoge-foerdern-loesungen-finden-die-soziale-arbeit-als-bruecke-zwischen-politik-und-gesellschaft\/#primaryimage","url":"https:\/\/hub.hslu.ch\/soziale-arbeit\/wp-content\/uploads\/sites\/23\/2024\/04\/Interview-Edith-Lang-Leiterin-Dienststelle-Soziales-und-Gesellschaft.jpg","contentUrl":"https:\/\/hub.hslu.ch\/soziale-arbeit\/wp-content\/uploads\/sites\/23\/2024\/04\/Interview-Edith-Lang-Leiterin-Dienststelle-Soziales-und-Gesellschaft.jpg","width":1614,"height":1007,"caption":"Interview Edith Lang Leiterin Dienststelle Soziales und Gesellschaft"},{"@type":"BreadcrumbList","@id":"https:\/\/hub.hslu.ch\/soziale-arbeit\/dialoge-foerdern-loesungen-finden-die-soziale-arbeit-als-bruecke-zwischen-politik-und-gesellschaft\/#breadcrumb","itemListElement":[{"@type":"ListItem","position":1,"name":"Home","item":"https:\/\/hub.hslu.ch\/soziale-arbeit\/"},{"@type":"ListItem","position":2,"name":"Dialoge f\u00f6rdern, L\u00f6sungen finden: Die Soziale Arbeit als Br\u00fccke zwischen Politik und Gesellschaft"}]},{"@type":"WebSite","@id":"https:\/\/hub.hslu.ch\/soziale-arbeit\/#website","url":"https:\/\/hub.hslu.ch\/soziale-arbeit\/","name":"Soziale Arbeit an der Hochschule Luzern","description":"Der Blog der Hochschule Luzern \u2013 Soziale Arbeit","potentialAction":[{"@type":"SearchAction","target":{"@type":"EntryPoint","urlTemplate":"https:\/\/hub.hslu.ch\/soziale-arbeit\/?s={search_term_string}"},"query-input":{"@type":"PropertyValueSpecification","valueRequired":true,"valueName":"search_term_string"}}],"inLanguage":"de-CH"},{"@type":"Person","@id":"https:\/\/hub.hslu.ch\/soziale-arbeit\/#\/schema\/person\/0d13e861725ae87916921d6d018489e4","name":"Roger Ettlin"}]}},"featured_image_src":"https:\/\/hub.hslu.ch\/soziale-arbeit\/wp-content\/uploads\/sites\/23\/2024\/04\/Interview-Edith-Lang-Leiterin-Dienststelle-Soziales-und-Gesellschaft.jpg","featured_image_src_square":"https:\/\/hub.hslu.ch\/soziale-arbeit\/wp-content\/uploads\/sites\/23\/2024\/04\/Interview-Edith-Lang-Leiterin-Dienststelle-Soziales-und-Gesellschaft.jpg","author_info":{"display_name":"Roger Ettlin","author_link":"https:\/\/hub.hslu.ch\/soziale-arbeit\/author\/rogerettlin\/"},"_links":{"self":[{"href":"https:\/\/hub.hslu.ch\/soziale-arbeit\/wp-json\/wp\/v2\/posts\/8667","targetHints":{"allow":["GET"]}}],"collection":[{"href":"https:\/\/hub.hslu.ch\/soziale-arbeit\/wp-json\/wp\/v2\/posts"}],"about":[{"href":"https:\/\/hub.hslu.ch\/soziale-arbeit\/wp-json\/wp\/v2\/types\/post"}],"author":[{"embeddable":true,"href":"https:\/\/hub.hslu.ch\/soziale-arbeit\/wp-json\/wp\/v2\/users\/152"}],"replies":[{"embeddable":true,"href":"https:\/\/hub.hslu.ch\/soziale-arbeit\/wp-json\/wp\/v2\/comments?post=8667"}],"version-history":[{"count":20,"href":"https:\/\/hub.hslu.ch\/soziale-arbeit\/wp-json\/wp\/v2\/posts\/8667\/revisions"}],"predecessor-version":[{"id":13022,"href":"https:\/\/hub.hslu.ch\/soziale-arbeit\/wp-json\/wp\/v2\/posts\/8667\/revisions\/13022"}],"wp:featuredmedia":[{"embeddable":true,"href":"https:\/\/hub.hslu.ch\/soziale-arbeit\/wp-json\/wp\/v2\/media\/8874"}],"wp:attachment":[{"href":"https:\/\/hub.hslu.ch\/soziale-arbeit\/wp-json\/wp\/v2\/media?parent=8667"}],"wp:term":[{"taxonomy":"category","embeddable":true,"href":"https:\/\/hub.hslu.ch\/soziale-arbeit\/wp-json\/wp\/v2\/categories?post=8667"},{"taxonomy":"post_tag","embeddable":true,"href":"https:\/\/hub.hslu.ch\/soziale-arbeit\/wp-json\/wp\/v2\/tags?post=8667"}],"curies":[{"name":"wp","href":"https:\/\/api.w.org\/{rel}","templated":true}]}}