{"id":9036,"date":"2024-04-30T07:00:00","date_gmt":"2024-04-30T05:00:00","guid":{"rendered":"https:\/\/hub.hslu.ch\/soziale-arbeit\/?p=9036"},"modified":"2026-02-11T14:54:08","modified_gmt":"2026-02-11T13:54:08","slug":"sociallab-wo-design-thinking-gedanken-um-die-ecke-schickt","status":"publish","type":"post","link":"https:\/\/hub.hslu.ch\/soziale-arbeit\/sociallab-wo-design-thinking-gedanken-um-die-ecke-schickt\/","title":{"rendered":"SocialLab: Wo Design Thinking Gedanken um die Ecke schickt"},"content":{"rendered":"\n\n\n<p>\u00abEs tut gut, die Gedanken auch mal um die Ecke zu schicken.\u00bb Das sagt Judith Meister, Studentin der Soziokultur im 8. Semester. Fabian Rosenkranz, angehender Bauingenieur im 4. Semester, pflichtet ihr bei: \u00abRennt man gegen eine Wand, sollte man einen Schritt zur\u00fcck machen und das Problem aus einer neuen Perspektive anschauen.\u00bb Und Janis Gwerder, der im 6. Semester Elektrotechnik studiert, meint: \u00abIch habe einen f\u00fcr mich ganz neuen Ansatz kennengelernt.\u00bb<\/p>\n\n\n\n<p>Die drei Studierenden sprechen \u00fcber das ISA-Modul \u00abSocialLab\u00bb und die Kreativmethode Design Thinking, die sie dort gelernt haben. Interdisziplin\u00e4re Teams entwickeln damit L\u00f6sungen f\u00fcr komplexe Probleme. Wichtig dabei sind die Zusammenarbeit \u00fcber verschiedene Disziplinen hinweg sowie fr\u00fche Tests mit Prototypen in der Praxis, damit die L\u00f6sung passgenau sitzt. Und so treffen sich im SocialLab Studierende aller Departemente, um zusammen an den sogenannten \u00abChallenges\u00bb zu arbeiten. Was sie eint, sind Neugierde und ein offener Geist.<\/p>\n\n\n\n<h2 class=\"wp-block-heading\"><strong>Interdisziplin\u00e4r antreten gegen die Komplexit\u00e4t der Welt<\/strong><\/h2>\n\n\n\n<p>\u00abViele Herausforderungen unserer heutigen Welt sind sehr komplex und k\u00f6nnen nicht von einer einzelnen Disziplin gel\u00f6st werden\u00bb, betonen die Co-Leiterinnen des SocialLabs, Alexa Bodammer und Nadin Saxer. Die Challenges sind reale Problemstellungen von Unternehmen, die das SocialLab mit deren L\u00f6sung beauftragt haben. Dabei geht es nicht allein um Produktentwicklungen, sondern um soziale Innovationen im weitesten Sinn. Das SocialLab hat unter anderem bereits mit einem Betonwerk, einer Bibliothek und einem Logistikunternehmen zusammengearbeitet. So t\u00fcftelten etwa Judith Meister und Bettina Lacroix \u2013 stellenweise unterst\u00fctzt von Fabian Rosenkranz und weiteren Studierenden aus dem SocialLab \u2013 an einem neuen Mobilit\u00e4tskonzept f\u00fcr den Campus Horw, der in den n\u00e4chsten Jahren erweitert wird. Dereinst soll er doppelt so viele Studierende wie heute beherbergen, jedoch nur noch halb so viele Parkpl\u00e4tze anbieten. Gew\u00fcnscht ist also eine Verhaltens\u00e4nderung: Studierende und Mitarbeitende sollen k\u00fcnftig mit Velo und Zug anreisen. Doch wie bekommt man die Menschen dazu, ihr Verhalten anzupassen? Die L\u00f6sung, welche die Gruppe den Campus-Verantwortlichen schliesslich vorgeschlagen hat, l\u00e4uft \u00fcber studentische Ambassador:innen f\u00fcr eine nachhaltige Hochschule. Diese sollen in den sozialen Medien dar\u00fcber berichten, wie sie mit \u00f6ffentlichen Verkehrsmitteln oder dem Velo zum Campus reisen, oder Aktionen wie \u00abBike to Work\u00bb f\u00fcr ihre Mitstudierenden planen und bewerben.<\/p>\n\n\n\n<div class=\"wp-block-buttons is-content-justification-center is-layout-flex wp-container-core-buttons-is-layout-16018d1d wp-block-buttons-is-layout-flex\">\n<div class=\"wp-block-button is-style-fill\"><a class=\"wp-block-button__link has-background wp-element-button\" href=\"https:\/\/www.isa-campus.ch\/de-ch\/angebote\/sociallab\/\" style=\"background:linear-gradient(135deg,rgb(119,197,216) 0%,rgb(119,197,216) 100%)\"><strong>Jetzt anmelden: ISA-Modul \u00abSocialLab\u00bb<\/strong><\/a><\/div>\n<\/div>\n\n\n\n\n\n<h2 class=\"wp-block-heading\"><strong>Mit Design Thinking in den \u00abFlow\u00bb kommen<\/strong><\/h2>\n\n\n\n<p>Ob die Hochschule die Ideen ihrer Gruppe umsetzen wird, wissen Meister und Rosenkranz noch nicht. Dass sie aber bei der Arbeit an der Challenge viel dabei gelernt haben, betonen beide. \u00abMit den Kreativ-Methoden aus der Design-Thinking-Toolbox erlebt man pl\u00f6tzlich diese \u00abFlow-Momente, in denen die Gedanken fliessen d\u00fcrfen und die Ideen nur so sprudeln\u00bb, erz\u00e4hlt Meister, die es als berufst\u00e4tige Mutter besonders gesch\u00e4tzt hat, dass der Unterricht in gut planbaren Blockwochen und an Wochenenden stattfand. Elektrotechnik-Student Janis Gwerder erg\u00e4nzt: \u00abDie Design-Thinking-Methode ist auch f\u00fcr technische Disziplinen interessant, wo man oft mit Modellen arbeitet. Ich habe sie in der letzten studentischen Arbeit bereits erfolgreich angewendet.\u00bb<\/p>\n\n\n\n<div class=\"swiper__responsive-container \">\n\t<div class=\"swiper__responsive-wrapper\">\n\t\t<div class=\"swiper mainSwiper\">\n\t\t\t<div class=\"swiper-wrapper\">\n\t\t\t\t\t\t\t\t\t\t\t\t\t\t<div class=\"swiper-slide\">\n\t\t\t\t\t\t<figure class=\"slide-figure\">\n\t\t\t\t\t\t\t<img decoding=\"async\" class=\"slide-image\" src=\"https:\/\/hub.hslu.ch\/soziale-arbeit\/wp-content\/uploads\/sites\/23\/2024\/04\/SocialLab-arbeiten-mit-Lego.jpg\" alt=\"\">\n\t\t\t\t\t\t\t<figcaption class=\"slide-caption\"><span><\/span><\/figcaption>\n\t\t\t\t\t\t<\/figure>\n\t\t\t\t\t\t<div class=\"slide-action-container\">\n\t\t\t\t\t\t\t<div class=\"slide-action slide-action-zoom\" data-id=\"69f4ba129a0cd\">\uf188<\/div>\n\t\t\t\t\t\t\t\t\t\t\t\t\t<\/div>\n\t\t\t\t\t<\/div>\n\t\t\t\t\t\t\t\t\t\t\t\t\t\t<div class=\"swiper-slide\">\n\t\t\t\t\t\t<figure class=\"slide-figure\">\n\t\t\t\t\t\t\t<img decoding=\"async\" class=\"slide-image\" src=\"https:\/\/hub.hslu.ch\/soziale-arbeit\/wp-content\/uploads\/sites\/23\/2024\/04\/SocialLab-Gruppenarbeit.jpg\" alt=\"\">\n\t\t\t\t\t\t\t<figcaption class=\"slide-caption\"><span><\/span><\/figcaption>\n\t\t\t\t\t\t<\/figure>\n\t\t\t\t\t\t<div class=\"slide-action-container\">\n\t\t\t\t\t\t\t<div class=\"slide-action slide-action-zoom\" data-id=\"69f4ba129a0cd\">\uf188<\/div>\n\t\t\t\t\t\t\t\t\t\t\t\t\t<\/div>\n\t\t\t\t\t<\/div>\n\t\t\t\t\t\t\t\t\t\t\t\t\t\t<div class=\"swiper-slide\">\n\t\t\t\t\t\t<figure class=\"slide-figure\">\n\t\t\t\t\t\t\t<img decoding=\"async\" class=\"slide-image\" src=\"https:\/\/hub.hslu.ch\/soziale-arbeit\/wp-content\/uploads\/sites\/23\/2024\/04\/SocialLab-neue-kreieren.jpg\" alt=\"\">\n\t\t\t\t\t\t\t<figcaption class=\"slide-caption\"><span><\/span><\/figcaption>\n\t\t\t\t\t\t<\/figure>\n\t\t\t\t\t\t<div class=\"slide-action-container\">\n\t\t\t\t\t\t\t<div class=\"slide-action slide-action-zoom\" data-id=\"69f4ba129a0cd\">\uf188<\/div>\n\t\t\t\t\t\t\t\t\t\t\t\t\t<\/div>\n\t\t\t\t\t<\/div>\n\t\t\t\t\t\t\t\t\t\t\t\t\t\t<div class=\"swiper-slide\">\n\t\t\t\t\t\t<figure class=\"slide-figure\">\n\t\t\t\t\t\t\t<img decoding=\"async\" class=\"slide-image\" src=\"https:\/\/hub.hslu.ch\/soziale-arbeit\/wp-content\/uploads\/sites\/23\/2024\/04\/SocialLab-Studiernede-kreieren.jpg\" alt=\"\">\n\t\t\t\t\t\t\t<figcaption class=\"slide-caption\"><span><\/span><\/figcaption>\n\t\t\t\t\t\t<\/figure>\n\t\t\t\t\t\t<div class=\"slide-action-container\">\n\t\t\t\t\t\t\t<div class=\"slide-action slide-action-zoom\" data-id=\"69f4ba129a0cd\">\uf188<\/div>\n\t\t\t\t\t\t\t\t\t\t\t\t\t<\/div>\n\t\t\t\t\t<\/div>\n\t\t\t\t\t\t\t\t\t\t\t\t\t\t<div class=\"swiper-slide\">\n\t\t\t\t\t\t<figure class=\"slide-figure\">\n\t\t\t\t\t\t\t<img decoding=\"async\" class=\"slide-image\" src=\"https:\/\/hub.hslu.ch\/soziale-arbeit\/wp-content\/uploads\/sites\/23\/2024\/04\/SocialLab-Studierende-arbeiten.jpg\" alt=\"\">\n\t\t\t\t\t\t\t<figcaption class=\"slide-caption\"><span><\/span><\/figcaption>\n\t\t\t\t\t\t<\/figure>\n\t\t\t\t\t\t<div class=\"slide-action-container\">\n\t\t\t\t\t\t\t<div class=\"slide-action slide-action-zoom\" data-id=\"69f4ba129a0cd\">\uf188<\/div>\n\t\t\t\t\t\t\t\t\t\t\t\t\t<\/div>\n\t\t\t\t\t<\/div>\n\t\t\t\t\t\t\t<\/div>\n\t\t\t<div class=\"swiper-button-prev\"><\/div>\n\t\t\t<div class=\"swiper-button-next\"><\/div>\n\t\t<\/div>\n\t\t<div class=\"swiper-pagination\"><\/div>\n\t<\/div>\n<\/div>\n\n<div class=\"zoom-container\" data-id=\"69f4ba129a0cd\">\n\t<div class=\"zoom-container-inner\">\n\t\t<div class=\"zoom-responsive-container\">\n\t\t\t<div class=\"zoom-wrapper\">\n\t\t\t\t<div class=\"swiper zoomSwiper\">\n\t\t\t\t\t<div class=\"swiper-wrapper\">\n\t\t\t\t\t\t\t\t\t\t\t\t\t\t\t\t\t\t\t\t<div class=\"swiper-slide\">\n\t\t\t\t\t\t\t\t<figure class=\"slide-figure\">\n\t\t\t\t\t\t\t\t\t<img decoding=\"async\" class=\"slide-image\" src=\"https:\/\/hub.hslu.ch\/soziale-arbeit\/wp-content\/uploads\/sites\/23\/2024\/04\/SocialLab-arbeiten-mit-Lego.jpg\" alt=\"\">\n\t\t\t\t\t\t\t\t\t<figcaption class=\"slide-caption\"><span><\/span><\/figcaption>\n\t\t\t\t\t\t\t\t<\/figure>\n\t\t\t\t\t\t\t\t<div class=\"slide-action-container\">\n\t\t\t\t\t\t\t\t\t<div class=\"slide-action zoom-action-close\">\uf189<\/div>\n\t\t\t\t\t\t\t\t\t\t\t\t\t\t\t\t\t<\/div>\n\t\t\t\t\t\t\t<\/div>\n\t\t\t\t\t\t\t\t\t\t\t\t\t\t\t\t\t\t\t\t<div class=\"swiper-slide\">\n\t\t\t\t\t\t\t\t<figure class=\"slide-figure\">\n\t\t\t\t\t\t\t\t\t<img decoding=\"async\" class=\"slide-image\" src=\"https:\/\/hub.hslu.ch\/soziale-arbeit\/wp-content\/uploads\/sites\/23\/2024\/04\/SocialLab-Gruppenarbeit.jpg\" alt=\"\">\n\t\t\t\t\t\t\t\t\t<figcaption class=\"slide-caption\"><span><\/span><\/figcaption>\n\t\t\t\t\t\t\t\t<\/figure>\n\t\t\t\t\t\t\t\t<div class=\"slide-action-container\">\n\t\t\t\t\t\t\t\t\t<div class=\"slide-action zoom-action-close\">\uf189<\/div>\n\t\t\t\t\t\t\t\t\t\t\t\t\t\t\t\t\t<\/div>\n\t\t\t\t\t\t\t<\/div>\n\t\t\t\t\t\t\t\t\t\t\t\t\t\t\t\t\t\t\t\t<div class=\"swiper-slide\">\n\t\t\t\t\t\t\t\t<figure class=\"slide-figure\">\n\t\t\t\t\t\t\t\t\t<img decoding=\"async\" class=\"slide-image\" src=\"https:\/\/hub.hslu.ch\/soziale-arbeit\/wp-content\/uploads\/sites\/23\/2024\/04\/SocialLab-neue-kreieren.jpg\" alt=\"\">\n\t\t\t\t\t\t\t\t\t<figcaption class=\"slide-caption\"><span><\/span><\/figcaption>\n\t\t\t\t\t\t\t\t<\/figure>\n\t\t\t\t\t\t\t\t<div class=\"slide-action-container\">\n\t\t\t\t\t\t\t\t\t<div class=\"slide-action zoom-action-close\">\uf189<\/div>\n\t\t\t\t\t\t\t\t\t\t\t\t\t\t\t\t\t<\/div>\n\t\t\t\t\t\t\t<\/div>\n\t\t\t\t\t\t\t\t\t\t\t\t\t\t\t\t\t\t\t\t<div class=\"swiper-slide\">\n\t\t\t\t\t\t\t\t<figure class=\"slide-figure\">\n\t\t\t\t\t\t\t\t\t<img decoding=\"async\" class=\"slide-image\" src=\"https:\/\/hub.hslu.ch\/soziale-arbeit\/wp-content\/uploads\/sites\/23\/2024\/04\/SocialLab-Studiernede-kreieren.jpg\" alt=\"\">\n\t\t\t\t\t\t\t\t\t<figcaption class=\"slide-caption\"><span><\/span><\/figcaption>\n\t\t\t\t\t\t\t\t<\/figure>\n\t\t\t\t\t\t\t\t<div class=\"slide-action-container\">\n\t\t\t\t\t\t\t\t\t<div class=\"slide-action zoom-action-close\">\uf189<\/div>\n\t\t\t\t\t\t\t\t\t\t\t\t\t\t\t\t\t<\/div>\n\t\t\t\t\t\t\t<\/div>\n\t\t\t\t\t\t\t\t\t\t\t\t\t\t\t\t\t\t\t\t<div class=\"swiper-slide\">\n\t\t\t\t\t\t\t\t<figure class=\"slide-figure\">\n\t\t\t\t\t\t\t\t\t<img decoding=\"async\" class=\"slide-image\" src=\"https:\/\/hub.hslu.ch\/soziale-arbeit\/wp-content\/uploads\/sites\/23\/2024\/04\/SocialLab-Studierende-arbeiten.jpg\" alt=\"\">\n\t\t\t\t\t\t\t\t\t<figcaption class=\"slide-caption\"><span><\/span><\/figcaption>\n\t\t\t\t\t\t\t\t<\/figure>\n\t\t\t\t\t\t\t\t<div class=\"slide-action-container\">\n\t\t\t\t\t\t\t\t\t<div class=\"slide-action zoom-action-close\">\uf189<\/div>\n\t\t\t\t\t\t\t\t\t\t\t\t\t\t\t\t\t<\/div>\n\t\t\t\t\t\t\t<\/div>\n\t\t\t\t\t\t\t\t\t\t\t<\/div>\n\t\t\t\t\t<div class=\"swiper-button-prev\"><\/div>\n\t\t\t\t\t<div class=\"swiper-button-next\"><\/div>\n\t\t\t\t<\/div>\n\t\t\t\t<div class=\"swiper-pagination\"><\/div>\n\t\t\t<\/div>\n\t\t<\/div>\n\t<\/div>\n<\/div>\n\n\n\n<h2 class=\"wp-block-heading\"><strong>Der Perspektivenwechsel als \u00abAsset\u00bb f\u00fcr die Zukunft<\/strong><\/h2>\n\n\n\n<p>Alexa Bodammer und Nadin Saxer freuen sich \u00fcber diese positiven R\u00fcckmeldungen. Die beiden sind starke Verfechterinnen des Design Thinkings und selbst transdisziplin\u00e4r und multiperspektivisch unterwegs. Die studierte Architektin Alexa Bodammer forscht und lehrt an der Hochschule Luzern im Bereich Gemeinde, Stadt- und Regionalentwicklung. Ihre Kollegin Nadin Saxer hat nach ihrem Master in Afrikastudien humanit\u00e4re Hilfe im Ausland geleistet und lehrt heute Arbeitsintegration und Soziale Innovation am Departement Soziale Arbeit. Momentan gleisen die beiden Modulleiterinnen die Challenges f\u00fcr die n\u00e4chste Durchf\u00fchrung des SocialLabs auf. Allzu viel wollen sie noch nicht verraten, aber: \u00abEs werden wieder reale Praxisf\u00e4lle sein, damit die erarbeiteten L\u00f6sungen auch umgesetzt werden k\u00f6nnen. Und wir werden wieder gemeinsam mit Praxispartnern, der Zielgruppe und Teammitgliedern verschiedenster Disziplinen arbeiten. So lernen die Studierenden den konstanten Perspektivenwechsel \u2013 etwas, das sp\u00e4ter im Berufsleben nur von Vorteil sein kann.\u00bb<\/p>\n\n\n\n<p>Von:\u00a0<a href=\"https:\/\/textjetzt.ch\/kontakt.html\">Eva Sch\u00fcmperli-Keller<\/a><br>Bilder:\u00a0<a href=\"https:\/\/www.hslu.ch\/de-ch\/hochschule-luzern\/ueber-uns\/personensuche\/profile\/?pid=5643\">Nadin Saxer<\/a><br>Ver\u00f6ffentlicht: 30. April 2024<\/p>\n\n\n<div class=\"blue-box\">\n\t<div class=\"row\">\n\t\t<div class=\"col-md-12\">\n\t\t\t<p><strong><a href=\"https:\/\/www.isa-campus.ch\/de-ch\/angebote\/sociallab\/\">Neue Challenges im Herbstsemester 2024\/25 \u2013 wer ist mit dabei?<\/a><\/strong><\/p>\n<p>Das n\u00e4chste SocialLab startet mit einer Blockwoche vom 2. bis am 6. September 2024. \u00dcber das Herbstsemester verteilt finden vier Wochenenden mit Kontaktunterricht statt. Eine zweite Blockwoche im Februar 2025 rundet das Modul ab.\u00a0 Studierende aller Studienrichtungen der HSLU sowie der PH Luzern und Universit\u00e4t Luzern k\u00f6nnen sich anmelden. Der Leistungsnachweis erfolgt in Form von Einzel- und Teamleistungen.<\/p>\n<p><strong>Es hat noch freie Pl\u00e4tze:<\/strong>\u00a0Interessierte k\u00f6nnen sich \u00fcber den <a href=\"https:\/\/www.isa-campus.ch\/de-ch\/angebote\/sociallab\/\">Anmeldelink<\/a> anmelden. Anmeldeschluss ist am 31. Mai 2024. Bei Fragen helfen die Co-Modulleiterinnen <a href=\"https:\/\/www.hslu.ch\/de-ch\/hochschule-luzern\/ueber-uns\/personensuche\/profile\/?pid=3110\">Alexa Bodammer<\/a> und <a href=\"https:\/\/www.hslu.ch\/de-ch\/hochschule-luzern\/ueber-uns\/personensuche\/profile\/?pid=5643\">Nadin Saxer<\/a> gerne weiter.<\/p>\n<p><strong>Weitere Informationen:<\/strong> <a href=\"https:\/\/www.isa-campus.ch\/de-ch\/angebote\/sociallab\/\">SocialLab &#8211; ISA Campus <\/a><\/p>\n\t\t<\/div>\n\t<\/div>\n<\/div>\n","protected":false},"excerpt":{"rendered":"<p>Im ISA-Modul \u00abSocialLab\u00bb der Hochschule Luzern t\u00fcfteln Studierende aller Departemente interdisziplin\u00e4r und mit der Kreativ-Methode Design Thinking an passgenauen L\u00f6sungen f\u00fcr reale Problemstellungen aus der Praxis. Ob Bibliothek, Betonwerk oder der Campus Horw: Sie alle haben schon die Dienste des SocialLabs f\u00fcr sich in Anspruch genommen. Im Herbstsemester warten neue Challenges auf die Teilnehmenden.<\/p>\n","protected":false},"author":152,"featured_media":9040,"comment_status":"open","ping_status":"closed","sticky":false,"template":"","format":"standard","meta":{"_acf_changed":false,"inline_featured_image":false,"_relevanssi_hide_post":"","_relevanssi_hide_content":"","_relevanssi_pin_for_all":"","_relevanssi_pin_keywords":"","_relevanssi_unpin_keywords":"","_relevanssi_related_keywords":"","_relevanssi_related_include_ids":"","_relevanssi_related_exclude_ids":"","_relevanssi_related_no_append":"","_relevanssi_related_not_related":"","_relevanssi_related_posts":"8972,8898,8885,8856,8667,8766","_relevanssi_noindex_reason":"","footnotes":"","_links_to":"","_links_to_target":""},"categories":[7],"tags":[96,353,354,244],"class_list":["post-9036","post","type-post","status-publish","format-standard","has-post-thumbnail","hentry","category-ausbildung","tag-bachelor-in-sozialer-arbeit","tag-design-thinking","tag-sociallab","tag-studium"],"acf":[],"yoast_head":"<!-- This site is optimized with the Yoast SEO plugin v27.5 - https:\/\/yoast.com\/product\/yoast-seo-wordpress\/ -->\n<title>SocialLab: Wo Design Thinking Gedanken um die Ecke schickt &#8211; Soziale Arbeit an der Hochschule Luzern<\/title>\n<meta name=\"robots\" content=\"index, follow, max-snippet:-1, max-image-preview:large, max-video-preview:-1\" \/>\n<link rel=\"canonical\" href=\"https:\/\/hub.hslu.ch\/soziale-arbeit\/sociallab-wo-design-thinking-gedanken-um-die-ecke-schickt\/\" \/>\n<meta property=\"og:locale\" content=\"de_DE\" \/>\n<meta property=\"og:type\" content=\"article\" \/>\n<meta property=\"og:title\" content=\"SocialLab: Wo Design Thinking Gedanken um die Ecke schickt &#8211; Soziale Arbeit an der Hochschule Luzern\" \/>\n<meta property=\"og:description\" content=\"Im ISA-Modul \u00abSocialLab\u00bb der Hochschule Luzern t\u00fcfteln Studierende aller Departemente interdisziplin\u00e4r und mit der Kreativ-Methode Design Thinking an passgenauen L\u00f6sungen f\u00fcr reale Problemstellungen aus der Praxis. Ob Bibliothek, Betonwerk oder der Campus Horw: Sie alle haben schon die Dienste des SocialLabs f\u00fcr sich in Anspruch genommen. Im Herbstsemester warten neue Challenges auf die Teilnehmenden.\" \/>\n<meta property=\"og:url\" content=\"https:\/\/hub.hslu.ch\/soziale-arbeit\/sociallab-wo-design-thinking-gedanken-um-die-ecke-schickt\/\" \/>\n<meta property=\"og:site_name\" content=\"Soziale Arbeit an der Hochschule Luzern\" \/>\n<meta property=\"article:published_time\" content=\"2024-04-30T05:00:00+00:00\" \/>\n<meta property=\"article:modified_time\" content=\"2026-02-11T13:54:08+00:00\" \/>\n<meta property=\"og:image\" content=\"https:\/\/hub.hslu.ch\/soziale-arbeit\/wp-content\/uploads\/sites\/23\/2024\/04\/SocialLab-Studierende-am-ueberlegen.jpg\" \/>\n\t<meta property=\"og:image:width\" content=\"1600\" \/>\n\t<meta property=\"og:image:height\" content=\"900\" \/>\n\t<meta property=\"og:image:type\" content=\"image\/jpeg\" \/>\n<meta name=\"author\" content=\"Roger Ettlin\" \/>\n<meta name=\"twitter:card\" content=\"summary_large_image\" \/>\n<meta name=\"twitter:label1\" content=\"Geschrieben von\" \/>\n\t<meta name=\"twitter:data1\" content=\"Roger Ettlin\" \/>\n\t<meta name=\"twitter:label2\" content=\"Gesch\u00e4tzte Lesezeit\" \/>\n\t<meta name=\"twitter:data2\" content=\"4\u00a0Minuten\" \/>\n<script type=\"application\/ld+json\" class=\"yoast-schema-graph\">{\"@context\":\"https:\\\/\\\/schema.org\",\"@graph\":[{\"@type\":\"Article\",\"@id\":\"https:\\\/\\\/hub.hslu.ch\\\/soziale-arbeit\\\/sociallab-wo-design-thinking-gedanken-um-die-ecke-schickt\\\/#article\",\"isPartOf\":{\"@id\":\"https:\\\/\\\/hub.hslu.ch\\\/soziale-arbeit\\\/sociallab-wo-design-thinking-gedanken-um-die-ecke-schickt\\\/\"},\"author\":{\"name\":\"Roger Ettlin\",\"@id\":\"https:\\\/\\\/hub.hslu.ch\\\/soziale-arbeit\\\/#\\\/schema\\\/person\\\/0d13e861725ae87916921d6d018489e4\"},\"headline\":\"SocialLab: Wo Design Thinking Gedanken um die Ecke schickt\",\"datePublished\":\"2024-04-30T05:00:00+00:00\",\"dateModified\":\"2026-02-11T13:54:08+00:00\",\"mainEntityOfPage\":{\"@id\":\"https:\\\/\\\/hub.hslu.ch\\\/soziale-arbeit\\\/sociallab-wo-design-thinking-gedanken-um-die-ecke-schickt\\\/\"},\"wordCount\":666,\"commentCount\":0,\"image\":{\"@id\":\"https:\\\/\\\/hub.hslu.ch\\\/soziale-arbeit\\\/sociallab-wo-design-thinking-gedanken-um-die-ecke-schickt\\\/#primaryimage\"},\"thumbnailUrl\":\"https:\\\/\\\/hub.hslu.ch\\\/soziale-arbeit\\\/wp-content\\\/uploads\\\/sites\\\/23\\\/2024\\\/04\\\/SocialLab-Studierende-am-ueberlegen.jpg\",\"keywords\":[\"Bachelor in Sozialer Arbeit\",\"design thinking\",\"SocialLab\",\"Studium\"],\"articleSection\":[\"Studium\"],\"inLanguage\":\"de-CH\",\"potentialAction\":[{\"@type\":\"CommentAction\",\"name\":\"Comment\",\"target\":[\"https:\\\/\\\/hub.hslu.ch\\\/soziale-arbeit\\\/sociallab-wo-design-thinking-gedanken-um-die-ecke-schickt\\\/#respond\"]}]},{\"@type\":\"WebPage\",\"@id\":\"https:\\\/\\\/hub.hslu.ch\\\/soziale-arbeit\\\/sociallab-wo-design-thinking-gedanken-um-die-ecke-schickt\\\/\",\"url\":\"https:\\\/\\\/hub.hslu.ch\\\/soziale-arbeit\\\/sociallab-wo-design-thinking-gedanken-um-die-ecke-schickt\\\/\",\"name\":\"SocialLab: Wo Design Thinking Gedanken um die Ecke schickt &#8211; Soziale Arbeit an der Hochschule Luzern\",\"isPartOf\":{\"@id\":\"https:\\\/\\\/hub.hslu.ch\\\/soziale-arbeit\\\/#website\"},\"primaryImageOfPage\":{\"@id\":\"https:\\\/\\\/hub.hslu.ch\\\/soziale-arbeit\\\/sociallab-wo-design-thinking-gedanken-um-die-ecke-schickt\\\/#primaryimage\"},\"image\":{\"@id\":\"https:\\\/\\\/hub.hslu.ch\\\/soziale-arbeit\\\/sociallab-wo-design-thinking-gedanken-um-die-ecke-schickt\\\/#primaryimage\"},\"thumbnailUrl\":\"https:\\\/\\\/hub.hslu.ch\\\/soziale-arbeit\\\/wp-content\\\/uploads\\\/sites\\\/23\\\/2024\\\/04\\\/SocialLab-Studierende-am-ueberlegen.jpg\",\"datePublished\":\"2024-04-30T05:00:00+00:00\",\"dateModified\":\"2026-02-11T13:54:08+00:00\",\"author\":{\"@id\":\"https:\\\/\\\/hub.hslu.ch\\\/soziale-arbeit\\\/#\\\/schema\\\/person\\\/0d13e861725ae87916921d6d018489e4\"},\"breadcrumb\":{\"@id\":\"https:\\\/\\\/hub.hslu.ch\\\/soziale-arbeit\\\/sociallab-wo-design-thinking-gedanken-um-die-ecke-schickt\\\/#breadcrumb\"},\"inLanguage\":\"de-CH\",\"potentialAction\":[{\"@type\":\"ReadAction\",\"target\":[\"https:\\\/\\\/hub.hslu.ch\\\/soziale-arbeit\\\/sociallab-wo-design-thinking-gedanken-um-die-ecke-schickt\\\/\"]}]},{\"@type\":\"ImageObject\",\"inLanguage\":\"de-CH\",\"@id\":\"https:\\\/\\\/hub.hslu.ch\\\/soziale-arbeit\\\/sociallab-wo-design-thinking-gedanken-um-die-ecke-schickt\\\/#primaryimage\",\"url\":\"https:\\\/\\\/hub.hslu.ch\\\/soziale-arbeit\\\/wp-content\\\/uploads\\\/sites\\\/23\\\/2024\\\/04\\\/SocialLab-Studierende-am-ueberlegen.jpg\",\"contentUrl\":\"https:\\\/\\\/hub.hslu.ch\\\/soziale-arbeit\\\/wp-content\\\/uploads\\\/sites\\\/23\\\/2024\\\/04\\\/SocialLab-Studierende-am-ueberlegen.jpg\",\"width\":1600,\"height\":900,\"caption\":\"SocialLab Studierende am \u00fcberlegen\"},{\"@type\":\"BreadcrumbList\",\"@id\":\"https:\\\/\\\/hub.hslu.ch\\\/soziale-arbeit\\\/sociallab-wo-design-thinking-gedanken-um-die-ecke-schickt\\\/#breadcrumb\",\"itemListElement\":[{\"@type\":\"ListItem\",\"position\":1,\"name\":\"Home\",\"item\":\"https:\\\/\\\/hub.hslu.ch\\\/soziale-arbeit\\\/\"},{\"@type\":\"ListItem\",\"position\":2,\"name\":\"SocialLab: Wo Design Thinking Gedanken um die Ecke schickt\"}]},{\"@type\":\"WebSite\",\"@id\":\"https:\\\/\\\/hub.hslu.ch\\\/soziale-arbeit\\\/#website\",\"url\":\"https:\\\/\\\/hub.hslu.ch\\\/soziale-arbeit\\\/\",\"name\":\"Soziale Arbeit an der Hochschule Luzern\",\"description\":\"Der Blog der Hochschule Luzern \u2013 Soziale Arbeit\",\"potentialAction\":[{\"@type\":\"SearchAction\",\"target\":{\"@type\":\"EntryPoint\",\"urlTemplate\":\"https:\\\/\\\/hub.hslu.ch\\\/soziale-arbeit\\\/?s={search_term_string}\"},\"query-input\":{\"@type\":\"PropertyValueSpecification\",\"valueRequired\":true,\"valueName\":\"search_term_string\"}}],\"inLanguage\":\"de-CH\"},{\"@type\":\"Person\",\"@id\":\"https:\\\/\\\/hub.hslu.ch\\\/soziale-arbeit\\\/#\\\/schema\\\/person\\\/0d13e861725ae87916921d6d018489e4\",\"name\":\"Roger Ettlin\"}]}<\/script>\n<!-- \/ Yoast SEO plugin. -->","yoast_head_json":{"title":"SocialLab: Wo Design Thinking Gedanken um die Ecke schickt &#8211; Soziale Arbeit an der Hochschule Luzern","robots":{"index":"index","follow":"follow","max-snippet":"max-snippet:-1","max-image-preview":"max-image-preview:large","max-video-preview":"max-video-preview:-1"},"canonical":"https:\/\/hub.hslu.ch\/soziale-arbeit\/sociallab-wo-design-thinking-gedanken-um-die-ecke-schickt\/","og_locale":"de_DE","og_type":"article","og_title":"SocialLab: Wo Design Thinking Gedanken um die Ecke schickt &#8211; Soziale Arbeit an der Hochschule Luzern","og_description":"Im ISA-Modul \u00abSocialLab\u00bb der Hochschule Luzern t\u00fcfteln Studierende aller Departemente interdisziplin\u00e4r und mit der Kreativ-Methode Design Thinking an passgenauen L\u00f6sungen f\u00fcr reale Problemstellungen aus der Praxis. Ob Bibliothek, Betonwerk oder der Campus Horw: Sie alle haben schon die Dienste des SocialLabs f\u00fcr sich in Anspruch genommen. Im Herbstsemester warten neue Challenges auf die Teilnehmenden.","og_url":"https:\/\/hub.hslu.ch\/soziale-arbeit\/sociallab-wo-design-thinking-gedanken-um-die-ecke-schickt\/","og_site_name":"Soziale Arbeit an der Hochschule Luzern","article_published_time":"2024-04-30T05:00:00+00:00","article_modified_time":"2026-02-11T13:54:08+00:00","og_image":[{"width":1600,"height":900,"url":"https:\/\/hub.hslu.ch\/soziale-arbeit\/wp-content\/uploads\/sites\/23\/2024\/04\/SocialLab-Studierende-am-ueberlegen.jpg","type":"image\/jpeg"}],"author":"Roger Ettlin","twitter_card":"summary_large_image","twitter_misc":{"Geschrieben von":"Roger Ettlin","Gesch\u00e4tzte Lesezeit":"4\u00a0Minuten"},"schema":{"@context":"https:\/\/schema.org","@graph":[{"@type":"Article","@id":"https:\/\/hub.hslu.ch\/soziale-arbeit\/sociallab-wo-design-thinking-gedanken-um-die-ecke-schickt\/#article","isPartOf":{"@id":"https:\/\/hub.hslu.ch\/soziale-arbeit\/sociallab-wo-design-thinking-gedanken-um-die-ecke-schickt\/"},"author":{"name":"Roger Ettlin","@id":"https:\/\/hub.hslu.ch\/soziale-arbeit\/#\/schema\/person\/0d13e861725ae87916921d6d018489e4"},"headline":"SocialLab: Wo Design Thinking Gedanken um die Ecke schickt","datePublished":"2024-04-30T05:00:00+00:00","dateModified":"2026-02-11T13:54:08+00:00","mainEntityOfPage":{"@id":"https:\/\/hub.hslu.ch\/soziale-arbeit\/sociallab-wo-design-thinking-gedanken-um-die-ecke-schickt\/"},"wordCount":666,"commentCount":0,"image":{"@id":"https:\/\/hub.hslu.ch\/soziale-arbeit\/sociallab-wo-design-thinking-gedanken-um-die-ecke-schickt\/#primaryimage"},"thumbnailUrl":"https:\/\/hub.hslu.ch\/soziale-arbeit\/wp-content\/uploads\/sites\/23\/2024\/04\/SocialLab-Studierende-am-ueberlegen.jpg","keywords":["Bachelor in Sozialer Arbeit","design thinking","SocialLab","Studium"],"articleSection":["Studium"],"inLanguage":"de-CH","potentialAction":[{"@type":"CommentAction","name":"Comment","target":["https:\/\/hub.hslu.ch\/soziale-arbeit\/sociallab-wo-design-thinking-gedanken-um-die-ecke-schickt\/#respond"]}]},{"@type":"WebPage","@id":"https:\/\/hub.hslu.ch\/soziale-arbeit\/sociallab-wo-design-thinking-gedanken-um-die-ecke-schickt\/","url":"https:\/\/hub.hslu.ch\/soziale-arbeit\/sociallab-wo-design-thinking-gedanken-um-die-ecke-schickt\/","name":"SocialLab: Wo Design Thinking Gedanken um die Ecke schickt &#8211; Soziale Arbeit an der Hochschule Luzern","isPartOf":{"@id":"https:\/\/hub.hslu.ch\/soziale-arbeit\/#website"},"primaryImageOfPage":{"@id":"https:\/\/hub.hslu.ch\/soziale-arbeit\/sociallab-wo-design-thinking-gedanken-um-die-ecke-schickt\/#primaryimage"},"image":{"@id":"https:\/\/hub.hslu.ch\/soziale-arbeit\/sociallab-wo-design-thinking-gedanken-um-die-ecke-schickt\/#primaryimage"},"thumbnailUrl":"https:\/\/hub.hslu.ch\/soziale-arbeit\/wp-content\/uploads\/sites\/23\/2024\/04\/SocialLab-Studierende-am-ueberlegen.jpg","datePublished":"2024-04-30T05:00:00+00:00","dateModified":"2026-02-11T13:54:08+00:00","author":{"@id":"https:\/\/hub.hslu.ch\/soziale-arbeit\/#\/schema\/person\/0d13e861725ae87916921d6d018489e4"},"breadcrumb":{"@id":"https:\/\/hub.hslu.ch\/soziale-arbeit\/sociallab-wo-design-thinking-gedanken-um-die-ecke-schickt\/#breadcrumb"},"inLanguage":"de-CH","potentialAction":[{"@type":"ReadAction","target":["https:\/\/hub.hslu.ch\/soziale-arbeit\/sociallab-wo-design-thinking-gedanken-um-die-ecke-schickt\/"]}]},{"@type":"ImageObject","inLanguage":"de-CH","@id":"https:\/\/hub.hslu.ch\/soziale-arbeit\/sociallab-wo-design-thinking-gedanken-um-die-ecke-schickt\/#primaryimage","url":"https:\/\/hub.hslu.ch\/soziale-arbeit\/wp-content\/uploads\/sites\/23\/2024\/04\/SocialLab-Studierende-am-ueberlegen.jpg","contentUrl":"https:\/\/hub.hslu.ch\/soziale-arbeit\/wp-content\/uploads\/sites\/23\/2024\/04\/SocialLab-Studierende-am-ueberlegen.jpg","width":1600,"height":900,"caption":"SocialLab Studierende am \u00fcberlegen"},{"@type":"BreadcrumbList","@id":"https:\/\/hub.hslu.ch\/soziale-arbeit\/sociallab-wo-design-thinking-gedanken-um-die-ecke-schickt\/#breadcrumb","itemListElement":[{"@type":"ListItem","position":1,"name":"Home","item":"https:\/\/hub.hslu.ch\/soziale-arbeit\/"},{"@type":"ListItem","position":2,"name":"SocialLab: Wo Design Thinking Gedanken um die Ecke schickt"}]},{"@type":"WebSite","@id":"https:\/\/hub.hslu.ch\/soziale-arbeit\/#website","url":"https:\/\/hub.hslu.ch\/soziale-arbeit\/","name":"Soziale Arbeit an der Hochschule Luzern","description":"Der Blog der Hochschule Luzern \u2013 Soziale Arbeit","potentialAction":[{"@type":"SearchAction","target":{"@type":"EntryPoint","urlTemplate":"https:\/\/hub.hslu.ch\/soziale-arbeit\/?s={search_term_string}"},"query-input":{"@type":"PropertyValueSpecification","valueRequired":true,"valueName":"search_term_string"}}],"inLanguage":"de-CH"},{"@type":"Person","@id":"https:\/\/hub.hslu.ch\/soziale-arbeit\/#\/schema\/person\/0d13e861725ae87916921d6d018489e4","name":"Roger Ettlin"}]}},"featured_image_src":"https:\/\/hub.hslu.ch\/soziale-arbeit\/wp-content\/uploads\/sites\/23\/2024\/04\/SocialLab-Studierende-am-ueberlegen.jpg","featured_image_src_square":"https:\/\/hub.hslu.ch\/soziale-arbeit\/wp-content\/uploads\/sites\/23\/2024\/04\/SocialLab-Studierende-am-ueberlegen.jpg","author_info":{"display_name":"Roger Ettlin","author_link":"https:\/\/hub.hslu.ch\/soziale-arbeit\/author\/rogerettlin\/"},"_links":{"self":[{"href":"https:\/\/hub.hslu.ch\/soziale-arbeit\/wp-json\/wp\/v2\/posts\/9036","targetHints":{"allow":["GET"]}}],"collection":[{"href":"https:\/\/hub.hslu.ch\/soziale-arbeit\/wp-json\/wp\/v2\/posts"}],"about":[{"href":"https:\/\/hub.hslu.ch\/soziale-arbeit\/wp-json\/wp\/v2\/types\/post"}],"author":[{"embeddable":true,"href":"https:\/\/hub.hslu.ch\/soziale-arbeit\/wp-json\/wp\/v2\/users\/152"}],"replies":[{"embeddable":true,"href":"https:\/\/hub.hslu.ch\/soziale-arbeit\/wp-json\/wp\/v2\/comments?post=9036"}],"version-history":[{"count":15,"href":"https:\/\/hub.hslu.ch\/soziale-arbeit\/wp-json\/wp\/v2\/posts\/9036\/revisions"}],"predecessor-version":[{"id":13031,"href":"https:\/\/hub.hslu.ch\/soziale-arbeit\/wp-json\/wp\/v2\/posts\/9036\/revisions\/13031"}],"wp:featuredmedia":[{"embeddable":true,"href":"https:\/\/hub.hslu.ch\/soziale-arbeit\/wp-json\/wp\/v2\/media\/9040"}],"wp:attachment":[{"href":"https:\/\/hub.hslu.ch\/soziale-arbeit\/wp-json\/wp\/v2\/media?parent=9036"}],"wp:term":[{"taxonomy":"category","embeddable":true,"href":"https:\/\/hub.hslu.ch\/soziale-arbeit\/wp-json\/wp\/v2\/categories?post=9036"},{"taxonomy":"post_tag","embeddable":true,"href":"https:\/\/hub.hslu.ch\/soziale-arbeit\/wp-json\/wp\/v2\/tags?post=9036"}],"curies":[{"name":"wp","href":"https:\/\/api.w.org\/{rel}","templated":true}]}}