{"id":9394,"date":"2024-06-18T06:00:00","date_gmt":"2024-06-18T04:00:00","guid":{"rendered":"https:\/\/hub.hslu.ch\/soziale-arbeit\/?p=9394"},"modified":"2026-02-11T14:54:08","modified_gmt":"2026-02-11T13:54:08","slug":"angebote-fuer-opfer-haeuslicher-und-sexualisierter-gewalt","status":"publish","type":"post","link":"https:\/\/hub.hslu.ch\/soziale-arbeit\/angebote-fuer-opfer-haeuslicher-und-sexualisierter-gewalt\/","title":{"rendered":"Angebote f\u00fcr Opfer h\u00e4uslicher und sexualisierter Gewalt"},"content":{"rendered":"\n\n\n<p>Der Event fand in Luzern im Rahmen des <a href=\"https:\/\/www.masterinsozialerarbeit.ch\/\" target=\"_blank\" rel=\"noreferrer noopener\">Kooperationsmasters in Sozialer Arbeit<\/a> statt. Studierende des Masters haben bereits mit Projekten im Auftrag von Fachorganisationen und Masterthesen Beitr\u00e4ge zur Weiterentwicklung von Angeboten f\u00fcr Betroffene h\u00e4uslicher und sexualisierter Gewalt beigetragen. Bei diesem Event standen die Angebote f\u00fcr Opfer h\u00e4uslicher und sexualisierter Gewalt sowie die Bedeutung der Arbeit von Fachorganisationen im Zentrum. Das grosse Interesse am Event mit knapp 70 Teilnehmenden zeigte sich auch beim informellen Austausch am anschliessenden Ap\u00e9ro.<\/p>\n\n\n\n<p class=\"is-style-lead\"><strong>Die aktuelle professionelle und disziplin\u00e4re Debatte<\/strong><\/p>\n\n\n\n<p>Rebecca M\u00f6rgen, ehemalige Standortleiterin Luzern des Kooperationsmasters der BFH \u2013 HSLU \u2013 OST, ging bei ihrer Begr\u00fcssung auf die Meldungen \u00fcber h\u00e4usliche und sexualisierte Gewalt, u.a. in Einrichtungen der Sozialen Arbeit, ein. Wie auch die <a href=\"https:\/\/sgsa-ssts.ch\/2024-04-29\/\" target=\"_blank\" rel=\"noreferrer noopener\">Schweizerische Gesellschaft f\u00fcr Soziale Arbeit<\/a> fordert, muss die Profession und Disziplin Soziale Arbeit fachliche Standards mittels Qualit\u00e4tssicherung einhalten und bei der politischen, fachlichen und wissenschaftlichen Aufdeckung und Aufarbeitung missbr\u00e4uchlicher Praxen ihren Beitrag leisten. Dies geschieht aktuell im Rahmen von Arbeitsgruppen und wissenschaftlichen Berichten.<\/p>\n\n\n\n<p>Dar\u00fcber hinaus ist die Soziale Arbeit gefordert, h\u00e4usliche und sexualisierte Gewalt zu thematisieren, zu deuten sowie intra- und interprofessionell Angebote f\u00fcr Betroffene zur Verf\u00fcgung zu stellen und diese weiterzuentwickeln.<\/p>\n\n\n\n<div class=\"wp-block-buttons is-content-justification-center is-layout-flex wp-container-core-buttons-is-layout-16018d1d wp-block-buttons-is-layout-flex\">\n<div class=\"wp-block-button is-style-fill\"><a class=\"wp-block-button__link has-background wp-element-button\" href=\"https:\/\/www.hslu.ch\/de-ch\/soziale-arbeit\/studium\/master\/soziale-arbeit\/\" style=\"background:linear-gradient(135deg,rgb(119,197,216) 0%,rgb(119,197,216) 100%)\" target=\"_blank\" rel=\"noreferrer noopener\"><strong>Master in Sozialer Arbeit: Mehr Infos<\/strong><\/a><\/div>\n<\/div>\n\n\n\n\n\n<p class=\"is-style-lead\"><strong>Die Arbeit im Frauenhaus<\/strong><\/p>\n\n\n\n<p>Silvia Vetsch, Leiterin des <a href=\"https:\/\/www.frauenhaus-stgallen.ch\/\" target=\"_blank\" rel=\"noreferrer noopener\">Frauenhauses St. Gallen<\/a> und Vorstandsmitglied der Dachorganisation der <a href=\"https:\/\/www.frauenhaeuser.ch\/de\/ueber-uns\" target=\"_blank\" rel=\"noreferrer noopener\">Frauenh\u00e4user Schweiz<\/a>, berichtete im ersten Fachvortrag von der Arbeit im Frauenhaus. Sie schilderte die \u00e4usserst prek\u00e4re Situation der Opfer und oftmals auch deren Kinder, die verschiedenen Formen von Gewalt und deren physischen und psychischen Folgen sowie die finanziellen und strukturellen Herausforderungen der Frauenh\u00e4user. Eindr\u00fccklich wurde zudem der Ablauf von der Kontaktaufnahme \u00fcber den Treffpunkt, Eintritt, Aufenthalt und Alltag im Frauenhaus erl\u00e4utert.<\/p>\n\n\n\n<figure class=\"wp-block-image size-large\"><img loading=\"lazy\" decoding=\"async\" width=\"1024\" height=\"575\" src=\"https:\/\/hub.hslu.ch\/soziale-arbeit\/wp-content\/uploads\/sites\/23\/2024\/06\/Fachinput-Die-Arbeit-im-Frauenhaus-von-Silvia-Vetsch-1024x575.jpg\" alt=\"Fachinput \u00abDie Arbeit im Frauenhaus\u00bb von Silvia Vetsch\" class=\"wp-image-9406\" srcset=\"https:\/\/hub.hslu.ch\/soziale-arbeit\/wp-content\/uploads\/sites\/23\/2024\/06\/Fachinput-Die-Arbeit-im-Frauenhaus-von-Silvia-Vetsch-1024x575.jpg 1024w, https:\/\/hub.hslu.ch\/soziale-arbeit\/wp-content\/uploads\/sites\/23\/2024\/06\/Fachinput-Die-Arbeit-im-Frauenhaus-von-Silvia-Vetsch-300x169.jpg 300w, https:\/\/hub.hslu.ch\/soziale-arbeit\/wp-content\/uploads\/sites\/23\/2024\/06\/Fachinput-Die-Arbeit-im-Frauenhaus-von-Silvia-Vetsch-768x432.jpg 768w, https:\/\/hub.hslu.ch\/soziale-arbeit\/wp-content\/uploads\/sites\/23\/2024\/06\/Fachinput-Die-Arbeit-im-Frauenhaus-von-Silvia-Vetsch-1536x863.jpg 1536w, https:\/\/hub.hslu.ch\/soziale-arbeit\/wp-content\/uploads\/sites\/23\/2024\/06\/Fachinput-Die-Arbeit-im-Frauenhaus-von-Silvia-Vetsch-928x521.jpg 928w, https:\/\/hub.hslu.ch\/soziale-arbeit\/wp-content\/uploads\/sites\/23\/2024\/06\/Fachinput-Die-Arbeit-im-Frauenhaus-von-Silvia-Vetsch-600x337.jpg 600w, https:\/\/hub.hslu.ch\/soziale-arbeit\/wp-content\/uploads\/sites\/23\/2024\/06\/Fachinput-Die-Arbeit-im-Frauenhaus-von-Silvia-Vetsch.jpg 1614w\" sizes=\"auto, (max-width: 1024px) 100vw, 1024px\" \/><figcaption class=\"wp-element-caption\"><em>Fachinput \u00abDie Arbeit im Frauenhaus\u00bb von Silvia Vetsch<\/em><\/figcaption><\/figure>\n\n\n\n<p class=\"is-style-lead\"><strong>Die Arbeit der Opferberatungsstelle des Kantons Luzern<\/strong><\/p>\n\n\n\n<p>Eliane Tsch\u00fcmperlin und Tobias Frank stellten das Angebot der <a href=\"https:\/\/disg.lu.ch\/themen\/opferberatung\">Opferberatungsstelle des Kantons Luzern<\/a> vor. Eliane Tsch\u00fcmperlin ist Juristin und f\u00fcr die Beratung von Betroffenen h\u00e4uslicher Gewalt sowie die Chatberatung und Beratung von Kindern und Jugendlichen zust\u00e4ndig. Tobias Frank ist Alumi des Kooperationsmasters in Sozialer Arbeit, wo er im Auftrag der Opferberatungsstelle Luzern bereits ein <a href=\"https:\/\/www.masterinsozialerarbeit.ch\/blog\/misa-report-cybercrime-eine-neue-herausforderung-fuer-die-opferberatung-2022-05-16\/\">Studierendenprojekt<\/a> realisiert hatte. Er ist heute stellvertretender Abteilungs- und Fachleiter der Opferberatungsstelle.<\/p>\n\n\n\n<p>Nach der Vorstellung der Organisation, des Auftrags, den Grundlagen wurden statistische Zahlen der Neumeldungen 2023 erl\u00e4utert. Letztere betreffen \u00fcberwiegend h\u00e4usliche und sexuelle Gewalt. Anhand eines Fallbeispiels wurde dem interessierten Publikum eindrucksvoll der Beratungsablauf exemplarisch aufgezeigt.<\/p>\n\n\n\n<figure class=\"wp-block-image size-large\"><img loading=\"lazy\" decoding=\"async\" width=\"1024\" height=\"575\" src=\"https:\/\/hub.hslu.ch\/soziale-arbeit\/wp-content\/uploads\/sites\/23\/2024\/06\/Die-Arbeit-der-Opferberatungsstelle-Eliane-Tschuemperlin-und-Tobias-Frank-1024x575.jpg\" alt=\"Die Arbeit der Opferberatungsstelle - Eliane Tsch\u00fcmperlin und Tobias Frank\" class=\"wp-image-9408\" srcset=\"https:\/\/hub.hslu.ch\/soziale-arbeit\/wp-content\/uploads\/sites\/23\/2024\/06\/Die-Arbeit-der-Opferberatungsstelle-Eliane-Tschuemperlin-und-Tobias-Frank-1024x575.jpg 1024w, https:\/\/hub.hslu.ch\/soziale-arbeit\/wp-content\/uploads\/sites\/23\/2024\/06\/Die-Arbeit-der-Opferberatungsstelle-Eliane-Tschuemperlin-und-Tobias-Frank-300x169.jpg 300w, https:\/\/hub.hslu.ch\/soziale-arbeit\/wp-content\/uploads\/sites\/23\/2024\/06\/Die-Arbeit-der-Opferberatungsstelle-Eliane-Tschuemperlin-und-Tobias-Frank-768x432.jpg 768w, https:\/\/hub.hslu.ch\/soziale-arbeit\/wp-content\/uploads\/sites\/23\/2024\/06\/Die-Arbeit-der-Opferberatungsstelle-Eliane-Tschuemperlin-und-Tobias-Frank-1536x863.jpg 1536w, https:\/\/hub.hslu.ch\/soziale-arbeit\/wp-content\/uploads\/sites\/23\/2024\/06\/Die-Arbeit-der-Opferberatungsstelle-Eliane-Tschuemperlin-und-Tobias-Frank-928x521.jpg 928w, https:\/\/hub.hslu.ch\/soziale-arbeit\/wp-content\/uploads\/sites\/23\/2024\/06\/Die-Arbeit-der-Opferberatungsstelle-Eliane-Tschuemperlin-und-Tobias-Frank-600x337.jpg 600w, https:\/\/hub.hslu.ch\/soziale-arbeit\/wp-content\/uploads\/sites\/23\/2024\/06\/Die-Arbeit-der-Opferberatungsstelle-Eliane-Tschuemperlin-und-Tobias-Frank.jpg 1614w\" sizes=\"auto, (max-width: 1024px) 100vw, 1024px\" \/><figcaption class=\"wp-element-caption\"><em>Die Arbeit der Opferberatungsstelle &#8211; Eliane Tsch\u00fcmperlin und Tobias Frank<\/em><\/figcaption><\/figure>\n\n\n\n\n\n<p class=\"is-style-lead\"><strong>Das Potenzial von Restorative Justice<\/strong><\/p>\n\n\n\n<p><a href=\"https:\/\/news.hslu.ch\/petra-baumann\/\">Petra Baumann<\/a>, ebenfalls Alumna des Kooperationsmasters und Leiterin der Koordinationsstelle H\u00e4usliche Gewalt und Menschenhandel des Kantons St. Gallen, untersuchte in ihrer Masterarbeit <a href=\"https:\/\/www.soziothek.ch\/das-potential-von-restorative-justice-bei-sexualisierter-gewalt-im-erwachsenenbereich\">das Potenzial von Restorative Justice<\/a> bei sexualisierter Gewalt im Erwachsenenbereich. Sie berichtete in ihrem Fachinput von den zentralen Ergebnissen und Erkenntnissen der empirischen Untersuchung bei Opferberatungsstellen in der Deutschschweiz. Die Befunde zeigten, dass Restorative Justice eher bei leichten Straftaten als geeignet erachtet wird, schwere Delikte aber nicht g\u00e4nzlich ausgeklammert werden. F\u00fcr Fachberatende ist es denkbar unter bestimmten Bedingungen in Restorative Justice-Verfahren mitzuwirken und sie \u00e4ussern Interesse an entsprechenden Weiterbildungen.<\/p>\n\n\n<div class=\"blue-box\">\n\t<div class=\"row\">\n\t\t<div class=\"col-md-12\">\n\t\t\t<p><strong>Was ist Restorative Justice?<\/strong><\/p>\n<p>Restorative Justice ist ein Ansatz im Strafrechtssystem, der auf die Wiedergutmachung von Schaden, die Heilung von Beziehungen und die Rehabilitation von Straft\u00e4tern abzielt. Im Gegensatz zum traditionellen strafrechtlichen Ansatz, der sich haupts\u00e4chlich auf die Bestrafung des T\u00e4ters konzentriert, legt Restorative Justice den Schwerpunkt auf die Bed\u00fcrfnisse der Opfer, die Verantwortung des T\u00e4ters f\u00fcr sein Handeln und die Wiederherstellung der betroffenen Gemeinschaft. Interventionen in diesem Rahmen sind partizipative Prozesse, die neben Opfer und T\u00e4ter auch Bezugspersonen und Fachpersonen einbeziehen.<\/p>\n\t\t<\/div>\n\t<\/div>\n<\/div>\n\n\n\n<p class=\"is-style-lead\"><strong>Die Arbeit des Vereins Swiss Association Forensic Nursing Schweiz<\/strong><\/p>\n\n\n\n<p>Valeria K\u00e4gi, Co-Leiterin der Forensic Nurses des Instituts f\u00fcr Rechtsmedizin der Universit\u00e4t Z\u00fcrich und Mitbegr\u00fcnderin des Vereins <a href=\"https:\/\/swissforensicnurses.ch\/verein\/\" target=\"_blank\" rel=\"noreferrer noopener\">Swiss Association Forensic Nursing<\/a> Schweiz, f\u00fchrte in ihrem Vortrag in die Pr\u00e4vention sexualisierter Gewalt und die Betreuung von Gewaltbetroffenen sowie das \u00ab<a href=\"https:\/\/www.zh.ch\/de\/news-uebersicht\/medienmitteilungen\/2023\/11\/kanton-zuerich-staerkt-mit-dem-zuercher-modell-die-betreuung-von-opfern-sexueller-und-haeuslicher-gewalt.html\" target=\"_blank\" rel=\"noreferrer noopener\">Z\u00fcrcher Modell<\/a>\u00bb ein. Ein wesentlicher Mehrwert des neuen Angebots des Aufsuchenden Dienstes Forensic Nurses im Kanton Z\u00fcrich f\u00fcr Opfer von sexueller und h\u00e4uslicher Gewalt stellt die Optimierung des gesamten Betreuungsprozesses f\u00fcr Gewaltbetroffene dar. Zentral f\u00fcr diesen Opferschutz ist die St\u00e4rkung forensischer Kompetenzen bei der Spurensicherung. Dabei werden insbesondere die Einsatzgebiete und Schnittstellen zwischen der Sozialen Arbeit und Pflege deutlich, wozu bereits <a href=\"https:\/\/www.irm.uzh.ch\/de\/lehre\/Weiterbildung\/forensicnursing.html\" target=\"_blank\" rel=\"noreferrer noopener\">Weiterbildungen<\/a> angeboten werden und k\u00fcnftig Kooperationen bedeutsam sind.<\/p>\n\n\n\n<div class=\"swiper__responsive-container \">\n\t<div class=\"swiper__responsive-wrapper\">\n\t\t<div class=\"swiper mainSwiper\">\n\t\t\t<div class=\"swiper-wrapper\">\n\t\t\t\t\t\t\t\t\t\t\t\t\t\t<div class=\"swiper-slide\">\n\t\t\t\t\t\t<figure class=\"slide-figure\">\n\t\t\t\t\t\t\t<img decoding=\"async\" class=\"slide-image\" src=\"https:\/\/hub.hslu.ch\/soziale-arbeit\/wp-content\/uploads\/sites\/23\/2024\/06\/Fachinput-Forensic-Nursing-von-Valeria-Kaegi.jpg\" alt=\"Fachinput \u00abForensic Nursing\u00bb von Valeria K\u00e4gi\">\n\t\t\t\t\t\t\t<figcaption class=\"slide-caption\"><span>Fachinput \u00abForensic Nursing\u00bb von Valeria K\u00e4gi<\/span><\/figcaption>\n\t\t\t\t\t\t<\/figure>\n\t\t\t\t\t\t<div class=\"slide-action-container\">\n\t\t\t\t\t\t\t<div class=\"slide-action slide-action-zoom\" data-id=\"69f4d0ee4ebcc\">\uf188<\/div>\n\t\t\t\t\t\t\t\t\t\t\t\t\t<\/div>\n\t\t\t\t\t<\/div>\n\t\t\t\t\t\t\t\t\t\t\t\t\t\t<div class=\"swiper-slide\">\n\t\t\t\t\t\t<figure class=\"slide-figure\">\n\t\t\t\t\t\t\t<img decoding=\"async\" class=\"slide-image\" src=\"https:\/\/hub.hslu.ch\/soziale-arbeit\/wp-content\/uploads\/sites\/23\/2024\/06\/Fachinput-Restorative-Justice-von-Petra-Baumann.jpg\" alt=\"Fachinput Restorative Justice von Petra Baumann\">\n\t\t\t\t\t\t\t<figcaption class=\"slide-caption\"><span>Fachinput Restorative Justice von Petra Baumann<\/span><\/figcaption>\n\t\t\t\t\t\t<\/figure>\n\t\t\t\t\t\t<div class=\"slide-action-container\">\n\t\t\t\t\t\t\t<div class=\"slide-action slide-action-zoom\" data-id=\"69f4d0ee4ebcc\">\uf188<\/div>\n\t\t\t\t\t\t\t\t\t\t\t\t\t<\/div>\n\t\t\t\t\t<\/div>\n\t\t\t\t\t\t\t\t\t\t\t\t\t\t<div class=\"swiper-slide\">\n\t\t\t\t\t\t<figure class=\"slide-figure\">\n\t\t\t\t\t\t\t<img decoding=\"async\" class=\"slide-image\" src=\"https:\/\/hub.hslu.ch\/soziale-arbeit\/wp-content\/uploads\/sites\/23\/2024\/06\/Podiumsdiskussion-zu-Haeusliche-und-sexualisierte-Gewalt.jpg\" alt=\"Podiumsdiskussion zu \u00abH\u00e4usliche und sexualisierte Gewalt\u00bb\">\n\t\t\t\t\t\t\t<figcaption class=\"slide-caption\"><span>Podiumsdiskussion zu \u00abH\u00e4usliche und sexualisierte Gewalt\u00bb<\/span><\/figcaption>\n\t\t\t\t\t\t<\/figure>\n\t\t\t\t\t\t<div class=\"slide-action-container\">\n\t\t\t\t\t\t\t<div class=\"slide-action slide-action-zoom\" data-id=\"69f4d0ee4ebcc\">\uf188<\/div>\n\t\t\t\t\t\t\t\t\t\t\t\t\t<\/div>\n\t\t\t\t\t<\/div>\n\t\t\t\t\t\t\t<\/div>\n\t\t\t<div class=\"swiper-button-prev\"><\/div>\n\t\t\t<div class=\"swiper-button-next\"><\/div>\n\t\t<\/div>\n\t\t<div class=\"swiper-pagination\"><\/div>\n\t<\/div>\n<\/div>\n\n<div class=\"zoom-container\" data-id=\"69f4d0ee4ebcc\">\n\t<div class=\"zoom-container-inner\">\n\t\t<div class=\"zoom-responsive-container\">\n\t\t\t<div class=\"zoom-wrapper\">\n\t\t\t\t<div class=\"swiper zoomSwiper\">\n\t\t\t\t\t<div class=\"swiper-wrapper\">\n\t\t\t\t\t\t\t\t\t\t\t\t\t\t\t\t\t\t\t\t<div class=\"swiper-slide\">\n\t\t\t\t\t\t\t\t<figure class=\"slide-figure\">\n\t\t\t\t\t\t\t\t\t<img decoding=\"async\" class=\"slide-image\" src=\"https:\/\/hub.hslu.ch\/soziale-arbeit\/wp-content\/uploads\/sites\/23\/2024\/06\/Fachinput-Forensic-Nursing-von-Valeria-Kaegi.jpg\" alt=\"Fachinput \u00abForensic Nursing\u00bb von Valeria K\u00e4gi\">\n\t\t\t\t\t\t\t\t\t<figcaption class=\"slide-caption\"><span>Fachinput \u00abForensic Nursing\u00bb von Valeria K\u00e4gi<\/span><\/figcaption>\n\t\t\t\t\t\t\t\t<\/figure>\n\t\t\t\t\t\t\t\t<div class=\"slide-action-container\">\n\t\t\t\t\t\t\t\t\t<div class=\"slide-action zoom-action-close\">\uf189<\/div>\n\t\t\t\t\t\t\t\t\t\t\t\t\t\t\t\t\t<\/div>\n\t\t\t\t\t\t\t<\/div>\n\t\t\t\t\t\t\t\t\t\t\t\t\t\t\t\t\t\t\t\t<div class=\"swiper-slide\">\n\t\t\t\t\t\t\t\t<figure class=\"slide-figure\">\n\t\t\t\t\t\t\t\t\t<img decoding=\"async\" class=\"slide-image\" src=\"https:\/\/hub.hslu.ch\/soziale-arbeit\/wp-content\/uploads\/sites\/23\/2024\/06\/Fachinput-Restorative-Justice-von-Petra-Baumann.jpg\" alt=\"Fachinput Restorative Justice von Petra Baumann\">\n\t\t\t\t\t\t\t\t\t<figcaption class=\"slide-caption\"><span>Fachinput Restorative Justice von Petra Baumann<\/span><\/figcaption>\n\t\t\t\t\t\t\t\t<\/figure>\n\t\t\t\t\t\t\t\t<div class=\"slide-action-container\">\n\t\t\t\t\t\t\t\t\t<div class=\"slide-action zoom-action-close\">\uf189<\/div>\n\t\t\t\t\t\t\t\t\t\t\t\t\t\t\t\t\t<\/div>\n\t\t\t\t\t\t\t<\/div>\n\t\t\t\t\t\t\t\t\t\t\t\t\t\t\t\t\t\t\t\t<div class=\"swiper-slide\">\n\t\t\t\t\t\t\t\t<figure class=\"slide-figure\">\n\t\t\t\t\t\t\t\t\t<img decoding=\"async\" class=\"slide-image\" src=\"https:\/\/hub.hslu.ch\/soziale-arbeit\/wp-content\/uploads\/sites\/23\/2024\/06\/Podiumsdiskussion-zu-Haeusliche-und-sexualisierte-Gewalt.jpg\" alt=\"Podiumsdiskussion zu \u00abH\u00e4usliche und sexualisierte Gewalt\u00bb\">\n\t\t\t\t\t\t\t\t\t<figcaption class=\"slide-caption\"><span>Podiumsdiskussion zu \u00abH\u00e4usliche und sexualisierte Gewalt\u00bb<\/span><\/figcaption>\n\t\t\t\t\t\t\t\t<\/figure>\n\t\t\t\t\t\t\t\t<div class=\"slide-action-container\">\n\t\t\t\t\t\t\t\t\t<div class=\"slide-action zoom-action-close\">\uf189<\/div>\n\t\t\t\t\t\t\t\t\t\t\t\t\t\t\t\t\t<\/div>\n\t\t\t\t\t\t\t<\/div>\n\t\t\t\t\t\t\t\t\t\t\t<\/div>\n\t\t\t\t\t<div class=\"swiper-button-prev\"><\/div>\n\t\t\t\t\t<div class=\"swiper-button-next\"><\/div>\n\t\t\t\t<\/div>\n\t\t\t\t<div class=\"swiper-pagination\"><\/div>\n\t\t\t<\/div>\n\t\t<\/div>\n\t<\/div>\n<\/div>\n\n\n\n<p class=\"is-style-lead\"><strong>Podiumsdiskussion<\/strong><\/p>\n\n\n\n<p>An der abschliessenden Podiumsdiskussion wurden von den Referent:innen Fragen aus dem Publikum diskutiert und beantwortet. Hierbei wurden aktuelle Herausforderungen, die Arbeit mit Opfern und T\u00e4ter:innen, die Gestaltung der interprofessionellen und interdisziplin\u00e4ren Kooperation sowie die Aus- und Weiterbildung von Fachpersonen diskutiert. Der Eingang von Restorative Justice in der Praxis und innovative Gehalt des Z\u00fcrcher Modell f\u00fcr andere Kantone bildeten einen abschliessenden Ausblick vor dem \u00dcbergang zum Ap\u00e9ro.<\/p>\n\n\n\n<p>Von:&nbsp;Aaron Rhyner<br>Bilder:&nbsp;<a href=\"https:\/\/rogerettlin.ch\/\">Roger Ettlin<\/a><br>Ver\u00f6ffentlicht: 18. Juni 2024<\/p>\n\n\n<div class=\"blue-box\">\n\t<div class=\"row\">\n\t\t<div class=\"col-md-12\">\n\t\t\t<p><strong><a class=\"fui-Link ___m14voj0 f3rmtva f1ern45e f1deefiw f1n71otn f1q5o8ev f1h8hb77 f1vxd6vx f1ewtqcl fyind8e f1k6fduh f1w7gpdv fk6fouc fjoy568 figsok6 f1hu3pq6 f11qmguv f19f4twv f1tyq0we f1g0x7ka fhxju0i f1qch9an f1cnd47f fqv5qza f1vmzxwi f1o700av f13mvf36 f9n3di6 f1ids18y fygtlnl f1deo86v f12x56k7 f1iescvh ftqa4ok f50u1b5 fs3pq8b f1hghxdh f1tymzes f1x7u7e9 f1cmlufx f10aw75t fsle3fq\" title=\"http:\/\/www.masterinsozialerarbeit.ch\" href=\"http:\/\/www.masterinsozialerarbeit.ch\/\" target=\"_blank\" rel=\"noopener noreferrer\" aria-label=\"Link Master in Sozialer Arbeit\">Master in Sozialer Arbeit<\/a><\/strong><\/p>\n<p>Je st\u00e4rker der gesellschaftliche Wandel, desto komplexer die Soziale Arbeit. Deshalb braucht es Fachpersonen, die diesen Wandel aktiv gestalten wollen. Der Master in Sozialer Arbeit der BFH, HSLU und OST bef\u00e4higt dazu, die Komplexit\u00e4t zu meistern. Aus der Kooperation der drei Hochschulen ergeben sich besonders viele Optionen, sowohl in der Studienplanung als auch in der beruflichen Entwicklung nach dem Master-Abschluss.<\/p>\n<p><strong>Weitere Informationen:<\/strong>\u00a0<a href=\"http:\/\/www.masterinsozialerarbeit.ch\/\">www.masterinsozialerarbeit.ch<\/a><\/p>\n<p><strong>Infoveranstaltungen:<\/strong> <a href=\"https:\/\/www.hslu.ch\/de-ch\/soziale-arbeit\/agenda\/#?filters=102&amp;q=master\">Hier anmelden<\/a><\/p>\n\t\t<\/div>\n\t<\/div>\n<\/div>\n","protected":false},"excerpt":{"rendered":"<p>H\u00e4usliche und sexualisierte Gewalt sind immer noch Tabuthemen und sie erhalten wenig Aufmerksamkeit. Deshalb ist die Arbeit der verschiedenen Fachorganisationen so wichtig. Am 28. Mai 2024 stellten Organisationen bew\u00e4hrte und neue Konzepte f\u00fcr Opfer h\u00e4uslicher und sexualisierter Gewalt vor.<\/p>\n","protected":false},"author":152,"featured_media":9416,"comment_status":"open","ping_status":"closed","sticky":false,"template":"","format":"standard","meta":{"_acf_changed":false,"inline_featured_image":false,"_relevanssi_hide_post":"","_relevanssi_hide_content":"","_relevanssi_pin_for_all":"","_relevanssi_pin_keywords":"","_relevanssi_unpin_keywords":"","_relevanssi_related_keywords":"","_relevanssi_related_include_ids":"","_relevanssi_related_exclude_ids":"","_relevanssi_related_no_append":"","_relevanssi_related_not_related":"","_relevanssi_related_posts":"9181,9266,9364,9159,9306,9210","_relevanssi_noindex_reason":"","footnotes":"","_links_to":"","_links_to_target":""},"categories":[12,7],"tags":[298,360,268,299],"class_list":["post-9394","post","type-post","status-publish","format-standard","has-post-thumbnail","hentry","category-devianz-gewalt-opferschutz","category-ausbildung","tag-gewalt","tag-haeusliche-gewalt","tag-master-in-sozialer-arbeit","tag-opferschutz"],"acf":[],"yoast_head":"<!-- This site is optimized with the Yoast SEO plugin v27.5 - https:\/\/yoast.com\/product\/yoast-seo-wordpress\/ -->\n<title>Angebote f\u00fcr Opfer h\u00e4uslicher und sexualisierter Gewalt &#8211; Soziale Arbeit an der Hochschule Luzern<\/title>\n<meta name=\"robots\" content=\"index, follow, max-snippet:-1, max-image-preview:large, max-video-preview:-1\" \/>\n<link rel=\"canonical\" href=\"https:\/\/hub.hslu.ch\/soziale-arbeit\/angebote-fuer-opfer-haeuslicher-und-sexualisierter-gewalt\/\" \/>\n<meta property=\"og:locale\" content=\"de_DE\" \/>\n<meta property=\"og:type\" content=\"article\" \/>\n<meta property=\"og:title\" content=\"Angebote f\u00fcr Opfer h\u00e4uslicher und sexualisierter Gewalt &#8211; Soziale Arbeit an der Hochschule Luzern\" \/>\n<meta property=\"og:description\" content=\"H\u00e4usliche und sexualisierte Gewalt sind immer noch Tabuthemen und sie erhalten wenig Aufmerksamkeit. Deshalb ist die Arbeit der verschiedenen Fachorganisationen so wichtig. Am 28. Mai 2024 stellten Organisationen bew\u00e4hrte und neue Konzepte f\u00fcr Opfer h\u00e4uslicher und sexualisierter Gewalt vor.\" \/>\n<meta property=\"og:url\" content=\"https:\/\/hub.hslu.ch\/soziale-arbeit\/angebote-fuer-opfer-haeuslicher-und-sexualisierter-gewalt\/\" \/>\n<meta property=\"og:site_name\" content=\"Soziale Arbeit an der Hochschule Luzern\" \/>\n<meta property=\"article:published_time\" content=\"2024-06-18T04:00:00+00:00\" \/>\n<meta property=\"article:modified_time\" content=\"2026-02-11T13:54:08+00:00\" \/>\n<meta property=\"og:image\" content=\"https:\/\/hub.hslu.ch\/soziale-arbeit\/wp-content\/uploads\/sites\/23\/2024\/06\/Event-zu-haeusliche-Gewalt-Rebecca-Moergen-und-Aaron-Rhyner.jpg\" \/>\n\t<meta property=\"og:image:width\" content=\"1614\" \/>\n\t<meta property=\"og:image:height\" content=\"907\" \/>\n\t<meta property=\"og:image:type\" content=\"image\/jpeg\" \/>\n<meta name=\"author\" content=\"Roger Ettlin\" \/>\n<meta name=\"twitter:card\" content=\"summary_large_image\" \/>\n<meta name=\"twitter:label1\" content=\"Geschrieben von\" \/>\n\t<meta name=\"twitter:data1\" content=\"Roger Ettlin\" \/>\n\t<meta name=\"twitter:label2\" content=\"Gesch\u00e4tzte Lesezeit\" \/>\n\t<meta name=\"twitter:data2\" content=\"5\u00a0Minuten\" \/>\n<script type=\"application\/ld+json\" class=\"yoast-schema-graph\">{\"@context\":\"https:\\\/\\\/schema.org\",\"@graph\":[{\"@type\":\"Article\",\"@id\":\"https:\\\/\\\/hub.hslu.ch\\\/soziale-arbeit\\\/angebote-fuer-opfer-haeuslicher-und-sexualisierter-gewalt\\\/#article\",\"isPartOf\":{\"@id\":\"https:\\\/\\\/hub.hslu.ch\\\/soziale-arbeit\\\/angebote-fuer-opfer-haeuslicher-und-sexualisierter-gewalt\\\/\"},\"author\":{\"name\":\"Roger Ettlin\",\"@id\":\"https:\\\/\\\/hub.hslu.ch\\\/soziale-arbeit\\\/#\\\/schema\\\/person\\\/0d13e861725ae87916921d6d018489e4\"},\"headline\":\"Angebote f\u00fcr Opfer h\u00e4uslicher und sexualisierter Gewalt\",\"datePublished\":\"2024-06-18T04:00:00+00:00\",\"dateModified\":\"2026-02-11T13:54:08+00:00\",\"mainEntityOfPage\":{\"@id\":\"https:\\\/\\\/hub.hslu.ch\\\/soziale-arbeit\\\/angebote-fuer-opfer-haeuslicher-und-sexualisierter-gewalt\\\/\"},\"wordCount\":749,\"commentCount\":0,\"image\":{\"@id\":\"https:\\\/\\\/hub.hslu.ch\\\/soziale-arbeit\\\/angebote-fuer-opfer-haeuslicher-und-sexualisierter-gewalt\\\/#primaryimage\"},\"thumbnailUrl\":\"https:\\\/\\\/hub.hslu.ch\\\/soziale-arbeit\\\/wp-content\\\/uploads\\\/sites\\\/23\\\/2024\\\/06\\\/Event-zu-haeusliche-Gewalt-Rebecca-Moergen-und-Aaron-Rhyner.jpg\",\"keywords\":[\"Gewalt\",\"h\u00e4usliche Gewalt\",\"Master in Sozialer Arbeit\",\"Opferschutz\"],\"articleSection\":[\"Devianz, Gewalt und Opferschutz\",\"Studium\"],\"inLanguage\":\"de-CH\",\"potentialAction\":[{\"@type\":\"CommentAction\",\"name\":\"Comment\",\"target\":[\"https:\\\/\\\/hub.hslu.ch\\\/soziale-arbeit\\\/angebote-fuer-opfer-haeuslicher-und-sexualisierter-gewalt\\\/#respond\"]}]},{\"@type\":\"WebPage\",\"@id\":\"https:\\\/\\\/hub.hslu.ch\\\/soziale-arbeit\\\/angebote-fuer-opfer-haeuslicher-und-sexualisierter-gewalt\\\/\",\"url\":\"https:\\\/\\\/hub.hslu.ch\\\/soziale-arbeit\\\/angebote-fuer-opfer-haeuslicher-und-sexualisierter-gewalt\\\/\",\"name\":\"Angebote f\u00fcr Opfer h\u00e4uslicher und sexualisierter Gewalt &#8211; Soziale Arbeit an der Hochschule Luzern\",\"isPartOf\":{\"@id\":\"https:\\\/\\\/hub.hslu.ch\\\/soziale-arbeit\\\/#website\"},\"primaryImageOfPage\":{\"@id\":\"https:\\\/\\\/hub.hslu.ch\\\/soziale-arbeit\\\/angebote-fuer-opfer-haeuslicher-und-sexualisierter-gewalt\\\/#primaryimage\"},\"image\":{\"@id\":\"https:\\\/\\\/hub.hslu.ch\\\/soziale-arbeit\\\/angebote-fuer-opfer-haeuslicher-und-sexualisierter-gewalt\\\/#primaryimage\"},\"thumbnailUrl\":\"https:\\\/\\\/hub.hslu.ch\\\/soziale-arbeit\\\/wp-content\\\/uploads\\\/sites\\\/23\\\/2024\\\/06\\\/Event-zu-haeusliche-Gewalt-Rebecca-Moergen-und-Aaron-Rhyner.jpg\",\"datePublished\":\"2024-06-18T04:00:00+00:00\",\"dateModified\":\"2026-02-11T13:54:08+00:00\",\"author\":{\"@id\":\"https:\\\/\\\/hub.hslu.ch\\\/soziale-arbeit\\\/#\\\/schema\\\/person\\\/0d13e861725ae87916921d6d018489e4\"},\"breadcrumb\":{\"@id\":\"https:\\\/\\\/hub.hslu.ch\\\/soziale-arbeit\\\/angebote-fuer-opfer-haeuslicher-und-sexualisierter-gewalt\\\/#breadcrumb\"},\"inLanguage\":\"de-CH\",\"potentialAction\":[{\"@type\":\"ReadAction\",\"target\":[\"https:\\\/\\\/hub.hslu.ch\\\/soziale-arbeit\\\/angebote-fuer-opfer-haeuslicher-und-sexualisierter-gewalt\\\/\"]}]},{\"@type\":\"ImageObject\",\"inLanguage\":\"de-CH\",\"@id\":\"https:\\\/\\\/hub.hslu.ch\\\/soziale-arbeit\\\/angebote-fuer-opfer-haeuslicher-und-sexualisierter-gewalt\\\/#primaryimage\",\"url\":\"https:\\\/\\\/hub.hslu.ch\\\/soziale-arbeit\\\/wp-content\\\/uploads\\\/sites\\\/23\\\/2024\\\/06\\\/Event-zu-haeusliche-Gewalt-Rebecca-Moergen-und-Aaron-Rhyner.jpg\",\"contentUrl\":\"https:\\\/\\\/hub.hslu.ch\\\/soziale-arbeit\\\/wp-content\\\/uploads\\\/sites\\\/23\\\/2024\\\/06\\\/Event-zu-haeusliche-Gewalt-Rebecca-Moergen-und-Aaron-Rhyner.jpg\",\"width\":1614,\"height\":907,\"caption\":\"Event zu h\u00e4usliche Gewalt - Rebecca M\u00f6rgen und Aaron Rhyner\"},{\"@type\":\"BreadcrumbList\",\"@id\":\"https:\\\/\\\/hub.hslu.ch\\\/soziale-arbeit\\\/angebote-fuer-opfer-haeuslicher-und-sexualisierter-gewalt\\\/#breadcrumb\",\"itemListElement\":[{\"@type\":\"ListItem\",\"position\":1,\"name\":\"Home\",\"item\":\"https:\\\/\\\/hub.hslu.ch\\\/soziale-arbeit\\\/\"},{\"@type\":\"ListItem\",\"position\":2,\"name\":\"Angebote f\u00fcr Opfer h\u00e4uslicher und sexualisierter Gewalt\"}]},{\"@type\":\"WebSite\",\"@id\":\"https:\\\/\\\/hub.hslu.ch\\\/soziale-arbeit\\\/#website\",\"url\":\"https:\\\/\\\/hub.hslu.ch\\\/soziale-arbeit\\\/\",\"name\":\"Soziale Arbeit an der Hochschule Luzern\",\"description\":\"Der Blog der Hochschule Luzern \u2013 Soziale Arbeit\",\"potentialAction\":[{\"@type\":\"SearchAction\",\"target\":{\"@type\":\"EntryPoint\",\"urlTemplate\":\"https:\\\/\\\/hub.hslu.ch\\\/soziale-arbeit\\\/?s={search_term_string}\"},\"query-input\":{\"@type\":\"PropertyValueSpecification\",\"valueRequired\":true,\"valueName\":\"search_term_string\"}}],\"inLanguage\":\"de-CH\"},{\"@type\":\"Person\",\"@id\":\"https:\\\/\\\/hub.hslu.ch\\\/soziale-arbeit\\\/#\\\/schema\\\/person\\\/0d13e861725ae87916921d6d018489e4\",\"name\":\"Roger Ettlin\"}]}<\/script>\n<!-- \/ Yoast SEO plugin. -->","yoast_head_json":{"title":"Angebote f\u00fcr Opfer h\u00e4uslicher und sexualisierter Gewalt &#8211; Soziale Arbeit an der Hochschule Luzern","robots":{"index":"index","follow":"follow","max-snippet":"max-snippet:-1","max-image-preview":"max-image-preview:large","max-video-preview":"max-video-preview:-1"},"canonical":"https:\/\/hub.hslu.ch\/soziale-arbeit\/angebote-fuer-opfer-haeuslicher-und-sexualisierter-gewalt\/","og_locale":"de_DE","og_type":"article","og_title":"Angebote f\u00fcr Opfer h\u00e4uslicher und sexualisierter Gewalt &#8211; Soziale Arbeit an der Hochschule Luzern","og_description":"H\u00e4usliche und sexualisierte Gewalt sind immer noch Tabuthemen und sie erhalten wenig Aufmerksamkeit. Deshalb ist die Arbeit der verschiedenen Fachorganisationen so wichtig. Am 28. Mai 2024 stellten Organisationen bew\u00e4hrte und neue Konzepte f\u00fcr Opfer h\u00e4uslicher und sexualisierter Gewalt vor.","og_url":"https:\/\/hub.hslu.ch\/soziale-arbeit\/angebote-fuer-opfer-haeuslicher-und-sexualisierter-gewalt\/","og_site_name":"Soziale Arbeit an der Hochschule Luzern","article_published_time":"2024-06-18T04:00:00+00:00","article_modified_time":"2026-02-11T13:54:08+00:00","og_image":[{"width":1614,"height":907,"url":"https:\/\/hub.hslu.ch\/soziale-arbeit\/wp-content\/uploads\/sites\/23\/2024\/06\/Event-zu-haeusliche-Gewalt-Rebecca-Moergen-und-Aaron-Rhyner.jpg","type":"image\/jpeg"}],"author":"Roger Ettlin","twitter_card":"summary_large_image","twitter_misc":{"Geschrieben von":"Roger Ettlin","Gesch\u00e4tzte Lesezeit":"5\u00a0Minuten"},"schema":{"@context":"https:\/\/schema.org","@graph":[{"@type":"Article","@id":"https:\/\/hub.hslu.ch\/soziale-arbeit\/angebote-fuer-opfer-haeuslicher-und-sexualisierter-gewalt\/#article","isPartOf":{"@id":"https:\/\/hub.hslu.ch\/soziale-arbeit\/angebote-fuer-opfer-haeuslicher-und-sexualisierter-gewalt\/"},"author":{"name":"Roger Ettlin","@id":"https:\/\/hub.hslu.ch\/soziale-arbeit\/#\/schema\/person\/0d13e861725ae87916921d6d018489e4"},"headline":"Angebote f\u00fcr Opfer h\u00e4uslicher und sexualisierter Gewalt","datePublished":"2024-06-18T04:00:00+00:00","dateModified":"2026-02-11T13:54:08+00:00","mainEntityOfPage":{"@id":"https:\/\/hub.hslu.ch\/soziale-arbeit\/angebote-fuer-opfer-haeuslicher-und-sexualisierter-gewalt\/"},"wordCount":749,"commentCount":0,"image":{"@id":"https:\/\/hub.hslu.ch\/soziale-arbeit\/angebote-fuer-opfer-haeuslicher-und-sexualisierter-gewalt\/#primaryimage"},"thumbnailUrl":"https:\/\/hub.hslu.ch\/soziale-arbeit\/wp-content\/uploads\/sites\/23\/2024\/06\/Event-zu-haeusliche-Gewalt-Rebecca-Moergen-und-Aaron-Rhyner.jpg","keywords":["Gewalt","h\u00e4usliche Gewalt","Master in Sozialer Arbeit","Opferschutz"],"articleSection":["Devianz, Gewalt und Opferschutz","Studium"],"inLanguage":"de-CH","potentialAction":[{"@type":"CommentAction","name":"Comment","target":["https:\/\/hub.hslu.ch\/soziale-arbeit\/angebote-fuer-opfer-haeuslicher-und-sexualisierter-gewalt\/#respond"]}]},{"@type":"WebPage","@id":"https:\/\/hub.hslu.ch\/soziale-arbeit\/angebote-fuer-opfer-haeuslicher-und-sexualisierter-gewalt\/","url":"https:\/\/hub.hslu.ch\/soziale-arbeit\/angebote-fuer-opfer-haeuslicher-und-sexualisierter-gewalt\/","name":"Angebote f\u00fcr Opfer h\u00e4uslicher und sexualisierter Gewalt &#8211; Soziale Arbeit an der Hochschule Luzern","isPartOf":{"@id":"https:\/\/hub.hslu.ch\/soziale-arbeit\/#website"},"primaryImageOfPage":{"@id":"https:\/\/hub.hslu.ch\/soziale-arbeit\/angebote-fuer-opfer-haeuslicher-und-sexualisierter-gewalt\/#primaryimage"},"image":{"@id":"https:\/\/hub.hslu.ch\/soziale-arbeit\/angebote-fuer-opfer-haeuslicher-und-sexualisierter-gewalt\/#primaryimage"},"thumbnailUrl":"https:\/\/hub.hslu.ch\/soziale-arbeit\/wp-content\/uploads\/sites\/23\/2024\/06\/Event-zu-haeusliche-Gewalt-Rebecca-Moergen-und-Aaron-Rhyner.jpg","datePublished":"2024-06-18T04:00:00+00:00","dateModified":"2026-02-11T13:54:08+00:00","author":{"@id":"https:\/\/hub.hslu.ch\/soziale-arbeit\/#\/schema\/person\/0d13e861725ae87916921d6d018489e4"},"breadcrumb":{"@id":"https:\/\/hub.hslu.ch\/soziale-arbeit\/angebote-fuer-opfer-haeuslicher-und-sexualisierter-gewalt\/#breadcrumb"},"inLanguage":"de-CH","potentialAction":[{"@type":"ReadAction","target":["https:\/\/hub.hslu.ch\/soziale-arbeit\/angebote-fuer-opfer-haeuslicher-und-sexualisierter-gewalt\/"]}]},{"@type":"ImageObject","inLanguage":"de-CH","@id":"https:\/\/hub.hslu.ch\/soziale-arbeit\/angebote-fuer-opfer-haeuslicher-und-sexualisierter-gewalt\/#primaryimage","url":"https:\/\/hub.hslu.ch\/soziale-arbeit\/wp-content\/uploads\/sites\/23\/2024\/06\/Event-zu-haeusliche-Gewalt-Rebecca-Moergen-und-Aaron-Rhyner.jpg","contentUrl":"https:\/\/hub.hslu.ch\/soziale-arbeit\/wp-content\/uploads\/sites\/23\/2024\/06\/Event-zu-haeusliche-Gewalt-Rebecca-Moergen-und-Aaron-Rhyner.jpg","width":1614,"height":907,"caption":"Event zu h\u00e4usliche Gewalt - Rebecca M\u00f6rgen und Aaron Rhyner"},{"@type":"BreadcrumbList","@id":"https:\/\/hub.hslu.ch\/soziale-arbeit\/angebote-fuer-opfer-haeuslicher-und-sexualisierter-gewalt\/#breadcrumb","itemListElement":[{"@type":"ListItem","position":1,"name":"Home","item":"https:\/\/hub.hslu.ch\/soziale-arbeit\/"},{"@type":"ListItem","position":2,"name":"Angebote f\u00fcr Opfer h\u00e4uslicher und sexualisierter Gewalt"}]},{"@type":"WebSite","@id":"https:\/\/hub.hslu.ch\/soziale-arbeit\/#website","url":"https:\/\/hub.hslu.ch\/soziale-arbeit\/","name":"Soziale Arbeit an der Hochschule Luzern","description":"Der Blog der Hochschule Luzern \u2013 Soziale Arbeit","potentialAction":[{"@type":"SearchAction","target":{"@type":"EntryPoint","urlTemplate":"https:\/\/hub.hslu.ch\/soziale-arbeit\/?s={search_term_string}"},"query-input":{"@type":"PropertyValueSpecification","valueRequired":true,"valueName":"search_term_string"}}],"inLanguage":"de-CH"},{"@type":"Person","@id":"https:\/\/hub.hslu.ch\/soziale-arbeit\/#\/schema\/person\/0d13e861725ae87916921d6d018489e4","name":"Roger Ettlin"}]}},"featured_image_src":"https:\/\/hub.hslu.ch\/soziale-arbeit\/wp-content\/uploads\/sites\/23\/2024\/06\/Event-zu-haeusliche-Gewalt-Rebecca-Moergen-und-Aaron-Rhyner.jpg","featured_image_src_square":"https:\/\/hub.hslu.ch\/soziale-arbeit\/wp-content\/uploads\/sites\/23\/2024\/06\/Event-zu-haeusliche-Gewalt-Rebecca-Moergen-und-Aaron-Rhyner.jpg","author_info":{"display_name":"Roger Ettlin","author_link":"https:\/\/hub.hslu.ch\/soziale-arbeit\/author\/rogerettlin\/"},"_links":{"self":[{"href":"https:\/\/hub.hslu.ch\/soziale-arbeit\/wp-json\/wp\/v2\/posts\/9394","targetHints":{"allow":["GET"]}}],"collection":[{"href":"https:\/\/hub.hslu.ch\/soziale-arbeit\/wp-json\/wp\/v2\/posts"}],"about":[{"href":"https:\/\/hub.hslu.ch\/soziale-arbeit\/wp-json\/wp\/v2\/types\/post"}],"author":[{"embeddable":true,"href":"https:\/\/hub.hslu.ch\/soziale-arbeit\/wp-json\/wp\/v2\/users\/152"}],"replies":[{"embeddable":true,"href":"https:\/\/hub.hslu.ch\/soziale-arbeit\/wp-json\/wp\/v2\/comments?post=9394"}],"version-history":[{"count":15,"href":"https:\/\/hub.hslu.ch\/soziale-arbeit\/wp-json\/wp\/v2\/posts\/9394\/revisions"}],"predecessor-version":[{"id":13041,"href":"https:\/\/hub.hslu.ch\/soziale-arbeit\/wp-json\/wp\/v2\/posts\/9394\/revisions\/13041"}],"wp:featuredmedia":[{"embeddable":true,"href":"https:\/\/hub.hslu.ch\/soziale-arbeit\/wp-json\/wp\/v2\/media\/9416"}],"wp:attachment":[{"href":"https:\/\/hub.hslu.ch\/soziale-arbeit\/wp-json\/wp\/v2\/media?parent=9394"}],"wp:term":[{"taxonomy":"category","embeddable":true,"href":"https:\/\/hub.hslu.ch\/soziale-arbeit\/wp-json\/wp\/v2\/categories?post=9394"},{"taxonomy":"post_tag","embeddable":true,"href":"https:\/\/hub.hslu.ch\/soziale-arbeit\/wp-json\/wp\/v2\/tags?post=9394"}],"curies":[{"name":"wp","href":"https:\/\/api.w.org\/{rel}","templated":true}]}}