{"id":9448,"date":"2024-07-30T06:30:00","date_gmt":"2024-07-30T04:30:00","guid":{"rendered":"https:\/\/hub.hslu.ch\/soziale-arbeit\/?p=9448"},"modified":"2026-02-11T14:54:08","modified_gmt":"2026-02-11T13:54:08","slug":"der-bachelor-in-pflege-weitet-den-blick","status":"publish","type":"post","link":"https:\/\/hub.hslu.ch\/soziale-arbeit\/der-bachelor-in-pflege-weitet-den-blick\/","title":{"rendered":"\u00abDer Bachelor in Pflege weitet den Blick\u00bb"},"content":{"rendered":"\n\n\n<p><strong>No\u00ebmi Schmidt, Sie sind Pflegeexpertin bei der Spitex. Was sind Ihre Aufgaben?<\/strong><\/p>\n\n\n\n<p>Zusammen mit weiteren Pflegefachpersonen (darunter zwei APN) arbeite ich im Team Pflegeexpertise. Wir beraten die Spitex-Mitarbeitenden in herausfordernden Pflegesituationen und sind f\u00fcr die Qualit\u00e4tssicherung und Weiterentwicklung zust\u00e4ndig. Ich leite Fallbesprechungen und Schulungen, f\u00fchre neue Handlungsanweisungen ein oder begleite Eins\u00e4tze bei Klient:innen.<\/p>\n\n\n\n<p>Die Spitex erbringt ambulante Pflegeleistungen, welche durch die Krankenkasse verg\u00fctet werden. Zu meinen Aufgaben als Pflegeexpertin geh\u00f6rt deshalb auch die Kontaktaufnahme mit den Krankenkassen, falls es zur R\u00fcckweisung von Kosten\u00fcbernahmen kommt.<\/p>\n\n\n<div class=\"blue-box\">\n\t<div class=\"row\">\n\t\t<div class=\"col-md-12\">\n\t\t\t<p><strong><span style=\"color: blue\"><a href=\"https:\/\/www.hslu.ch\/de-ch\/soziale-arbeit\/studium\/bachelor-pflege\/pflege\/\"><span style=\"text-decoration: none\">Bachelor in Pflege: Zus\u00e4tzlicher Studienstart im Fr\u00fchling 2025<\/span><\/a><\/span><\/strong><\/p>\n<p>Wir starten im September mit einem voll besetzten Studiengang in den neuen verk\u00fcrzten Bachelor in Pflege f\u00fcr diplomierte Pflegefachpersonen.<\/p>\n<p>Aufgrund der hohen Nachfrage hat die Hochschule Luzern\u00a0beschlossen, einen zus\u00e4tzlichen Studienstart im Fr\u00fchlingssemester 2025 zu erm\u00f6glichen.<\/p>\n<p>Eine Anmeldung ist ab sofort m\u00f6glich: <a href=\"https:\/\/www.hslu.ch\/de-ch\/soziale-arbeit\/studium\/bachelor-pflege\/pflege\/\">Webseite Bachelor in Pflege<\/a><\/p>\n\t\t<\/div>\n\t<\/div>\n<\/div>\n\n\n\n<p><strong>Schildern Sie uns einen typischen Arbeitstag.<\/strong><\/p>\n\n\n\n<p>Am Morgen arbeite ich im B\u00fcro. Ich bin per E-Mail oder telefonisch erreichbar, falls Spitex-Mitarbeitende \u2013 manchmal direkt aus ihren Eins\u00e4tzen heraus \u2013 Unterst\u00fctzung bei herausfordernden F\u00e4llen suchen. Ich bereite Fallbesprechungen vor, stelle Unterlagen f\u00fcr neue Prozesse und Schulungen zusammen oder pflege den Austausch mit den verschiedenen Fachbereichen der Spitex Stadt Luzern. An den Nachmittagen bin ich bei unseren Teams vor Ort pr\u00e4sent, wo komplexe Situationen besprochen werden. Oder ich begleite Mitarbeitende auf Wunsch zu Eins\u00e4tzen. Diese Pr\u00e4senz ist wichtig, um eine gute Vertrauensbasis f\u00fcr die Zusammenarbeit aufzubauen.<\/p>\n\n\n\n<blockquote class=\"wp-block-quote is-layout-flow wp-block-quote-is-layout-flow\">\n<p>\u00abAlle Facetten einer Situation wahrnehmen, aber das grosse Ganze nicht aus den Augen verlieren: Das habe ich im Bachelor gelernt.\u00bb<\/p>\n<cite>No\u00ebmi Schmidt<\/cite><\/blockquote>\n\n\n\n<p><strong>Welche Kompetenzen aus dem Bachelor-Studium wenden Sie konkret an?<\/strong><\/p>\n\n\n\n<p>Ein grosser Teil meiner Arbeit besteht aus Beratung und Coaching. Das habe ich im Studium gelernt. Dort konnte ich auch meine Kommunikationsf\u00e4higkeiten schulen; sie sind in meinem Job wichtig. Ausserdem hat das Studium mein Wissen verbreitert und meinen Blick geweitet: Heute kann ich eine komplexe Situation detailliert analysieren, ohne das grosse Ganze aus dem Blick zu verlieren. Zum Beispiel muss das Umfeld der Klient:innen immer miteinbezogen werden, um stimmige L\u00f6sungen finden zu k\u00f6nnen.<\/p>\n\n\n\n<div class=\"wp-block-buttons is-content-justification-center is-layout-flex wp-container-core-buttons-is-layout-16018d1d wp-block-buttons-is-layout-flex\">\n<div class=\"wp-block-button is-style-fill\"><a class=\"wp-block-button__link has-background wp-element-button\" href=\"https:\/\/www.hslu.ch\/de-ch\/soziale-arbeit\/studium\/bachelor-pflege\/\" style=\"background:linear-gradient(135deg,rgb(119,197,216) 0%,rgb(119,197,216) 100%)\" target=\"_blank\" rel=\"noreferrer noopener\"><strong><strong>Neu: Bachelor in Pflege<\/strong> in Luzern<\/strong><\/a><\/div>\n<\/div>\n\n\n\n\n\n<p><strong>Wem w\u00fcrden Sie das Bachelor-Studium in Pflege empfehlen?<\/strong><\/p>\n\n\n\n<p>Ich w\u00fcrde es Personen empfehlen, die neugierig darauf sind, sich vertieftes Wissen und Verst\u00e4ndnis der Pflegequalit\u00e4t und -entwicklung zu erarbeiten und sich damit kritisch auseinanderzusetzen. Eine hohe Lernmotivation und gute Selbstorganisation sind daf\u00fcr von Vorteil.<\/p>\n\n\n\n<p><strong>Was sind Ihre beruflichen Ziele? K\u00e4me f\u00fcr Sie ein Master-Studium in Pflege in Frage?<\/strong><\/p>\n\n\n\n<p>Momentan sehe ich mich nach einer Weiterbildung um. Das k\u00f6nnte ein CAS sein, aber auch der Master in Pflege, denn eine T\u00e4tigkeit als APN im ambulanten Bereich kann ich mir gut vorstellen. Mit dem BSc in Pflege stehen mir viele T\u00fcren offen.<\/p>\n\n\n\n<p>Von:&nbsp;<a href=\"https:\/\/textjetzt.ch\/kontakt.html\">Eva Sch\u00fcmperli-Keller<\/a><br>Bild: Ina Amenda<br>Ver\u00f6ffentlicht: 25. Juli 2024<\/p>\n\n\n<div class=\"blue-box\">\n\t<div class=\"row\">\n\t\t<div class=\"col-md-12\">\n\t\t\t<p><!-- wp:paragraph --><\/p>\n<p><strong><a href=\"https:\/\/www.hslu.ch\/de-ch\/gesundheit\/\">Neue Pflege-Studieng\u00e4nge an der Hochschule Luzern<\/a><\/strong><\/p>\n<p>Die Hochschule Luzern tr\u00e4gt mit ihren innovativen Ausbildungen dazu bei, den Bedarf an hochqualifizierten Pflegefachpersonen in der Region zu decken. Der <strong><a href=\"https:\/\/www.hslu.ch\/de-ch\/soziale-arbeit\/studium\/bachelor-pflege\/pflege\/\">Bachelor of Science in Pflege<\/a><\/strong> bereitet Maturand:innen auf vielseitige Karrieren im Gesundheitswesen vor. Diplomierte Pflegefachpersonen bauen ihre Kenntnisse in Praxis und Wissenschaft mit einem <strong>berufsbegleitenden, <a href=\"https:\/\/www.hslu.ch\/de-ch\/soziale-arbeit\/studium\/bachelor-pflege\/pflege-dipl\/\">verk\u00fcrzten Bachelor in Pflege<\/a> <\/strong>weiter aus. Der <strong><a href=\"https:\/\/www.hslu.ch\/de-ch\/soziale-arbeit\/studium\/master-pflege\/master-pflege\/\">Master of Science in Pflege<\/a><\/strong> vertieft diese Kompetenzen weiter, um Pflegefachpersonen gezielt auf erweiterte und spezialisierte Rollen in der Gesundheitsversorgung vorzubereiten<\/p>\n\t\t<\/div>\n\t<\/div>\n<\/div>\n","protected":false},"excerpt":{"rendered":"<p>No\u00ebmi Schmidt arbeitet als Pflegeexpertin bei der Spitex Stadt Luzern. Eine Situation in all ihren Facetten wahrzunehmen, dabei aber den Blick auf das grosse Ganze nicht zu verlieren, hat sie im Bachelor-Studium in Pflege gelernt. Nun perfektioniert sie es im Berufsalltag.<\/p>\n","protected":false},"author":152,"featured_media":9458,"comment_status":"open","ping_status":"closed","sticky":false,"template":"","format":"standard","meta":{"_acf_changed":false,"inline_featured_image":false,"_relevanssi_hide_post":"","_relevanssi_hide_content":"","_relevanssi_pin_for_all":"","_relevanssi_pin_keywords":"","_relevanssi_unpin_keywords":"","_relevanssi_related_keywords":"","_relevanssi_related_include_ids":"","_relevanssi_related_exclude_ids":"","_relevanssi_related_no_append":"","_relevanssi_related_not_related":"","_relevanssi_related_posts":"5152,1258,520,562,1578,1919","_relevanssi_noindex_reason":"","footnotes":"","_links_to":"","_links_to_target":""},"categories":[376,7],"tags":[345,302,343,244],"class_list":["post-9448","post","type-post","status-publish","format-standard","has-post-thumbnail","hentry","category-pflege","category-ausbildung","tag-bachelor-in-pflege","tag-gesundheit","tag-pflege","tag-studium"],"acf":[],"yoast_head":"<!-- This site is optimized with the Yoast SEO plugin v27.5 - https:\/\/yoast.com\/product\/yoast-seo-wordpress\/ -->\n<title>\u00abDer Bachelor in Pflege weitet den Blick\u00bb &#8211; Soziale Arbeit an der Hochschule Luzern<\/title>\n<meta name=\"robots\" content=\"index, follow, max-snippet:-1, max-image-preview:large, max-video-preview:-1\" \/>\n<link rel=\"canonical\" href=\"https:\/\/hub.hslu.ch\/soziale-arbeit\/der-bachelor-in-pflege-weitet-den-blick\/\" \/>\n<meta property=\"og:locale\" content=\"de_DE\" \/>\n<meta property=\"og:type\" content=\"article\" \/>\n<meta property=\"og:title\" content=\"\u00abDer Bachelor in Pflege weitet den Blick\u00bb &#8211; Soziale Arbeit an der Hochschule Luzern\" \/>\n<meta property=\"og:description\" content=\"No\u00ebmi Schmidt arbeitet als Pflegeexpertin bei der Spitex Stadt Luzern. Eine Situation in all ihren Facetten wahrzunehmen, dabei aber den Blick auf das grosse Ganze nicht zu verlieren, hat sie im Bachelor-Studium in Pflege gelernt. Nun perfektioniert sie es im Berufsalltag.\" \/>\n<meta property=\"og:url\" content=\"https:\/\/hub.hslu.ch\/soziale-arbeit\/der-bachelor-in-pflege-weitet-den-blick\/\" \/>\n<meta property=\"og:site_name\" content=\"Soziale Arbeit an der Hochschule Luzern\" \/>\n<meta property=\"article:published_time\" content=\"2024-07-30T04:30:00+00:00\" \/>\n<meta property=\"article:modified_time\" content=\"2026-02-11T13:54:08+00:00\" \/>\n<meta property=\"og:image\" content=\"https:\/\/hub.hslu.ch\/soziale-arbeit\/wp-content\/uploads\/sites\/23\/2024\/06\/Noemi-Schmidt-mit-Velo-Spitex-Stadt-Luzern.jpg\" \/>\n\t<meta property=\"og:image:width\" content=\"1614\" \/>\n\t<meta property=\"og:image:height\" content=\"907\" \/>\n\t<meta property=\"og:image:type\" content=\"image\/jpeg\" \/>\n<meta name=\"author\" content=\"Roger Ettlin\" \/>\n<meta name=\"twitter:card\" content=\"summary_large_image\" \/>\n<meta name=\"twitter:label1\" content=\"Geschrieben von\" \/>\n\t<meta name=\"twitter:data1\" content=\"Roger Ettlin\" \/>\n\t<meta name=\"twitter:label2\" content=\"Gesch\u00e4tzte Lesezeit\" \/>\n\t<meta name=\"twitter:data2\" content=\"3\u00a0Minuten\" \/>\n<script type=\"application\/ld+json\" class=\"yoast-schema-graph\">{\"@context\":\"https:\\\/\\\/schema.org\",\"@graph\":[{\"@type\":\"Article\",\"@id\":\"https:\\\/\\\/hub.hslu.ch\\\/soziale-arbeit\\\/der-bachelor-in-pflege-weitet-den-blick\\\/#article\",\"isPartOf\":{\"@id\":\"https:\\\/\\\/hub.hslu.ch\\\/soziale-arbeit\\\/der-bachelor-in-pflege-weitet-den-blick\\\/\"},\"author\":{\"name\":\"Roger Ettlin\",\"@id\":\"https:\\\/\\\/hub.hslu.ch\\\/soziale-arbeit\\\/#\\\/schema\\\/person\\\/0d13e861725ae87916921d6d018489e4\"},\"headline\":\"\u00abDer Bachelor in Pflege weitet den Blick\u00bb\",\"datePublished\":\"2024-07-30T04:30:00+00:00\",\"dateModified\":\"2026-02-11T13:54:08+00:00\",\"mainEntityOfPage\":{\"@id\":\"https:\\\/\\\/hub.hslu.ch\\\/soziale-arbeit\\\/der-bachelor-in-pflege-weitet-den-blick\\\/\"},\"wordCount\":437,\"commentCount\":0,\"image\":{\"@id\":\"https:\\\/\\\/hub.hslu.ch\\\/soziale-arbeit\\\/der-bachelor-in-pflege-weitet-den-blick\\\/#primaryimage\"},\"thumbnailUrl\":\"https:\\\/\\\/hub.hslu.ch\\\/soziale-arbeit\\\/wp-content\\\/uploads\\\/sites\\\/23\\\/2024\\\/06\\\/Noemi-Schmidt-mit-Velo-Spitex-Stadt-Luzern.jpg\",\"keywords\":[\"Bachelor in Pflege\",\"Gesundheit\",\"Pflege\",\"Studium\"],\"articleSection\":[\"Pflege\",\"Studium\"],\"inLanguage\":\"de-CH\",\"potentialAction\":[{\"@type\":\"CommentAction\",\"name\":\"Comment\",\"target\":[\"https:\\\/\\\/hub.hslu.ch\\\/soziale-arbeit\\\/der-bachelor-in-pflege-weitet-den-blick\\\/#respond\"]}]},{\"@type\":\"WebPage\",\"@id\":\"https:\\\/\\\/hub.hslu.ch\\\/soziale-arbeit\\\/der-bachelor-in-pflege-weitet-den-blick\\\/\",\"url\":\"https:\\\/\\\/hub.hslu.ch\\\/soziale-arbeit\\\/der-bachelor-in-pflege-weitet-den-blick\\\/\",\"name\":\"\u00abDer Bachelor in Pflege weitet den Blick\u00bb &#8211; Soziale Arbeit an der Hochschule Luzern\",\"isPartOf\":{\"@id\":\"https:\\\/\\\/hub.hslu.ch\\\/soziale-arbeit\\\/#website\"},\"primaryImageOfPage\":{\"@id\":\"https:\\\/\\\/hub.hslu.ch\\\/soziale-arbeit\\\/der-bachelor-in-pflege-weitet-den-blick\\\/#primaryimage\"},\"image\":{\"@id\":\"https:\\\/\\\/hub.hslu.ch\\\/soziale-arbeit\\\/der-bachelor-in-pflege-weitet-den-blick\\\/#primaryimage\"},\"thumbnailUrl\":\"https:\\\/\\\/hub.hslu.ch\\\/soziale-arbeit\\\/wp-content\\\/uploads\\\/sites\\\/23\\\/2024\\\/06\\\/Noemi-Schmidt-mit-Velo-Spitex-Stadt-Luzern.jpg\",\"datePublished\":\"2024-07-30T04:30:00+00:00\",\"dateModified\":\"2026-02-11T13:54:08+00:00\",\"author\":{\"@id\":\"https:\\\/\\\/hub.hslu.ch\\\/soziale-arbeit\\\/#\\\/schema\\\/person\\\/0d13e861725ae87916921d6d018489e4\"},\"breadcrumb\":{\"@id\":\"https:\\\/\\\/hub.hslu.ch\\\/soziale-arbeit\\\/der-bachelor-in-pflege-weitet-den-blick\\\/#breadcrumb\"},\"inLanguage\":\"de-CH\",\"potentialAction\":[{\"@type\":\"ReadAction\",\"target\":[\"https:\\\/\\\/hub.hslu.ch\\\/soziale-arbeit\\\/der-bachelor-in-pflege-weitet-den-blick\\\/\"]}]},{\"@type\":\"ImageObject\",\"inLanguage\":\"de-CH\",\"@id\":\"https:\\\/\\\/hub.hslu.ch\\\/soziale-arbeit\\\/der-bachelor-in-pflege-weitet-den-blick\\\/#primaryimage\",\"url\":\"https:\\\/\\\/hub.hslu.ch\\\/soziale-arbeit\\\/wp-content\\\/uploads\\\/sites\\\/23\\\/2024\\\/06\\\/Noemi-Schmidt-mit-Velo-Spitex-Stadt-Luzern.jpg\",\"contentUrl\":\"https:\\\/\\\/hub.hslu.ch\\\/soziale-arbeit\\\/wp-content\\\/uploads\\\/sites\\\/23\\\/2024\\\/06\\\/Noemi-Schmidt-mit-Velo-Spitex-Stadt-Luzern.jpg\",\"width\":1614,\"height\":907,\"caption\":\"No\u00ebmi Schmidt mit Velo Spitex Stadt Luzern\"},{\"@type\":\"BreadcrumbList\",\"@id\":\"https:\\\/\\\/hub.hslu.ch\\\/soziale-arbeit\\\/der-bachelor-in-pflege-weitet-den-blick\\\/#breadcrumb\",\"itemListElement\":[{\"@type\":\"ListItem\",\"position\":1,\"name\":\"Home\",\"item\":\"https:\\\/\\\/hub.hslu.ch\\\/soziale-arbeit\\\/\"},{\"@type\":\"ListItem\",\"position\":2,\"name\":\"\u00abDer Bachelor in Pflege weitet den Blick\u00bb\"}]},{\"@type\":\"WebSite\",\"@id\":\"https:\\\/\\\/hub.hslu.ch\\\/soziale-arbeit\\\/#website\",\"url\":\"https:\\\/\\\/hub.hslu.ch\\\/soziale-arbeit\\\/\",\"name\":\"Soziale Arbeit an der Hochschule Luzern\",\"description\":\"Der Blog der Hochschule Luzern \u2013 Soziale Arbeit\",\"potentialAction\":[{\"@type\":\"SearchAction\",\"target\":{\"@type\":\"EntryPoint\",\"urlTemplate\":\"https:\\\/\\\/hub.hslu.ch\\\/soziale-arbeit\\\/?s={search_term_string}\"},\"query-input\":{\"@type\":\"PropertyValueSpecification\",\"valueRequired\":true,\"valueName\":\"search_term_string\"}}],\"inLanguage\":\"de-CH\"},{\"@type\":\"Person\",\"@id\":\"https:\\\/\\\/hub.hslu.ch\\\/soziale-arbeit\\\/#\\\/schema\\\/person\\\/0d13e861725ae87916921d6d018489e4\",\"name\":\"Roger Ettlin\"}]}<\/script>\n<!-- \/ Yoast SEO plugin. -->","yoast_head_json":{"title":"\u00abDer Bachelor in Pflege weitet den Blick\u00bb &#8211; Soziale Arbeit an der Hochschule Luzern","robots":{"index":"index","follow":"follow","max-snippet":"max-snippet:-1","max-image-preview":"max-image-preview:large","max-video-preview":"max-video-preview:-1"},"canonical":"https:\/\/hub.hslu.ch\/soziale-arbeit\/der-bachelor-in-pflege-weitet-den-blick\/","og_locale":"de_DE","og_type":"article","og_title":"\u00abDer Bachelor in Pflege weitet den Blick\u00bb &#8211; Soziale Arbeit an der Hochschule Luzern","og_description":"No\u00ebmi Schmidt arbeitet als Pflegeexpertin bei der Spitex Stadt Luzern. Eine Situation in all ihren Facetten wahrzunehmen, dabei aber den Blick auf das grosse Ganze nicht zu verlieren, hat sie im Bachelor-Studium in Pflege gelernt. Nun perfektioniert sie es im Berufsalltag.","og_url":"https:\/\/hub.hslu.ch\/soziale-arbeit\/der-bachelor-in-pflege-weitet-den-blick\/","og_site_name":"Soziale Arbeit an der Hochschule Luzern","article_published_time":"2024-07-30T04:30:00+00:00","article_modified_time":"2026-02-11T13:54:08+00:00","og_image":[{"width":1614,"height":907,"url":"https:\/\/hub.hslu.ch\/soziale-arbeit\/wp-content\/uploads\/sites\/23\/2024\/06\/Noemi-Schmidt-mit-Velo-Spitex-Stadt-Luzern.jpg","type":"image\/jpeg"}],"author":"Roger Ettlin","twitter_card":"summary_large_image","twitter_misc":{"Geschrieben von":"Roger Ettlin","Gesch\u00e4tzte Lesezeit":"3\u00a0Minuten"},"schema":{"@context":"https:\/\/schema.org","@graph":[{"@type":"Article","@id":"https:\/\/hub.hslu.ch\/soziale-arbeit\/der-bachelor-in-pflege-weitet-den-blick\/#article","isPartOf":{"@id":"https:\/\/hub.hslu.ch\/soziale-arbeit\/der-bachelor-in-pflege-weitet-den-blick\/"},"author":{"name":"Roger Ettlin","@id":"https:\/\/hub.hslu.ch\/soziale-arbeit\/#\/schema\/person\/0d13e861725ae87916921d6d018489e4"},"headline":"\u00abDer Bachelor in Pflege weitet den Blick\u00bb","datePublished":"2024-07-30T04:30:00+00:00","dateModified":"2026-02-11T13:54:08+00:00","mainEntityOfPage":{"@id":"https:\/\/hub.hslu.ch\/soziale-arbeit\/der-bachelor-in-pflege-weitet-den-blick\/"},"wordCount":437,"commentCount":0,"image":{"@id":"https:\/\/hub.hslu.ch\/soziale-arbeit\/der-bachelor-in-pflege-weitet-den-blick\/#primaryimage"},"thumbnailUrl":"https:\/\/hub.hslu.ch\/soziale-arbeit\/wp-content\/uploads\/sites\/23\/2024\/06\/Noemi-Schmidt-mit-Velo-Spitex-Stadt-Luzern.jpg","keywords":["Bachelor in Pflege","Gesundheit","Pflege","Studium"],"articleSection":["Pflege","Studium"],"inLanguage":"de-CH","potentialAction":[{"@type":"CommentAction","name":"Comment","target":["https:\/\/hub.hslu.ch\/soziale-arbeit\/der-bachelor-in-pflege-weitet-den-blick\/#respond"]}]},{"@type":"WebPage","@id":"https:\/\/hub.hslu.ch\/soziale-arbeit\/der-bachelor-in-pflege-weitet-den-blick\/","url":"https:\/\/hub.hslu.ch\/soziale-arbeit\/der-bachelor-in-pflege-weitet-den-blick\/","name":"\u00abDer Bachelor in Pflege weitet den Blick\u00bb &#8211; Soziale Arbeit an der Hochschule Luzern","isPartOf":{"@id":"https:\/\/hub.hslu.ch\/soziale-arbeit\/#website"},"primaryImageOfPage":{"@id":"https:\/\/hub.hslu.ch\/soziale-arbeit\/der-bachelor-in-pflege-weitet-den-blick\/#primaryimage"},"image":{"@id":"https:\/\/hub.hslu.ch\/soziale-arbeit\/der-bachelor-in-pflege-weitet-den-blick\/#primaryimage"},"thumbnailUrl":"https:\/\/hub.hslu.ch\/soziale-arbeit\/wp-content\/uploads\/sites\/23\/2024\/06\/Noemi-Schmidt-mit-Velo-Spitex-Stadt-Luzern.jpg","datePublished":"2024-07-30T04:30:00+00:00","dateModified":"2026-02-11T13:54:08+00:00","author":{"@id":"https:\/\/hub.hslu.ch\/soziale-arbeit\/#\/schema\/person\/0d13e861725ae87916921d6d018489e4"},"breadcrumb":{"@id":"https:\/\/hub.hslu.ch\/soziale-arbeit\/der-bachelor-in-pflege-weitet-den-blick\/#breadcrumb"},"inLanguage":"de-CH","potentialAction":[{"@type":"ReadAction","target":["https:\/\/hub.hslu.ch\/soziale-arbeit\/der-bachelor-in-pflege-weitet-den-blick\/"]}]},{"@type":"ImageObject","inLanguage":"de-CH","@id":"https:\/\/hub.hslu.ch\/soziale-arbeit\/der-bachelor-in-pflege-weitet-den-blick\/#primaryimage","url":"https:\/\/hub.hslu.ch\/soziale-arbeit\/wp-content\/uploads\/sites\/23\/2024\/06\/Noemi-Schmidt-mit-Velo-Spitex-Stadt-Luzern.jpg","contentUrl":"https:\/\/hub.hslu.ch\/soziale-arbeit\/wp-content\/uploads\/sites\/23\/2024\/06\/Noemi-Schmidt-mit-Velo-Spitex-Stadt-Luzern.jpg","width":1614,"height":907,"caption":"No\u00ebmi Schmidt mit Velo Spitex Stadt Luzern"},{"@type":"BreadcrumbList","@id":"https:\/\/hub.hslu.ch\/soziale-arbeit\/der-bachelor-in-pflege-weitet-den-blick\/#breadcrumb","itemListElement":[{"@type":"ListItem","position":1,"name":"Home","item":"https:\/\/hub.hslu.ch\/soziale-arbeit\/"},{"@type":"ListItem","position":2,"name":"\u00abDer Bachelor in Pflege weitet den Blick\u00bb"}]},{"@type":"WebSite","@id":"https:\/\/hub.hslu.ch\/soziale-arbeit\/#website","url":"https:\/\/hub.hslu.ch\/soziale-arbeit\/","name":"Soziale Arbeit an der Hochschule Luzern","description":"Der Blog der Hochschule Luzern \u2013 Soziale Arbeit","potentialAction":[{"@type":"SearchAction","target":{"@type":"EntryPoint","urlTemplate":"https:\/\/hub.hslu.ch\/soziale-arbeit\/?s={search_term_string}"},"query-input":{"@type":"PropertyValueSpecification","valueRequired":true,"valueName":"search_term_string"}}],"inLanguage":"de-CH"},{"@type":"Person","@id":"https:\/\/hub.hslu.ch\/soziale-arbeit\/#\/schema\/person\/0d13e861725ae87916921d6d018489e4","name":"Roger Ettlin"}]}},"featured_image_src":"https:\/\/hub.hslu.ch\/soziale-arbeit\/wp-content\/uploads\/sites\/23\/2024\/06\/Noemi-Schmidt-mit-Velo-Spitex-Stadt-Luzern.jpg","featured_image_src_square":"https:\/\/hub.hslu.ch\/soziale-arbeit\/wp-content\/uploads\/sites\/23\/2024\/06\/Noemi-Schmidt-mit-Velo-Spitex-Stadt-Luzern.jpg","author_info":{"display_name":"Roger Ettlin","author_link":"https:\/\/hub.hslu.ch\/soziale-arbeit\/author\/rogerettlin\/"},"_links":{"self":[{"href":"https:\/\/hub.hslu.ch\/soziale-arbeit\/wp-json\/wp\/v2\/posts\/9448","targetHints":{"allow":["GET"]}}],"collection":[{"href":"https:\/\/hub.hslu.ch\/soziale-arbeit\/wp-json\/wp\/v2\/posts"}],"about":[{"href":"https:\/\/hub.hslu.ch\/soziale-arbeit\/wp-json\/wp\/v2\/types\/post"}],"author":[{"embeddable":true,"href":"https:\/\/hub.hslu.ch\/soziale-arbeit\/wp-json\/wp\/v2\/users\/152"}],"replies":[{"embeddable":true,"href":"https:\/\/hub.hslu.ch\/soziale-arbeit\/wp-json\/wp\/v2\/comments?post=9448"}],"version-history":[{"count":10,"href":"https:\/\/hub.hslu.ch\/soziale-arbeit\/wp-json\/wp\/v2\/posts\/9448\/revisions"}],"predecessor-version":[{"id":13044,"href":"https:\/\/hub.hslu.ch\/soziale-arbeit\/wp-json\/wp\/v2\/posts\/9448\/revisions\/13044"}],"wp:featuredmedia":[{"embeddable":true,"href":"https:\/\/hub.hslu.ch\/soziale-arbeit\/wp-json\/wp\/v2\/media\/9458"}],"wp:attachment":[{"href":"https:\/\/hub.hslu.ch\/soziale-arbeit\/wp-json\/wp\/v2\/media?parent=9448"}],"wp:term":[{"taxonomy":"category","embeddable":true,"href":"https:\/\/hub.hslu.ch\/soziale-arbeit\/wp-json\/wp\/v2\/categories?post=9448"},{"taxonomy":"post_tag","embeddable":true,"href":"https:\/\/hub.hslu.ch\/soziale-arbeit\/wp-json\/wp\/v2\/tags?post=9448"}],"curies":[{"name":"wp","href":"https:\/\/api.w.org\/{rel}","templated":true}]}}