{"id":9808,"date":"2024-10-08T08:38:13","date_gmt":"2024-10-08T06:38:13","guid":{"rendered":"https:\/\/hub.hslu.ch\/soziale-arbeit\/?p=9808"},"modified":"2026-02-11T14:54:09","modified_gmt":"2026-02-11T13:54:09","slug":"wiedereingliederung-von-ehemaligen-gefangenen-in-den-arbeitsmarkt","status":"publish","type":"post","link":"https:\/\/hub.hslu.ch\/soziale-arbeit\/wiedereingliederung-von-ehemaligen-gefangenen-in-den-arbeitsmarkt\/","title":{"rendered":"Wiedereingliederung von ehemaligen Gefangenen in den Arbeitsmarkt"},"content":{"rendered":"\n\n\n<p>Der Wiedereingliederungsprozess beginnt bereits w\u00e4hrend der Haft. In der Schweiz erfolgt dies meist durch den Progressionsvollzug, bei dem schrittweise Lockerungen gew\u00e4hrt werden, um die H\u00e4ftlinge auf ihre Entlassung vorzubereiten. Trotz dieser Massnahmen stehen viele ehemalige Gefangene nach der Haft vor erheblichen H\u00fcrden. Stigmatisierung, fehlende Ausbildungsm\u00f6glichkeiten w\u00e4hrend der Haft und mangelnde Unterst\u00fctzung beim \u00dcbergang in den Arbeitsmarkt sind nur einige der Probleme, die sie bew\u00e4ltigen m\u00fcssen.<\/p>\n\n\n\n<p>Um die Herausforderungen und Chancen der Wiedereingliederung zu verstehen, f\u00fchrten Lisa Bettoni und Tanja Labhardt im Modul \u00abPraxisprojekt Sozialarbeit\u00bb qualitative Interviews mit ehemaligen Gefangenen und Arbeitgeber:innen durch. Erg\u00e4nzt wurden diese Interviews durch den Austausch mit Fachpersonen und eine umfangreiche Literaturrecherche.<\/p>\n\n\n\n<div class=\"wp-block-buttons is-content-justification-center is-layout-flex wp-container-core-buttons-is-layout-16018d1d wp-block-buttons-is-layout-flex\">\n<div class=\"wp-block-button is-style-fill\"><a class=\"wp-block-button__link has-background wp-element-button\" href=\"https:\/\/www.hslu.ch\/de-ch\/soziale-arbeit\/weiterbildung\/studienprogramm\/cas\/supported-employment\" style=\"background:linear-gradient(135deg,rgb(119,197,216) 0%,rgb(119,197,216) 100%)\" target=\"_blank\" rel=\"noreferrer noopener\"><strong><strong><strong>CAS Supported Employment<\/strong><\/strong><\/strong><\/a><\/div>\n<\/div>\n\n\n\n\n\n<h2 class=\"wp-block-heading\"><strong>Ergebnisse und Empfehlungen<\/strong><\/h2>\n\n\n\n<p>\u00abEine der gr\u00f6ssten Herausforderungen f\u00fcr ehemalige Gefangene ist die gesellschaftliche Stigmatisierung\u00bb, sagt Lisa Bettoni. Und Tanja Labhardt erg\u00e4nzt: \u00abArbeitgeber:innen z\u00f6gern oft, Menschen mit einem Strafregister einzustellen. Hier k\u00f6nnen gezielte Sensibilisierungskampagnen und pers\u00f6nliche Kontakte helfen, Vorurteile abzubauen.\u00bb Positive Beispiele aus der Praxis zeigen zudem, dass vor allem kleinere Betriebe eher bereit sind, ehemaligen Gefangenen eine Chance zu geben.<\/p>\n\n\n\n<p>W\u00e4hrend der Haft sind die M\u00f6glichkeiten zur beruflichen Qualifizierung oft begrenzt. Eine Ausweitung der Ausbildungsangebote k\u00f6nnte die Chancen auf dem Arbeitsmarkt deutlich verbessern. Kurzqualifizierungen und praxisnahe Schulungen w\u00e4ren hierbei besonders wertvoll, da sie den Inhaftierten nicht nur Wissen vermitteln, sondern auch Erfolgserlebnisse und Motivation bieten.<\/p>\n\n\n\n<p>Ein stabiler Arbeitsplatz kann die R\u00fcckfallquote deutlich senken. Daher ist es wichtig, nicht nur kurzfristige Arbeitsverh\u00e4ltnisse zu schaffen, sondern langfristige Perspektiven zu bieten. Die Zusammenarbeit zwischen Justizvollzugseinrichtungen, Sozialdiensten und der freien Wirtschaft muss daher intensiviert und kontinuierlich weiterentwickelt werden.<\/p>\n\n\n\n<h2 class=\"wp-block-heading\"><strong>Alle sind gefordert<\/strong><\/h2>\n\n\n\n<p>Die Wiedereingliederung von ehemaligen Gefangenen in den Arbeitsmarkt ist eine gesellschaftliche Aufgabe, die sowohl Engagement als auch Ressourcen erfordert. Der Verein \u00abGefangene helfen Jugendlichen, Schweiz\u00bb leistet hierbei wertvolle Arbeit, die durch wissenschaftliche Erkenntnisse und praktische Erfahrungen kontinuierlich verbessert wird. Durch gezielte Massnahmen, individuelle Unterst\u00fctzung und eine offene Gesellschaft kann es gelingen, ehemaligen Gefangenen eine zweite Chance zu bieten und damit nicht nur ihre Lebensqualit\u00e4t zu verbessern, sondern auch einen wichtigen Beitrag zur Sicherheit und Stabilit\u00e4t in der Gesellschaft zu leisten.<\/p>\n\n\n<div class=\"blue-box\">\n\t<div class=\"row\">\n\t\t<div class=\"col-md-12\">\n\t\t\t<p><!-- wp:paragraph --><\/p>\n<p>Der <strong>vollst\u00e4ndige Projektbericht<\/strong> mit detaillierten Ergebnissen und weiteren Empfehlungen steht interessierten Fachkr\u00e4ften und Organisationen zur Verf\u00fcgung und kann <strong><a href=\"https:\/\/zenodo.org\/records\/10908249\">hier<\/a><\/strong> bezogen werden.<\/p>\n<p><!-- \/wp:paragraph --> <!-- wp:paragraph --><\/p>\n<p>Dieser Beitrag basiert auf dem Projektbericht von Tanja Labhardt und Lisa Bettoni, eingereicht an der Hochschule Luzern \u2013 Soziale Arbeit. Die Arbeit wurde von Prof. Dr. Sven Huber begleitet.<\/p>\n<p><!-- \/wp:paragraph --><\/p>\n\t\t<\/div>\n\t<\/div>\n<\/div>\n\n\n\n<p>Von:&nbsp;Oliver Tubic<br>Bilder:&nbsp;Adobe Stock<br>Ver\u00f6ffentlicht: 8. Oktober 2024<\/p>\n\n\n<div class=\"blue-box\">\n\t<div class=\"row\">\n\t\t<div class=\"col-md-12\">\n\t\t\t<p><a href=\"https:\/\/www.hslu.ch\/de-ch\/soziale-arbeit\/studium\/bachelor\/soziale-arbeit\/?gad_source=1&amp;gclid=CjwKCAiAvoqsBhB9EiwA9XTWGU0wifUyTkMIO_aDdaWju_36w6DrMFsE5LNOgHU2qUeff4QkLJAEMBoCPgwQAvD_BwE&amp;gclsrc=aw.ds\"><strong>Bachelor in Sozialer Arbeit mit Vertiefungsrichtung Sozialarbeit, Soziokultur oder Sozialp\u00e4dagogik<\/strong><\/a><\/p>\n<p>Das Bachelor-Studium vermittelt das Basiswissen f\u00fcr alle Bereiche der Sozialen Arbeit und fokussiert dann auf die drei Studienrichtungen Sozialarbeit, Soziokultur und Sozialp\u00e4dagogik. Sozialarbeitende unterst\u00fctzen Menschen darin, ihr Leben zu bew\u00e4ltigen und selber zu gestalten. In Krisensituationen wie Arbeitsplatzverlust oder Armut vermitteln sie Hilfe. Das Studium kann in Vollzeit, Teilzeit oder berufsbegleitend absolviert werden.<\/p>\n<p><strong>Weitere Informationen:<\/strong>\u00a0<a href=\"https:\/\/www.hslu.ch\/de-ch\/soziale-arbeit\/studium\/bachelor\/soziale-arbeit\/?gad_source=1&amp;gclid=CjwKCAiAvoqsBhB9EiwA9XTWGU0wifUyTkMIO_aDdaWju_36w6DrMFsE5LNOgHU2qUeff4QkLJAEMBoCPgwQAvD_BwE&amp;gclsrc=aw.ds\">Webseite zum Bachelor in Sozialer Arbeit<\/a><\/p>\n\t\t<\/div>\n\t<\/div>\n<\/div>\n\n\n<div class=\"blue-box\">\n\t<div class=\"row\">\n\t\t<div class=\"col-md-12\">\n\t\t\t<p><strong><a href=\"https:\/\/www.hslu.ch\/de-ch\/soziale-arbeit\/weiterbildung\/studienprogramm\/cas\/zukunftsorientierte-arbeitsintegration-und-inklusion\/\">CAS Zukunftsorientierte Arbeitsintegration und Inklusion<\/a><\/strong><\/p>\n<p>Das CAS Arbeitsintegration bietet dir die M\u00f6glichkeit, fundiertes Fachwissen mit innovativen Ans\u00e4tzen zu verbinden, um Menschen erfolgreich in den sich wandelnden Arbeitsmarkt zu integrieren. Du lernst, wie du theoretische Grundlagen gewinnbringend in die Praxis \u00fcbertr\u00e4gst und auf die individuellen Bed\u00fcrfnisse von Klient:innen eingehst. Unsere praxiserfahrenen Dozierenden unterst\u00fctzen dich dabei, zukunftsweisende L\u00f6sungen zu entwickeln, die Selbstbestimmung und Autonomie f\u00f6rdern und den Herausforderungen der modernen Arbeitswelt gerecht werden.<\/p>\n<p><strong>Start:<\/strong>\u00a017. Februar 2025<\/p>\n<p><strong>Mehr Infos:<\/strong>\u00a0<a href=\"https:\/\/www.hslu.ch\/de-ch\/soziale-arbeit\/weiterbildung\/studienprogramm\/cas\/zukunftsorientierte-arbeitsintegration-und-inklusion\/\">Webseite CAS Arbeitsintegration<\/a><\/p>\n\t\t<\/div>\n\t<\/div>\n<\/div>\n\n\n<div class=\"blue-box\">\n\t<div class=\"row\">\n\t\t<div class=\"col-md-12\">\n\t\t\t<p><strong><a href=\"https:\/\/www.hslu.ch\/de-ch\/soziale-arbeit\/weiterbildung\/studienprogramm\/cas\/supported-employment\/\">CAS Supported Employment<\/a><\/strong><\/p>\n<p>Supported Employment bietet einen innovativen Ansatz f\u00fcr einen sofortigen (Wieder-)Einstieg in den Arbeitsmarkt und langfristige Unterst\u00fctzung f\u00fcr eine nachhaltige Integration. Unsere praxiserfahrenen Dozierenden vermitteln dir das n\u00f6tige Fachwissen und die bew\u00e4hrten Methoden des Supported Employment, um Menschen effektiv bei ihrer beruflichen Entwicklung zu begleiten. Starte noch heute deine Weiterbildung und werde Expert:in f\u00fcr Arbeitsintegration.<\/p>\n<p><strong>Start:<\/strong>\u00a010. M\u00e4rz 2025<\/p>\n<p><strong>Mehr Infos:<\/strong>\u00a0<a href=\"https:\/\/www.hslu.ch\/de-ch\/soziale-arbeit\/weiterbildung\/studienprogramm\/cas\/supported-employment\/\">Webseite CAS Supported Employment<\/a><\/p>\n\t\t<\/div>\n\t<\/div>\n<\/div>\n","protected":false},"excerpt":{"rendered":"<p>Die Wiedereingliederung ehemaliger Gefangener in den Arbeitsmarkt ist ein komplexer Prozess mit individuellen und gesellschaftlichen Herausforderungen. Der Verein \u00abGefangene helfen Jugendlichen, Schweiz\u00bb arbeitet pr\u00e4ventiv, um Jugendliche \u00fcber die Konsequenzen strafbaren Verhaltens aufzukl\u00e4ren. Indirekt befassen sie sich dabei auch mit den Folgen von Straff\u00e4lligkeit. Deshalb beauftragten sie die Bachelor-Studentinnen Lisa Bettoni und Tanja Labhardt, f\u00f6rderliche und hinderliche Faktoren f\u00fcr die Wiedereingliederung zu identifizieren.<\/p>\n","protected":false},"author":152,"featured_media":9815,"comment_status":"open","ping_status":"closed","sticky":false,"template":"","format":"standard","meta":{"_acf_changed":false,"inline_featured_image":false,"_relevanssi_hide_post":"","_relevanssi_hide_content":"","_relevanssi_pin_for_all":"","_relevanssi_pin_keywords":"","_relevanssi_unpin_keywords":"","_relevanssi_related_keywords":"","_relevanssi_related_include_ids":"","_relevanssi_related_exclude_ids":"","_relevanssi_related_no_append":"","_relevanssi_related_not_related":"","_relevanssi_related_posts":"9589,9686,9699,9632,9675,9555","_relevanssi_noindex_reason":"","footnotes":"","_links_to":"","_links_to_target":""},"categories":[10,12,7],"tags":[375,151,49,84],"class_list":["post-9808","post","type-post","status-publish","format-standard","has-post-thumbnail","hentry","category-arbeitsintegration","category-devianz-gewalt-opferschutz","category-ausbildung","tag-abschlussarbeit","tag-arbeitsintegration","tag-integration","tag-jugend"],"acf":[],"yoast_head":"<!-- This site is optimized with the Yoast SEO plugin v27.5 - https:\/\/yoast.com\/product\/yoast-seo-wordpress\/ -->\n<title>Wiedereingliederung von ehemaligen Gefangenen in den Arbeitsmarkt &#8211; Soziale Arbeit an der Hochschule Luzern<\/title>\n<meta name=\"robots\" content=\"index, follow, max-snippet:-1, max-image-preview:large, max-video-preview:-1\" \/>\n<link rel=\"canonical\" href=\"https:\/\/hub.hslu.ch\/soziale-arbeit\/wiedereingliederung-von-ehemaligen-gefangenen-in-den-arbeitsmarkt\/\" \/>\n<meta property=\"og:locale\" content=\"de_DE\" \/>\n<meta property=\"og:type\" content=\"article\" \/>\n<meta property=\"og:title\" content=\"Wiedereingliederung von ehemaligen Gefangenen in den Arbeitsmarkt &#8211; Soziale Arbeit an der Hochschule Luzern\" \/>\n<meta property=\"og:description\" content=\"Die Wiedereingliederung ehemaliger Gefangener in den Arbeitsmarkt ist ein komplexer Prozess mit individuellen und gesellschaftlichen Herausforderungen. Der Verein \u00abGefangene helfen Jugendlichen, Schweiz\u00bb arbeitet pr\u00e4ventiv, um Jugendliche \u00fcber die Konsequenzen strafbaren Verhaltens aufzukl\u00e4ren. Indirekt befassen sie sich dabei auch mit den Folgen von Straff\u00e4lligkeit. Deshalb beauftragten sie die Bachelor-Studentinnen Lisa Bettoni und Tanja Labhardt, f\u00f6rderliche und hinderliche Faktoren f\u00fcr die Wiedereingliederung zu identifizieren.\" \/>\n<meta property=\"og:url\" content=\"https:\/\/hub.hslu.ch\/soziale-arbeit\/wiedereingliederung-von-ehemaligen-gefangenen-in-den-arbeitsmarkt\/\" \/>\n<meta property=\"og:site_name\" content=\"Soziale Arbeit an der Hochschule Luzern\" \/>\n<meta property=\"article:published_time\" content=\"2024-10-08T06:38:13+00:00\" \/>\n<meta property=\"article:modified_time\" content=\"2026-02-11T13:54:09+00:00\" \/>\n<meta property=\"og:image\" content=\"https:\/\/hub.hslu.ch\/soziale-arbeit\/wp-content\/uploads\/sites\/23\/2024\/09\/Gefaengnis-Wiedereingliederung-von-ehemaligen-Gefangenen.jpg\" \/>\n\t<meta property=\"og:image:width\" content=\"1614\" \/>\n\t<meta property=\"og:image:height\" content=\"907\" \/>\n\t<meta property=\"og:image:type\" content=\"image\/jpeg\" \/>\n<meta name=\"author\" content=\"Roger Ettlin\" \/>\n<meta name=\"twitter:card\" content=\"summary_large_image\" \/>\n<meta name=\"twitter:label1\" content=\"Geschrieben von\" \/>\n\t<meta name=\"twitter:data1\" content=\"Roger Ettlin\" \/>\n\t<meta name=\"twitter:label2\" content=\"Gesch\u00e4tzte Lesezeit\" \/>\n\t<meta name=\"twitter:data2\" content=\"3\u00a0Minuten\" \/>\n<script type=\"application\/ld+json\" class=\"yoast-schema-graph\">{\"@context\":\"https:\\\/\\\/schema.org\",\"@graph\":[{\"@type\":\"Article\",\"@id\":\"https:\\\/\\\/hub.hslu.ch\\\/soziale-arbeit\\\/wiedereingliederung-von-ehemaligen-gefangenen-in-den-arbeitsmarkt\\\/#article\",\"isPartOf\":{\"@id\":\"https:\\\/\\\/hub.hslu.ch\\\/soziale-arbeit\\\/wiedereingliederung-von-ehemaligen-gefangenen-in-den-arbeitsmarkt\\\/\"},\"author\":{\"name\":\"Roger Ettlin\",\"@id\":\"https:\\\/\\\/hub.hslu.ch\\\/soziale-arbeit\\\/#\\\/schema\\\/person\\\/0d13e861725ae87916921d6d018489e4\"},\"headline\":\"Wiedereingliederung von ehemaligen Gefangenen in den Arbeitsmarkt\",\"datePublished\":\"2024-10-08T06:38:13+00:00\",\"dateModified\":\"2026-02-11T13:54:09+00:00\",\"mainEntityOfPage\":{\"@id\":\"https:\\\/\\\/hub.hslu.ch\\\/soziale-arbeit\\\/wiedereingliederung-von-ehemaligen-gefangenen-in-den-arbeitsmarkt\\\/\"},\"wordCount\":379,\"commentCount\":0,\"image\":{\"@id\":\"https:\\\/\\\/hub.hslu.ch\\\/soziale-arbeit\\\/wiedereingliederung-von-ehemaligen-gefangenen-in-den-arbeitsmarkt\\\/#primaryimage\"},\"thumbnailUrl\":\"https:\\\/\\\/hub.hslu.ch\\\/soziale-arbeit\\\/wp-content\\\/uploads\\\/sites\\\/23\\\/2024\\\/09\\\/Gefaengnis-Wiedereingliederung-von-ehemaligen-Gefangenen.jpg\",\"keywords\":[\"Abschlussarbeit\",\"Arbeitsintegration\",\"Integration\",\"Jugend\"],\"articleSection\":[\"Arbeitsintegration\",\"Devianz, Gewalt und Opferschutz\",\"Studium\"],\"inLanguage\":\"de-CH\",\"potentialAction\":[{\"@type\":\"CommentAction\",\"name\":\"Comment\",\"target\":[\"https:\\\/\\\/hub.hslu.ch\\\/soziale-arbeit\\\/wiedereingliederung-von-ehemaligen-gefangenen-in-den-arbeitsmarkt\\\/#respond\"]}]},{\"@type\":\"WebPage\",\"@id\":\"https:\\\/\\\/hub.hslu.ch\\\/soziale-arbeit\\\/wiedereingliederung-von-ehemaligen-gefangenen-in-den-arbeitsmarkt\\\/\",\"url\":\"https:\\\/\\\/hub.hslu.ch\\\/soziale-arbeit\\\/wiedereingliederung-von-ehemaligen-gefangenen-in-den-arbeitsmarkt\\\/\",\"name\":\"Wiedereingliederung von ehemaligen Gefangenen in den Arbeitsmarkt &#8211; Soziale Arbeit an der Hochschule Luzern\",\"isPartOf\":{\"@id\":\"https:\\\/\\\/hub.hslu.ch\\\/soziale-arbeit\\\/#website\"},\"primaryImageOfPage\":{\"@id\":\"https:\\\/\\\/hub.hslu.ch\\\/soziale-arbeit\\\/wiedereingliederung-von-ehemaligen-gefangenen-in-den-arbeitsmarkt\\\/#primaryimage\"},\"image\":{\"@id\":\"https:\\\/\\\/hub.hslu.ch\\\/soziale-arbeit\\\/wiedereingliederung-von-ehemaligen-gefangenen-in-den-arbeitsmarkt\\\/#primaryimage\"},\"thumbnailUrl\":\"https:\\\/\\\/hub.hslu.ch\\\/soziale-arbeit\\\/wp-content\\\/uploads\\\/sites\\\/23\\\/2024\\\/09\\\/Gefaengnis-Wiedereingliederung-von-ehemaligen-Gefangenen.jpg\",\"datePublished\":\"2024-10-08T06:38:13+00:00\",\"dateModified\":\"2026-02-11T13:54:09+00:00\",\"author\":{\"@id\":\"https:\\\/\\\/hub.hslu.ch\\\/soziale-arbeit\\\/#\\\/schema\\\/person\\\/0d13e861725ae87916921d6d018489e4\"},\"breadcrumb\":{\"@id\":\"https:\\\/\\\/hub.hslu.ch\\\/soziale-arbeit\\\/wiedereingliederung-von-ehemaligen-gefangenen-in-den-arbeitsmarkt\\\/#breadcrumb\"},\"inLanguage\":\"de-CH\",\"potentialAction\":[{\"@type\":\"ReadAction\",\"target\":[\"https:\\\/\\\/hub.hslu.ch\\\/soziale-arbeit\\\/wiedereingliederung-von-ehemaligen-gefangenen-in-den-arbeitsmarkt\\\/\"]}]},{\"@type\":\"ImageObject\",\"inLanguage\":\"de-CH\",\"@id\":\"https:\\\/\\\/hub.hslu.ch\\\/soziale-arbeit\\\/wiedereingliederung-von-ehemaligen-gefangenen-in-den-arbeitsmarkt\\\/#primaryimage\",\"url\":\"https:\\\/\\\/hub.hslu.ch\\\/soziale-arbeit\\\/wp-content\\\/uploads\\\/sites\\\/23\\\/2024\\\/09\\\/Gefaengnis-Wiedereingliederung-von-ehemaligen-Gefangenen.jpg\",\"contentUrl\":\"https:\\\/\\\/hub.hslu.ch\\\/soziale-arbeit\\\/wp-content\\\/uploads\\\/sites\\\/23\\\/2024\\\/09\\\/Gefaengnis-Wiedereingliederung-von-ehemaligen-Gefangenen.jpg\",\"width\":1614,\"height\":907,\"caption\":\"Gef\u00e4ngnis Wiedereingliederung von ehemaligen Gefangenen\"},{\"@type\":\"BreadcrumbList\",\"@id\":\"https:\\\/\\\/hub.hslu.ch\\\/soziale-arbeit\\\/wiedereingliederung-von-ehemaligen-gefangenen-in-den-arbeitsmarkt\\\/#breadcrumb\",\"itemListElement\":[{\"@type\":\"ListItem\",\"position\":1,\"name\":\"Home\",\"item\":\"https:\\\/\\\/hub.hslu.ch\\\/soziale-arbeit\\\/\"},{\"@type\":\"ListItem\",\"position\":2,\"name\":\"Wiedereingliederung von ehemaligen Gefangenen in den Arbeitsmarkt\"}]},{\"@type\":\"WebSite\",\"@id\":\"https:\\\/\\\/hub.hslu.ch\\\/soziale-arbeit\\\/#website\",\"url\":\"https:\\\/\\\/hub.hslu.ch\\\/soziale-arbeit\\\/\",\"name\":\"Soziale Arbeit an der Hochschule Luzern\",\"description\":\"Der Blog der Hochschule Luzern \u2013 Soziale Arbeit\",\"potentialAction\":[{\"@type\":\"SearchAction\",\"target\":{\"@type\":\"EntryPoint\",\"urlTemplate\":\"https:\\\/\\\/hub.hslu.ch\\\/soziale-arbeit\\\/?s={search_term_string}\"},\"query-input\":{\"@type\":\"PropertyValueSpecification\",\"valueRequired\":true,\"valueName\":\"search_term_string\"}}],\"inLanguage\":\"de-CH\"},{\"@type\":\"Person\",\"@id\":\"https:\\\/\\\/hub.hslu.ch\\\/soziale-arbeit\\\/#\\\/schema\\\/person\\\/0d13e861725ae87916921d6d018489e4\",\"name\":\"Roger Ettlin\"}]}<\/script>\n<!-- \/ Yoast SEO plugin. -->","yoast_head_json":{"title":"Wiedereingliederung von ehemaligen Gefangenen in den Arbeitsmarkt &#8211; Soziale Arbeit an der Hochschule Luzern","robots":{"index":"index","follow":"follow","max-snippet":"max-snippet:-1","max-image-preview":"max-image-preview:large","max-video-preview":"max-video-preview:-1"},"canonical":"https:\/\/hub.hslu.ch\/soziale-arbeit\/wiedereingliederung-von-ehemaligen-gefangenen-in-den-arbeitsmarkt\/","og_locale":"de_DE","og_type":"article","og_title":"Wiedereingliederung von ehemaligen Gefangenen in den Arbeitsmarkt &#8211; Soziale Arbeit an der Hochschule Luzern","og_description":"Die Wiedereingliederung ehemaliger Gefangener in den Arbeitsmarkt ist ein komplexer Prozess mit individuellen und gesellschaftlichen Herausforderungen. Der Verein \u00abGefangene helfen Jugendlichen, Schweiz\u00bb arbeitet pr\u00e4ventiv, um Jugendliche \u00fcber die Konsequenzen strafbaren Verhaltens aufzukl\u00e4ren. Indirekt befassen sie sich dabei auch mit den Folgen von Straff\u00e4lligkeit. Deshalb beauftragten sie die Bachelor-Studentinnen Lisa Bettoni und Tanja Labhardt, f\u00f6rderliche und hinderliche Faktoren f\u00fcr die Wiedereingliederung zu identifizieren.","og_url":"https:\/\/hub.hslu.ch\/soziale-arbeit\/wiedereingliederung-von-ehemaligen-gefangenen-in-den-arbeitsmarkt\/","og_site_name":"Soziale Arbeit an der Hochschule Luzern","article_published_time":"2024-10-08T06:38:13+00:00","article_modified_time":"2026-02-11T13:54:09+00:00","og_image":[{"width":1614,"height":907,"url":"https:\/\/hub.hslu.ch\/soziale-arbeit\/wp-content\/uploads\/sites\/23\/2024\/09\/Gefaengnis-Wiedereingliederung-von-ehemaligen-Gefangenen.jpg","type":"image\/jpeg"}],"author":"Roger Ettlin","twitter_card":"summary_large_image","twitter_misc":{"Geschrieben von":"Roger Ettlin","Gesch\u00e4tzte Lesezeit":"3\u00a0Minuten"},"schema":{"@context":"https:\/\/schema.org","@graph":[{"@type":"Article","@id":"https:\/\/hub.hslu.ch\/soziale-arbeit\/wiedereingliederung-von-ehemaligen-gefangenen-in-den-arbeitsmarkt\/#article","isPartOf":{"@id":"https:\/\/hub.hslu.ch\/soziale-arbeit\/wiedereingliederung-von-ehemaligen-gefangenen-in-den-arbeitsmarkt\/"},"author":{"name":"Roger Ettlin","@id":"https:\/\/hub.hslu.ch\/soziale-arbeit\/#\/schema\/person\/0d13e861725ae87916921d6d018489e4"},"headline":"Wiedereingliederung von ehemaligen Gefangenen in den Arbeitsmarkt","datePublished":"2024-10-08T06:38:13+00:00","dateModified":"2026-02-11T13:54:09+00:00","mainEntityOfPage":{"@id":"https:\/\/hub.hslu.ch\/soziale-arbeit\/wiedereingliederung-von-ehemaligen-gefangenen-in-den-arbeitsmarkt\/"},"wordCount":379,"commentCount":0,"image":{"@id":"https:\/\/hub.hslu.ch\/soziale-arbeit\/wiedereingliederung-von-ehemaligen-gefangenen-in-den-arbeitsmarkt\/#primaryimage"},"thumbnailUrl":"https:\/\/hub.hslu.ch\/soziale-arbeit\/wp-content\/uploads\/sites\/23\/2024\/09\/Gefaengnis-Wiedereingliederung-von-ehemaligen-Gefangenen.jpg","keywords":["Abschlussarbeit","Arbeitsintegration","Integration","Jugend"],"articleSection":["Arbeitsintegration","Devianz, Gewalt und Opferschutz","Studium"],"inLanguage":"de-CH","potentialAction":[{"@type":"CommentAction","name":"Comment","target":["https:\/\/hub.hslu.ch\/soziale-arbeit\/wiedereingliederung-von-ehemaligen-gefangenen-in-den-arbeitsmarkt\/#respond"]}]},{"@type":"WebPage","@id":"https:\/\/hub.hslu.ch\/soziale-arbeit\/wiedereingliederung-von-ehemaligen-gefangenen-in-den-arbeitsmarkt\/","url":"https:\/\/hub.hslu.ch\/soziale-arbeit\/wiedereingliederung-von-ehemaligen-gefangenen-in-den-arbeitsmarkt\/","name":"Wiedereingliederung von ehemaligen Gefangenen in den Arbeitsmarkt &#8211; Soziale Arbeit an der Hochschule Luzern","isPartOf":{"@id":"https:\/\/hub.hslu.ch\/soziale-arbeit\/#website"},"primaryImageOfPage":{"@id":"https:\/\/hub.hslu.ch\/soziale-arbeit\/wiedereingliederung-von-ehemaligen-gefangenen-in-den-arbeitsmarkt\/#primaryimage"},"image":{"@id":"https:\/\/hub.hslu.ch\/soziale-arbeit\/wiedereingliederung-von-ehemaligen-gefangenen-in-den-arbeitsmarkt\/#primaryimage"},"thumbnailUrl":"https:\/\/hub.hslu.ch\/soziale-arbeit\/wp-content\/uploads\/sites\/23\/2024\/09\/Gefaengnis-Wiedereingliederung-von-ehemaligen-Gefangenen.jpg","datePublished":"2024-10-08T06:38:13+00:00","dateModified":"2026-02-11T13:54:09+00:00","author":{"@id":"https:\/\/hub.hslu.ch\/soziale-arbeit\/#\/schema\/person\/0d13e861725ae87916921d6d018489e4"},"breadcrumb":{"@id":"https:\/\/hub.hslu.ch\/soziale-arbeit\/wiedereingliederung-von-ehemaligen-gefangenen-in-den-arbeitsmarkt\/#breadcrumb"},"inLanguage":"de-CH","potentialAction":[{"@type":"ReadAction","target":["https:\/\/hub.hslu.ch\/soziale-arbeit\/wiedereingliederung-von-ehemaligen-gefangenen-in-den-arbeitsmarkt\/"]}]},{"@type":"ImageObject","inLanguage":"de-CH","@id":"https:\/\/hub.hslu.ch\/soziale-arbeit\/wiedereingliederung-von-ehemaligen-gefangenen-in-den-arbeitsmarkt\/#primaryimage","url":"https:\/\/hub.hslu.ch\/soziale-arbeit\/wp-content\/uploads\/sites\/23\/2024\/09\/Gefaengnis-Wiedereingliederung-von-ehemaligen-Gefangenen.jpg","contentUrl":"https:\/\/hub.hslu.ch\/soziale-arbeit\/wp-content\/uploads\/sites\/23\/2024\/09\/Gefaengnis-Wiedereingliederung-von-ehemaligen-Gefangenen.jpg","width":1614,"height":907,"caption":"Gef\u00e4ngnis Wiedereingliederung von ehemaligen Gefangenen"},{"@type":"BreadcrumbList","@id":"https:\/\/hub.hslu.ch\/soziale-arbeit\/wiedereingliederung-von-ehemaligen-gefangenen-in-den-arbeitsmarkt\/#breadcrumb","itemListElement":[{"@type":"ListItem","position":1,"name":"Home","item":"https:\/\/hub.hslu.ch\/soziale-arbeit\/"},{"@type":"ListItem","position":2,"name":"Wiedereingliederung von ehemaligen Gefangenen in den Arbeitsmarkt"}]},{"@type":"WebSite","@id":"https:\/\/hub.hslu.ch\/soziale-arbeit\/#website","url":"https:\/\/hub.hslu.ch\/soziale-arbeit\/","name":"Soziale Arbeit an der Hochschule Luzern","description":"Der Blog der Hochschule Luzern \u2013 Soziale Arbeit","potentialAction":[{"@type":"SearchAction","target":{"@type":"EntryPoint","urlTemplate":"https:\/\/hub.hslu.ch\/soziale-arbeit\/?s={search_term_string}"},"query-input":{"@type":"PropertyValueSpecification","valueRequired":true,"valueName":"search_term_string"}}],"inLanguage":"de-CH"},{"@type":"Person","@id":"https:\/\/hub.hslu.ch\/soziale-arbeit\/#\/schema\/person\/0d13e861725ae87916921d6d018489e4","name":"Roger Ettlin"}]}},"featured_image_src":"https:\/\/hub.hslu.ch\/soziale-arbeit\/wp-content\/uploads\/sites\/23\/2024\/09\/Gefaengnis-Wiedereingliederung-von-ehemaligen-Gefangenen.jpg","featured_image_src_square":"https:\/\/hub.hslu.ch\/soziale-arbeit\/wp-content\/uploads\/sites\/23\/2024\/09\/Gefaengnis-Wiedereingliederung-von-ehemaligen-Gefangenen.jpg","author_info":{"display_name":"Roger Ettlin","author_link":"https:\/\/hub.hslu.ch\/soziale-arbeit\/author\/rogerettlin\/"},"_links":{"self":[{"href":"https:\/\/hub.hslu.ch\/soziale-arbeit\/wp-json\/wp\/v2\/posts\/9808","targetHints":{"allow":["GET"]}}],"collection":[{"href":"https:\/\/hub.hslu.ch\/soziale-arbeit\/wp-json\/wp\/v2\/posts"}],"about":[{"href":"https:\/\/hub.hslu.ch\/soziale-arbeit\/wp-json\/wp\/v2\/types\/post"}],"author":[{"embeddable":true,"href":"https:\/\/hub.hslu.ch\/soziale-arbeit\/wp-json\/wp\/v2\/users\/152"}],"replies":[{"embeddable":true,"href":"https:\/\/hub.hslu.ch\/soziale-arbeit\/wp-json\/wp\/v2\/comments?post=9808"}],"version-history":[{"count":12,"href":"https:\/\/hub.hslu.ch\/soziale-arbeit\/wp-json\/wp\/v2\/posts\/9808\/revisions"}],"predecessor-version":[{"id":13053,"href":"https:\/\/hub.hslu.ch\/soziale-arbeit\/wp-json\/wp\/v2\/posts\/9808\/revisions\/13053"}],"wp:featuredmedia":[{"embeddable":true,"href":"https:\/\/hub.hslu.ch\/soziale-arbeit\/wp-json\/wp\/v2\/media\/9815"}],"wp:attachment":[{"href":"https:\/\/hub.hslu.ch\/soziale-arbeit\/wp-json\/wp\/v2\/media?parent=9808"}],"wp:term":[{"taxonomy":"category","embeddable":true,"href":"https:\/\/hub.hslu.ch\/soziale-arbeit\/wp-json\/wp\/v2\/categories?post=9808"},{"taxonomy":"post_tag","embeddable":true,"href":"https:\/\/hub.hslu.ch\/soziale-arbeit\/wp-json\/wp\/v2\/tags?post=9808"}],"curies":[{"name":"wp","href":"https:\/\/api.w.org\/{rel}","templated":true}]}}