{"id":1453,"date":"2026-08-31T16:20:59","date_gmt":"2026-08-31T14:20:59","guid":{"rendered":"https:\/\/hub.hslu.ch\/ta-blog\/?p=1453"},"modified":"2026-08-31T16:31:46","modified_gmt":"2026-08-31T14:31:46","slug":"neue-programmleitung-bewaehrte-staerke-das-cas-projektmanagement-bau-entwickelt-sich-weiter","status":"publish","type":"post","link":"https:\/\/hub.hslu.ch\/ta-blog\/neue-programmleitung-bewaehrte-staerke-das-cas-projektmanagement-bau-entwickelt-sich-weiter\/","title":{"rendered":"Neue Programmleitung, bew\u00e4hrte St\u00e4rke: Das CAS Projektmanagement Bau entwickelt sich weiter"},"content":{"rendered":"\n<p class=\"wp-block-paragraph\"><\/p>\n\n\n\n<figure class=\"wp-block-embed is-type-video is-provider-youtube wp-block-embed-youtube wp-embed-aspect-16-9 wp-has-aspect-ratio\"><div class=\"wp-block-embed__wrapper\">\n<iframe loading=\"lazy\" title=\"Stabs\u00fcbergabe Programmleitung CAS Projektmanagement Bau\" width=\"640\" height=\"360\" src=\"https:\/\/www.youtube.com\/embed\/07u952UCXyQ?feature=oembed\" frameborder=\"0\" allow=\"accelerometer; autoplay; clipboard-write; encrypted-media; gyroscope; picture-in-picture; web-share\" referrerpolicy=\"strict-origin-when-cross-origin\" allowfullscreen><\/iframe>\n<\/div><figcaption class=\"wp-element-caption\">Bret Kraus blickt auf die wichtigsten Meilensteine des CAS Projektmanagement Bau zur\u00fcck und \u00fcbergibt nun die Leitung an Andrea Lancaster. <em>Video: Livia Vogt<\/em><\/figcaption><\/figure>\n\n\n\n<h2 class=\"wp-block-heading\">Ein Jahrzehnt Erfahrung \u2013 und ein Blick nach vorne<\/h2>\n\n\n\n<p class=\"wp-block-paragraph\">Zehn Jahre lang hat Bret Kraus das CAS Projektmanagement Bau gepr\u00e4gt. Besonders in Erinnerung bleiben ihm die Menschen, die die Weiterbildung ausmachen: die Teilnehmenden, ihre Projekte und der Austausch untereinander.<\/p>\n\n\n\n<blockquote class=\"wp-block-quote is-layout-flow wp-block-quote-is-layout-flow\">\n<p class=\"wp-block-paragraph\">\u00abBei jedem Kursstart traf ich auf ein Klassenzimmer voller interessierter Fachpersonen. Alle bringen ihre eigenen Projekte und ihre Berufserfahrung mit. Daraus entstehen spannende Diskussionen und wertvolle Erkenntnisse.\u00bb<\/p>\n<\/blockquote>\n\n\n\n<p class=\"wp-block-paragraph\">Auch die starke Verankerung des CAS in der Branche ist f\u00fcr ihn ein wichtiger Erfolgsfaktor. Der hohe Anspruch an Qualit\u00e4t und die Praxisn\u00e4he werde von den Teilnehmenden und ihren Arbeitgebern gesch\u00e4tzt. An die neue Programmleiterin hat er deshalb einen klaren Wunsch:<\/p>\n\n\n\n<blockquote class=\"wp-block-quote is-layout-flow wp-block-quote-is-layout-flow\">\n<p class=\"wp-block-paragraph\">\u00abDie Qualit\u00e4t des Unterrichts und der Dozierenden muss weiterhin im Zentrum stehen. Unsere Dozierenden sind Profis in ihrem Fachgebiet. Sie kennen ihre Themen nicht nur aus der Theorie, sondern leben sie in der Praxis \u2013 und genau das sp\u00fcren die Teilnehmenden.\u00bb<\/p>\n<\/blockquote>\n\n\n\n<h2 class=\"wp-block-heading\">Projektmanagement im Bau: Mehr als Termine und Kosten<\/h2>\n\n\n\n<p class=\"wp-block-paragraph\">Bauprojekte werden immer komplexer. Unterschiedliche Interessen m\u00fcssen koordiniert, interdisziplin\u00e4re Teams gef\u00fchrt und Entscheidungen in einem dynamischen Umfeld getroffen werden. Projektmanagement bedeutet deshalb heute weit mehr als Termin- und Kostenkontrolle. Erfolgreiche Projektleitende verbinden Menschen, schaffen Klarheit in komplexen Situationen und sorgen daf\u00fcr, dass aus unterschiedlichen Anforderungen tragf\u00e4hige L\u00f6sungen entstehen.<\/p>\n\n\n\n<p class=\"wp-block-paragraph\">Genau hier setzt das CAS Projektmanagement Bau an. Die Weiterbildung vermittelt Kompetenzen, die f\u00fcr die erfolgreiche F\u00fchrung von Bauprojekten entscheidend sind: von Methoden und Prozessen des Projektmanagements \u00fcber Kommunikation und Organisation bis hin zu Zusammenarbeit und F\u00fchrung. Der zentrale Nutzen f\u00fcr die Teilnehmenden: Das Gelernte l\u00e4sst sich unmittelbar in die eigene Praxis \u00fcbertragen.<\/p>\n\n\n\n<h2 class=\"wp-block-heading\">Bew\u00e4hrtes weiterf\u00fchren \u2013 Zukunft gestalten<\/h2>\n\n\n\n<p class=\"wp-block-paragraph\">Mit Andrea Lancaster \u00fcbernimmt eine erfahrene Fachperson die Programmleitung. Als Architektin, Projektleiterin und Absolventin des MAS Baumanagement kennt sie die Baupraxis aus unterschiedlichen Perspektiven \u2013 von der Planung \u00fcber die Projektleitung bis zur Gesamtkoordination komplexer Bauvorhaben. Ihr Ziel ist es, die St\u00e4rken des CAS zu bewahren und gleichzeitig aktuelle Entwicklungen der Branche gezielt aufzunehmen.<\/p>\n\n\n\n<blockquote class=\"wp-block-quote is-layout-flow wp-block-quote-is-layout-flow\">\n<p class=\"wp-block-paragraph\">\u00abDer Praxisbezug ist eine der grossen St\u00e4rken des CAS. Diesen m\u00f6chte ich konsequent weiterf\u00fchren. Gleichzeitig ver\u00e4ndert sich die Baubranche laufend. Deshalb ist es wichtig, dass wir am Puls der Zeit bleiben und neue Impulse setzen.\u00bb<\/p>\n<\/blockquote>\n\n\n\n<p class=\"wp-block-paragraph\">Dazu geh\u00f6ren Themen wie Digitalisierung, k\u00fcnstliche Intelligenz, moderne Projektorganisation und neue Formen der Zusammenarbeit. Entscheidend ist dabei nicht die Technologie selbst, sondern ihr konkreter Nutzen f\u00fcr die t\u00e4gliche Projektarbeit.<\/p>\n\n\n\n<h2 class=\"wp-block-heading\">Lernen an realen Herausforderungen<\/h2>\n\n\n\n<p class=\"wp-block-paragraph\">Ein wesentliches Merkmal des CAS ist die konsequente Ausrichtung auf die Praxis. Die Teilnehmenden arbeiten mit realen Fragestellungen aus ihrem beruflichen Umfeld, diskutieren konkrete Fallbeispiele und profitieren vom Erfahrungsaustausch mit Fachpersonen aus unterschiedlichen Bereichen. Auch die Abschlussarbeit orientiert sich an einer aktuellen Herausforderung aus der eigenen Berufspraxis. Ziel ist es, das erworbene Wissen direkt anzuwenden und L\u00f6sungen zu entwickeln, die einen Mehrwert f\u00fcr die Teilnehmenden und ihre Unternehmen schaffen.<\/p>\n\n\n\n<h2 class=\"wp-block-heading\">Austausch als Schl\u00fcssel zum Erfolg<\/h2>\n\n\n\n<p class=\"wp-block-paragraph\">Der interdisziplin\u00e4re Austausch geh\u00f6rt zu den besonderen St\u00e4rken des CAS. Architektinnen und Architekten, Bauingenieurinnen und Bauingenieure, Bauleitende, Projektleitende und Fachplanende bringen unterschiedliche Erfahrungen und Perspektiven zusammen. Gerade diese Vielfalt schafft neue Blickwinkel und erm\u00f6glicht L\u00f6sungsans\u00e4tze, die \u00fcber das eigene Fachgebiet hinausgehen.<\/p>\n\n\n\n<blockquote class=\"wp-block-quote is-layout-flow wp-block-quote-is-layout-flow\">\n<p class=\"wp-block-paragraph\">\u00abViele wertvolle Erkenntnisse entstehen nicht nur im Unterricht, sondern im Austausch zwischen den Teilnehmenden. Dieses Netzwerk macht den CAS besonders.\u00bb<\/p>\n<\/blockquote>\n\n\n\n<h2 class=\"wp-block-heading\">Der n\u00e4chste Schritt: MAS Baumanagement<\/h2>\n\n\n\n<p class=\"wp-block-paragraph\">Wer seine F\u00fchrungsrolle weiterentwickeln und sich umfassender im Baumanagement qualifizieren m\u00f6chte, kann die Weiterbildung zum MAS Baumanagement ausbauen. Der MAS erweitert den Blickwinkel um Themen wie Leadership, Strategie, Unternehmensf\u00fchrung und Transformation und bereitet auf weiterf\u00fchrende F\u00fchrungsaufgaben vor.<\/p>\n\n\n\n<h2 class=\"wp-block-heading\">Weiterbildung aus zwei Perspektiven<\/h2>\n\n\n\n<p class=\"wp-block-paragraph\">Andrea Lancaster kennt die Hochschule Luzern nicht nur aus Sicht der Programmleitung, sondern auch als MAS-Absolventin. <\/p>\n\n\n\n<blockquote class=\"wp-block-quote is-layout-flow wp-block-quote-is-layout-flow\">\n<p class=\"wp-block-paragraph\">\u00abIch weiss aus eigener Erfahrung, welche Inhalte im Berufsalltag wirklich weiterhelfen. Dieses Verst\u00e4ndnis hilft mir, die Bed\u00fcrfnisse der Teilnehmenden zu verstehen und die Weiterbildung gezielt weiterzuentwickeln.\u00bb<\/p>\n<\/blockquote>\n\n\n\n<h2 class=\"wp-block-heading\">Gemeinsam die Zukunft des Bauens gestalten<\/h2>\n\n\n\n<p class=\"wp-block-paragraph\">Die Bauwirtschaft steht vor grossen Ver\u00e4nderungen. Genau deshalb braucht es Projektleitende, die nicht nur \u00fcber Fachwissen verf\u00fcgen, sondern Verantwortung \u00fcbernehmen, Menschen verbinden und Ver\u00e4nderungen aktiv gestalten.<\/p>\n\n\n\n<p class=\"wp-block-paragraph\">Mit der neuen Programmleitung bleibt das CAS Projektmanagement Bau seinen St\u00e4rken treu: erfahrene Dozierende, hoher Praxisbezug und ein starkes Netzwerk innerhalb der Branche. Gleichzeitig werden neue Entwicklungen aufgenommen, damit die Weiterbildung auch k\u00fcnftig die Kompetenzen vermittelt, die f\u00fcr erfolgreiche Bauprojekte entscheidend sind.<\/p>\n\n\n\n<p class=\"wp-block-paragraph\">Denn gute Bauprojekte entstehen dort, wo Menschen mit Wissen, Weitblick und Zusammenarbeit gemeinsam L\u00f6sungen entwickeln.<\/p>\n\n\n<div class=\"blue-box\">\n\t<div class=\"row\">\n\t\t<div class=\"col-md-12\">\n\t\t\t<p><strong>Hier gibt&#8217;s mehr Infos zum CAS:\u00a0<\/strong><\/p>\n<p><strong><a href=\"https:\/\/www.hslu.ch\/de-ch\/technik-architektur\/weiterbildung\/bau\/cas-projektmanagement-bau\/\">CAS Projektmanagement Bau<\/a><br \/>\nStart: 30. November 2026<\/strong><\/p>\n\t\t<\/div>\n\t<\/div>\n<\/div>\n\n\n\n<div class=\"wp-block-genesis-blocks-gb-profile-box square gb-has-avatar gb-font-size-18 gb-block-profile gb-profile-columns\" style=\"background-color:#f2f2f2;color:#32373c\"><div class=\"gb-profile-column gb-profile-avatar-wrap\"><div class=\"gb-profile-image-wrap\"><figure class=\"gb-profile-image-square\"><img loading=\"lazy\" decoding=\"async\" width=\"1140\" height=\"845\" class=\"gb-profile-avatar wp-image-1528\" src=\"https:\/\/hub.hslu.ch\/ta-blog\/wp-content\/uploads\/sites\/4\/2026\/08\/29-07-2026_16-40-45-e1788186485559.jpg\" alt=\"\" srcset=\"https:\/\/hub.hslu.ch\/ta-blog\/wp-content\/uploads\/sites\/4\/2026\/08\/29-07-2026_16-40-45-e1788186485559.jpg 1140w, https:\/\/hub.hslu.ch\/ta-blog\/wp-content\/uploads\/sites\/4\/2026\/08\/29-07-2026_16-40-45-e1788186485559-300x222.jpg 300w, https:\/\/hub.hslu.ch\/ta-blog\/wp-content\/uploads\/sites\/4\/2026\/08\/29-07-2026_16-40-45-e1788186485559-1024x759.jpg 1024w, https:\/\/hub.hslu.ch\/ta-blog\/wp-content\/uploads\/sites\/4\/2026\/08\/29-07-2026_16-40-45-e1788186485559-768x569.jpg 768w, https:\/\/hub.hslu.ch\/ta-blog\/wp-content\/uploads\/sites\/4\/2026\/08\/29-07-2026_16-40-45-e1788186485559-928x688.jpg 928w\" sizes=\"auto, (max-width: 1140px) 100vw, 1140px\" \/><\/figure><\/div><\/div><div class=\"gb-profile-column gb-profile-content-wrap\"><h2 class=\"gb-profile-name\" style=\"color:#32373c\">Andrea Lancaster<\/h2><p class=\"gb-profile-title\" style=\"color:#32373c\">Programmleitung CAS Projektmanagement Bau<\/p><div class=\"gb-profile-text\">Institut f\u00fcr Bauingenieurwesen IBI <br>Hochschule Luzern &#8211;  Technik &amp; Architektur<br><a href=\"&#x6d;&#x61;&#x69;&#x6c;&#x74;&#111;&#58;&#97;&#110;dre&#x61;&#x2e;&#x6c;&#x61;&#x6e;&#x63;&#97;&#115;&#116;er&#64;&#x68;&#x73;&#x6c;&#x75;&#x2e;&#x63;&#104;\">&#97;&#x6e;&#100;&#x72;&#101;&#x61;&#46;&#x6c;a&#110;&#x63;&#97;&#x73;&#116;&#x65;r&#x40;h&#115;&#x6c;&#117;&#x2e;&#99;&#x68;<\/a><br><a href=\"https:\/\/www.linkedin.com\/in\/andrea-lancaster-ba8772164\/\">Linkedin<\/a><\/div><ul class=\"gb-social-links\"><\/ul><\/div><\/div>\n","protected":false},"excerpt":{"rendered":"<p>Die Anforderungen an Bauprojekte ver\u00e4ndern sich rasant \u2013 und mit ihnen die Kompetenzen, die Projektleitende ben\u00f6tigen. Mit der \u00dcbergabe der Programmleitung von Bret Kraus an Andrea Lancaster beginnt f\u00fcr das CAS Projektmanagement Bau der Hochschule Luzern ein neues Kapitel: Bew\u00e4hrtes bleibt, neue Themen und aktuelle Entwicklungen aus der Baupraxis fliessen gezielt in die Weiterbildung ein.<\/p>\n","protected":false},"author":19,"featured_media":1463,"comment_status":"open","ping_status":"open","sticky":false,"template":"","format":"standard","meta":{"_acf_changed":false,"inline_featured_image":false,"_relevanssi_hide_post":"","_relevanssi_hide_content":"","_relevanssi_pin_for_all":"","_relevanssi_pin_keywords":"","_relevanssi_unpin_keywords":"","_relevanssi_related_keywords":"","_relevanssi_related_include_ids":"","_relevanssi_related_exclude_ids":"","_relevanssi_related_no_append":"","_relevanssi_related_not_related":"","_relevanssi_related_posts":"1165,1331,1158,764,821,897","_relevanssi_noindex_reason":"","footnotes":"","_links_to":"","_links_to_target":""},"categories":[13,56],"tags":[33,137,124,140,139,138],"class_list":["post-1453","post","type-post","status-publish","format-standard","has-post-thumbnail","hentry","category-baukultur","category-weiterbildung","tag-bau","tag-baumanagement","tag-gebaeude","tag-leadership","tag-projektleitung","tag-projektmanagement"],"acf":[],"yoast_head":"<!-- This site is optimized with the Yoast SEO plugin v28.3 - https:\/\/yoast.com\/product\/yoast-seo-wordpress\/ -->\n<title>Neue Programmleitung, bew\u00e4hrte St\u00e4rke: Das CAS Projektmanagement Bau entwickelt sich weiter - Technik &amp; Architektur f\u00fcr eine nachhaltige Entwicklung<\/title>\n<meta name=\"robots\" content=\"index, follow, max-snippet:-1, max-image-preview:large, max-video-preview:-1\" \/>\n<link rel=\"canonical\" href=\"https:\/\/hub.hslu.ch\/ta-blog\/neue-programmleitung-bewaehrte-staerke-das-cas-projektmanagement-bau-entwickelt-sich-weiter\/\" \/>\n<meta property=\"og:locale\" content=\"de_DE\" \/>\n<meta property=\"og:type\" content=\"article\" \/>\n<meta property=\"og:title\" content=\"Neue Programmleitung, bew\u00e4hrte St\u00e4rke: Das CAS Projektmanagement Bau entwickelt sich weiter - Technik &amp; Architektur f\u00fcr eine nachhaltige Entwicklung\" \/>\n<meta property=\"og:description\" content=\"Die Anforderungen an Bauprojekte ver\u00e4ndern sich rasant \u2013 und mit ihnen die Kompetenzen, die Projektleitende ben\u00f6tigen. Mit der \u00dcbergabe der Programmleitung von Bret Kraus an Andrea Lancaster beginnt f\u00fcr das CAS Projektmanagement Bau der Hochschule Luzern ein neues Kapitel: Bew\u00e4hrtes bleibt, neue Themen und aktuelle Entwicklungen aus der Baupraxis fliessen gezielt in die Weiterbildung ein.\" \/>\n<meta property=\"og:url\" content=\"https:\/\/hub.hslu.ch\/ta-blog\/neue-programmleitung-bewaehrte-staerke-das-cas-projektmanagement-bau-entwickelt-sich-weiter\/\" \/>\n<meta property=\"og:site_name\" content=\"Technik &amp; Architektur f\u00fcr eine nachhaltige Entwicklung\" \/>\n<meta property=\"article:published_time\" content=\"2026-08-31T14:20:59+00:00\" \/>\n<meta property=\"article:modified_time\" content=\"2026-08-31T14:31:46+00:00\" \/>\n<meta property=\"og:image\" content=\"https:\/\/hub.hslu.ch\/ta-blog\/wp-content\/uploads\/sites\/4\/2026\/07\/29-07-2026_16-40-45.jpg\" \/>\n\t<meta property=\"og:image:width\" content=\"1574\" \/>\n\t<meta property=\"og:image:height\" content=\"847\" \/>\n\t<meta property=\"og:image:type\" content=\"image\/jpeg\" \/>\n<meta name=\"author\" content=\"hslu\" \/>\n<meta name=\"twitter:card\" content=\"summary_large_image\" \/>\n<meta name=\"twitter:label1\" content=\"Verfasst von\" \/>\n\t<meta name=\"twitter:data1\" content=\"hslu\" \/>\n\t<meta name=\"twitter:label2\" content=\"Gesch\u00e4tzte Lesezeit\" \/>\n\t<meta name=\"twitter:data2\" content=\"4\u00a0Minuten\" \/>\n<script type=\"application\/ld+json\" class=\"yoast-schema-graph\">{\"@context\":\"https:\\\/\\\/schema.org\",\"@graph\":[{\"@type\":\"Article\",\"@id\":\"https:\\\/\\\/hub.hslu.ch\\\/ta-blog\\\/neue-programmleitung-bewaehrte-staerke-das-cas-projektmanagement-bau-entwickelt-sich-weiter\\\/#article\",\"isPartOf\":{\"@id\":\"https:\\\/\\\/hub.hslu.ch\\\/ta-blog\\\/neue-programmleitung-bewaehrte-staerke-das-cas-projektmanagement-bau-entwickelt-sich-weiter\\\/\"},\"author\":{\"name\":\"hslu\",\"@id\":\"https:\\\/\\\/hub.hslu.ch\\\/ta-blog\\\/#\\\/schema\\\/person\\\/da64e63a5746385c69e11d9a01e4c078\"},\"headline\":\"Neue Programmleitung, bew\u00e4hrte St\u00e4rke: Das CAS Projektmanagement Bau entwickelt sich weiter\",\"datePublished\":\"2026-08-31T14:20:59+00:00\",\"dateModified\":\"2026-08-31T14:31:46+00:00\",\"mainEntityOfPage\":{\"@id\":\"https:\\\/\\\/hub.hslu.ch\\\/ta-blog\\\/neue-programmleitung-bewaehrte-staerke-das-cas-projektmanagement-bau-entwickelt-sich-weiter\\\/\"},\"wordCount\":812,\"commentCount\":0,\"image\":{\"@id\":\"https:\\\/\\\/hub.hslu.ch\\\/ta-blog\\\/neue-programmleitung-bewaehrte-staerke-das-cas-projektmanagement-bau-entwickelt-sich-weiter\\\/#primaryimage\"},\"thumbnailUrl\":\"https:\\\/\\\/hub.hslu.ch\\\/ta-blog\\\/wp-content\\\/uploads\\\/sites\\\/4\\\/2026\\\/07\\\/29-07-2026_16-40-45.jpg\",\"keywords\":[\"Bau\",\"Baumanagement\",\"Geb\u00e4ude\",\"Leadership\",\"Projektleitung\",\"Projektmanagement\"],\"articleSection\":[\"Baukultur und Bauen im Bestand\",\"Weiterbildung\"],\"inLanguage\":\"de\",\"potentialAction\":[{\"@type\":\"CommentAction\",\"name\":\"Comment\",\"target\":[\"https:\\\/\\\/hub.hslu.ch\\\/ta-blog\\\/neue-programmleitung-bewaehrte-staerke-das-cas-projektmanagement-bau-entwickelt-sich-weiter\\\/#respond\"]}]},{\"@type\":\"WebPage\",\"@id\":\"https:\\\/\\\/hub.hslu.ch\\\/ta-blog\\\/neue-programmleitung-bewaehrte-staerke-das-cas-projektmanagement-bau-entwickelt-sich-weiter\\\/\",\"url\":\"https:\\\/\\\/hub.hslu.ch\\\/ta-blog\\\/neue-programmleitung-bewaehrte-staerke-das-cas-projektmanagement-bau-entwickelt-sich-weiter\\\/\",\"name\":\"Neue Programmleitung, bew\u00e4hrte St\u00e4rke: Das CAS Projektmanagement Bau entwickelt sich weiter - Technik &amp; Architektur f\u00fcr eine nachhaltige Entwicklung\",\"isPartOf\":{\"@id\":\"https:\\\/\\\/hub.hslu.ch\\\/ta-blog\\\/#website\"},\"primaryImageOfPage\":{\"@id\":\"https:\\\/\\\/hub.hslu.ch\\\/ta-blog\\\/neue-programmleitung-bewaehrte-staerke-das-cas-projektmanagement-bau-entwickelt-sich-weiter\\\/#primaryimage\"},\"image\":{\"@id\":\"https:\\\/\\\/hub.hslu.ch\\\/ta-blog\\\/neue-programmleitung-bewaehrte-staerke-das-cas-projektmanagement-bau-entwickelt-sich-weiter\\\/#primaryimage\"},\"thumbnailUrl\":\"https:\\\/\\\/hub.hslu.ch\\\/ta-blog\\\/wp-content\\\/uploads\\\/sites\\\/4\\\/2026\\\/07\\\/29-07-2026_16-40-45.jpg\",\"datePublished\":\"2026-08-31T14:20:59+00:00\",\"dateModified\":\"2026-08-31T14:31:46+00:00\",\"author\":{\"@id\":\"https:\\\/\\\/hub.hslu.ch\\\/ta-blog\\\/#\\\/schema\\\/person\\\/da64e63a5746385c69e11d9a01e4c078\"},\"breadcrumb\":{\"@id\":\"https:\\\/\\\/hub.hslu.ch\\\/ta-blog\\\/neue-programmleitung-bewaehrte-staerke-das-cas-projektmanagement-bau-entwickelt-sich-weiter\\\/#breadcrumb\"},\"inLanguage\":\"de\",\"potentialAction\":[{\"@type\":\"ReadAction\",\"target\":[\"https:\\\/\\\/hub.hslu.ch\\\/ta-blog\\\/neue-programmleitung-bewaehrte-staerke-das-cas-projektmanagement-bau-entwickelt-sich-weiter\\\/\"]}]},{\"@type\":\"ImageObject\",\"inLanguage\":\"de\",\"@id\":\"https:\\\/\\\/hub.hslu.ch\\\/ta-blog\\\/neue-programmleitung-bewaehrte-staerke-das-cas-projektmanagement-bau-entwickelt-sich-weiter\\\/#primaryimage\",\"url\":\"https:\\\/\\\/hub.hslu.ch\\\/ta-blog\\\/wp-content\\\/uploads\\\/sites\\\/4\\\/2026\\\/07\\\/29-07-2026_16-40-45.jpg\",\"contentUrl\":\"https:\\\/\\\/hub.hslu.ch\\\/ta-blog\\\/wp-content\\\/uploads\\\/sites\\\/4\\\/2026\\\/07\\\/29-07-2026_16-40-45.jpg\",\"width\":1574,\"height\":847},{\"@type\":\"BreadcrumbList\",\"@id\":\"https:\\\/\\\/hub.hslu.ch\\\/ta-blog\\\/neue-programmleitung-bewaehrte-staerke-das-cas-projektmanagement-bau-entwickelt-sich-weiter\\\/#breadcrumb\",\"itemListElement\":[{\"@type\":\"ListItem\",\"position\":1,\"name\":\"Home\",\"item\":\"https:\\\/\\\/hub.hslu.ch\\\/ta-blog\\\/\"},{\"@type\":\"ListItem\",\"position\":2,\"name\":\"Neue Programmleitung, bew\u00e4hrte St\u00e4rke: Das CAS Projektmanagement Bau entwickelt sich weiter\"}]},{\"@type\":\"WebSite\",\"@id\":\"https:\\\/\\\/hub.hslu.ch\\\/ta-blog\\\/#website\",\"url\":\"https:\\\/\\\/hub.hslu.ch\\\/ta-blog\\\/\",\"name\":\"Technik &amp; Architektur f\u00fcr eine nachhaltige Entwicklung\",\"description\":\"Aktuelle und spannende Insights aus der Hochschule Luzern \u2013 Technik &amp; Architektur\",\"potentialAction\":[{\"@type\":\"SearchAction\",\"target\":{\"@type\":\"EntryPoint\",\"urlTemplate\":\"https:\\\/\\\/hub.hslu.ch\\\/ta-blog\\\/?s={search_term_string}\"},\"query-input\":{\"@type\":\"PropertyValueSpecification\",\"valueRequired\":true,\"valueName\":\"search_term_string\"}}],\"inLanguage\":\"de\"},{\"@type\":\"Person\",\"@id\":\"https:\\\/\\\/hub.hslu.ch\\\/ta-blog\\\/#\\\/schema\\\/person\\\/da64e63a5746385c69e11d9a01e4c078\",\"name\":\"hslu\"}]}<\/script>\n<!-- \/ Yoast SEO plugin. -->","yoast_head_json":{"title":"Neue Programmleitung, bew\u00e4hrte St\u00e4rke: Das CAS Projektmanagement Bau entwickelt sich weiter - Technik &amp; Architektur f\u00fcr eine nachhaltige Entwicklung","robots":{"index":"index","follow":"follow","max-snippet":"max-snippet:-1","max-image-preview":"max-image-preview:large","max-video-preview":"max-video-preview:-1"},"canonical":"https:\/\/hub.hslu.ch\/ta-blog\/neue-programmleitung-bewaehrte-staerke-das-cas-projektmanagement-bau-entwickelt-sich-weiter\/","og_locale":"de_DE","og_type":"article","og_title":"Neue Programmleitung, bew\u00e4hrte St\u00e4rke: Das CAS Projektmanagement Bau entwickelt sich weiter - Technik &amp; Architektur f\u00fcr eine nachhaltige Entwicklung","og_description":"Die Anforderungen an Bauprojekte ver\u00e4ndern sich rasant \u2013 und mit ihnen die Kompetenzen, die Projektleitende ben\u00f6tigen. Mit der \u00dcbergabe der Programmleitung von Bret Kraus an Andrea Lancaster beginnt f\u00fcr das CAS Projektmanagement Bau der Hochschule Luzern ein neues Kapitel: Bew\u00e4hrtes bleibt, neue Themen und aktuelle Entwicklungen aus der Baupraxis fliessen gezielt in die Weiterbildung ein.","og_url":"https:\/\/hub.hslu.ch\/ta-blog\/neue-programmleitung-bewaehrte-staerke-das-cas-projektmanagement-bau-entwickelt-sich-weiter\/","og_site_name":"Technik &amp; Architektur f\u00fcr eine nachhaltige Entwicklung","article_published_time":"2026-08-31T14:20:59+00:00","article_modified_time":"2026-08-31T14:31:46+00:00","og_image":[{"width":1574,"height":847,"url":"https:\/\/hub.hslu.ch\/ta-blog\/wp-content\/uploads\/sites\/4\/2026\/07\/29-07-2026_16-40-45.jpg","type":"image\/jpeg"}],"author":"hslu","twitter_card":"summary_large_image","twitter_misc":{"Verfasst von":"hslu","Gesch\u00e4tzte Lesezeit":"4\u00a0Minuten"},"schema":{"@context":"https:\/\/schema.org","@graph":[{"@type":"Article","@id":"https:\/\/hub.hslu.ch\/ta-blog\/neue-programmleitung-bewaehrte-staerke-das-cas-projektmanagement-bau-entwickelt-sich-weiter\/#article","isPartOf":{"@id":"https:\/\/hub.hslu.ch\/ta-blog\/neue-programmleitung-bewaehrte-staerke-das-cas-projektmanagement-bau-entwickelt-sich-weiter\/"},"author":{"name":"hslu","@id":"https:\/\/hub.hslu.ch\/ta-blog\/#\/schema\/person\/da64e63a5746385c69e11d9a01e4c078"},"headline":"Neue Programmleitung, bew\u00e4hrte St\u00e4rke: Das CAS Projektmanagement Bau entwickelt sich weiter","datePublished":"2026-08-31T14:20:59+00:00","dateModified":"2026-08-31T14:31:46+00:00","mainEntityOfPage":{"@id":"https:\/\/hub.hslu.ch\/ta-blog\/neue-programmleitung-bewaehrte-staerke-das-cas-projektmanagement-bau-entwickelt-sich-weiter\/"},"wordCount":812,"commentCount":0,"image":{"@id":"https:\/\/hub.hslu.ch\/ta-blog\/neue-programmleitung-bewaehrte-staerke-das-cas-projektmanagement-bau-entwickelt-sich-weiter\/#primaryimage"},"thumbnailUrl":"https:\/\/hub.hslu.ch\/ta-blog\/wp-content\/uploads\/sites\/4\/2026\/07\/29-07-2026_16-40-45.jpg","keywords":["Bau","Baumanagement","Geb\u00e4ude","Leadership","Projektleitung","Projektmanagement"],"articleSection":["Baukultur und Bauen im Bestand","Weiterbildung"],"inLanguage":"de","potentialAction":[{"@type":"CommentAction","name":"Comment","target":["https:\/\/hub.hslu.ch\/ta-blog\/neue-programmleitung-bewaehrte-staerke-das-cas-projektmanagement-bau-entwickelt-sich-weiter\/#respond"]}]},{"@type":"WebPage","@id":"https:\/\/hub.hslu.ch\/ta-blog\/neue-programmleitung-bewaehrte-staerke-das-cas-projektmanagement-bau-entwickelt-sich-weiter\/","url":"https:\/\/hub.hslu.ch\/ta-blog\/neue-programmleitung-bewaehrte-staerke-das-cas-projektmanagement-bau-entwickelt-sich-weiter\/","name":"Neue Programmleitung, bew\u00e4hrte St\u00e4rke: Das CAS Projektmanagement Bau entwickelt sich weiter - Technik &amp; Architektur f\u00fcr eine nachhaltige Entwicklung","isPartOf":{"@id":"https:\/\/hub.hslu.ch\/ta-blog\/#website"},"primaryImageOfPage":{"@id":"https:\/\/hub.hslu.ch\/ta-blog\/neue-programmleitung-bewaehrte-staerke-das-cas-projektmanagement-bau-entwickelt-sich-weiter\/#primaryimage"},"image":{"@id":"https:\/\/hub.hslu.ch\/ta-blog\/neue-programmleitung-bewaehrte-staerke-das-cas-projektmanagement-bau-entwickelt-sich-weiter\/#primaryimage"},"thumbnailUrl":"https:\/\/hub.hslu.ch\/ta-blog\/wp-content\/uploads\/sites\/4\/2026\/07\/29-07-2026_16-40-45.jpg","datePublished":"2026-08-31T14:20:59+00:00","dateModified":"2026-08-31T14:31:46+00:00","author":{"@id":"https:\/\/hub.hslu.ch\/ta-blog\/#\/schema\/person\/da64e63a5746385c69e11d9a01e4c078"},"breadcrumb":{"@id":"https:\/\/hub.hslu.ch\/ta-blog\/neue-programmleitung-bewaehrte-staerke-das-cas-projektmanagement-bau-entwickelt-sich-weiter\/#breadcrumb"},"inLanguage":"de","potentialAction":[{"@type":"ReadAction","target":["https:\/\/hub.hslu.ch\/ta-blog\/neue-programmleitung-bewaehrte-staerke-das-cas-projektmanagement-bau-entwickelt-sich-weiter\/"]}]},{"@type":"ImageObject","inLanguage":"de","@id":"https:\/\/hub.hslu.ch\/ta-blog\/neue-programmleitung-bewaehrte-staerke-das-cas-projektmanagement-bau-entwickelt-sich-weiter\/#primaryimage","url":"https:\/\/hub.hslu.ch\/ta-blog\/wp-content\/uploads\/sites\/4\/2026\/07\/29-07-2026_16-40-45.jpg","contentUrl":"https:\/\/hub.hslu.ch\/ta-blog\/wp-content\/uploads\/sites\/4\/2026\/07\/29-07-2026_16-40-45.jpg","width":1574,"height":847},{"@type":"BreadcrumbList","@id":"https:\/\/hub.hslu.ch\/ta-blog\/neue-programmleitung-bewaehrte-staerke-das-cas-projektmanagement-bau-entwickelt-sich-weiter\/#breadcrumb","itemListElement":[{"@type":"ListItem","position":1,"name":"Home","item":"https:\/\/hub.hslu.ch\/ta-blog\/"},{"@type":"ListItem","position":2,"name":"Neue Programmleitung, bew\u00e4hrte St\u00e4rke: Das CAS Projektmanagement Bau entwickelt sich weiter"}]},{"@type":"WebSite","@id":"https:\/\/hub.hslu.ch\/ta-blog\/#website","url":"https:\/\/hub.hslu.ch\/ta-blog\/","name":"Technik &amp; Architektur f\u00fcr eine nachhaltige Entwicklung","description":"Aktuelle und spannende Insights aus der Hochschule Luzern \u2013 Technik &amp; Architektur","potentialAction":[{"@type":"SearchAction","target":{"@type":"EntryPoint","urlTemplate":"https:\/\/hub.hslu.ch\/ta-blog\/?s={search_term_string}"},"query-input":{"@type":"PropertyValueSpecification","valueRequired":true,"valueName":"search_term_string"}}],"inLanguage":"de"},{"@type":"Person","@id":"https:\/\/hub.hslu.ch\/ta-blog\/#\/schema\/person\/da64e63a5746385c69e11d9a01e4c078","name":"hslu"}]}},"featured_image_src":"https:\/\/hub.hslu.ch\/ta-blog\/wp-content\/uploads\/sites\/4\/2026\/07\/29-07-2026_16-40-45-600x400.jpg","featured_image_src_square":"https:\/\/hub.hslu.ch\/ta-blog\/wp-content\/uploads\/sites\/4\/2026\/07\/29-07-2026_16-40-45-600x600.jpg","author_info":{"display_name":"hslu","author_link":"https:\/\/hub.hslu.ch\/ta-blog\/author\/astridkrauss\/"},"_links":{"self":[{"href":"https:\/\/hub.hslu.ch\/ta-blog\/wp-json\/wp\/v2\/posts\/1453","targetHints":{"allow":["GET"]}}],"collection":[{"href":"https:\/\/hub.hslu.ch\/ta-blog\/wp-json\/wp\/v2\/posts"}],"about":[{"href":"https:\/\/hub.hslu.ch\/ta-blog\/wp-json\/wp\/v2\/types\/post"}],"author":[{"embeddable":true,"href":"https:\/\/hub.hslu.ch\/ta-blog\/wp-json\/wp\/v2\/users\/19"}],"replies":[{"embeddable":true,"href":"https:\/\/hub.hslu.ch\/ta-blog\/wp-json\/wp\/v2\/comments?post=1453"}],"version-history":[{"count":14,"href":"https:\/\/hub.hslu.ch\/ta-blog\/wp-json\/wp\/v2\/posts\/1453\/revisions"}],"predecessor-version":[{"id":1530,"href":"https:\/\/hub.hslu.ch\/ta-blog\/wp-json\/wp\/v2\/posts\/1453\/revisions\/1530"}],"wp:featuredmedia":[{"embeddable":true,"href":"https:\/\/hub.hslu.ch\/ta-blog\/wp-json\/wp\/v2\/media\/1463"}],"wp:attachment":[{"href":"https:\/\/hub.hslu.ch\/ta-blog\/wp-json\/wp\/v2\/media?parent=1453"}],"wp:term":[{"taxonomy":"category","embeddable":true,"href":"https:\/\/hub.hslu.ch\/ta-blog\/wp-json\/wp\/v2\/categories?post=1453"},{"taxonomy":"post_tag","embeddable":true,"href":"https:\/\/hub.hslu.ch\/ta-blog\/wp-json\/wp\/v2\/tags?post=1453"}],"curies":[{"name":"wp","href":"https:\/\/api.w.org\/{rel}","templated":true}]}}